{"id":266536,"date":"2025-05-23T19:05:00","date_gmt":"2025-05-23T22:05:00","guid":{"rendered":"https:\/\/www.gaveanews.com\/?p=266536"},"modified":"2025-05-23T16:40:38","modified_gmt":"2025-05-23T19:40:38","slug":"a-declaracao-de-mauro-cezar-sobre-estevao-do-palmeiras","status":"publish","type":"post","link":"https:\/\/www.gaveanews.com\/index.php\/2025\/05\/23\/a-declaracao-de-mauro-cezar-sobre-estevao-do-palmeiras\/","title":{"rendered":"A declara\u00e7\u00e3o de Mauro Cezar sobre Est\u00eav\u00e3o, do Palmeiras"},"content":{"rendered":"\n<p>A atua\u00e7\u00e3o de Est\u00eav\u00e3o na vit\u00f3ria do Palmeiras por 3 a 0 sobre o Cear\u00e1, na quinta-feira (22), no Allianz Parque, refor\u00e7ou o talento do jovem atacante em sua fase final no futebol brasileiro. O confronto, v\u00e1lido pela terceira fase da Copa do Brasil, classificou o time paulista \u00e0s oitavas de final, gra\u00e7as principalmente \u00e0 performance decisiva do camisa 41, autor de dois gols e destaque absoluto da partida .<\/p>\n\n\n\n<p>Apesar do primeiro tempo travado, foi na etapa complementar que o Verd\u00e3o deslanchou. Aos 21 minutos, o \u00e1rbitro Anderson Daronco assinalou p\u00eanalti em Est\u00eav\u00e3o ap\u00f3s revis\u00e3o do VAR, que identificou um toque de Dieguinho em seu p\u00e9 de apoio. <\/p>\n\n\n\n<p>O pr\u00f3prio atleta cobrou, parou no goleiro Fernando Miguel, mas marcou no rebote. Tr\u00eas minutos depois, anotou um gola\u00e7o ao driblar o marcador e acertar o \u00e2ngulo. A despedida come\u00e7a a tomar forma a cada partida, visto que o atacante est\u00e1 com sa\u00edda prevista para o Chelsea ao final do Mundial de Clubes.<\/p>\n\n\n\n<h3 class=\"wp-block-heading\" id=\"h-a-critica-de-mauro-cezar-reeducacao-a-vista\">A cr\u00edtica de Mauro Cezar: \u201cReeduca\u00e7\u00e3o\u201d \u00e0 vista<\/h3>\n\n\n\n<p>Apesar do desempenho brilhante, a an\u00e1lise do jornalista Mauro Cezar Pereira, colunista do UOL, lan\u00e7a luz sobre um ponto crucial na trajet\u00f3ria do jogador: a adapta\u00e7\u00e3o ao futebol europeu. Segundo ele, embora o jovem seja dotado de qualidade t\u00e9cnica incontest\u00e1vel, carrega v\u00edcios herdados do ambiente brasileiro que poder\u00e3o comprometer seu rendimento no futebol ingl\u00eas.<\/p>\n\n\n\n<p>Na vis\u00e3o do colunista, o p\u00eanalti marcado a favor de Est\u00eav\u00e3o \u00e9 um reflexo de um comportamento recorrente no Brasil: \u201cN\u00e3o houve falta, n\u00e3o houve pis\u00e3o, n\u00e3o houve p\u00eanalti\u201d, afirmou, ao classificar a jogada como simulada. \u201cFor\u00e7ar penalidades no Brasil compensa\u201d, completou. Para Mauro, isso cria uma cultura na qual jogadores talentosos, em vez de confiar em sua habilidade, tentam ludibriar o \u00e1rbitro.<\/p>\n\n\n\n<p>Ao abordar o estilo de arbitragem mais r\u00edgido da Premier League, ele alerta: \u201cNa Inglaterra, jogador cai cai n\u00e3o \u00e9 bem visto\u201d. Por isso, defende que Est\u00eav\u00e3o \u201cprecisar\u00e1 ser reeducado e deixar o mau h\u00e1bito\u201d, caso queira alcan\u00e7ar sucesso em sua nova equipe.<\/p>\n\n\n\n<h3 class=\"wp-block-heading\" id=\"h-contexto-e-expectativas-no-cenario-internacional\">Contexto e expectativas no cen\u00e1rio internacional<\/h3>\n\n\n\n<p>O Chelsea, conhecido por exigir intensidade e disciplina t\u00e1tica, oferecer\u00e1 um ambiente contrastante ao jovem atacante. Est\u00eav\u00e3o, revelado pelas categorias de base do Palmeiras, demonstrou capacidade de decis\u00e3o, como evidenciado pelos n\u00fameros: al\u00e9m dos gols contra o Cear\u00e1, soma atua\u00e7\u00f5es decisivas no Brasileir\u00e3o e na Libertadores. <\/p>\n\n\n\n<p>Contudo, conforme observa Mauro Cezar, a mudan\u00e7a de cultura de arbitragem e estilo de jogo exige ajustes n\u00e3o apenas t\u00e9cnicos, mas sobretudo comportamentais.<\/p>\n\n\n\n<p>A an\u00e1lise do VAR disponibilizada pela CBF indica que houve de fato contato, com impacto no p\u00e9 do palmeirense. Contudo, o debate sobre a legitimidade da penalidade s\u00f3 refor\u00e7a o argumento central de Mauro: mais que talento, a transi\u00e7\u00e3o para a Europa demanda comportamento competitivo compat\u00edvel com o contexto do futebol ingl\u00eas.<\/p>\n","protected":false},"excerpt":{"rendered":"<p>A atua\u00e7\u00e3o de Est\u00eav\u00e3o na vit\u00f3ria do Palmeiras por 3 a 0 sobre o Cear\u00e1, na quinta-feira (22), no Allianz Parque, refor\u00e7ou o talento do jovem atacante em sua fase final no futebol brasileiro. O confronto, v\u00e1lido pela terceira fase da Copa do Brasil, classificou o time paulista \u00e0s oitavas de final, gra\u00e7as principalmente \u00e0 [&hellip;]<\/p>\n","protected":false},"author":30,"featured_media":104796,"comment_status":"open","ping_status":"closed","sticky":false,"template":"","format":"standard","meta":{"footnotes":""},"categories":[150],"tags":[],"class_list":["post-266536","post","type-post","status-publish","format-standard","has-post-thumbnail","hentry","category-palmeiras"],"yoast_head":"<!-- This site is optimized with the Yoast SEO Premium plugin v24.2 (Yoast SEO v26.9) - https:\/\/yoast.com\/product\/yoast-seo-premium-wordpress\/ -->\n<title>A declara\u00e7\u00e3o de Mauro Cezar sobre Est\u00eav\u00e3o, do Palmeiras<\/title>\n<meta name=\"robots\" content=\"index, follow, max-snippet:-1, max-image-preview:large, max-video-preview:-1\" \/>\n<link rel=\"canonical\" href=\"https:\/\/www.gaveanews.com\/index.php\/2025\/05\/23\/a-declaracao-de-mauro-cezar-sobre-estevao-do-palmeiras\/\" \/>\n<meta property=\"og:locale\" content=\"pt_BR\" \/>\n<meta property=\"og:type\" content=\"article\" \/>\n<meta property=\"og:title\" content=\"A declara\u00e7\u00e3o de Mauro Cezar sobre Est\u00eav\u00e3o, do Palmeiras\" \/>\n<meta property=\"og:description\" content=\"A atua\u00e7\u00e3o de Est\u00eav\u00e3o na vit\u00f3ria do Palmeiras por 3 a 0 sobre o Cear\u00e1, na quinta-feira (22), no Allianz Parque, refor\u00e7ou o talento do jovem atacante em sua fase final no futebol brasileiro. O confronto, v\u00e1lido pela terceira fase da Copa do Brasil, classificou o time paulista \u00e0s oitavas de final, gra\u00e7as principalmente \u00e0 [&hellip;]\" \/>\n<meta property=\"og:url\" content=\"https:\/\/www.gaveanews.com\/index.php\/2025\/05\/23\/a-declaracao-de-mauro-cezar-sobre-estevao-do-palmeiras\/\" \/>\n<meta property=\"og:site_name\" content=\"G\u00e1vea News\" \/>\n<meta property=\"article:publisher\" content=\"https:\/\/facebook.com\/gaveaNews\/\" \/>\n<meta property=\"article:published_time\" content=\"2025-05-23T22:05:00+00:00\" \/>\n<meta property=\"og:image\" content=\"https:\/\/www.gaveanews.com\/wp-content\/uploads\/Mauro-Cezar-pereira.png.webp\" \/>\n\t<meta property=\"og:image:width\" content=\"685\" \/>\n\t<meta property=\"og:image:height\" content=\"450\" \/>\n\t<meta property=\"og:image:type\" content=\"image\/webp\" \/>\n<meta name=\"author\" content=\"Ana Teixeira\" \/>\n<meta name=\"twitter:card\" content=\"summary_large_image\" \/>\n<meta name=\"twitter:label1\" content=\"Escrito por\" \/>\n\t<meta name=\"twitter:data1\" content=\"Ana Teixeira\" \/>\n\t<meta name=\"twitter:label2\" content=\"Est. tempo de leitura\" \/>\n\t<meta name=\"twitter:data2\" content=\"3 minutos\" \/>\n<script type=\"application\/ld+json\" class=\"yoast-schema-graph\">{\"@context\":\"https:\/\/schema.org\",\"@graph\":[{\"@type\":\"NewsArticle\",\"@id\":\"https:\/\/www.gaveanews.com\/index.php\/2025\/05\/23\/a-declaracao-de-mauro-cezar-sobre-estevao-do-palmeiras\/#article\",\"isPartOf\":{\"@id\":\"https:\/\/www.gaveanews.com\/index.php\/2025\/05\/23\/a-declaracao-de-mauro-cezar-sobre-estevao-do-palmeiras\/\"},\"author\":{\"name\":\"Ana Teixeira\",\"@id\":\"https:\/\/www.gaveanews.com\/#\/schema\/person\/3b19f7288b0ce20372991275e4f2e6c2\"},\"headline\":\"A declara\u00e7\u00e3o de Mauro Cezar sobre Est\u00eav\u00e3o, do Palmeiras\",\"datePublished\":\"2025-05-23T22:05:00+00:00\",\"mainEntityOfPage\":{\"@id\":\"https:\/\/www.gaveanews.com\/index.php\/2025\/05\/23\/a-declaracao-de-mauro-cezar-sobre-estevao-do-palmeiras\/\"},\"wordCount\":521,\"commentCount\":0,\"image\":{\"@id\":\"https:\/\/www.gaveanews.com\/index.php\/2025\/05\/23\/a-declaracao-de-mauro-cezar-sobre-estevao-do-palmeiras\/#primaryimage\"},\"thumbnailUrl\":\"https:\/\/www.gaveanews.com\/wp-content\/uploads\/Mauro-Cezar-pereira.png.webp\",\"articleSection\":[\"Palmeiras\"],\"inLanguage\":\"pt-BR\",\"potentialAction\":[{\"@type\":\"CommentAction\",\"name\":\"Comment\",\"target\":[\"https:\/\/www.gaveanews.com\/index.php\/2025\/05\/23\/a-declaracao-de-mauro-cezar-sobre-estevao-do-palmeiras\/#respond\"]}],\"copyrightYear\":\"2025\",\"copyrightHolder\":{\"@id\":\"https:\/\/www.gaveanews.com\/#organization\"}},{\"@type\":\"WebPage\",\"@id\":\"https:\/\/www.gaveanews.com\/index.php\/2025\/05\/23\/a-declaracao-de-mauro-cezar-sobre-estevao-do-palmeiras\/\",\"url\":\"https:\/\/www.gaveanews.com\/index.php\/2025\/05\/23\/a-declaracao-de-mauro-cezar-sobre-estevao-do-palmeiras\/\",\"name\":\"A declara\u00e7\u00e3o de Mauro Cezar sobre Est\u00eav\u00e3o, do Palmeiras\",\"isPartOf\":{\"@id\":\"https:\/\/www.gaveanews.com\/#website\"},\"primaryImageOfPage\":{\"@id\":\"https:\/\/www.gaveanews.com\/index.php\/2025\/05\/23\/a-declaracao-de-mauro-cezar-sobre-estevao-do-palmeiras\/#primaryimage\"},\"image\":{\"@id\":\"https:\/\/www.gaveanews.com\/index.php\/2025\/05\/23\/a-declaracao-de-mauro-cezar-sobre-estevao-do-palmeiras\/#primaryimage\"},\"thumbnailUrl\":\"https:\/\/www.gaveanews.com\/wp-content\/uploads\/Mauro-Cezar-pereira.png.webp\",\"datePublished\":\"2025-05-23T22:05:00+00:00\",\"author\":{\"@id\":\"https:\/\/www.gaveanews.com\/#\/schema\/person\/3b19f7288b0ce20372991275e4f2e6c2\"},\"breadcrumb\":{\"@id\":\"https:\/\/www.gaveanews.com\/index.php\/2025\/05\/23\/a-declaracao-de-mauro-cezar-sobre-estevao-do-palmeiras\/#breadcrumb\"},\"inLanguage\":\"pt-BR\",\"potentialAction\":[{\"@type\":\"ReadAction\",\"target\":[\"https:\/\/www.gaveanews.com\/index.php\/2025\/05\/23\/a-declaracao-de-mauro-cezar-sobre-estevao-do-palmeiras\/\"]}]},{\"@type\":\"ImageObject\",\"inLanguage\":\"pt-BR\",\"@id\":\"https:\/\/www.gaveanews.com\/index.php\/2025\/05\/23\/a-declaracao-de-mauro-cezar-sobre-estevao-do-palmeiras\/#primaryimage\",\"url\":\"https:\/\/www.gaveanews.com\/wp-content\/uploads\/Mauro-Cezar-pereira.png.webp\",\"contentUrl\":\"https:\/\/www.gaveanews.com\/wp-content\/uploads\/Mauro-Cezar-pereira.png.webp\",\"width\":685,\"height\":450,\"caption\":\"Mauro Cezar - Foto: Reprodu\u00e7\u00e3o\/Jovem Pan\"},{\"@type\":\"BreadcrumbList\",\"@id\":\"https:\/\/www.gaveanews.com\/index.php\/2025\/05\/23\/a-declaracao-de-mauro-cezar-sobre-estevao-do-palmeiras\/#breadcrumb\",\"itemListElement\":[{\"@type\":\"ListItem\",\"position\":1,\"name\":\"Home\",\"item\":\"https:\/\/www.gaveanews.com\/\"},{\"@type\":\"ListItem\",\"position\":2,\"name\":\"A declara\u00e7\u00e3o de Mauro Cezar sobre Est\u00eav\u00e3o, do Palmeiras\"}]},{\"@type\":\"WebSite\",\"@id\":\"https:\/\/www.gaveanews.com\/#website\",\"url\":\"https:\/\/www.gaveanews.com\/\",\"name\":\"G\u00e1vea News\",\"description\":\"Veja todas as not\u00edcias sobre o Flamengo: Contrata\u00e7\u00f5es, categorias de base, resultados das partidas, tabela de classifica\u00e7\u00e3o, pr\u00f3ximos jogos!\",\"potentialAction\":[{\"@type\":\"SearchAction\",\"target\":{\"@type\":\"EntryPoint\",\"urlTemplate\":\"https:\/\/www.gaveanews.com\/?s={search_term_string}\"},\"query-input\":{\"@type\":\"PropertyValueSpecification\",\"valueRequired\":true,\"valueName\":\"search_term_string\"}}],\"inLanguage\":\"pt-BR\"},{\"@type\":\"Person\",\"@id\":\"https:\/\/www.gaveanews.com\/#\/schema\/person\/3b19f7288b0ce20372991275e4f2e6c2\",\"name\":\"Ana Teixeira\",\"image\":{\"@type\":\"ImageObject\",\"inLanguage\":\"pt-BR\",\"@id\":\"https:\/\/www.gaveanews.com\/#\/schema\/person\/image\/\",\"url\":\"https:\/\/secure.gravatar.com\/avatar\/0a73f5a5258f3fed37fc2fa641892f3f7a4748456d4d4792f9bc550e6c19e06c?s=96&d=mm&r=g\",\"contentUrl\":\"https:\/\/secure.gravatar.com\/avatar\/0a73f5a5258f3fed37fc2fa641892f3f7a4748456d4d4792f9bc550e6c19e06c?s=96&d=mm&r=g\",\"caption\":\"Ana Teixeira\"}}]}<\/script>\n<!-- \/ Yoast SEO Premium plugin. -->","yoast_head_json":{"title":"A declara\u00e7\u00e3o de Mauro Cezar sobre Est\u00eav\u00e3o, do Palmeiras","robots":{"index":"index","follow":"follow","max-snippet":"max-snippet:-1","max-image-preview":"max-image-preview:large","max-video-preview":"max-video-preview:-1"},"canonical":"https:\/\/www.gaveanews.com\/index.php\/2025\/05\/23\/a-declaracao-de-mauro-cezar-sobre-estevao-do-palmeiras\/","og_locale":"pt_BR","og_type":"article","og_title":"A declara\u00e7\u00e3o de Mauro Cezar sobre Est\u00eav\u00e3o, do Palmeiras","og_description":"A atua\u00e7\u00e3o de Est\u00eav\u00e3o na vit\u00f3ria do Palmeiras por 3 a 0 sobre o Cear\u00e1, na quinta-feira (22), no Allianz Parque, refor\u00e7ou o talento do jovem atacante em sua fase final no futebol brasileiro. O confronto, v\u00e1lido pela terceira fase da Copa do Brasil, classificou o time paulista \u00e0s oitavas de final, gra\u00e7as principalmente \u00e0 [&hellip;]","og_url":"https:\/\/www.gaveanews.com\/index.php\/2025\/05\/23\/a-declaracao-de-mauro-cezar-sobre-estevao-do-palmeiras\/","og_site_name":"G\u00e1vea News","article_publisher":"https:\/\/facebook.com\/gaveaNews\/","article_published_time":"2025-05-23T22:05:00+00:00","og_image":[{"width":685,"height":450,"url":"https:\/\/www.gaveanews.com\/wp-content\/uploads\/Mauro-Cezar-pereira.png.webp","type":"image\/webp"}],"author":"Ana Teixeira","twitter_card":"summary_large_image","twitter_misc":{"Escrito por":"Ana Teixeira","Est. tempo de leitura":"3 minutos"},"schema":{"@context":"https:\/\/schema.org","@graph":[{"@type":"NewsArticle","@id":"https:\/\/www.gaveanews.com\/index.php\/2025\/05\/23\/a-declaracao-de-mauro-cezar-sobre-estevao-do-palmeiras\/#article","isPartOf":{"@id":"https:\/\/www.gaveanews.com\/index.php\/2025\/05\/23\/a-declaracao-de-mauro-cezar-sobre-estevao-do-palmeiras\/"},"author":{"name":"Ana Teixeira","@id":"https:\/\/www.gaveanews.com\/#\/schema\/person\/3b19f7288b0ce20372991275e4f2e6c2"},"headline":"A declara\u00e7\u00e3o de Mauro Cezar sobre Est\u00eav\u00e3o, do Palmeiras","datePublished":"2025-05-23T22:05:00+00:00","mainEntityOfPage":{"@id":"https:\/\/www.gaveanews.com\/index.php\/2025\/05\/23\/a-declaracao-de-mauro-cezar-sobre-estevao-do-palmeiras\/"},"wordCount":521,"commentCount":0,"image":{"@id":"https:\/\/www.gaveanews.com\/index.php\/2025\/05\/23\/a-declaracao-de-mauro-cezar-sobre-estevao-do-palmeiras\/#primaryimage"},"thumbnailUrl":"https:\/\/www.gaveanews.com\/wp-content\/uploads\/Mauro-Cezar-pereira.png.webp","articleSection":["Palmeiras"],"inLanguage":"pt-BR","potentialAction":[{"@type":"CommentAction","name":"Comment","target":["https:\/\/www.gaveanews.com\/index.php\/2025\/05\/23\/a-declaracao-de-mauro-cezar-sobre-estevao-do-palmeiras\/#respond"]}],"copyrightYear":"2025","copyrightHolder":{"@id":"https:\/\/www.gaveanews.com\/#organization"}},{"@type":"WebPage","@id":"https:\/\/www.gaveanews.com\/index.php\/2025\/05\/23\/a-declaracao-de-mauro-cezar-sobre-estevao-do-palmeiras\/","url":"https:\/\/www.gaveanews.com\/index.php\/2025\/05\/23\/a-declaracao-de-mauro-cezar-sobre-estevao-do-palmeiras\/","name":"A declara\u00e7\u00e3o de Mauro Cezar sobre Est\u00eav\u00e3o, do Palmeiras","isPartOf":{"@id":"https:\/\/www.gaveanews.com\/#website"},"primaryImageOfPage":{"@id":"https:\/\/www.gaveanews.com\/index.php\/2025\/05\/23\/a-declaracao-de-mauro-cezar-sobre-estevao-do-palmeiras\/#primaryimage"},"image":{"@id":"https:\/\/www.gaveanews.com\/index.php\/2025\/05\/23\/a-declaracao-de-mauro-cezar-sobre-estevao-do-palmeiras\/#primaryimage"},"thumbnailUrl":"https:\/\/www.gaveanews.com\/wp-content\/uploads\/Mauro-Cezar-pereira.png.webp","datePublished":"2025-05-23T22:05:00+00:00","author":{"@id":"https:\/\/www.gaveanews.com\/#\/schema\/person\/3b19f7288b0ce20372991275e4f2e6c2"},"breadcrumb":{"@id":"https:\/\/www.gaveanews.com\/index.php\/2025\/05\/23\/a-declaracao-de-mauro-cezar-sobre-estevao-do-palmeiras\/#breadcrumb"},"inLanguage":"pt-BR","potentialAction":[{"@type":"ReadAction","target":["https:\/\/www.gaveanews.com\/index.php\/2025\/05\/23\/a-declaracao-de-mauro-cezar-sobre-estevao-do-palmeiras\/"]}]},{"@type":"ImageObject","inLanguage":"pt-BR","@id":"https:\/\/www.gaveanews.com\/index.php\/2025\/05\/23\/a-declaracao-de-mauro-cezar-sobre-estevao-do-palmeiras\/#primaryimage","url":"https:\/\/www.gaveanews.com\/wp-content\/uploads\/Mauro-Cezar-pereira.png.webp","contentUrl":"https:\/\/www.gaveanews.com\/wp-content\/uploads\/Mauro-Cezar-pereira.png.webp","width":685,"height":450,"caption":"Mauro Cezar - Foto: Reprodu\u00e7\u00e3o\/Jovem Pan"},{"@type":"BreadcrumbList","@id":"https:\/\/www.gaveanews.com\/index.php\/2025\/05\/23\/a-declaracao-de-mauro-cezar-sobre-estevao-do-palmeiras\/#breadcrumb","itemListElement":[{"@type":"ListItem","position":1,"name":"Home","item":"https:\/\/www.gaveanews.com\/"},{"@type":"ListItem","position":2,"name":"A declara\u00e7\u00e3o de Mauro Cezar sobre Est\u00eav\u00e3o, do Palmeiras"}]},{"@type":"WebSite","@id":"https:\/\/www.gaveanews.com\/#website","url":"https:\/\/www.gaveanews.com\/","name":"G\u00e1vea News","description":"Veja todas as not\u00edcias sobre o Flamengo: Contrata\u00e7\u00f5es, categorias de base, resultados das partidas, tabela de classifica\u00e7\u00e3o, pr\u00f3ximos jogos!","potentialAction":[{"@type":"SearchAction","target":{"@type":"EntryPoint","urlTemplate":"https:\/\/www.gaveanews.com\/?s={search_term_string}"},"query-input":{"@type":"PropertyValueSpecification","valueRequired":true,"valueName":"search_term_string"}}],"inLanguage":"pt-BR"},{"@type":"Person","@id":"https:\/\/www.gaveanews.com\/#\/schema\/person\/3b19f7288b0ce20372991275e4f2e6c2","name":"Ana Teixeira","image":{"@type":"ImageObject","inLanguage":"pt-BR","@id":"https:\/\/www.gaveanews.com\/#\/schema\/person\/image\/","url":"https:\/\/secure.gravatar.com\/avatar\/0a73f5a5258f3fed37fc2fa641892f3f7a4748456d4d4792f9bc550e6c19e06c?s=96&d=mm&r=g","contentUrl":"https:\/\/secure.gravatar.com\/avatar\/0a73f5a5258f3fed37fc2fa641892f3f7a4748456d4d4792f9bc550e6c19e06c?s=96&d=mm&r=g","caption":"Ana Teixeira"}}]}},"_links":{"self":[{"href":"https:\/\/www.gaveanews.com\/index.php\/wp-json\/wp\/v2\/posts\/266536","targetHints":{"allow":["GET"]}}],"collection":[{"href":"https:\/\/www.gaveanews.com\/index.php\/wp-json\/wp\/v2\/posts"}],"about":[{"href":"https:\/\/www.gaveanews.com\/index.php\/wp-json\/wp\/v2\/types\/post"}],"author":[{"embeddable":true,"href":"https:\/\/www.gaveanews.com\/index.php\/wp-json\/wp\/v2\/users\/30"}],"replies":[{"embeddable":true,"href":"https:\/\/www.gaveanews.com\/index.php\/wp-json\/wp\/v2\/comments?post=266536"}],"version-history":[{"count":1,"href":"https:\/\/www.gaveanews.com\/index.php\/wp-json\/wp\/v2\/posts\/266536\/revisions"}],"predecessor-version":[{"id":266539,"href":"https:\/\/www.gaveanews.com\/index.php\/wp-json\/wp\/v2\/posts\/266536\/revisions\/266539"}],"wp:featuredmedia":[{"embeddable":true,"href":"https:\/\/www.gaveanews.com\/index.php\/wp-json\/wp\/v2\/media\/104796"}],"wp:attachment":[{"href":"https:\/\/www.gaveanews.com\/index.php\/wp-json\/wp\/v2\/media?parent=266536"}],"wp:term":[{"taxonomy":"category","embeddable":true,"href":"https:\/\/www.gaveanews.com\/index.php\/wp-json\/wp\/v2\/categories?post=266536"},{"taxonomy":"post_tag","embeddable":true,"href":"https:\/\/www.gaveanews.com\/index.php\/wp-json\/wp\/v2\/tags?post=266536"}],"curies":[{"name":"wp","href":"https:\/\/api.w.org\/{rel}","templated":true}]}}