{"id":266537,"date":"2025-05-23T19:10:00","date_gmt":"2025-05-23T22:10:00","guid":{"rendered":"https:\/\/www.gaveanews.com\/?p=266537"},"modified":"2025-05-23T16:41:05","modified_gmt":"2025-05-23T19:41:05","slug":"a-declaracao-de-ancelotti-direcionada-ao-presidente-do-real-madrid","status":"publish","type":"post","link":"https:\/\/www.gaveanews.com\/index.php\/2025\/05\/23\/a-declaracao-de-ancelotti-direcionada-ao-presidente-do-real-madrid\/","title":{"rendered":"A declara\u00e7\u00e3o de Ancelotti direcionada ao presidente do Real Madrid"},"content":{"rendered":"\n<p>Durante sua \u00faltima coletiva em Valdebebas, Carlo Ancelotti fez quest\u00e3o de enfatizar a harmonia que marcou sua rela\u00e7\u00e3o com o Real Madrid, especialmente com o presidente Florentino P\u00e9rez. \u201cNunca discuti com meu presidente e n\u00e3o iria discutir no \u00faltimo dia\u201d, afirmou o treinador italiano, deixando claro que sua sa\u00edda ocorreu de maneira pac\u00edfica e consensual. <\/p>\n\n\n\n<p>Com olhos marejados e bem-humorado, o t\u00e9cnico agradeceu a todos no clube, dos jogadores aos cozinheiros, mencionando at\u00e9 as mais de 700 entrevistas que concedeu durante sua passagem.<\/p>\n\n\n\n<p>O tom emocional foi uma constante em sua fala. Ancelotti destacou que n\u00e3o est\u00e1 triste, mas sim satisfeito com o ciclo encerrado, afirmando: \u201cFoi um per\u00edodo impressionante da minha carreira. Fiz tudo que pude por este clube\u201d. <\/p>\n\n\n\n<p>Ao recordar momentos marcantes, citou as \u201cremontadas\u201d contra PSG, Manchester City e Chelsea como os epis\u00f3dios mais memor\u00e1veis no Santiago Bernab\u00e9u.<\/p>\n\n\n\n<h3 class=\"wp-block-heading\" id=\"h-homenagens-e-legado-construido\">Homenagens e legado constru\u00eddo<\/h3>\n\n\n\n<p>O clube merengue prestou uma homenagem p\u00fablica ao treinador, ressaltando a import\u00e2ncia do seu trabalho. O presidente P\u00e9rez declarou: \u201cEstamos orgulhosos por termos desfrutado de um treinador que nos ajudou a conquistar tantos t\u00edtulos e que sempre representou, de forma exemplar, os valores do nosso clube\u201d.<\/p>\n\n\n\n<p>Durante as seis temporadas \u00e0 frente da equipe, Ancelotti se tornou o t\u00e9cnico mais vitorioso da hist\u00f3ria do clube. Foram 15 t\u00edtulos no total: tr\u00eas Champions League, tr\u00eas Mundiais de Clubes, tr\u00eas Supercopas da Europa, dois Campeonatos Espanh\u00f3is, duas Copas do Rei e duas Supercopas da Espanha.<\/p>\n\n\n\n<h3 class=\"wp-block-heading\" id=\"h-transicao-para-novo-desafio\">Transi\u00e7\u00e3o para novo desafio<\/h3>\n\n\n\n<p>Em sua carta de despedida, divulgada nas redes sociais, o treinador destacou a intensidade de sua segunda passagem por Madri e indicou que sua hist\u00f3ria com o clube n\u00e3o se encerra por completo: \u201cAgora come\u00e7a uma nova aventura, mas meu v\u00ednculo com o Real Madrid \u00e9 eterno\u201d.<\/p>\n\n\n\n<p>Ainda conforme a carta, o t\u00e9cnico agradeceu ao presidente, aos jogadores, \u00e0 comiss\u00e3o t\u00e9cnica e aos torcedores, reconhecendo a import\u00e2ncia coletiva para as conquistas alcan\u00e7adas. \u201cO que conquistamos juntos ficar\u00e1 para sempre na mem\u00f3ria dos torcedores do Real Madrid, n\u00e3o apenas pelos triunfos, mas pela forma como os alcan\u00e7amos\u201d, escreveu.<\/p>\n\n\n\n<h3 class=\"wp-block-heading\" id=\"h-emocoes-a-flor-da-pele\">Emo\u00e7\u00f5es \u00e0 flor da pele<\/h3>\n\n\n\n<p>Ao comentar sua rela\u00e7\u00e3o com o elenco, Ancelotti destacou o bom ambiente de trabalho e relembrou momentos de emo\u00e7\u00e3o, principalmente ao lado de Luka Modric, com quem compartilha a despedida no Santiago Bernab\u00e9u. \u201cDespedir-me com ele \u00e9 muito bonito. Foi uma lenda, um jogador fant\u00e1stico e um apoio espetacular\u201d, comentou o treinador.<\/p>\n\n\n\n<p>Al\u00e9m disso, Ancelotti reconheceu as mudan\u00e7as no futebol ao longo dos anos e afirmou que teve que se adaptar. Segundo ele, seu corpo t\u00e9cnico jovem foi fundamental nesse processo. \u201cSou diferente de 1995 e de 2013\u201d, avaliou.<\/p>\n","protected":false},"excerpt":{"rendered":"<p>Durante sua \u00faltima coletiva em Valdebebas, Carlo Ancelotti fez quest\u00e3o de enfatizar a harmonia que marcou sua rela\u00e7\u00e3o com o Real Madrid, especialmente com o presidente Florentino P\u00e9rez. \u201cNunca discuti com meu presidente e n\u00e3o iria discutir no \u00faltimo dia\u201d, afirmou o treinador italiano, deixando claro que sua sa\u00edda ocorreu de maneira pac\u00edfica e consensual. [&hellip;]<\/p>\n","protected":false},"author":30,"featured_media":119629,"comment_status":"open","ping_status":"closed","sticky":false,"template":"","format":"standard","meta":{"footnotes":""},"categories":[78,88],"tags":[],"class_list":["post-266537","post","type-post","status-publish","format-standard","has-post-thumbnail","hentry","category-futebol-internacional","category-real-madrid"],"yoast_head":"<!-- This site is optimized with the Yoast SEO Premium plugin v24.2 (Yoast SEO v26.9) - https:\/\/yoast.com\/product\/yoast-seo-premium-wordpress\/ -->\n<title>A declara\u00e7\u00e3o de Ancelotti direcionada ao presidente do Real Madrid<\/title>\n<meta name=\"robots\" content=\"index, follow, max-snippet:-1, max-image-preview:large, max-video-preview:-1\" \/>\n<link rel=\"canonical\" href=\"https:\/\/www.gaveanews.com\/index.php\/2025\/05\/23\/a-declaracao-de-ancelotti-direcionada-ao-presidente-do-real-madrid\/\" \/>\n<meta property=\"og:locale\" content=\"pt_BR\" \/>\n<meta property=\"og:type\" content=\"article\" \/>\n<meta property=\"og:title\" content=\"A declara\u00e7\u00e3o de Ancelotti direcionada ao presidente do Real Madrid\" \/>\n<meta property=\"og:description\" content=\"Durante sua \u00faltima coletiva em Valdebebas, Carlo Ancelotti fez quest\u00e3o de enfatizar a harmonia que marcou sua rela\u00e7\u00e3o com o Real Madrid, especialmente com o presidente Florentino P\u00e9rez. \u201cNunca discuti com meu presidente e n\u00e3o iria discutir no \u00faltimo dia\u201d, afirmou o treinador italiano, deixando claro que sua sa\u00edda ocorreu de maneira pac\u00edfica e consensual. [&hellip;]\" \/>\n<meta property=\"og:url\" content=\"https:\/\/www.gaveanews.com\/index.php\/2025\/05\/23\/a-declaracao-de-ancelotti-direcionada-ao-presidente-do-real-madrid\/\" \/>\n<meta property=\"og:site_name\" content=\"G\u00e1vea News\" \/>\n<meta property=\"article:publisher\" content=\"https:\/\/facebook.com\/gaveaNews\/\" \/>\n<meta property=\"article:published_time\" content=\"2025-05-23T22:10:00+00:00\" \/>\n<meta property=\"og:image\" content=\"https:\/\/www.gaveanews.com\/wp-content\/uploads\/2023-04-29t184531z-1598421574-up1ej4t1g3tth-rtrmadp-3-soccer-spain-mad-uda-report.webp\" \/>\n\t<meta property=\"og:image:width\" content=\"984\" \/>\n\t<meta property=\"og:image:height\" content=\"678\" \/>\n\t<meta property=\"og:image:type\" content=\"image\/webp\" \/>\n<meta name=\"author\" content=\"Ana Teixeira\" \/>\n<meta name=\"twitter:card\" content=\"summary_large_image\" \/>\n<meta name=\"twitter:label1\" content=\"Escrito por\" \/>\n\t<meta name=\"twitter:data1\" content=\"Ana Teixeira\" \/>\n\t<meta name=\"twitter:label2\" content=\"Est. tempo de leitura\" \/>\n\t<meta name=\"twitter:data2\" content=\"3 minutos\" \/>\n<script type=\"application\/ld+json\" class=\"yoast-schema-graph\">{\"@context\":\"https:\/\/schema.org\",\"@graph\":[{\"@type\":\"NewsArticle\",\"@id\":\"https:\/\/www.gaveanews.com\/index.php\/2025\/05\/23\/a-declaracao-de-ancelotti-direcionada-ao-presidente-do-real-madrid\/#article\",\"isPartOf\":{\"@id\":\"https:\/\/www.gaveanews.com\/index.php\/2025\/05\/23\/a-declaracao-de-ancelotti-direcionada-ao-presidente-do-real-madrid\/\"},\"author\":{\"name\":\"Ana Teixeira\",\"@id\":\"https:\/\/www.gaveanews.com\/#\/schema\/person\/3b19f7288b0ce20372991275e4f2e6c2\"},\"headline\":\"A declara\u00e7\u00e3o de Ancelotti direcionada ao presidente do Real Madrid\",\"datePublished\":\"2025-05-23T22:10:00+00:00\",\"mainEntityOfPage\":{\"@id\":\"https:\/\/www.gaveanews.com\/index.php\/2025\/05\/23\/a-declaracao-de-ancelotti-direcionada-ao-presidente-do-real-madrid\/\"},\"wordCount\":480,\"commentCount\":0,\"image\":{\"@id\":\"https:\/\/www.gaveanews.com\/index.php\/2025\/05\/23\/a-declaracao-de-ancelotti-direcionada-ao-presidente-do-real-madrid\/#primaryimage\"},\"thumbnailUrl\":\"https:\/\/www.gaveanews.com\/wp-content\/uploads\/2023-04-29t184531z-1598421574-up1ej4t1g3tth-rtrmadp-3-soccer-spain-mad-uda-report.webp\",\"articleSection\":[\"Futebol Internacional\",\"Real Madrid\"],\"inLanguage\":\"pt-BR\",\"potentialAction\":[{\"@type\":\"CommentAction\",\"name\":\"Comment\",\"target\":[\"https:\/\/www.gaveanews.com\/index.php\/2025\/05\/23\/a-declaracao-de-ancelotti-direcionada-ao-presidente-do-real-madrid\/#respond\"]}],\"copyrightYear\":\"2025\",\"copyrightHolder\":{\"@id\":\"https:\/\/www.gaveanews.com\/#organization\"}},{\"@type\":\"WebPage\",\"@id\":\"https:\/\/www.gaveanews.com\/index.php\/2025\/05\/23\/a-declaracao-de-ancelotti-direcionada-ao-presidente-do-real-madrid\/\",\"url\":\"https:\/\/www.gaveanews.com\/index.php\/2025\/05\/23\/a-declaracao-de-ancelotti-direcionada-ao-presidente-do-real-madrid\/\",\"name\":\"A declara\u00e7\u00e3o de Ancelotti direcionada ao presidente do Real Madrid\",\"isPartOf\":{\"@id\":\"https:\/\/www.gaveanews.com\/#website\"},\"primaryImageOfPage\":{\"@id\":\"https:\/\/www.gaveanews.com\/index.php\/2025\/05\/23\/a-declaracao-de-ancelotti-direcionada-ao-presidente-do-real-madrid\/#primaryimage\"},\"image\":{\"@id\":\"https:\/\/www.gaveanews.com\/index.php\/2025\/05\/23\/a-declaracao-de-ancelotti-direcionada-ao-presidente-do-real-madrid\/#primaryimage\"},\"thumbnailUrl\":\"https:\/\/www.gaveanews.com\/wp-content\/uploads\/2023-04-29t184531z-1598421574-up1ej4t1g3tth-rtrmadp-3-soccer-spain-mad-uda-report.webp\",\"datePublished\":\"2025-05-23T22:10:00+00:00\",\"author\":{\"@id\":\"https:\/\/www.gaveanews.com\/#\/schema\/person\/3b19f7288b0ce20372991275e4f2e6c2\"},\"breadcrumb\":{\"@id\":\"https:\/\/www.gaveanews.com\/index.php\/2025\/05\/23\/a-declaracao-de-ancelotti-direcionada-ao-presidente-do-real-madrid\/#breadcrumb\"},\"inLanguage\":\"pt-BR\",\"potentialAction\":[{\"@type\":\"ReadAction\",\"target\":[\"https:\/\/www.gaveanews.com\/index.php\/2025\/05\/23\/a-declaracao-de-ancelotti-direcionada-ao-presidente-do-real-madrid\/\"]}]},{\"@type\":\"ImageObject\",\"inLanguage\":\"pt-BR\",\"@id\":\"https:\/\/www.gaveanews.com\/index.php\/2025\/05\/23\/a-declaracao-de-ancelotti-direcionada-ao-presidente-do-real-madrid\/#primaryimage\",\"url\":\"https:\/\/www.gaveanews.com\/wp-content\/uploads\/2023-04-29t184531z-1598421574-up1ej4t1g3tth-rtrmadp-3-soccer-spain-mad-uda-report.webp\",\"contentUrl\":\"https:\/\/www.gaveanews.com\/wp-content\/uploads\/2023-04-29t184531z-1598421574-up1ej4t1g3tth-rtrmadp-3-soccer-spain-mad-uda-report.webp\",\"width\":984,\"height\":678,\"caption\":\"Carlo Ancelotti, t\u00e9cnico do Real Madrid (Foto: Reuters)\"},{\"@type\":\"BreadcrumbList\",\"@id\":\"https:\/\/www.gaveanews.com\/index.php\/2025\/05\/23\/a-declaracao-de-ancelotti-direcionada-ao-presidente-do-real-madrid\/#breadcrumb\",\"itemListElement\":[{\"@type\":\"ListItem\",\"position\":1,\"name\":\"Home\",\"item\":\"https:\/\/www.gaveanews.com\/\"},{\"@type\":\"ListItem\",\"position\":2,\"name\":\"A declara\u00e7\u00e3o de Ancelotti direcionada ao presidente do Real Madrid\"}]},{\"@type\":\"WebSite\",\"@id\":\"https:\/\/www.gaveanews.com\/#website\",\"url\":\"https:\/\/www.gaveanews.com\/\",\"name\":\"G\u00e1vea News\",\"description\":\"Veja todas as not\u00edcias sobre o Flamengo: Contrata\u00e7\u00f5es, categorias de base, resultados das partidas, tabela de classifica\u00e7\u00e3o, pr\u00f3ximos jogos!\",\"potentialAction\":[{\"@type\":\"SearchAction\",\"target\":{\"@type\":\"EntryPoint\",\"urlTemplate\":\"https:\/\/www.gaveanews.com\/?s={search_term_string}\"},\"query-input\":{\"@type\":\"PropertyValueSpecification\",\"valueRequired\":true,\"valueName\":\"search_term_string\"}}],\"inLanguage\":\"pt-BR\"},{\"@type\":\"Person\",\"@id\":\"https:\/\/www.gaveanews.com\/#\/schema\/person\/3b19f7288b0ce20372991275e4f2e6c2\",\"name\":\"Ana Teixeira\",\"image\":{\"@type\":\"ImageObject\",\"inLanguage\":\"pt-BR\",\"@id\":\"https:\/\/www.gaveanews.com\/#\/schema\/person\/image\/\",\"url\":\"https:\/\/secure.gravatar.com\/avatar\/0a73f5a5258f3fed37fc2fa641892f3f7a4748456d4d4792f9bc550e6c19e06c?s=96&d=mm&r=g\",\"contentUrl\":\"https:\/\/secure.gravatar.com\/avatar\/0a73f5a5258f3fed37fc2fa641892f3f7a4748456d4d4792f9bc550e6c19e06c?s=96&d=mm&r=g\",\"caption\":\"Ana Teixeira\"}}]}<\/script>\n<!-- \/ Yoast SEO Premium plugin. -->","yoast_head_json":{"title":"A declara\u00e7\u00e3o de Ancelotti direcionada ao presidente do Real Madrid","robots":{"index":"index","follow":"follow","max-snippet":"max-snippet:-1","max-image-preview":"max-image-preview:large","max-video-preview":"max-video-preview:-1"},"canonical":"https:\/\/www.gaveanews.com\/index.php\/2025\/05\/23\/a-declaracao-de-ancelotti-direcionada-ao-presidente-do-real-madrid\/","og_locale":"pt_BR","og_type":"article","og_title":"A declara\u00e7\u00e3o de Ancelotti direcionada ao presidente do Real Madrid","og_description":"Durante sua \u00faltima coletiva em Valdebebas, Carlo Ancelotti fez quest\u00e3o de enfatizar a harmonia que marcou sua rela\u00e7\u00e3o com o Real Madrid, especialmente com o presidente Florentino P\u00e9rez. \u201cNunca discuti com meu presidente e n\u00e3o iria discutir no \u00faltimo dia\u201d, afirmou o treinador italiano, deixando claro que sua sa\u00edda ocorreu de maneira pac\u00edfica e consensual. [&hellip;]","og_url":"https:\/\/www.gaveanews.com\/index.php\/2025\/05\/23\/a-declaracao-de-ancelotti-direcionada-ao-presidente-do-real-madrid\/","og_site_name":"G\u00e1vea News","article_publisher":"https:\/\/facebook.com\/gaveaNews\/","article_published_time":"2025-05-23T22:10:00+00:00","og_image":[{"width":984,"height":678,"url":"https:\/\/www.gaveanews.com\/wp-content\/uploads\/2023-04-29t184531z-1598421574-up1ej4t1g3tth-rtrmadp-3-soccer-spain-mad-uda-report.webp","type":"image\/webp"}],"author":"Ana Teixeira","twitter_card":"summary_large_image","twitter_misc":{"Escrito por":"Ana Teixeira","Est. tempo de leitura":"3 minutos"},"schema":{"@context":"https:\/\/schema.org","@graph":[{"@type":"NewsArticle","@id":"https:\/\/www.gaveanews.com\/index.php\/2025\/05\/23\/a-declaracao-de-ancelotti-direcionada-ao-presidente-do-real-madrid\/#article","isPartOf":{"@id":"https:\/\/www.gaveanews.com\/index.php\/2025\/05\/23\/a-declaracao-de-ancelotti-direcionada-ao-presidente-do-real-madrid\/"},"author":{"name":"Ana Teixeira","@id":"https:\/\/www.gaveanews.com\/#\/schema\/person\/3b19f7288b0ce20372991275e4f2e6c2"},"headline":"A declara\u00e7\u00e3o de Ancelotti direcionada ao presidente do Real Madrid","datePublished":"2025-05-23T22:10:00+00:00","mainEntityOfPage":{"@id":"https:\/\/www.gaveanews.com\/index.php\/2025\/05\/23\/a-declaracao-de-ancelotti-direcionada-ao-presidente-do-real-madrid\/"},"wordCount":480,"commentCount":0,"image":{"@id":"https:\/\/www.gaveanews.com\/index.php\/2025\/05\/23\/a-declaracao-de-ancelotti-direcionada-ao-presidente-do-real-madrid\/#primaryimage"},"thumbnailUrl":"https:\/\/www.gaveanews.com\/wp-content\/uploads\/2023-04-29t184531z-1598421574-up1ej4t1g3tth-rtrmadp-3-soccer-spain-mad-uda-report.webp","articleSection":["Futebol Internacional","Real Madrid"],"inLanguage":"pt-BR","potentialAction":[{"@type":"CommentAction","name":"Comment","target":["https:\/\/www.gaveanews.com\/index.php\/2025\/05\/23\/a-declaracao-de-ancelotti-direcionada-ao-presidente-do-real-madrid\/#respond"]}],"copyrightYear":"2025","copyrightHolder":{"@id":"https:\/\/www.gaveanews.com\/#organization"}},{"@type":"WebPage","@id":"https:\/\/www.gaveanews.com\/index.php\/2025\/05\/23\/a-declaracao-de-ancelotti-direcionada-ao-presidente-do-real-madrid\/","url":"https:\/\/www.gaveanews.com\/index.php\/2025\/05\/23\/a-declaracao-de-ancelotti-direcionada-ao-presidente-do-real-madrid\/","name":"A declara\u00e7\u00e3o de Ancelotti direcionada ao presidente do Real Madrid","isPartOf":{"@id":"https:\/\/www.gaveanews.com\/#website"},"primaryImageOfPage":{"@id":"https:\/\/www.gaveanews.com\/index.php\/2025\/05\/23\/a-declaracao-de-ancelotti-direcionada-ao-presidente-do-real-madrid\/#primaryimage"},"image":{"@id":"https:\/\/www.gaveanews.com\/index.php\/2025\/05\/23\/a-declaracao-de-ancelotti-direcionada-ao-presidente-do-real-madrid\/#primaryimage"},"thumbnailUrl":"https:\/\/www.gaveanews.com\/wp-content\/uploads\/2023-04-29t184531z-1598421574-up1ej4t1g3tth-rtrmadp-3-soccer-spain-mad-uda-report.webp","datePublished":"2025-05-23T22:10:00+00:00","author":{"@id":"https:\/\/www.gaveanews.com\/#\/schema\/person\/3b19f7288b0ce20372991275e4f2e6c2"},"breadcrumb":{"@id":"https:\/\/www.gaveanews.com\/index.php\/2025\/05\/23\/a-declaracao-de-ancelotti-direcionada-ao-presidente-do-real-madrid\/#breadcrumb"},"inLanguage":"pt-BR","potentialAction":[{"@type":"ReadAction","target":["https:\/\/www.gaveanews.com\/index.php\/2025\/05\/23\/a-declaracao-de-ancelotti-direcionada-ao-presidente-do-real-madrid\/"]}]},{"@type":"ImageObject","inLanguage":"pt-BR","@id":"https:\/\/www.gaveanews.com\/index.php\/2025\/05\/23\/a-declaracao-de-ancelotti-direcionada-ao-presidente-do-real-madrid\/#primaryimage","url":"https:\/\/www.gaveanews.com\/wp-content\/uploads\/2023-04-29t184531z-1598421574-up1ej4t1g3tth-rtrmadp-3-soccer-spain-mad-uda-report.webp","contentUrl":"https:\/\/www.gaveanews.com\/wp-content\/uploads\/2023-04-29t184531z-1598421574-up1ej4t1g3tth-rtrmadp-3-soccer-spain-mad-uda-report.webp","width":984,"height":678,"caption":"Carlo Ancelotti, t\u00e9cnico do Real Madrid (Foto: Reuters)"},{"@type":"BreadcrumbList","@id":"https:\/\/www.gaveanews.com\/index.php\/2025\/05\/23\/a-declaracao-de-ancelotti-direcionada-ao-presidente-do-real-madrid\/#breadcrumb","itemListElement":[{"@type":"ListItem","position":1,"name":"Home","item":"https:\/\/www.gaveanews.com\/"},{"@type":"ListItem","position":2,"name":"A declara\u00e7\u00e3o de Ancelotti direcionada ao presidente do Real Madrid"}]},{"@type":"WebSite","@id":"https:\/\/www.gaveanews.com\/#website","url":"https:\/\/www.gaveanews.com\/","name":"G\u00e1vea News","description":"Veja todas as not\u00edcias sobre o Flamengo: Contrata\u00e7\u00f5es, categorias de base, resultados das partidas, tabela de classifica\u00e7\u00e3o, pr\u00f3ximos jogos!","potentialAction":[{"@type":"SearchAction","target":{"@type":"EntryPoint","urlTemplate":"https:\/\/www.gaveanews.com\/?s={search_term_string}"},"query-input":{"@type":"PropertyValueSpecification","valueRequired":true,"valueName":"search_term_string"}}],"inLanguage":"pt-BR"},{"@type":"Person","@id":"https:\/\/www.gaveanews.com\/#\/schema\/person\/3b19f7288b0ce20372991275e4f2e6c2","name":"Ana Teixeira","image":{"@type":"ImageObject","inLanguage":"pt-BR","@id":"https:\/\/www.gaveanews.com\/#\/schema\/person\/image\/","url":"https:\/\/secure.gravatar.com\/avatar\/0a73f5a5258f3fed37fc2fa641892f3f7a4748456d4d4792f9bc550e6c19e06c?s=96&d=mm&r=g","contentUrl":"https:\/\/secure.gravatar.com\/avatar\/0a73f5a5258f3fed37fc2fa641892f3f7a4748456d4d4792f9bc550e6c19e06c?s=96&d=mm&r=g","caption":"Ana Teixeira"}}]}},"_links":{"self":[{"href":"https:\/\/www.gaveanews.com\/index.php\/wp-json\/wp\/v2\/posts\/266537","targetHints":{"allow":["GET"]}}],"collection":[{"href":"https:\/\/www.gaveanews.com\/index.php\/wp-json\/wp\/v2\/posts"}],"about":[{"href":"https:\/\/www.gaveanews.com\/index.php\/wp-json\/wp\/v2\/types\/post"}],"author":[{"embeddable":true,"href":"https:\/\/www.gaveanews.com\/index.php\/wp-json\/wp\/v2\/users\/30"}],"replies":[{"embeddable":true,"href":"https:\/\/www.gaveanews.com\/index.php\/wp-json\/wp\/v2\/comments?post=266537"}],"version-history":[{"count":1,"href":"https:\/\/www.gaveanews.com\/index.php\/wp-json\/wp\/v2\/posts\/266537\/revisions"}],"predecessor-version":[{"id":266540,"href":"https:\/\/www.gaveanews.com\/index.php\/wp-json\/wp\/v2\/posts\/266537\/revisions\/266540"}],"wp:featuredmedia":[{"embeddable":true,"href":"https:\/\/www.gaveanews.com\/index.php\/wp-json\/wp\/v2\/media\/119629"}],"wp:attachment":[{"href":"https:\/\/www.gaveanews.com\/index.php\/wp-json\/wp\/v2\/media?parent=266537"}],"wp:term":[{"taxonomy":"category","embeddable":true,"href":"https:\/\/www.gaveanews.com\/index.php\/wp-json\/wp\/v2\/categories?post=266537"},{"taxonomy":"post_tag","embeddable":true,"href":"https:\/\/www.gaveanews.com\/index.php\/wp-json\/wp\/v2\/tags?post=266537"}],"curies":[{"name":"wp","href":"https:\/\/api.w.org\/{rel}","templated":true}]}}