{"id":266575,"date":"2025-05-23T20:30:00","date_gmt":"2025-05-23T23:30:00","guid":{"rendered":"https:\/\/www.gaveanews.com\/?p=266575"},"modified":"2025-05-23T17:51:54","modified_gmt":"2025-05-23T20:51:54","slug":"a-declaracao-de-milton-neves-apos-a-eliminacao-do-santos-na-copa-do-brasil","status":"publish","type":"post","link":"https:\/\/www.gaveanews.com\/index.php\/2025\/05\/23\/a-declaracao-de-milton-neves-apos-a-eliminacao-do-santos-na-copa-do-brasil\/","title":{"rendered":"A declara\u00e7\u00e3o de Milton Neves ap\u00f3s a elimina\u00e7\u00e3o do Santos na Copa do Brasil"},"content":{"rendered":"\n<p>A elimina\u00e7\u00e3o do Santos diante do CRB, na quinta-feira (22 de maio), segue repercutindo fortemente no cen\u00e1rio esportivo. Durante sua coluna no UOL Esporte, o comentarista Milton Neves n\u00e3o poupou cr\u00edticas ao clube da Vila Belmiro, classificando o resultado como um verdadeiro \u201cvexame\u201d. Afinal, o time alvinegro n\u00e3o conseguiu marcar no tempo regulamentar e acabou sendo derrotado nos p\u00eanaltis por 5 a 4.<\/p>\n\n\n\n<p>Para Milton, o atual momento do Santos \u00e9 preocupante. Conforme destacou, a equipe se tornou \u201cpresa f\u00e1cil\u201d para os advers\u00e1rios e atualmente ocupa uma das \u00faltimas posi\u00e7\u00f5es na S\u00e9rie A do Campeonato Brasileiro. \u201cO Santos virou o time que os advers\u00e1rios adoram enfrentar\u201d, afirmou, lembrando ainda que o clube, \u201cdesorganizado e pat\u00e9tico\u201d, parece caminhar sem rumo nesta temporada.<\/p>\n\n\n\n<figure class=\"wp-block-image size-large\"><img loading=\"lazy\" decoding=\"async\" width=\"1024\" height=\"683\" src=\"http:\/\/www.gaveanews.com\/wp-content\/uploads\/Escudo-do-Santos-1024x683.webp\" alt=\"\" class=\"wp-image-147446\" srcset=\"https:\/\/www.gaveanews.com\/wp-content\/uploads\/Escudo-do-Santos-1024x683.webp 1024w, https:\/\/www.gaveanews.com\/wp-content\/uploads\/Escudo-do-Santos-300x200.webp 300w, https:\/\/www.gaveanews.com\/wp-content\/uploads\/Escudo-do-Santos-768x512.webp 768w, https:\/\/www.gaveanews.com\/wp-content\/uploads\/Escudo-do-Santos-1536x1024.webp 1536w, https:\/\/www.gaveanews.com\/wp-content\/uploads\/Escudo-do-Santos-630x420.webp 630w, https:\/\/www.gaveanews.com\/wp-content\/uploads\/Escudo-do-Santos-1260x840.webp 1260w, https:\/\/www.gaveanews.com\/wp-content\/uploads\/Escudo-do-Santos-640x427.webp 640w, https:\/\/www.gaveanews.com\/wp-content\/uploads\/Escudo-do-Santos-1280x854.webp 1280w, https:\/\/www.gaveanews.com\/wp-content\/uploads\/Escudo-do-Santos-681x454.webp 681w, https:\/\/www.gaveanews.com\/wp-content\/uploads\/Escudo-do-Santos-1362x908.webp 1362w, https:\/\/www.gaveanews.com\/wp-content\/uploads\/Escudo-do-Santos-100x67.webp 100w, https:\/\/www.gaveanews.com\/wp-content\/uploads\/Escudo-do-Santos.webp 1621w\" sizes=\"auto, (max-width: 1024px) 100vw, 1024px\" \/><figcaption class=\"wp-element-caption\">Escudo do Santos (Foto: Reprodu\u00e7\u00e3o\/Instagram)<\/figcaption><\/figure>\n\n\n\n<p>Enquanto isso, o CRB segue demonstrando consist\u00eancia em seus compromissos. Mesmo com or\u00e7amento mais enxuto, o clube alagoano, que figura no G-4 da S\u00e9rie B, garantiu vaga nas oitavas de final da Copa do Brasil e somou R$ 3,63 milh\u00f5es em premia\u00e7\u00e3o pela classifica\u00e7\u00e3o. A quantia refor\u00e7a um caixa que j\u00e1 ultrapassa R$ 5 milh\u00f5es em arrecada\u00e7\u00e3o no torneio nacional.<\/p>\n\n\n\n<p>Ali\u00e1s, o comentarista fez quest\u00e3o de ressaltar o contraste entre os dois clubes. Enquanto o Santos amarga mais uma queda precoce, o CRB, segundo ele, representa um modelo de como gerir um grupo com pouco investimento e, ainda assim, obter resultados s\u00f3lidos. \u201cCom humildade, compet\u00eancia e seriedade, despachou o Peixe da Copa do Brasil\u201d, pontuou.<\/p>\n\n\n\n<p>O rev\u00e9s do Santos ocorreu justamente em uma noite simb\u00f3lica: a primeira partida com presen\u00e7a de Neymar, revelado pelas categorias de base do clube, ap\u00f3s longo per\u00edodo afastado dos gramados. Contudo, nem o prest\u00edgio do atacante foi suficiente para motivar a equipe a reagir em campo. O empate sem gols apenas aumentou a insatisfa\u00e7\u00e3o dos torcedores.<\/p>\n\n\n\n<p>Agora, o CRB aguarda o sorteio da Confedera\u00e7\u00e3o Brasileira de Futebol (CBF) para conhecer seu pr\u00f3ximo advers\u00e1rio na Copa do Brasil. Conforme o regulamento, n\u00e3o h\u00e1 restri\u00e7\u00f5es para o emparelhamento dos confrontos nas oitavas. Enquanto isso, o Santos tenta reorganizar o elenco e ajustar o planejamento a fim de reagir no Brasileir\u00e3o.<\/p>\n","protected":false},"excerpt":{"rendered":"<p>A elimina\u00e7\u00e3o do Santos diante do CRB, na quinta-feira (22 de maio), segue repercutindo fortemente no cen\u00e1rio esportivo. Durante sua coluna no UOL Esporte, o comentarista Milton Neves n\u00e3o poupou cr\u00edticas ao clube da Vila Belmiro, classificando o resultado como um verdadeiro \u201cvexame\u201d. Afinal, o time alvinegro n\u00e3o conseguiu marcar no tempo regulamentar e acabou [&hellip;]<\/p>\n","protected":false},"author":33,"featured_media":166659,"comment_status":"open","ping_status":"closed","sticky":false,"template":"","format":"standard","meta":{"footnotes":""},"categories":[139],"tags":[],"class_list":["post-266575","post","type-post","status-publish","format-standard","has-post-thumbnail","hentry","category-santos"],"yoast_head":"<!-- This site is optimized with the Yoast SEO Premium plugin v24.2 (Yoast SEO v26.9) - https:\/\/yoast.com\/product\/yoast-seo-premium-wordpress\/ -->\n<title>A declara\u00e7\u00e3o de Milton Neves ap\u00f3s a elimina\u00e7\u00e3o do Santos na Copa do Brasil<\/title>\n<meta name=\"robots\" content=\"index, follow, max-snippet:-1, max-image-preview:large, max-video-preview:-1\" \/>\n<link rel=\"canonical\" href=\"https:\/\/www.gaveanews.com\/index.php\/2025\/05\/23\/a-declaracao-de-milton-neves-apos-a-eliminacao-do-santos-na-copa-do-brasil\/\" \/>\n<meta property=\"og:locale\" content=\"pt_BR\" \/>\n<meta property=\"og:type\" content=\"article\" \/>\n<meta property=\"og:title\" content=\"A declara\u00e7\u00e3o de Milton Neves ap\u00f3s a elimina\u00e7\u00e3o do Santos na Copa do Brasil\" \/>\n<meta property=\"og:description\" content=\"A elimina\u00e7\u00e3o do Santos diante do CRB, na quinta-feira (22 de maio), segue repercutindo fortemente no cen\u00e1rio esportivo. Durante sua coluna no UOL Esporte, o comentarista Milton Neves n\u00e3o poupou cr\u00edticas ao clube da Vila Belmiro, classificando o resultado como um verdadeiro \u201cvexame\u201d. Afinal, o time alvinegro n\u00e3o conseguiu marcar no tempo regulamentar e acabou [&hellip;]\" \/>\n<meta property=\"og:url\" content=\"https:\/\/www.gaveanews.com\/index.php\/2025\/05\/23\/a-declaracao-de-milton-neves-apos-a-eliminacao-do-santos-na-copa-do-brasil\/\" \/>\n<meta property=\"og:site_name\" content=\"G\u00e1vea News\" \/>\n<meta property=\"article:publisher\" content=\"https:\/\/facebook.com\/gaveaNews\/\" \/>\n<meta property=\"article:published_time\" content=\"2025-05-23T23:30:00+00:00\" \/>\n<meta property=\"og:image\" content=\"https:\/\/www.gaveanews.com\/wp-content\/uploads\/Milton-Neves-durante-a-programacao-da-Bandeirantes.webp\" \/>\n\t<meta property=\"og:image:width\" content=\"1536\" \/>\n\t<meta property=\"og:image:height\" content=\"864\" \/>\n\t<meta property=\"og:image:type\" content=\"image\/jpeg\" \/>\n<meta name=\"author\" content=\"Brenda Cezillo\" \/>\n<meta name=\"twitter:card\" content=\"summary_large_image\" \/>\n<meta name=\"twitter:label1\" content=\"Escrito por\" \/>\n\t<meta name=\"twitter:data1\" content=\"Brenda Cezillo\" \/>\n\t<meta name=\"twitter:label2\" content=\"Est. tempo de leitura\" \/>\n\t<meta name=\"twitter:data2\" content=\"3 minutos\" \/>\n<script type=\"application\/ld+json\" class=\"yoast-schema-graph\">{\"@context\":\"https:\/\/schema.org\",\"@graph\":[{\"@type\":\"NewsArticle\",\"@id\":\"https:\/\/www.gaveanews.com\/index.php\/2025\/05\/23\/a-declaracao-de-milton-neves-apos-a-eliminacao-do-santos-na-copa-do-brasil\/#article\",\"isPartOf\":{\"@id\":\"https:\/\/www.gaveanews.com\/index.php\/2025\/05\/23\/a-declaracao-de-milton-neves-apos-a-eliminacao-do-santos-na-copa-do-brasil\/\"},\"author\":{\"name\":\"Brenda Cezillo\",\"@id\":\"https:\/\/www.gaveanews.com\/#\/schema\/person\/c79759ca337c40791ae8d08e2923d403\"},\"headline\":\"A declara\u00e7\u00e3o de Milton Neves ap\u00f3s a elimina\u00e7\u00e3o do Santos na Copa do Brasil\",\"datePublished\":\"2025-05-23T23:30:00+00:00\",\"mainEntityOfPage\":{\"@id\":\"https:\/\/www.gaveanews.com\/index.php\/2025\/05\/23\/a-declaracao-de-milton-neves-apos-a-eliminacao-do-santos-na-copa-do-brasil\/\"},\"wordCount\":400,\"commentCount\":0,\"image\":{\"@id\":\"https:\/\/www.gaveanews.com\/index.php\/2025\/05\/23\/a-declaracao-de-milton-neves-apos-a-eliminacao-do-santos-na-copa-do-brasil\/#primaryimage\"},\"thumbnailUrl\":\"https:\/\/www.gaveanews.com\/wp-content\/uploads\/Milton-Neves-durante-a-programacao-da-Bandeirantes.webp\",\"articleSection\":[\"Santos\"],\"inLanguage\":\"pt-BR\",\"potentialAction\":[{\"@type\":\"CommentAction\",\"name\":\"Comment\",\"target\":[\"https:\/\/www.gaveanews.com\/index.php\/2025\/05\/23\/a-declaracao-de-milton-neves-apos-a-eliminacao-do-santos-na-copa-do-brasil\/#respond\"]}],\"copyrightYear\":\"2025\",\"copyrightHolder\":{\"@id\":\"https:\/\/www.gaveanews.com\/#organization\"}},{\"@type\":\"WebPage\",\"@id\":\"https:\/\/www.gaveanews.com\/index.php\/2025\/05\/23\/a-declaracao-de-milton-neves-apos-a-eliminacao-do-santos-na-copa-do-brasil\/\",\"url\":\"https:\/\/www.gaveanews.com\/index.php\/2025\/05\/23\/a-declaracao-de-milton-neves-apos-a-eliminacao-do-santos-na-copa-do-brasil\/\",\"name\":\"A declara\u00e7\u00e3o de Milton Neves ap\u00f3s a elimina\u00e7\u00e3o do Santos na Copa do Brasil\",\"isPartOf\":{\"@id\":\"https:\/\/www.gaveanews.com\/#website\"},\"primaryImageOfPage\":{\"@id\":\"https:\/\/www.gaveanews.com\/index.php\/2025\/05\/23\/a-declaracao-de-milton-neves-apos-a-eliminacao-do-santos-na-copa-do-brasil\/#primaryimage\"},\"image\":{\"@id\":\"https:\/\/www.gaveanews.com\/index.php\/2025\/05\/23\/a-declaracao-de-milton-neves-apos-a-eliminacao-do-santos-na-copa-do-brasil\/#primaryimage\"},\"thumbnailUrl\":\"https:\/\/www.gaveanews.com\/wp-content\/uploads\/Milton-Neves-durante-a-programacao-da-Bandeirantes.webp\",\"datePublished\":\"2025-05-23T23:30:00+00:00\",\"author\":{\"@id\":\"https:\/\/www.gaveanews.com\/#\/schema\/person\/c79759ca337c40791ae8d08e2923d403\"},\"breadcrumb\":{\"@id\":\"https:\/\/www.gaveanews.com\/index.php\/2025\/05\/23\/a-declaracao-de-milton-neves-apos-a-eliminacao-do-santos-na-copa-do-brasil\/#breadcrumb\"},\"inLanguage\":\"pt-BR\",\"potentialAction\":[{\"@type\":\"ReadAction\",\"target\":[\"https:\/\/www.gaveanews.com\/index.php\/2025\/05\/23\/a-declaracao-de-milton-neves-apos-a-eliminacao-do-santos-na-copa-do-brasil\/\"]}]},{\"@type\":\"ImageObject\",\"inLanguage\":\"pt-BR\",\"@id\":\"https:\/\/www.gaveanews.com\/index.php\/2025\/05\/23\/a-declaracao-de-milton-neves-apos-a-eliminacao-do-santos-na-copa-do-brasil\/#primaryimage\",\"url\":\"https:\/\/www.gaveanews.com\/wp-content\/uploads\/Milton-Neves-durante-a-programacao-da-Bandeirantes.webp\",\"contentUrl\":\"https:\/\/www.gaveanews.com\/wp-content\/uploads\/Milton-Neves-durante-a-programacao-da-Bandeirantes.webp\",\"width\":1536,\"height\":864,\"caption\":\"Milton Neves durante a programa\u00e7\u00e3o da Bandeirantes (Foto: Reprodu\u00e7\u00e3o\/Bandeirantes)\"},{\"@type\":\"BreadcrumbList\",\"@id\":\"https:\/\/www.gaveanews.com\/index.php\/2025\/05\/23\/a-declaracao-de-milton-neves-apos-a-eliminacao-do-santos-na-copa-do-brasil\/#breadcrumb\",\"itemListElement\":[{\"@type\":\"ListItem\",\"position\":1,\"name\":\"Home\",\"item\":\"https:\/\/www.gaveanews.com\/\"},{\"@type\":\"ListItem\",\"position\":2,\"name\":\"A declara\u00e7\u00e3o de Milton Neves ap\u00f3s a elimina\u00e7\u00e3o do Santos na Copa do Brasil\"}]},{\"@type\":\"WebSite\",\"@id\":\"https:\/\/www.gaveanews.com\/#website\",\"url\":\"https:\/\/www.gaveanews.com\/\",\"name\":\"G\u00e1vea News\",\"description\":\"Veja todas as not\u00edcias sobre o Flamengo: Contrata\u00e7\u00f5es, categorias de base, resultados das partidas, tabela de classifica\u00e7\u00e3o, pr\u00f3ximos jogos!\",\"potentialAction\":[{\"@type\":\"SearchAction\",\"target\":{\"@type\":\"EntryPoint\",\"urlTemplate\":\"https:\/\/www.gaveanews.com\/?s={search_term_string}\"},\"query-input\":{\"@type\":\"PropertyValueSpecification\",\"valueRequired\":true,\"valueName\":\"search_term_string\"}}],\"inLanguage\":\"pt-BR\"},{\"@type\":\"Person\",\"@id\":\"https:\/\/www.gaveanews.com\/#\/schema\/person\/c79759ca337c40791ae8d08e2923d403\",\"name\":\"Brenda Cezillo\",\"image\":{\"@type\":\"ImageObject\",\"inLanguage\":\"pt-BR\",\"@id\":\"https:\/\/www.gaveanews.com\/#\/schema\/person\/image\/\",\"url\":\"https:\/\/secure.gravatar.com\/avatar\/1738d75cee7317f9c29ae61dd67620c5883d80a92e42a6fff88ae5d527af217a?s=96&d=mm&r=g\",\"contentUrl\":\"https:\/\/secure.gravatar.com\/avatar\/1738d75cee7317f9c29ae61dd67620c5883d80a92e42a6fff88ae5d527af217a?s=96&d=mm&r=g\",\"caption\":\"Brenda Cezillo\"}}]}<\/script>\n<!-- \/ Yoast SEO Premium plugin. -->","yoast_head_json":{"title":"A declara\u00e7\u00e3o de Milton Neves ap\u00f3s a elimina\u00e7\u00e3o do Santos na Copa do Brasil","robots":{"index":"index","follow":"follow","max-snippet":"max-snippet:-1","max-image-preview":"max-image-preview:large","max-video-preview":"max-video-preview:-1"},"canonical":"https:\/\/www.gaveanews.com\/index.php\/2025\/05\/23\/a-declaracao-de-milton-neves-apos-a-eliminacao-do-santos-na-copa-do-brasil\/","og_locale":"pt_BR","og_type":"article","og_title":"A declara\u00e7\u00e3o de Milton Neves ap\u00f3s a elimina\u00e7\u00e3o do Santos na Copa do Brasil","og_description":"A elimina\u00e7\u00e3o do Santos diante do CRB, na quinta-feira (22 de maio), segue repercutindo fortemente no cen\u00e1rio esportivo. Durante sua coluna no UOL Esporte, o comentarista Milton Neves n\u00e3o poupou cr\u00edticas ao clube da Vila Belmiro, classificando o resultado como um verdadeiro \u201cvexame\u201d. Afinal, o time alvinegro n\u00e3o conseguiu marcar no tempo regulamentar e acabou [&hellip;]","og_url":"https:\/\/www.gaveanews.com\/index.php\/2025\/05\/23\/a-declaracao-de-milton-neves-apos-a-eliminacao-do-santos-na-copa-do-brasil\/","og_site_name":"G\u00e1vea News","article_publisher":"https:\/\/facebook.com\/gaveaNews\/","article_published_time":"2025-05-23T23:30:00+00:00","og_image":[{"width":1536,"height":864,"url":"https:\/\/www.gaveanews.com\/wp-content\/uploads\/Milton-Neves-durante-a-programacao-da-Bandeirantes.webp","type":"image\/jpeg"}],"author":"Brenda Cezillo","twitter_card":"summary_large_image","twitter_misc":{"Escrito por":"Brenda Cezillo","Est. tempo de leitura":"3 minutos"},"schema":{"@context":"https:\/\/schema.org","@graph":[{"@type":"NewsArticle","@id":"https:\/\/www.gaveanews.com\/index.php\/2025\/05\/23\/a-declaracao-de-milton-neves-apos-a-eliminacao-do-santos-na-copa-do-brasil\/#article","isPartOf":{"@id":"https:\/\/www.gaveanews.com\/index.php\/2025\/05\/23\/a-declaracao-de-milton-neves-apos-a-eliminacao-do-santos-na-copa-do-brasil\/"},"author":{"name":"Brenda Cezillo","@id":"https:\/\/www.gaveanews.com\/#\/schema\/person\/c79759ca337c40791ae8d08e2923d403"},"headline":"A declara\u00e7\u00e3o de Milton Neves ap\u00f3s a elimina\u00e7\u00e3o do Santos na Copa do Brasil","datePublished":"2025-05-23T23:30:00+00:00","mainEntityOfPage":{"@id":"https:\/\/www.gaveanews.com\/index.php\/2025\/05\/23\/a-declaracao-de-milton-neves-apos-a-eliminacao-do-santos-na-copa-do-brasil\/"},"wordCount":400,"commentCount":0,"image":{"@id":"https:\/\/www.gaveanews.com\/index.php\/2025\/05\/23\/a-declaracao-de-milton-neves-apos-a-eliminacao-do-santos-na-copa-do-brasil\/#primaryimage"},"thumbnailUrl":"https:\/\/www.gaveanews.com\/wp-content\/uploads\/Milton-Neves-durante-a-programacao-da-Bandeirantes.webp","articleSection":["Santos"],"inLanguage":"pt-BR","potentialAction":[{"@type":"CommentAction","name":"Comment","target":["https:\/\/www.gaveanews.com\/index.php\/2025\/05\/23\/a-declaracao-de-milton-neves-apos-a-eliminacao-do-santos-na-copa-do-brasil\/#respond"]}],"copyrightYear":"2025","copyrightHolder":{"@id":"https:\/\/www.gaveanews.com\/#organization"}},{"@type":"WebPage","@id":"https:\/\/www.gaveanews.com\/index.php\/2025\/05\/23\/a-declaracao-de-milton-neves-apos-a-eliminacao-do-santos-na-copa-do-brasil\/","url":"https:\/\/www.gaveanews.com\/index.php\/2025\/05\/23\/a-declaracao-de-milton-neves-apos-a-eliminacao-do-santos-na-copa-do-brasil\/","name":"A declara\u00e7\u00e3o de Milton Neves ap\u00f3s a elimina\u00e7\u00e3o do Santos na Copa do Brasil","isPartOf":{"@id":"https:\/\/www.gaveanews.com\/#website"},"primaryImageOfPage":{"@id":"https:\/\/www.gaveanews.com\/index.php\/2025\/05\/23\/a-declaracao-de-milton-neves-apos-a-eliminacao-do-santos-na-copa-do-brasil\/#primaryimage"},"image":{"@id":"https:\/\/www.gaveanews.com\/index.php\/2025\/05\/23\/a-declaracao-de-milton-neves-apos-a-eliminacao-do-santos-na-copa-do-brasil\/#primaryimage"},"thumbnailUrl":"https:\/\/www.gaveanews.com\/wp-content\/uploads\/Milton-Neves-durante-a-programacao-da-Bandeirantes.webp","datePublished":"2025-05-23T23:30:00+00:00","author":{"@id":"https:\/\/www.gaveanews.com\/#\/schema\/person\/c79759ca337c40791ae8d08e2923d403"},"breadcrumb":{"@id":"https:\/\/www.gaveanews.com\/index.php\/2025\/05\/23\/a-declaracao-de-milton-neves-apos-a-eliminacao-do-santos-na-copa-do-brasil\/#breadcrumb"},"inLanguage":"pt-BR","potentialAction":[{"@type":"ReadAction","target":["https:\/\/www.gaveanews.com\/index.php\/2025\/05\/23\/a-declaracao-de-milton-neves-apos-a-eliminacao-do-santos-na-copa-do-brasil\/"]}]},{"@type":"ImageObject","inLanguage":"pt-BR","@id":"https:\/\/www.gaveanews.com\/index.php\/2025\/05\/23\/a-declaracao-de-milton-neves-apos-a-eliminacao-do-santos-na-copa-do-brasil\/#primaryimage","url":"https:\/\/www.gaveanews.com\/wp-content\/uploads\/Milton-Neves-durante-a-programacao-da-Bandeirantes.webp","contentUrl":"https:\/\/www.gaveanews.com\/wp-content\/uploads\/Milton-Neves-durante-a-programacao-da-Bandeirantes.webp","width":1536,"height":864,"caption":"Milton Neves durante a programa\u00e7\u00e3o da Bandeirantes (Foto: Reprodu\u00e7\u00e3o\/Bandeirantes)"},{"@type":"BreadcrumbList","@id":"https:\/\/www.gaveanews.com\/index.php\/2025\/05\/23\/a-declaracao-de-milton-neves-apos-a-eliminacao-do-santos-na-copa-do-brasil\/#breadcrumb","itemListElement":[{"@type":"ListItem","position":1,"name":"Home","item":"https:\/\/www.gaveanews.com\/"},{"@type":"ListItem","position":2,"name":"A declara\u00e7\u00e3o de Milton Neves ap\u00f3s a elimina\u00e7\u00e3o do Santos na Copa do Brasil"}]},{"@type":"WebSite","@id":"https:\/\/www.gaveanews.com\/#website","url":"https:\/\/www.gaveanews.com\/","name":"G\u00e1vea News","description":"Veja todas as not\u00edcias sobre o Flamengo: Contrata\u00e7\u00f5es, categorias de base, resultados das partidas, tabela de classifica\u00e7\u00e3o, pr\u00f3ximos jogos!","potentialAction":[{"@type":"SearchAction","target":{"@type":"EntryPoint","urlTemplate":"https:\/\/www.gaveanews.com\/?s={search_term_string}"},"query-input":{"@type":"PropertyValueSpecification","valueRequired":true,"valueName":"search_term_string"}}],"inLanguage":"pt-BR"},{"@type":"Person","@id":"https:\/\/www.gaveanews.com\/#\/schema\/person\/c79759ca337c40791ae8d08e2923d403","name":"Brenda Cezillo","image":{"@type":"ImageObject","inLanguage":"pt-BR","@id":"https:\/\/www.gaveanews.com\/#\/schema\/person\/image\/","url":"https:\/\/secure.gravatar.com\/avatar\/1738d75cee7317f9c29ae61dd67620c5883d80a92e42a6fff88ae5d527af217a?s=96&d=mm&r=g","contentUrl":"https:\/\/secure.gravatar.com\/avatar\/1738d75cee7317f9c29ae61dd67620c5883d80a92e42a6fff88ae5d527af217a?s=96&d=mm&r=g","caption":"Brenda Cezillo"}}]}},"_links":{"self":[{"href":"https:\/\/www.gaveanews.com\/index.php\/wp-json\/wp\/v2\/posts\/266575","targetHints":{"allow":["GET"]}}],"collection":[{"href":"https:\/\/www.gaveanews.com\/index.php\/wp-json\/wp\/v2\/posts"}],"about":[{"href":"https:\/\/www.gaveanews.com\/index.php\/wp-json\/wp\/v2\/types\/post"}],"author":[{"embeddable":true,"href":"https:\/\/www.gaveanews.com\/index.php\/wp-json\/wp\/v2\/users\/33"}],"replies":[{"embeddable":true,"href":"https:\/\/www.gaveanews.com\/index.php\/wp-json\/wp\/v2\/comments?post=266575"}],"version-history":[{"count":1,"href":"https:\/\/www.gaveanews.com\/index.php\/wp-json\/wp\/v2\/posts\/266575\/revisions"}],"predecessor-version":[{"id":266578,"href":"https:\/\/www.gaveanews.com\/index.php\/wp-json\/wp\/v2\/posts\/266575\/revisions\/266578"}],"wp:featuredmedia":[{"embeddable":true,"href":"https:\/\/www.gaveanews.com\/index.php\/wp-json\/wp\/v2\/media\/166659"}],"wp:attachment":[{"href":"https:\/\/www.gaveanews.com\/index.php\/wp-json\/wp\/v2\/media?parent=266575"}],"wp:term":[{"taxonomy":"category","embeddable":true,"href":"https:\/\/www.gaveanews.com\/index.php\/wp-json\/wp\/v2\/categories?post=266575"},{"taxonomy":"post_tag","embeddable":true,"href":"https:\/\/www.gaveanews.com\/index.php\/wp-json\/wp\/v2\/tags?post=266575"}],"curies":[{"name":"wp","href":"https:\/\/api.w.org\/{rel}","templated":true}]}}