{"id":266788,"date":"2025-05-25T19:09:31","date_gmt":"2025-05-25T22:09:31","guid":{"rendered":"https:\/\/www.gaveanews.com\/?p=266788"},"modified":"2025-05-25T19:09:34","modified_gmt":"2025-05-25T22:09:34","slug":"a-declaracao-de-filipe-luis-apos-vitoria-do-flamengo-sobre-o-palmeiras","status":"publish","type":"post","link":"https:\/\/www.gaveanews.com\/index.php\/2025\/05\/25\/a-declaracao-de-filipe-luis-apos-vitoria-do-flamengo-sobre-o-palmeiras\/","title":{"rendered":"A declara\u00e7\u00e3o de Filipe Lu\u00eds ap\u00f3s vit\u00f3ria do Flamengo sobre o Palmeiras"},"content":{"rendered":"\n<p>O Flamengo venceu o Palmeiras por 2 a 0, fora de casa, e reduziu para apenas um ponto a dist\u00e2ncia para o topo da tabela do Campeonato Brasileiro. O confronto, disputado no Allianz Parque, foi tratado por Filipe Lu\u00eds como um dos mais exigentes da temporada, n\u00e3o apenas pelo n\u00edvel t\u00e9cnico do advers\u00e1rio, mas tamb\u00e9m pelo que representa no cen\u00e1rio nacional.<\/p>\n\n\n\n<p>Ap\u00f3s a partida, o treinador rubro-negro destacou o alto n\u00edvel de concentra\u00e7\u00e3o do elenco em jogos decisivos. \u201cEsses jogos s\u00e3o para grandes jogadores. Eles se superam e mostram sua melhor vers\u00e3o dentro de campo\u201d, afirmou Filipe Lu\u00eds, ao comentar sobre a prepara\u00e7\u00e3o da equipe para o que ele considera o \u201ccl\u00e1ssico moderno do futebol brasileiro\u201d.<\/p>\n\n\n\n<p>Contudo, o comandante n\u00e3o se deixou levar pela euforia da vit\u00f3ria. \u201cTem muito campeonato pela frente. Nem a derrota encerraria nossa disputa, tampouco a vit\u00f3ria garante algo. Est\u00e1 tudo muito equilibrado\u201d, ponderou. Segundo ele, o equil\u00edbrio da competi\u00e7\u00e3o exige regularidade e gest\u00e3o f\u00edsica do elenco.<\/p>\n\n\n\n<p>Filipe Lu\u00eds tamb\u00e9m enalteceu o desempenho dos atletas que sa\u00edram do banco. Pedro, Ayrton Lucas e Wallace Yan foram fundamentais na constru\u00e7\u00e3o do segundo gol. \u201cAs trocas s\u00e3o, \u00e0s vezes, mais importantes do que os que come\u00e7am jogando. Eles entram e potencializam a equipe\u201d, destacou o treinador.<\/p>\n\n\n\n<p>Sobre a arbitragem, preferiu evitar pol\u00eamicas, mas concordou com a marca\u00e7\u00e3o do p\u00eanalti em Arrascaeta, que converteu e abriu o placar. J\u00e1 sobre Varela, que atuou improvisado como volante, Filipe se mostrou satisfeito: \u201cJ\u00e1 t\u00ednhamos pensado nisso, e ele correspondeu bem\u201d.<\/p>\n\n\n\n<p>Por fim, Filipe elogiou Alex Sandro e refor\u00e7ou que o elenco precisa manter o foco, apesar do bom momento. \u201cA vit\u00f3ria \u00e9 importante, mas sigo sendo o mesmo com elogio ou com cr\u00edtica. O trabalho continua\u201d, finalizou.<\/p>\n\n\n\n<p>Ap\u00f3s a vit\u00f3ria no Brasileir\u00e3o, o Flamengo volta a campo na quarta-feira (28), para enfrentar o Deportivo T\u00e1chira, pela sexta rodada da fase de grupos da Libertadores. A partida ser\u00e1 disputada no Maracan\u00e3, \u00e0s 21h30 (hor\u00e1rio de Bras\u00edlia). <\/p>\n","protected":false},"excerpt":{"rendered":"<p>O Flamengo venceu o Palmeiras por 2 a 0, fora de casa, e reduziu para apenas um ponto a dist\u00e2ncia para o topo da tabela do Campeonato Brasileiro. O confronto, disputado no Allianz Parque, foi tratado por Filipe Lu\u00eds como um dos mais exigentes da temporada, n\u00e3o apenas pelo n\u00edvel t\u00e9cnico do advers\u00e1rio, mas tamb\u00e9m [&hellip;]<\/p>\n","protected":false},"author":18,"featured_media":171213,"comment_status":"open","ping_status":"closed","sticky":false,"template":"","format":"standard","meta":{"footnotes":""},"categories":[1,150],"tags":[],"class_list":["post-266788","post","type-post","status-publish","format-standard","has-post-thumbnail","hentry","category-flamengo","category-palmeiras"],"yoast_head":"<!-- This site is optimized with the Yoast SEO Premium plugin v24.2 (Yoast SEO v26.9) - https:\/\/yoast.com\/product\/yoast-seo-premium-wordpress\/ -->\n<title>A declara\u00e7\u00e3o de Filipe Lu\u00eds ap\u00f3s vit\u00f3ria do Flamengo sobre o Palmeiras<\/title>\n<meta name=\"robots\" content=\"index, follow, max-snippet:-1, max-image-preview:large, max-video-preview:-1\" \/>\n<link rel=\"canonical\" href=\"https:\/\/www.gaveanews.com\/index.php\/2025\/05\/25\/a-declaracao-de-filipe-luis-apos-vitoria-do-flamengo-sobre-o-palmeiras\/\" \/>\n<meta property=\"og:locale\" content=\"pt_BR\" \/>\n<meta property=\"og:type\" content=\"article\" \/>\n<meta property=\"og:title\" content=\"A declara\u00e7\u00e3o de Filipe Lu\u00eds ap\u00f3s vit\u00f3ria do Flamengo sobre o Palmeiras\" \/>\n<meta property=\"og:description\" content=\"O Flamengo venceu o Palmeiras por 2 a 0, fora de casa, e reduziu para apenas um ponto a dist\u00e2ncia para o topo da tabela do Campeonato Brasileiro. O confronto, disputado no Allianz Parque, foi tratado por Filipe Lu\u00eds como um dos mais exigentes da temporada, n\u00e3o apenas pelo n\u00edvel t\u00e9cnico do advers\u00e1rio, mas tamb\u00e9m [&hellip;]\" \/>\n<meta property=\"og:url\" content=\"https:\/\/www.gaveanews.com\/index.php\/2025\/05\/25\/a-declaracao-de-filipe-luis-apos-vitoria-do-flamengo-sobre-o-palmeiras\/\" \/>\n<meta property=\"og:site_name\" content=\"G\u00e1vea News\" \/>\n<meta property=\"article:publisher\" content=\"https:\/\/facebook.com\/gaveaNews\/\" \/>\n<meta property=\"article:published_time\" content=\"2025-05-25T22:09:31+00:00\" \/>\n<meta property=\"article:modified_time\" content=\"2025-05-25T22:09:34+00:00\" \/>\n<meta property=\"og:image\" content=\"http:\/\/www.gaveanews.com\/wp-content\/uploads\/Filipe-Luis-como-tecnico-do-Flamengo-em-2024.webp\" \/>\n\t<meta property=\"og:image:width\" content=\"1065\" \/>\n\t<meta property=\"og:image:height\" content=\"710\" \/>\n\t<meta property=\"og:image:type\" content=\"image\/webp\" \/>\n<meta name=\"author\" content=\"Paula Silva\" \/>\n<meta name=\"twitter:card\" content=\"summary_large_image\" \/>\n<meta name=\"twitter:label1\" content=\"Escrito por\" \/>\n\t<meta name=\"twitter:data1\" content=\"Paula Silva\" \/>\n\t<meta name=\"twitter:label2\" content=\"Est. tempo de leitura\" \/>\n\t<meta name=\"twitter:data2\" content=\"2 minutos\" \/>\n<script type=\"application\/ld+json\" class=\"yoast-schema-graph\">{\"@context\":\"https:\/\/schema.org\",\"@graph\":[{\"@type\":\"NewsArticle\",\"@id\":\"https:\/\/www.gaveanews.com\/index.php\/2025\/05\/25\/a-declaracao-de-filipe-luis-apos-vitoria-do-flamengo-sobre-o-palmeiras\/#article\",\"isPartOf\":{\"@id\":\"https:\/\/www.gaveanews.com\/index.php\/2025\/05\/25\/a-declaracao-de-filipe-luis-apos-vitoria-do-flamengo-sobre-o-palmeiras\/\"},\"author\":{\"name\":\"Paula Silva\",\"@id\":\"https:\/\/www.gaveanews.com\/#\/schema\/person\/daf63eec72e1164eb13dc35096c2b8da\"},\"headline\":\"A declara\u00e7\u00e3o de Filipe Lu\u00eds ap\u00f3s vit\u00f3ria do Flamengo sobre o Palmeiras\",\"datePublished\":\"2025-05-25T22:09:31+00:00\",\"dateModified\":\"2025-05-25T22:09:34+00:00\",\"mainEntityOfPage\":{\"@id\":\"https:\/\/www.gaveanews.com\/index.php\/2025\/05\/25\/a-declaracao-de-filipe-luis-apos-vitoria-do-flamengo-sobre-o-palmeiras\/\"},\"wordCount\":378,\"commentCount\":0,\"image\":{\"@id\":\"https:\/\/www.gaveanews.com\/index.php\/2025\/05\/25\/a-declaracao-de-filipe-luis-apos-vitoria-do-flamengo-sobre-o-palmeiras\/#primaryimage\"},\"thumbnailUrl\":\"https:\/\/www.gaveanews.com\/wp-content\/uploads\/Filipe-Luis-como-tecnico-do-Flamengo-em-2024.webp\",\"articleSection\":[\"Flamengo\",\"Palmeiras\"],\"inLanguage\":\"pt-BR\",\"potentialAction\":[{\"@type\":\"CommentAction\",\"name\":\"Comment\",\"target\":[\"https:\/\/www.gaveanews.com\/index.php\/2025\/05\/25\/a-declaracao-de-filipe-luis-apos-vitoria-do-flamengo-sobre-o-palmeiras\/#respond\"]}],\"copyrightYear\":\"2025\",\"copyrightHolder\":{\"@id\":\"https:\/\/www.gaveanews.com\/#organization\"}},{\"@type\":\"WebPage\",\"@id\":\"https:\/\/www.gaveanews.com\/index.php\/2025\/05\/25\/a-declaracao-de-filipe-luis-apos-vitoria-do-flamengo-sobre-o-palmeiras\/\",\"url\":\"https:\/\/www.gaveanews.com\/index.php\/2025\/05\/25\/a-declaracao-de-filipe-luis-apos-vitoria-do-flamengo-sobre-o-palmeiras\/\",\"name\":\"A declara\u00e7\u00e3o de Filipe Lu\u00eds ap\u00f3s vit\u00f3ria do Flamengo sobre o Palmeiras\",\"isPartOf\":{\"@id\":\"https:\/\/www.gaveanews.com\/#website\"},\"primaryImageOfPage\":{\"@id\":\"https:\/\/www.gaveanews.com\/index.php\/2025\/05\/25\/a-declaracao-de-filipe-luis-apos-vitoria-do-flamengo-sobre-o-palmeiras\/#primaryimage\"},\"image\":{\"@id\":\"https:\/\/www.gaveanews.com\/index.php\/2025\/05\/25\/a-declaracao-de-filipe-luis-apos-vitoria-do-flamengo-sobre-o-palmeiras\/#primaryimage\"},\"thumbnailUrl\":\"https:\/\/www.gaveanews.com\/wp-content\/uploads\/Filipe-Luis-como-tecnico-do-Flamengo-em-2024.webp\",\"datePublished\":\"2025-05-25T22:09:31+00:00\",\"dateModified\":\"2025-05-25T22:09:34+00:00\",\"author\":{\"@id\":\"https:\/\/www.gaveanews.com\/#\/schema\/person\/daf63eec72e1164eb13dc35096c2b8da\"},\"breadcrumb\":{\"@id\":\"https:\/\/www.gaveanews.com\/index.php\/2025\/05\/25\/a-declaracao-de-filipe-luis-apos-vitoria-do-flamengo-sobre-o-palmeiras\/#breadcrumb\"},\"inLanguage\":\"pt-BR\",\"potentialAction\":[{\"@type\":\"ReadAction\",\"target\":[\"https:\/\/www.gaveanews.com\/index.php\/2025\/05\/25\/a-declaracao-de-filipe-luis-apos-vitoria-do-flamengo-sobre-o-palmeiras\/\"]}]},{\"@type\":\"ImageObject\",\"inLanguage\":\"pt-BR\",\"@id\":\"https:\/\/www.gaveanews.com\/index.php\/2025\/05\/25\/a-declaracao-de-filipe-luis-apos-vitoria-do-flamengo-sobre-o-palmeiras\/#primaryimage\",\"url\":\"https:\/\/www.gaveanews.com\/wp-content\/uploads\/Filipe-Luis-como-tecnico-do-Flamengo-em-2024.webp\",\"contentUrl\":\"https:\/\/www.gaveanews.com\/wp-content\/uploads\/Filipe-Luis-como-tecnico-do-Flamengo-em-2024.webp\",\"width\":1065,\"height\":710,\"caption\":\"Filipe Lu\u00eds como t\u00e9cnico do Flamengo em (Foto: Gilvan de Souza e Marcelo Cortes \/ CRF)\"},{\"@type\":\"BreadcrumbList\",\"@id\":\"https:\/\/www.gaveanews.com\/index.php\/2025\/05\/25\/a-declaracao-de-filipe-luis-apos-vitoria-do-flamengo-sobre-o-palmeiras\/#breadcrumb\",\"itemListElement\":[{\"@type\":\"ListItem\",\"position\":1,\"name\":\"Home\",\"item\":\"https:\/\/www.gaveanews.com\/\"},{\"@type\":\"ListItem\",\"position\":2,\"name\":\"A declara\u00e7\u00e3o de Filipe Lu\u00eds ap\u00f3s vit\u00f3ria do Flamengo sobre o Palmeiras\"}]},{\"@type\":\"WebSite\",\"@id\":\"https:\/\/www.gaveanews.com\/#website\",\"url\":\"https:\/\/www.gaveanews.com\/\",\"name\":\"G\u00e1vea News\",\"description\":\"Veja todas as not\u00edcias sobre o Flamengo: Contrata\u00e7\u00f5es, categorias de base, resultados das partidas, tabela de classifica\u00e7\u00e3o, pr\u00f3ximos jogos!\",\"potentialAction\":[{\"@type\":\"SearchAction\",\"target\":{\"@type\":\"EntryPoint\",\"urlTemplate\":\"https:\/\/www.gaveanews.com\/?s={search_term_string}\"},\"query-input\":{\"@type\":\"PropertyValueSpecification\",\"valueRequired\":true,\"valueName\":\"search_term_string\"}}],\"inLanguage\":\"pt-BR\"},{\"@type\":\"Person\",\"@id\":\"https:\/\/www.gaveanews.com\/#\/schema\/person\/daf63eec72e1164eb13dc35096c2b8da\",\"name\":\"Paula Silva\",\"image\":{\"@type\":\"ImageObject\",\"inLanguage\":\"pt-BR\",\"@id\":\"https:\/\/www.gaveanews.com\/#\/schema\/person\/image\/\",\"url\":\"https:\/\/secure.gravatar.com\/avatar\/eda381c845527cc5d64c13b901833cda29d97500ba040d3e6461f76f51d163bb?s=96&d=mm&r=g\",\"contentUrl\":\"https:\/\/secure.gravatar.com\/avatar\/eda381c845527cc5d64c13b901833cda29d97500ba040d3e6461f76f51d163bb?s=96&d=mm&r=g\",\"caption\":\"Paula Silva\"}}]}<\/script>\n<!-- \/ Yoast SEO Premium plugin. -->","yoast_head_json":{"title":"A declara\u00e7\u00e3o de Filipe Lu\u00eds ap\u00f3s vit\u00f3ria do Flamengo sobre o Palmeiras","robots":{"index":"index","follow":"follow","max-snippet":"max-snippet:-1","max-image-preview":"max-image-preview:large","max-video-preview":"max-video-preview:-1"},"canonical":"https:\/\/www.gaveanews.com\/index.php\/2025\/05\/25\/a-declaracao-de-filipe-luis-apos-vitoria-do-flamengo-sobre-o-palmeiras\/","og_locale":"pt_BR","og_type":"article","og_title":"A declara\u00e7\u00e3o de Filipe Lu\u00eds ap\u00f3s vit\u00f3ria do Flamengo sobre o Palmeiras","og_description":"O Flamengo venceu o Palmeiras por 2 a 0, fora de casa, e reduziu para apenas um ponto a dist\u00e2ncia para o topo da tabela do Campeonato Brasileiro. O confronto, disputado no Allianz Parque, foi tratado por Filipe Lu\u00eds como um dos mais exigentes da temporada, n\u00e3o apenas pelo n\u00edvel t\u00e9cnico do advers\u00e1rio, mas tamb\u00e9m [&hellip;]","og_url":"https:\/\/www.gaveanews.com\/index.php\/2025\/05\/25\/a-declaracao-de-filipe-luis-apos-vitoria-do-flamengo-sobre-o-palmeiras\/","og_site_name":"G\u00e1vea News","article_publisher":"https:\/\/facebook.com\/gaveaNews\/","article_published_time":"2025-05-25T22:09:31+00:00","article_modified_time":"2025-05-25T22:09:34+00:00","og_image":[{"width":1065,"height":710,"url":"http:\/\/www.gaveanews.com\/wp-content\/uploads\/Filipe-Luis-como-tecnico-do-Flamengo-em-2024.webp","type":"image\/webp"}],"author":"Paula Silva","twitter_card":"summary_large_image","twitter_misc":{"Escrito por":"Paula Silva","Est. tempo de leitura":"2 minutos"},"schema":{"@context":"https:\/\/schema.org","@graph":[{"@type":"NewsArticle","@id":"https:\/\/www.gaveanews.com\/index.php\/2025\/05\/25\/a-declaracao-de-filipe-luis-apos-vitoria-do-flamengo-sobre-o-palmeiras\/#article","isPartOf":{"@id":"https:\/\/www.gaveanews.com\/index.php\/2025\/05\/25\/a-declaracao-de-filipe-luis-apos-vitoria-do-flamengo-sobre-o-palmeiras\/"},"author":{"name":"Paula Silva","@id":"https:\/\/www.gaveanews.com\/#\/schema\/person\/daf63eec72e1164eb13dc35096c2b8da"},"headline":"A declara\u00e7\u00e3o de Filipe Lu\u00eds ap\u00f3s vit\u00f3ria do Flamengo sobre o Palmeiras","datePublished":"2025-05-25T22:09:31+00:00","dateModified":"2025-05-25T22:09:34+00:00","mainEntityOfPage":{"@id":"https:\/\/www.gaveanews.com\/index.php\/2025\/05\/25\/a-declaracao-de-filipe-luis-apos-vitoria-do-flamengo-sobre-o-palmeiras\/"},"wordCount":378,"commentCount":0,"image":{"@id":"https:\/\/www.gaveanews.com\/index.php\/2025\/05\/25\/a-declaracao-de-filipe-luis-apos-vitoria-do-flamengo-sobre-o-palmeiras\/#primaryimage"},"thumbnailUrl":"https:\/\/www.gaveanews.com\/wp-content\/uploads\/Filipe-Luis-como-tecnico-do-Flamengo-em-2024.webp","articleSection":["Flamengo","Palmeiras"],"inLanguage":"pt-BR","potentialAction":[{"@type":"CommentAction","name":"Comment","target":["https:\/\/www.gaveanews.com\/index.php\/2025\/05\/25\/a-declaracao-de-filipe-luis-apos-vitoria-do-flamengo-sobre-o-palmeiras\/#respond"]}],"copyrightYear":"2025","copyrightHolder":{"@id":"https:\/\/www.gaveanews.com\/#organization"}},{"@type":"WebPage","@id":"https:\/\/www.gaveanews.com\/index.php\/2025\/05\/25\/a-declaracao-de-filipe-luis-apos-vitoria-do-flamengo-sobre-o-palmeiras\/","url":"https:\/\/www.gaveanews.com\/index.php\/2025\/05\/25\/a-declaracao-de-filipe-luis-apos-vitoria-do-flamengo-sobre-o-palmeiras\/","name":"A declara\u00e7\u00e3o de Filipe Lu\u00eds ap\u00f3s vit\u00f3ria do Flamengo sobre o Palmeiras","isPartOf":{"@id":"https:\/\/www.gaveanews.com\/#website"},"primaryImageOfPage":{"@id":"https:\/\/www.gaveanews.com\/index.php\/2025\/05\/25\/a-declaracao-de-filipe-luis-apos-vitoria-do-flamengo-sobre-o-palmeiras\/#primaryimage"},"image":{"@id":"https:\/\/www.gaveanews.com\/index.php\/2025\/05\/25\/a-declaracao-de-filipe-luis-apos-vitoria-do-flamengo-sobre-o-palmeiras\/#primaryimage"},"thumbnailUrl":"https:\/\/www.gaveanews.com\/wp-content\/uploads\/Filipe-Luis-como-tecnico-do-Flamengo-em-2024.webp","datePublished":"2025-05-25T22:09:31+00:00","dateModified":"2025-05-25T22:09:34+00:00","author":{"@id":"https:\/\/www.gaveanews.com\/#\/schema\/person\/daf63eec72e1164eb13dc35096c2b8da"},"breadcrumb":{"@id":"https:\/\/www.gaveanews.com\/index.php\/2025\/05\/25\/a-declaracao-de-filipe-luis-apos-vitoria-do-flamengo-sobre-o-palmeiras\/#breadcrumb"},"inLanguage":"pt-BR","potentialAction":[{"@type":"ReadAction","target":["https:\/\/www.gaveanews.com\/index.php\/2025\/05\/25\/a-declaracao-de-filipe-luis-apos-vitoria-do-flamengo-sobre-o-palmeiras\/"]}]},{"@type":"ImageObject","inLanguage":"pt-BR","@id":"https:\/\/www.gaveanews.com\/index.php\/2025\/05\/25\/a-declaracao-de-filipe-luis-apos-vitoria-do-flamengo-sobre-o-palmeiras\/#primaryimage","url":"https:\/\/www.gaveanews.com\/wp-content\/uploads\/Filipe-Luis-como-tecnico-do-Flamengo-em-2024.webp","contentUrl":"https:\/\/www.gaveanews.com\/wp-content\/uploads\/Filipe-Luis-como-tecnico-do-Flamengo-em-2024.webp","width":1065,"height":710,"caption":"Filipe Lu\u00eds como t\u00e9cnico do Flamengo em (Foto: Gilvan de Souza e Marcelo Cortes \/ CRF)"},{"@type":"BreadcrumbList","@id":"https:\/\/www.gaveanews.com\/index.php\/2025\/05\/25\/a-declaracao-de-filipe-luis-apos-vitoria-do-flamengo-sobre-o-palmeiras\/#breadcrumb","itemListElement":[{"@type":"ListItem","position":1,"name":"Home","item":"https:\/\/www.gaveanews.com\/"},{"@type":"ListItem","position":2,"name":"A declara\u00e7\u00e3o de Filipe Lu\u00eds ap\u00f3s vit\u00f3ria do Flamengo sobre o Palmeiras"}]},{"@type":"WebSite","@id":"https:\/\/www.gaveanews.com\/#website","url":"https:\/\/www.gaveanews.com\/","name":"G\u00e1vea News","description":"Veja todas as not\u00edcias sobre o Flamengo: Contrata\u00e7\u00f5es, categorias de base, resultados das partidas, tabela de classifica\u00e7\u00e3o, pr\u00f3ximos jogos!","potentialAction":[{"@type":"SearchAction","target":{"@type":"EntryPoint","urlTemplate":"https:\/\/www.gaveanews.com\/?s={search_term_string}"},"query-input":{"@type":"PropertyValueSpecification","valueRequired":true,"valueName":"search_term_string"}}],"inLanguage":"pt-BR"},{"@type":"Person","@id":"https:\/\/www.gaveanews.com\/#\/schema\/person\/daf63eec72e1164eb13dc35096c2b8da","name":"Paula Silva","image":{"@type":"ImageObject","inLanguage":"pt-BR","@id":"https:\/\/www.gaveanews.com\/#\/schema\/person\/image\/","url":"https:\/\/secure.gravatar.com\/avatar\/eda381c845527cc5d64c13b901833cda29d97500ba040d3e6461f76f51d163bb?s=96&d=mm&r=g","contentUrl":"https:\/\/secure.gravatar.com\/avatar\/eda381c845527cc5d64c13b901833cda29d97500ba040d3e6461f76f51d163bb?s=96&d=mm&r=g","caption":"Paula Silva"}}]}},"_links":{"self":[{"href":"https:\/\/www.gaveanews.com\/index.php\/wp-json\/wp\/v2\/posts\/266788","targetHints":{"allow":["GET"]}}],"collection":[{"href":"https:\/\/www.gaveanews.com\/index.php\/wp-json\/wp\/v2\/posts"}],"about":[{"href":"https:\/\/www.gaveanews.com\/index.php\/wp-json\/wp\/v2\/types\/post"}],"author":[{"embeddable":true,"href":"https:\/\/www.gaveanews.com\/index.php\/wp-json\/wp\/v2\/users\/18"}],"replies":[{"embeddable":true,"href":"https:\/\/www.gaveanews.com\/index.php\/wp-json\/wp\/v2\/comments?post=266788"}],"version-history":[{"count":1,"href":"https:\/\/www.gaveanews.com\/index.php\/wp-json\/wp\/v2\/posts\/266788\/revisions"}],"predecessor-version":[{"id":266789,"href":"https:\/\/www.gaveanews.com\/index.php\/wp-json\/wp\/v2\/posts\/266788\/revisions\/266789"}],"wp:featuredmedia":[{"embeddable":true,"href":"https:\/\/www.gaveanews.com\/index.php\/wp-json\/wp\/v2\/media\/171213"}],"wp:attachment":[{"href":"https:\/\/www.gaveanews.com\/index.php\/wp-json\/wp\/v2\/media?parent=266788"}],"wp:term":[{"taxonomy":"category","embeddable":true,"href":"https:\/\/www.gaveanews.com\/index.php\/wp-json\/wp\/v2\/categories?post=266788"},{"taxonomy":"post_tag","embeddable":true,"href":"https:\/\/www.gaveanews.com\/index.php\/wp-json\/wp\/v2\/tags?post=266788"}],"curies":[{"name":"wp","href":"https:\/\/api.w.org\/{rel}","templated":true}]}}