{"id":266791,"date":"2025-05-26T10:10:00","date_gmt":"2025-05-26T13:10:00","guid":{"rendered":"https:\/\/www.gaveanews.com\/?p=266791"},"modified":"2025-05-26T10:08:22","modified_gmt":"2025-05-26T13:08:22","slug":"oscar-lidera-estatistica-de-bola-parada-no-sao-paulo","status":"publish","type":"post","link":"https:\/\/www.gaveanews.com\/index.php\/2025\/05\/26\/oscar-lidera-estatistica-de-bola-parada-no-sao-paulo\/","title":{"rendered":"Oscar lidera estat\u00edstica de bola parada no S\u00e3o Paulo"},"content":{"rendered":"\n<p>Oscar tem sido decisivo para o S\u00e3o Paulo nas bolas paradas. O meio-campista \u00e9, at\u00e9 o momento, respons\u00e1vel por <strong>100% dos gols marcados pela equipe em jogadas oriundas de escanteio<\/strong> na temporada de 2025. <\/p>\n\n\n\n<p>Foram tr\u00eas gols, todos com assist\u00eancia direta do camisa 8: o primeiro anotado por Lucas Moura contra o Corinthians, o segundo por Calleri diante da Ponte Preta e, mais recentemente, Luciano balan\u00e7ou as redes ap\u00f3s cobran\u00e7a precisa no confronto contra o N\u00e1utico, pela Copa do Brasil.<\/p>\n\n\n\n<p>Al\u00e9m das bolas paradas, o atleta lidera o elenco em n\u00famero total de assist\u00eancias, somando cinco passes decisivos no ano. Com esse desempenho, ultrapassou Calleri, que at\u00e9 ent\u00e3o dividia a lideran\u00e7a com quatro passes para gol.<\/p>\n\n\n\n<h2 class=\"wp-block-heading\" id=\"h-mudanca-de-posicao-e-rendimento-abaixo-do-esperado\">Mudan\u00e7a de posi\u00e7\u00e3o e rendimento abaixo do esperado<\/h2>\n\n\n\n<p>Apesar da efici\u00eancia na bola parada, Oscar enfrentou dificuldades quando utilizado fora da sua fun\u00e7\u00e3o original. No \u00faltimo s\u00e1bado (24), no confronto contra o Mirassol, o jogador iniciou a partida atuando como meia-esquerda, mas n\u00e3o correspondeu e foi substitu\u00eddo no intervalo. <\/p>\n\n\n\n<p>A altera\u00e7\u00e3o surpreendeu parte dos torcedores, que utilizaram as redes sociais para criticar a escolha da comiss\u00e3o t\u00e9cnica. &#8220;A mudan\u00e7a t\u00e1tica n\u00e3o funcionou&#8221;, comentaram alguns, ressaltando que o meia apresenta desempenho superior atuando como segundo volante.<\/p>\n\n\n\n<p>Segundo o clube, a substitui\u00e7\u00e3o tamb\u00e9m teve rela\u00e7\u00e3o com a necessidade de controle da carga f\u00edsica do atleta, que tem passado por tratamento de edema na coxa. Assim sendo, a utiliza\u00e7\u00e3o do jogador dever\u00e1 ser administrada nas pr\u00f3ximas rodadas do Campeonato Brasileiro.<\/p>\n\n\n\n<h2 class=\"wp-block-heading\" id=\"h-historico-como-garcom-e-perfil-assistente\">Hist\u00f3rico como gar\u00e7om e perfil assistente<\/h2>\n\n\n\n<p>Oscar j\u00e1 demonstrava essa caracter\u00edstica criativa antes de chegar ao Morumbi. Em sua \u00faltima temporada pelo Shanghai Port, da China, encerrou o ano com <strong>16 gols marcados e 29 assist\u00eancias<\/strong>, batendo seu pr\u00f3prio recorde pessoal. Anteriormente, o maior n\u00famero registrado havia sido em 2018, com 18 passes para gols.<\/p>\n\n\n\n<p>Durante sua apresenta\u00e7\u00e3o oficial no S\u00e3o Paulo, realizada em janeiro nos Estados Unidos, ele mesmo destacou essa voca\u00e7\u00e3o. \u201cAno passado eu fui o jogador com mais assist\u00eancias no mundo. N\u00e3o \u00e9 f\u00e1cil dar assist\u00eancias. Eu trabalho bastante para sempre ajudar o companheiro melhor colocado a fazer o gol\u201d, afirmou o jogador.<\/p>\n\n\n\n<h2 class=\"wp-block-heading\" id=\"h-situacao-fisica-e-expectativa-futura\">Situa\u00e7\u00e3o f\u00edsica e expectativa futura<\/h2>\n\n\n\n<p>Atualmente, o camisa 8 passa por acompanhamento do departamento m\u00e9dico, o que implica em poss\u00edvel aus\u00eancia nos pr\u00f3ximos compromissos. Conforme divulgado pelo clube, n\u00e3o foi detectada les\u00e3o grave, mas Oscar seguir\u00e1 sob avalia\u00e7\u00e3o para evitar agravamento do quadro cl\u00ednico.<\/p>\n\n\n\n<p>Dessa forma, embora enfrente instabilidades t\u00e1ticas e limita\u00e7\u00f5es f\u00edsicas moment\u00e2neas, \u00e9 ineg\u00e1vel que sua contribui\u00e7\u00e3o para o setor ofensivo \u2014 especialmente nas jogadas de bola parada \u2014 tem sido vital. Afinal, em um elenco com dificuldades recorrentes em explorar esse tipo de jogada, a precis\u00e3o do meia tem representado um diferencial t\u00e9cnico expressivo.<\/p>\n\n\n\n<p>O S\u00e3o Paulo retorna aos gramados nesta ter\u00e7a-feira (27) para encarar o Talleres, no MorumBis, pela sexta e \u00faltima rodada da fase de grupos da Libertadores da Am\u00e9rica. A bola rola a partir das 19h. <\/p>\n","protected":false},"excerpt":{"rendered":"<p>Oscar tem sido decisivo para o S\u00e3o Paulo nas bolas paradas. O meio-campista \u00e9, at\u00e9 o momento, respons\u00e1vel por 100% dos gols marcados pela equipe em jogadas oriundas de escanteio na temporada de 2025. Foram tr\u00eas gols, todos com assist\u00eancia direta do camisa 8: o primeiro anotado por Lucas Moura contra o Corinthians, o segundo [&hellip;]<\/p>\n","protected":false},"author":30,"featured_media":213569,"comment_status":"open","ping_status":"closed","sticky":false,"template":"","format":"standard","meta":{"footnotes":""},"categories":[133,151],"tags":[],"class_list":["post-266791","post","type-post","status-publish","format-standard","has-post-thumbnail","hentry","category-brasileirao","category-sao-paulo"],"yoast_head":"<!-- This site is optimized with the Yoast SEO Premium plugin v24.2 (Yoast SEO v26.9) - https:\/\/yoast.com\/product\/yoast-seo-premium-wordpress\/ -->\n<title>Oscar lidera estat\u00edstica de bola parada no S\u00e3o Paulo<\/title>\n<meta name=\"robots\" content=\"index, follow, max-snippet:-1, max-image-preview:large, max-video-preview:-1\" \/>\n<link rel=\"canonical\" href=\"https:\/\/www.gaveanews.com\/index.php\/2025\/05\/26\/oscar-lidera-estatistica-de-bola-parada-no-sao-paulo\/\" \/>\n<meta property=\"og:locale\" content=\"pt_BR\" \/>\n<meta property=\"og:type\" content=\"article\" \/>\n<meta property=\"og:title\" content=\"Oscar lidera estat\u00edstica de bola parada no S\u00e3o Paulo\" \/>\n<meta property=\"og:description\" content=\"Oscar tem sido decisivo para o S\u00e3o Paulo nas bolas paradas. O meio-campista \u00e9, at\u00e9 o momento, respons\u00e1vel por 100% dos gols marcados pela equipe em jogadas oriundas de escanteio na temporada de 2025. Foram tr\u00eas gols, todos com assist\u00eancia direta do camisa 8: o primeiro anotado por Lucas Moura contra o Corinthians, o segundo [&hellip;]\" \/>\n<meta property=\"og:url\" content=\"https:\/\/www.gaveanews.com\/index.php\/2025\/05\/26\/oscar-lidera-estatistica-de-bola-parada-no-sao-paulo\/\" \/>\n<meta property=\"og:site_name\" content=\"G\u00e1vea News\" \/>\n<meta property=\"article:publisher\" content=\"https:\/\/facebook.com\/gaveaNews\/\" \/>\n<meta property=\"article:published_time\" content=\"2025-05-26T13:10:00+00:00\" \/>\n<meta property=\"og:image\" content=\"https:\/\/www.gaveanews.com\/wp-content\/uploads\/Oscar-pelo-Sao-Paulo.webp\" \/>\n\t<meta property=\"og:image:width\" content=\"762\" \/>\n\t<meta property=\"og:image:height\" content=\"530\" \/>\n\t<meta property=\"og:image:type\" content=\"image\/jpeg\" \/>\n<meta name=\"author\" content=\"Ana Teixeira\" \/>\n<meta name=\"twitter:card\" content=\"summary_large_image\" \/>\n<meta name=\"twitter:label1\" content=\"Escrito por\" \/>\n\t<meta name=\"twitter:data1\" content=\"Ana Teixeira\" \/>\n\t<meta name=\"twitter:label2\" content=\"Est. tempo de leitura\" \/>\n\t<meta name=\"twitter:data2\" content=\"3 minutos\" \/>\n<script type=\"application\/ld+json\" class=\"yoast-schema-graph\">{\"@context\":\"https:\/\/schema.org\",\"@graph\":[{\"@type\":\"NewsArticle\",\"@id\":\"https:\/\/www.gaveanews.com\/index.php\/2025\/05\/26\/oscar-lidera-estatistica-de-bola-parada-no-sao-paulo\/#article\",\"isPartOf\":{\"@id\":\"https:\/\/www.gaveanews.com\/index.php\/2025\/05\/26\/oscar-lidera-estatistica-de-bola-parada-no-sao-paulo\/\"},\"author\":{\"name\":\"Ana Teixeira\",\"@id\":\"https:\/\/www.gaveanews.com\/#\/schema\/person\/3b19f7288b0ce20372991275e4f2e6c2\"},\"headline\":\"Oscar lidera estat\u00edstica de bola parada no S\u00e3o Paulo\",\"datePublished\":\"2025-05-26T13:10:00+00:00\",\"mainEntityOfPage\":{\"@id\":\"https:\/\/www.gaveanews.com\/index.php\/2025\/05\/26\/oscar-lidera-estatistica-de-bola-parada-no-sao-paulo\/\"},\"wordCount\":543,\"commentCount\":0,\"image\":{\"@id\":\"https:\/\/www.gaveanews.com\/index.php\/2025\/05\/26\/oscar-lidera-estatistica-de-bola-parada-no-sao-paulo\/#primaryimage\"},\"thumbnailUrl\":\"https:\/\/www.gaveanews.com\/wp-content\/uploads\/Oscar-pelo-Sao-Paulo.webp\",\"articleSection\":[\"Brasileir\u00e3o\",\"S\u00e3o Paulo\"],\"inLanguage\":\"pt-BR\",\"potentialAction\":[{\"@type\":\"CommentAction\",\"name\":\"Comment\",\"target\":[\"https:\/\/www.gaveanews.com\/index.php\/2025\/05\/26\/oscar-lidera-estatistica-de-bola-parada-no-sao-paulo\/#respond\"]}],\"copyrightYear\":\"2025\",\"copyrightHolder\":{\"@id\":\"https:\/\/www.gaveanews.com\/#organization\"}},{\"@type\":\"WebPage\",\"@id\":\"https:\/\/www.gaveanews.com\/index.php\/2025\/05\/26\/oscar-lidera-estatistica-de-bola-parada-no-sao-paulo\/\",\"url\":\"https:\/\/www.gaveanews.com\/index.php\/2025\/05\/26\/oscar-lidera-estatistica-de-bola-parada-no-sao-paulo\/\",\"name\":\"Oscar lidera estat\u00edstica de bola parada no S\u00e3o Paulo\",\"isPartOf\":{\"@id\":\"https:\/\/www.gaveanews.com\/#website\"},\"primaryImageOfPage\":{\"@id\":\"https:\/\/www.gaveanews.com\/index.php\/2025\/05\/26\/oscar-lidera-estatistica-de-bola-parada-no-sao-paulo\/#primaryimage\"},\"image\":{\"@id\":\"https:\/\/www.gaveanews.com\/index.php\/2025\/05\/26\/oscar-lidera-estatistica-de-bola-parada-no-sao-paulo\/#primaryimage\"},\"thumbnailUrl\":\"https:\/\/www.gaveanews.com\/wp-content\/uploads\/Oscar-pelo-Sao-Paulo.webp\",\"datePublished\":\"2025-05-26T13:10:00+00:00\",\"author\":{\"@id\":\"https:\/\/www.gaveanews.com\/#\/schema\/person\/3b19f7288b0ce20372991275e4f2e6c2\"},\"breadcrumb\":{\"@id\":\"https:\/\/www.gaveanews.com\/index.php\/2025\/05\/26\/oscar-lidera-estatistica-de-bola-parada-no-sao-paulo\/#breadcrumb\"},\"inLanguage\":\"pt-BR\",\"potentialAction\":[{\"@type\":\"ReadAction\",\"target\":[\"https:\/\/www.gaveanews.com\/index.php\/2025\/05\/26\/oscar-lidera-estatistica-de-bola-parada-no-sao-paulo\/\"]}]},{\"@type\":\"ImageObject\",\"inLanguage\":\"pt-BR\",\"@id\":\"https:\/\/www.gaveanews.com\/index.php\/2025\/05\/26\/oscar-lidera-estatistica-de-bola-parada-no-sao-paulo\/#primaryimage\",\"url\":\"https:\/\/www.gaveanews.com\/wp-content\/uploads\/Oscar-pelo-Sao-Paulo.webp\",\"contentUrl\":\"https:\/\/www.gaveanews.com\/wp-content\/uploads\/Oscar-pelo-Sao-Paulo.webp\",\"width\":762,\"height\":530,\"caption\":\"Oscar pelo S\u00e3o Paulo (Cr\u00e9dito: Rubens Chiri \/ S\u00e3o Paulo FC)\"},{\"@type\":\"BreadcrumbList\",\"@id\":\"https:\/\/www.gaveanews.com\/index.php\/2025\/05\/26\/oscar-lidera-estatistica-de-bola-parada-no-sao-paulo\/#breadcrumb\",\"itemListElement\":[{\"@type\":\"ListItem\",\"position\":1,\"name\":\"Home\",\"item\":\"https:\/\/www.gaveanews.com\/\"},{\"@type\":\"ListItem\",\"position\":2,\"name\":\"Oscar lidera estat\u00edstica de bola parada no S\u00e3o Paulo\"}]},{\"@type\":\"WebSite\",\"@id\":\"https:\/\/www.gaveanews.com\/#website\",\"url\":\"https:\/\/www.gaveanews.com\/\",\"name\":\"G\u00e1vea News\",\"description\":\"Veja todas as not\u00edcias sobre o Flamengo: Contrata\u00e7\u00f5es, categorias de base, resultados das partidas, tabela de classifica\u00e7\u00e3o, pr\u00f3ximos jogos!\",\"potentialAction\":[{\"@type\":\"SearchAction\",\"target\":{\"@type\":\"EntryPoint\",\"urlTemplate\":\"https:\/\/www.gaveanews.com\/?s={search_term_string}\"},\"query-input\":{\"@type\":\"PropertyValueSpecification\",\"valueRequired\":true,\"valueName\":\"search_term_string\"}}],\"inLanguage\":\"pt-BR\"},{\"@type\":\"Person\",\"@id\":\"https:\/\/www.gaveanews.com\/#\/schema\/person\/3b19f7288b0ce20372991275e4f2e6c2\",\"name\":\"Ana Teixeira\",\"image\":{\"@type\":\"ImageObject\",\"inLanguage\":\"pt-BR\",\"@id\":\"https:\/\/www.gaveanews.com\/#\/schema\/person\/image\/\",\"url\":\"https:\/\/secure.gravatar.com\/avatar\/0a73f5a5258f3fed37fc2fa641892f3f7a4748456d4d4792f9bc550e6c19e06c?s=96&d=mm&r=g\",\"contentUrl\":\"https:\/\/secure.gravatar.com\/avatar\/0a73f5a5258f3fed37fc2fa641892f3f7a4748456d4d4792f9bc550e6c19e06c?s=96&d=mm&r=g\",\"caption\":\"Ana Teixeira\"}}]}<\/script>\n<!-- \/ Yoast SEO Premium plugin. -->","yoast_head_json":{"title":"Oscar lidera estat\u00edstica de bola parada no S\u00e3o Paulo","robots":{"index":"index","follow":"follow","max-snippet":"max-snippet:-1","max-image-preview":"max-image-preview:large","max-video-preview":"max-video-preview:-1"},"canonical":"https:\/\/www.gaveanews.com\/index.php\/2025\/05\/26\/oscar-lidera-estatistica-de-bola-parada-no-sao-paulo\/","og_locale":"pt_BR","og_type":"article","og_title":"Oscar lidera estat\u00edstica de bola parada no S\u00e3o Paulo","og_description":"Oscar tem sido decisivo para o S\u00e3o Paulo nas bolas paradas. O meio-campista \u00e9, at\u00e9 o momento, respons\u00e1vel por 100% dos gols marcados pela equipe em jogadas oriundas de escanteio na temporada de 2025. Foram tr\u00eas gols, todos com assist\u00eancia direta do camisa 8: o primeiro anotado por Lucas Moura contra o Corinthians, o segundo [&hellip;]","og_url":"https:\/\/www.gaveanews.com\/index.php\/2025\/05\/26\/oscar-lidera-estatistica-de-bola-parada-no-sao-paulo\/","og_site_name":"G\u00e1vea News","article_publisher":"https:\/\/facebook.com\/gaveaNews\/","article_published_time":"2025-05-26T13:10:00+00:00","og_image":[{"width":762,"height":530,"url":"https:\/\/www.gaveanews.com\/wp-content\/uploads\/Oscar-pelo-Sao-Paulo.webp","type":"image\/jpeg"}],"author":"Ana Teixeira","twitter_card":"summary_large_image","twitter_misc":{"Escrito por":"Ana Teixeira","Est. tempo de leitura":"3 minutos"},"schema":{"@context":"https:\/\/schema.org","@graph":[{"@type":"NewsArticle","@id":"https:\/\/www.gaveanews.com\/index.php\/2025\/05\/26\/oscar-lidera-estatistica-de-bola-parada-no-sao-paulo\/#article","isPartOf":{"@id":"https:\/\/www.gaveanews.com\/index.php\/2025\/05\/26\/oscar-lidera-estatistica-de-bola-parada-no-sao-paulo\/"},"author":{"name":"Ana Teixeira","@id":"https:\/\/www.gaveanews.com\/#\/schema\/person\/3b19f7288b0ce20372991275e4f2e6c2"},"headline":"Oscar lidera estat\u00edstica de bola parada no S\u00e3o Paulo","datePublished":"2025-05-26T13:10:00+00:00","mainEntityOfPage":{"@id":"https:\/\/www.gaveanews.com\/index.php\/2025\/05\/26\/oscar-lidera-estatistica-de-bola-parada-no-sao-paulo\/"},"wordCount":543,"commentCount":0,"image":{"@id":"https:\/\/www.gaveanews.com\/index.php\/2025\/05\/26\/oscar-lidera-estatistica-de-bola-parada-no-sao-paulo\/#primaryimage"},"thumbnailUrl":"https:\/\/www.gaveanews.com\/wp-content\/uploads\/Oscar-pelo-Sao-Paulo.webp","articleSection":["Brasileir\u00e3o","S\u00e3o Paulo"],"inLanguage":"pt-BR","potentialAction":[{"@type":"CommentAction","name":"Comment","target":["https:\/\/www.gaveanews.com\/index.php\/2025\/05\/26\/oscar-lidera-estatistica-de-bola-parada-no-sao-paulo\/#respond"]}],"copyrightYear":"2025","copyrightHolder":{"@id":"https:\/\/www.gaveanews.com\/#organization"}},{"@type":"WebPage","@id":"https:\/\/www.gaveanews.com\/index.php\/2025\/05\/26\/oscar-lidera-estatistica-de-bola-parada-no-sao-paulo\/","url":"https:\/\/www.gaveanews.com\/index.php\/2025\/05\/26\/oscar-lidera-estatistica-de-bola-parada-no-sao-paulo\/","name":"Oscar lidera estat\u00edstica de bola parada no S\u00e3o Paulo","isPartOf":{"@id":"https:\/\/www.gaveanews.com\/#website"},"primaryImageOfPage":{"@id":"https:\/\/www.gaveanews.com\/index.php\/2025\/05\/26\/oscar-lidera-estatistica-de-bola-parada-no-sao-paulo\/#primaryimage"},"image":{"@id":"https:\/\/www.gaveanews.com\/index.php\/2025\/05\/26\/oscar-lidera-estatistica-de-bola-parada-no-sao-paulo\/#primaryimage"},"thumbnailUrl":"https:\/\/www.gaveanews.com\/wp-content\/uploads\/Oscar-pelo-Sao-Paulo.webp","datePublished":"2025-05-26T13:10:00+00:00","author":{"@id":"https:\/\/www.gaveanews.com\/#\/schema\/person\/3b19f7288b0ce20372991275e4f2e6c2"},"breadcrumb":{"@id":"https:\/\/www.gaveanews.com\/index.php\/2025\/05\/26\/oscar-lidera-estatistica-de-bola-parada-no-sao-paulo\/#breadcrumb"},"inLanguage":"pt-BR","potentialAction":[{"@type":"ReadAction","target":["https:\/\/www.gaveanews.com\/index.php\/2025\/05\/26\/oscar-lidera-estatistica-de-bola-parada-no-sao-paulo\/"]}]},{"@type":"ImageObject","inLanguage":"pt-BR","@id":"https:\/\/www.gaveanews.com\/index.php\/2025\/05\/26\/oscar-lidera-estatistica-de-bola-parada-no-sao-paulo\/#primaryimage","url":"https:\/\/www.gaveanews.com\/wp-content\/uploads\/Oscar-pelo-Sao-Paulo.webp","contentUrl":"https:\/\/www.gaveanews.com\/wp-content\/uploads\/Oscar-pelo-Sao-Paulo.webp","width":762,"height":530,"caption":"Oscar pelo S\u00e3o Paulo (Cr\u00e9dito: Rubens Chiri \/ S\u00e3o Paulo FC)"},{"@type":"BreadcrumbList","@id":"https:\/\/www.gaveanews.com\/index.php\/2025\/05\/26\/oscar-lidera-estatistica-de-bola-parada-no-sao-paulo\/#breadcrumb","itemListElement":[{"@type":"ListItem","position":1,"name":"Home","item":"https:\/\/www.gaveanews.com\/"},{"@type":"ListItem","position":2,"name":"Oscar lidera estat\u00edstica de bola parada no S\u00e3o Paulo"}]},{"@type":"WebSite","@id":"https:\/\/www.gaveanews.com\/#website","url":"https:\/\/www.gaveanews.com\/","name":"G\u00e1vea News","description":"Veja todas as not\u00edcias sobre o Flamengo: Contrata\u00e7\u00f5es, categorias de base, resultados das partidas, tabela de classifica\u00e7\u00e3o, pr\u00f3ximos jogos!","potentialAction":[{"@type":"SearchAction","target":{"@type":"EntryPoint","urlTemplate":"https:\/\/www.gaveanews.com\/?s={search_term_string}"},"query-input":{"@type":"PropertyValueSpecification","valueRequired":true,"valueName":"search_term_string"}}],"inLanguage":"pt-BR"},{"@type":"Person","@id":"https:\/\/www.gaveanews.com\/#\/schema\/person\/3b19f7288b0ce20372991275e4f2e6c2","name":"Ana Teixeira","image":{"@type":"ImageObject","inLanguage":"pt-BR","@id":"https:\/\/www.gaveanews.com\/#\/schema\/person\/image\/","url":"https:\/\/secure.gravatar.com\/avatar\/0a73f5a5258f3fed37fc2fa641892f3f7a4748456d4d4792f9bc550e6c19e06c?s=96&d=mm&r=g","contentUrl":"https:\/\/secure.gravatar.com\/avatar\/0a73f5a5258f3fed37fc2fa641892f3f7a4748456d4d4792f9bc550e6c19e06c?s=96&d=mm&r=g","caption":"Ana Teixeira"}}]}},"_links":{"self":[{"href":"https:\/\/www.gaveanews.com\/index.php\/wp-json\/wp\/v2\/posts\/266791","targetHints":{"allow":["GET"]}}],"collection":[{"href":"https:\/\/www.gaveanews.com\/index.php\/wp-json\/wp\/v2\/posts"}],"about":[{"href":"https:\/\/www.gaveanews.com\/index.php\/wp-json\/wp\/v2\/types\/post"}],"author":[{"embeddable":true,"href":"https:\/\/www.gaveanews.com\/index.php\/wp-json\/wp\/v2\/users\/30"}],"replies":[{"embeddable":true,"href":"https:\/\/www.gaveanews.com\/index.php\/wp-json\/wp\/v2\/comments?post=266791"}],"version-history":[{"count":1,"href":"https:\/\/www.gaveanews.com\/index.php\/wp-json\/wp\/v2\/posts\/266791\/revisions"}],"predecessor-version":[{"id":266797,"href":"https:\/\/www.gaveanews.com\/index.php\/wp-json\/wp\/v2\/posts\/266791\/revisions\/266797"}],"wp:featuredmedia":[{"embeddable":true,"href":"https:\/\/www.gaveanews.com\/index.php\/wp-json\/wp\/v2\/media\/213569"}],"wp:attachment":[{"href":"https:\/\/www.gaveanews.com\/index.php\/wp-json\/wp\/v2\/media?parent=266791"}],"wp:term":[{"taxonomy":"category","embeddable":true,"href":"https:\/\/www.gaveanews.com\/index.php\/wp-json\/wp\/v2\/categories?post=266791"},{"taxonomy":"post_tag","embeddable":true,"href":"https:\/\/www.gaveanews.com\/index.php\/wp-json\/wp\/v2\/tags?post=266791"}],"curies":[{"name":"wp","href":"https:\/\/api.w.org\/{rel}","templated":true}]}}