{"id":266792,"date":"2025-05-26T10:15:00","date_gmt":"2025-05-26T13:15:00","guid":{"rendered":"https:\/\/www.gaveanews.com\/?p=266792"},"modified":"2025-05-26T10:09:44","modified_gmt":"2025-05-26T13:09:44","slug":"corinthians-traca-planejamento-antes-de-ir-ao-mercado-em-busca-de-reforco","status":"publish","type":"post","link":"https:\/\/www.gaveanews.com\/index.php\/2025\/05\/26\/corinthians-traca-planejamento-antes-de-ir-ao-mercado-em-busca-de-reforco\/","title":{"rendered":"Corinthians tra\u00e7a planejamento antes de ir ao mercado em busca de refor\u00e7o"},"content":{"rendered":"\n<p>Desde que assumiu o comando t\u00e9cnico do Corinthians, Dorival J\u00fanior tem promovido uma reformula\u00e7\u00e3o silenciosa, por\u00e9m estrat\u00e9gica. A equipe n\u00e3o repetiu escala\u00e7\u00f5es nas \u00faltimas sete partidas, o que evidencia uma fase de observa\u00e7\u00f5es intensas e de m\u00faltiplas improvisa\u00e7\u00f5es. <\/p>\n\n\n\n<p>Um dos exemplos mais emblem\u00e1ticos \u00e9 o deslocamento de F\u00e9lix Torres para a lateral-direita, enquanto Matheuzinho se recupera de les\u00e3o. Essa mudan\u00e7a, ali\u00e1s, trouxe bons resultados, com atua\u00e7\u00f5es consistentes do zagueiro na nova fun\u00e7\u00e3o.<\/p>\n\n\n\n<p>O treinador tamb\u00e9m tem explorado diferentes posicionamentos para atletas como Igor Coronado e Andr\u00e9 Carrillo, testando ambos pelos lados do campo. Segundo ele, a mobilidade e a troca de passes curtos s\u00e3o pilares do atual modelo de jogo, cujo objetivo \u00e9 criar aproxima\u00e7\u00f5es r\u00e1pidas que facilitem as finaliza\u00e7\u00f5es. <\/p>\n\n\n\n<p>Ainda assim, o t\u00e9cnico segue defendendo um equil\u00edbrio entre ousadia ofensiva e solidez na retaguarda, base que sustenta o atual momento do time.<\/p>\n\n\n\n<h3 class=\"wp-block-heading\" id=\"h-grupo-rotacionado-e-nomes-resgatados\">Grupo rotacionado e nomes resgatados<\/h3>\n\n\n\n<p>O elenco tem sido amplamente utilizado, inclusive com a inser\u00e7\u00e3o de jogadores que haviam perdido espa\u00e7o anteriormente. Dorival tem aproveitado a sequ\u00eancia de jogos para observar pe\u00e7as como Jo\u00e3o Tchoca, Charles, H\u00e9ctor Hern\u00e1ndez, Hugo e Alex Santana, que n\u00e3o vinham recebendo muitas oportunidades com Ram\u00f3n D\u00edaz. <\/p>\n\n\n\n<p>Todos foram testados com maior frequ\u00eancia nas \u00faltimas semanas, ganhando minutagem significativa nas competi\u00e7\u00f5es nacionais e continentais.<\/p>\n\n\n\n<p>Enquanto o clube convive com desfalques importantes como Memphis Depay e Rodrigo Garro, outros atletas assumem novas responsabilidades. Raniele, por exemplo, foi deslocado para atuar mais adiantado, embora o rendimento ainda esteja em avalia\u00e7\u00e3o. No meio-campo, a busca por alternativas tamb\u00e9m se intensificou, com Jos\u00e9 Mart\u00ednez surgindo como poss\u00edvel substituto imediato na aus\u00eancia dos titulares.<\/p>\n\n\n\n<h3 class=\"wp-block-heading\" id=\"h-resposta-em-campo-antes-da-reabertura-do-mercado\">Resposta em campo antes da reabertura do mercado<\/h3>\n\n\n\n<p>O empate sem gols diante do Atl\u00e9tico-MG no s\u00e1bado (24), fora de casa, serviu como mais um indicativo da efici\u00eancia dos testes em andamento. O Corinthians atuou com uma forma\u00e7\u00e3o mista e, mesmo sem sua espinha dorsal, conseguiu equilibrar a partida contra um advers\u00e1rio tradicional. <\/p>\n\n\n\n<p>A equipe criou boas chances no primeiro tempo, especialmente com Talles Magno, mas tamb\u00e9m soube se defender com firmeza quando foi pressionada ap\u00f3s o intervalo.<\/p>\n\n\n\n<p>Dorival valorizou a atua\u00e7\u00e3o dos reservas e afirmou: <em>&#8220;Fiquei satisfeito com o que vi&#8221;<\/em>. Atletas como Ryan e Jo\u00e3o Pedro Tchoca foram destacados pela postura e desempenho, o que refor\u00e7a a ideia de que o treinador pretende utilizar esses nomes ao longo da temporada, mesmo que n\u00e3o como titulares. <\/p>\n\n\n\n<p>O momento \u00e9 considerado decisivo, pois \u00e9 justamente com base nesses testes que a comiss\u00e3o t\u00e9cnica definir\u00e1, em conjunto com Fabinho Soldado, as prioridades para refor\u00e7os a partir de julho.<\/p>\n\n\n\n<h3 class=\"wp-block-heading\" id=\"h-avaliacoes-precedem-reforcos-pontuais\">Avalia\u00e7\u00f5es precedem refor\u00e7os pontuais<\/h3>\n\n\n\n<p>Com a proximidade da janela de transfer\u00eancias do meio do ano, a diretoria trabalha para qualificar o plantel, mas aguarda os apontamentos da comiss\u00e3o t\u00e9cnica. Pelo menos duas posi\u00e7\u00f5es j\u00e1 s\u00e3o vistas como carentes: um zagueiro para compor o setor defensivo e um atacante de velocidade pelas pontas. <\/p>\n\n\n\n<p>O restante do planejamento depender\u00e1 da evolu\u00e7\u00e3o das pe\u00e7as j\u00e1 dispon\u00edveis, especialmente dos atletas que retornam de les\u00e3o.<\/p>\n\n\n\n<p>A comiss\u00e3o entende que, apesar das dificuldades, o grupo atual pode entregar mais do que tem mostrado nas \u00faltimas semanas. O desempenho competitivo da equipe alternativa em Belo Horizonte refor\u00e7a essa avalia\u00e7\u00e3o. Ainda que os resultados recentes n\u00e3o tenham sido amplamente positivos, a resposta em campo mostra que h\u00e1 margem de crescimento \u2014 tanto coletivo quanto individual.<\/p>\n","protected":false},"excerpt":{"rendered":"<p>Desde que assumiu o comando t\u00e9cnico do Corinthians, Dorival J\u00fanior tem promovido uma reformula\u00e7\u00e3o silenciosa, por\u00e9m estrat\u00e9gica. A equipe n\u00e3o repetiu escala\u00e7\u00f5es nas \u00faltimas sete partidas, o que evidencia uma fase de observa\u00e7\u00f5es intensas e de m\u00faltiplas improvisa\u00e7\u00f5es. Um dos exemplos mais emblem\u00e1ticos \u00e9 o deslocamento de F\u00e9lix Torres para a lateral-direita, enquanto Matheuzinho se [&hellip;]<\/p>\n","protected":false},"author":30,"featured_media":258834,"comment_status":"open","ping_status":"closed","sticky":false,"template":"","format":"standard","meta":{"footnotes":""},"categories":[141],"tags":[],"class_list":["post-266792","post","type-post","status-publish","format-standard","has-post-thumbnail","hentry","category-corinthians"],"yoast_head":"<!-- This site is optimized with the Yoast SEO Premium plugin v24.2 (Yoast SEO v26.9) - https:\/\/yoast.com\/product\/yoast-seo-premium-wordpress\/ -->\n<title>Corinthians tra\u00e7a planejamento antes de ir ao mercado em busca de refor\u00e7o<\/title>\n<meta name=\"robots\" content=\"index, follow, max-snippet:-1, max-image-preview:large, max-video-preview:-1\" \/>\n<link rel=\"canonical\" href=\"https:\/\/www.gaveanews.com\/index.php\/2025\/05\/26\/corinthians-traca-planejamento-antes-de-ir-ao-mercado-em-busca-de-reforco\/\" \/>\n<meta property=\"og:locale\" content=\"pt_BR\" \/>\n<meta property=\"og:type\" content=\"article\" \/>\n<meta property=\"og:title\" content=\"Corinthians tra\u00e7a planejamento antes de ir ao mercado em busca de refor\u00e7o\" \/>\n<meta property=\"og:description\" content=\"Desde que assumiu o comando t\u00e9cnico do Corinthians, Dorival J\u00fanior tem promovido uma reformula\u00e7\u00e3o silenciosa, por\u00e9m estrat\u00e9gica. A equipe n\u00e3o repetiu escala\u00e7\u00f5es nas \u00faltimas sete partidas, o que evidencia uma fase de observa\u00e7\u00f5es intensas e de m\u00faltiplas improvisa\u00e7\u00f5es. Um dos exemplos mais emblem\u00e1ticos \u00e9 o deslocamento de F\u00e9lix Torres para a lateral-direita, enquanto Matheuzinho se [&hellip;]\" \/>\n<meta property=\"og:url\" content=\"https:\/\/www.gaveanews.com\/index.php\/2025\/05\/26\/corinthians-traca-planejamento-antes-de-ir-ao-mercado-em-busca-de-reforco\/\" \/>\n<meta property=\"og:site_name\" content=\"G\u00e1vea News\" \/>\n<meta property=\"article:publisher\" content=\"https:\/\/facebook.com\/gaveaNews\/\" \/>\n<meta property=\"article:published_time\" content=\"2025-05-26T13:15:00+00:00\" \/>\n<meta property=\"og:image\" content=\"https:\/\/www.gaveanews.com\/wp-content\/uploads\/Dorival-Jr.-em-sua-primeira-coletiva-como-tecnico-do-Corinthians.webp\" \/>\n\t<meta property=\"og:image:width\" content=\"1200\" \/>\n\t<meta property=\"og:image:height\" content=\"900\" \/>\n\t<meta property=\"og:image:type\" content=\"image\/webp\" \/>\n<meta name=\"author\" content=\"Ana Teixeira\" \/>\n<meta name=\"twitter:card\" content=\"summary_large_image\" \/>\n<meta name=\"twitter:label1\" content=\"Escrito por\" \/>\n\t<meta name=\"twitter:data1\" content=\"Ana Teixeira\" \/>\n\t<meta name=\"twitter:label2\" content=\"Est. tempo de leitura\" \/>\n\t<meta name=\"twitter:data2\" content=\"4 minutos\" \/>\n<script type=\"application\/ld+json\" class=\"yoast-schema-graph\">{\"@context\":\"https:\/\/schema.org\",\"@graph\":[{\"@type\":\"NewsArticle\",\"@id\":\"https:\/\/www.gaveanews.com\/index.php\/2025\/05\/26\/corinthians-traca-planejamento-antes-de-ir-ao-mercado-em-busca-de-reforco\/#article\",\"isPartOf\":{\"@id\":\"https:\/\/www.gaveanews.com\/index.php\/2025\/05\/26\/corinthians-traca-planejamento-antes-de-ir-ao-mercado-em-busca-de-reforco\/\"},\"author\":{\"name\":\"Ana Teixeira\",\"@id\":\"https:\/\/www.gaveanews.com\/#\/schema\/person\/3b19f7288b0ce20372991275e4f2e6c2\"},\"headline\":\"Corinthians tra\u00e7a planejamento antes de ir ao mercado em busca de refor\u00e7o\",\"datePublished\":\"2025-05-26T13:15:00+00:00\",\"mainEntityOfPage\":{\"@id\":\"https:\/\/www.gaveanews.com\/index.php\/2025\/05\/26\/corinthians-traca-planejamento-antes-de-ir-ao-mercado-em-busca-de-reforco\/\"},\"wordCount\":628,\"commentCount\":0,\"image\":{\"@id\":\"https:\/\/www.gaveanews.com\/index.php\/2025\/05\/26\/corinthians-traca-planejamento-antes-de-ir-ao-mercado-em-busca-de-reforco\/#primaryimage\"},\"thumbnailUrl\":\"https:\/\/www.gaveanews.com\/wp-content\/uploads\/Dorival-Jr.-em-sua-primeira-coletiva-como-tecnico-do-Corinthians.webp\",\"articleSection\":[\"Corinthians\"],\"inLanguage\":\"pt-BR\",\"potentialAction\":[{\"@type\":\"CommentAction\",\"name\":\"Comment\",\"target\":[\"https:\/\/www.gaveanews.com\/index.php\/2025\/05\/26\/corinthians-traca-planejamento-antes-de-ir-ao-mercado-em-busca-de-reforco\/#respond\"]}],\"copyrightYear\":\"2025\",\"copyrightHolder\":{\"@id\":\"https:\/\/www.gaveanews.com\/#organization\"}},{\"@type\":\"WebPage\",\"@id\":\"https:\/\/www.gaveanews.com\/index.php\/2025\/05\/26\/corinthians-traca-planejamento-antes-de-ir-ao-mercado-em-busca-de-reforco\/\",\"url\":\"https:\/\/www.gaveanews.com\/index.php\/2025\/05\/26\/corinthians-traca-planejamento-antes-de-ir-ao-mercado-em-busca-de-reforco\/\",\"name\":\"Corinthians tra\u00e7a planejamento antes de ir ao mercado em busca de refor\u00e7o\",\"isPartOf\":{\"@id\":\"https:\/\/www.gaveanews.com\/#website\"},\"primaryImageOfPage\":{\"@id\":\"https:\/\/www.gaveanews.com\/index.php\/2025\/05\/26\/corinthians-traca-planejamento-antes-de-ir-ao-mercado-em-busca-de-reforco\/#primaryimage\"},\"image\":{\"@id\":\"https:\/\/www.gaveanews.com\/index.php\/2025\/05\/26\/corinthians-traca-planejamento-antes-de-ir-ao-mercado-em-busca-de-reforco\/#primaryimage\"},\"thumbnailUrl\":\"https:\/\/www.gaveanews.com\/wp-content\/uploads\/Dorival-Jr.-em-sua-primeira-coletiva-como-tecnico-do-Corinthians.webp\",\"datePublished\":\"2025-05-26T13:15:00+00:00\",\"author\":{\"@id\":\"https:\/\/www.gaveanews.com\/#\/schema\/person\/3b19f7288b0ce20372991275e4f2e6c2\"},\"breadcrumb\":{\"@id\":\"https:\/\/www.gaveanews.com\/index.php\/2025\/05\/26\/corinthians-traca-planejamento-antes-de-ir-ao-mercado-em-busca-de-reforco\/#breadcrumb\"},\"inLanguage\":\"pt-BR\",\"potentialAction\":[{\"@type\":\"ReadAction\",\"target\":[\"https:\/\/www.gaveanews.com\/index.php\/2025\/05\/26\/corinthians-traca-planejamento-antes-de-ir-ao-mercado-em-busca-de-reforco\/\"]}]},{\"@type\":\"ImageObject\",\"inLanguage\":\"pt-BR\",\"@id\":\"https:\/\/www.gaveanews.com\/index.php\/2025\/05\/26\/corinthians-traca-planejamento-antes-de-ir-ao-mercado-em-busca-de-reforco\/#primaryimage\",\"url\":\"https:\/\/www.gaveanews.com\/wp-content\/uploads\/Dorival-Jr.-em-sua-primeira-coletiva-como-tecnico-do-Corinthians.webp\",\"contentUrl\":\"https:\/\/www.gaveanews.com\/wp-content\/uploads\/Dorival-Jr.-em-sua-primeira-coletiva-como-tecnico-do-Corinthians.webp\",\"width\":1200,\"height\":900,\"caption\":\"Dorival Jr. em sua primeira coletiva como t\u00e9cnico do Corinthians - Foto: Rodrigo Coca\/Ag\u00eancia SCCP\"},{\"@type\":\"BreadcrumbList\",\"@id\":\"https:\/\/www.gaveanews.com\/index.php\/2025\/05\/26\/corinthians-traca-planejamento-antes-de-ir-ao-mercado-em-busca-de-reforco\/#breadcrumb\",\"itemListElement\":[{\"@type\":\"ListItem\",\"position\":1,\"name\":\"Home\",\"item\":\"https:\/\/www.gaveanews.com\/\"},{\"@type\":\"ListItem\",\"position\":2,\"name\":\"Corinthians tra\u00e7a planejamento antes de ir ao mercado em busca de refor\u00e7o\"}]},{\"@type\":\"WebSite\",\"@id\":\"https:\/\/www.gaveanews.com\/#website\",\"url\":\"https:\/\/www.gaveanews.com\/\",\"name\":\"G\u00e1vea News\",\"description\":\"Veja todas as not\u00edcias sobre o Flamengo: Contrata\u00e7\u00f5es, categorias de base, resultados das partidas, tabela de classifica\u00e7\u00e3o, pr\u00f3ximos jogos!\",\"potentialAction\":[{\"@type\":\"SearchAction\",\"target\":{\"@type\":\"EntryPoint\",\"urlTemplate\":\"https:\/\/www.gaveanews.com\/?s={search_term_string}\"},\"query-input\":{\"@type\":\"PropertyValueSpecification\",\"valueRequired\":true,\"valueName\":\"search_term_string\"}}],\"inLanguage\":\"pt-BR\"},{\"@type\":\"Person\",\"@id\":\"https:\/\/www.gaveanews.com\/#\/schema\/person\/3b19f7288b0ce20372991275e4f2e6c2\",\"name\":\"Ana Teixeira\",\"image\":{\"@type\":\"ImageObject\",\"inLanguage\":\"pt-BR\",\"@id\":\"https:\/\/www.gaveanews.com\/#\/schema\/person\/image\/\",\"url\":\"https:\/\/secure.gravatar.com\/avatar\/0a73f5a5258f3fed37fc2fa641892f3f7a4748456d4d4792f9bc550e6c19e06c?s=96&d=mm&r=g\",\"contentUrl\":\"https:\/\/secure.gravatar.com\/avatar\/0a73f5a5258f3fed37fc2fa641892f3f7a4748456d4d4792f9bc550e6c19e06c?s=96&d=mm&r=g\",\"caption\":\"Ana Teixeira\"}}]}<\/script>\n<!-- \/ Yoast SEO Premium plugin. -->","yoast_head_json":{"title":"Corinthians tra\u00e7a planejamento antes de ir ao mercado em busca de refor\u00e7o","robots":{"index":"index","follow":"follow","max-snippet":"max-snippet:-1","max-image-preview":"max-image-preview:large","max-video-preview":"max-video-preview:-1"},"canonical":"https:\/\/www.gaveanews.com\/index.php\/2025\/05\/26\/corinthians-traca-planejamento-antes-de-ir-ao-mercado-em-busca-de-reforco\/","og_locale":"pt_BR","og_type":"article","og_title":"Corinthians tra\u00e7a planejamento antes de ir ao mercado em busca de refor\u00e7o","og_description":"Desde que assumiu o comando t\u00e9cnico do Corinthians, Dorival J\u00fanior tem promovido uma reformula\u00e7\u00e3o silenciosa, por\u00e9m estrat\u00e9gica. A equipe n\u00e3o repetiu escala\u00e7\u00f5es nas \u00faltimas sete partidas, o que evidencia uma fase de observa\u00e7\u00f5es intensas e de m\u00faltiplas improvisa\u00e7\u00f5es. Um dos exemplos mais emblem\u00e1ticos \u00e9 o deslocamento de F\u00e9lix Torres para a lateral-direita, enquanto Matheuzinho se [&hellip;]","og_url":"https:\/\/www.gaveanews.com\/index.php\/2025\/05\/26\/corinthians-traca-planejamento-antes-de-ir-ao-mercado-em-busca-de-reforco\/","og_site_name":"G\u00e1vea News","article_publisher":"https:\/\/facebook.com\/gaveaNews\/","article_published_time":"2025-05-26T13:15:00+00:00","og_image":[{"width":1200,"height":900,"url":"https:\/\/www.gaveanews.com\/wp-content\/uploads\/Dorival-Jr.-em-sua-primeira-coletiva-como-tecnico-do-Corinthians.webp","type":"image\/webp"}],"author":"Ana Teixeira","twitter_card":"summary_large_image","twitter_misc":{"Escrito por":"Ana Teixeira","Est. tempo de leitura":"4 minutos"},"schema":{"@context":"https:\/\/schema.org","@graph":[{"@type":"NewsArticle","@id":"https:\/\/www.gaveanews.com\/index.php\/2025\/05\/26\/corinthians-traca-planejamento-antes-de-ir-ao-mercado-em-busca-de-reforco\/#article","isPartOf":{"@id":"https:\/\/www.gaveanews.com\/index.php\/2025\/05\/26\/corinthians-traca-planejamento-antes-de-ir-ao-mercado-em-busca-de-reforco\/"},"author":{"name":"Ana Teixeira","@id":"https:\/\/www.gaveanews.com\/#\/schema\/person\/3b19f7288b0ce20372991275e4f2e6c2"},"headline":"Corinthians tra\u00e7a planejamento antes de ir ao mercado em busca de refor\u00e7o","datePublished":"2025-05-26T13:15:00+00:00","mainEntityOfPage":{"@id":"https:\/\/www.gaveanews.com\/index.php\/2025\/05\/26\/corinthians-traca-planejamento-antes-de-ir-ao-mercado-em-busca-de-reforco\/"},"wordCount":628,"commentCount":0,"image":{"@id":"https:\/\/www.gaveanews.com\/index.php\/2025\/05\/26\/corinthians-traca-planejamento-antes-de-ir-ao-mercado-em-busca-de-reforco\/#primaryimage"},"thumbnailUrl":"https:\/\/www.gaveanews.com\/wp-content\/uploads\/Dorival-Jr.-em-sua-primeira-coletiva-como-tecnico-do-Corinthians.webp","articleSection":["Corinthians"],"inLanguage":"pt-BR","potentialAction":[{"@type":"CommentAction","name":"Comment","target":["https:\/\/www.gaveanews.com\/index.php\/2025\/05\/26\/corinthians-traca-planejamento-antes-de-ir-ao-mercado-em-busca-de-reforco\/#respond"]}],"copyrightYear":"2025","copyrightHolder":{"@id":"https:\/\/www.gaveanews.com\/#organization"}},{"@type":"WebPage","@id":"https:\/\/www.gaveanews.com\/index.php\/2025\/05\/26\/corinthians-traca-planejamento-antes-de-ir-ao-mercado-em-busca-de-reforco\/","url":"https:\/\/www.gaveanews.com\/index.php\/2025\/05\/26\/corinthians-traca-planejamento-antes-de-ir-ao-mercado-em-busca-de-reforco\/","name":"Corinthians tra\u00e7a planejamento antes de ir ao mercado em busca de refor\u00e7o","isPartOf":{"@id":"https:\/\/www.gaveanews.com\/#website"},"primaryImageOfPage":{"@id":"https:\/\/www.gaveanews.com\/index.php\/2025\/05\/26\/corinthians-traca-planejamento-antes-de-ir-ao-mercado-em-busca-de-reforco\/#primaryimage"},"image":{"@id":"https:\/\/www.gaveanews.com\/index.php\/2025\/05\/26\/corinthians-traca-planejamento-antes-de-ir-ao-mercado-em-busca-de-reforco\/#primaryimage"},"thumbnailUrl":"https:\/\/www.gaveanews.com\/wp-content\/uploads\/Dorival-Jr.-em-sua-primeira-coletiva-como-tecnico-do-Corinthians.webp","datePublished":"2025-05-26T13:15:00+00:00","author":{"@id":"https:\/\/www.gaveanews.com\/#\/schema\/person\/3b19f7288b0ce20372991275e4f2e6c2"},"breadcrumb":{"@id":"https:\/\/www.gaveanews.com\/index.php\/2025\/05\/26\/corinthians-traca-planejamento-antes-de-ir-ao-mercado-em-busca-de-reforco\/#breadcrumb"},"inLanguage":"pt-BR","potentialAction":[{"@type":"ReadAction","target":["https:\/\/www.gaveanews.com\/index.php\/2025\/05\/26\/corinthians-traca-planejamento-antes-de-ir-ao-mercado-em-busca-de-reforco\/"]}]},{"@type":"ImageObject","inLanguage":"pt-BR","@id":"https:\/\/www.gaveanews.com\/index.php\/2025\/05\/26\/corinthians-traca-planejamento-antes-de-ir-ao-mercado-em-busca-de-reforco\/#primaryimage","url":"https:\/\/www.gaveanews.com\/wp-content\/uploads\/Dorival-Jr.-em-sua-primeira-coletiva-como-tecnico-do-Corinthians.webp","contentUrl":"https:\/\/www.gaveanews.com\/wp-content\/uploads\/Dorival-Jr.-em-sua-primeira-coletiva-como-tecnico-do-Corinthians.webp","width":1200,"height":900,"caption":"Dorival Jr. em sua primeira coletiva como t\u00e9cnico do Corinthians - Foto: Rodrigo Coca\/Ag\u00eancia SCCP"},{"@type":"BreadcrumbList","@id":"https:\/\/www.gaveanews.com\/index.php\/2025\/05\/26\/corinthians-traca-planejamento-antes-de-ir-ao-mercado-em-busca-de-reforco\/#breadcrumb","itemListElement":[{"@type":"ListItem","position":1,"name":"Home","item":"https:\/\/www.gaveanews.com\/"},{"@type":"ListItem","position":2,"name":"Corinthians tra\u00e7a planejamento antes de ir ao mercado em busca de refor\u00e7o"}]},{"@type":"WebSite","@id":"https:\/\/www.gaveanews.com\/#website","url":"https:\/\/www.gaveanews.com\/","name":"G\u00e1vea News","description":"Veja todas as not\u00edcias sobre o Flamengo: Contrata\u00e7\u00f5es, categorias de base, resultados das partidas, tabela de classifica\u00e7\u00e3o, pr\u00f3ximos jogos!","potentialAction":[{"@type":"SearchAction","target":{"@type":"EntryPoint","urlTemplate":"https:\/\/www.gaveanews.com\/?s={search_term_string}"},"query-input":{"@type":"PropertyValueSpecification","valueRequired":true,"valueName":"search_term_string"}}],"inLanguage":"pt-BR"},{"@type":"Person","@id":"https:\/\/www.gaveanews.com\/#\/schema\/person\/3b19f7288b0ce20372991275e4f2e6c2","name":"Ana Teixeira","image":{"@type":"ImageObject","inLanguage":"pt-BR","@id":"https:\/\/www.gaveanews.com\/#\/schema\/person\/image\/","url":"https:\/\/secure.gravatar.com\/avatar\/0a73f5a5258f3fed37fc2fa641892f3f7a4748456d4d4792f9bc550e6c19e06c?s=96&d=mm&r=g","contentUrl":"https:\/\/secure.gravatar.com\/avatar\/0a73f5a5258f3fed37fc2fa641892f3f7a4748456d4d4792f9bc550e6c19e06c?s=96&d=mm&r=g","caption":"Ana Teixeira"}}]}},"_links":{"self":[{"href":"https:\/\/www.gaveanews.com\/index.php\/wp-json\/wp\/v2\/posts\/266792","targetHints":{"allow":["GET"]}}],"collection":[{"href":"https:\/\/www.gaveanews.com\/index.php\/wp-json\/wp\/v2\/posts"}],"about":[{"href":"https:\/\/www.gaveanews.com\/index.php\/wp-json\/wp\/v2\/types\/post"}],"author":[{"embeddable":true,"href":"https:\/\/www.gaveanews.com\/index.php\/wp-json\/wp\/v2\/users\/30"}],"replies":[{"embeddable":true,"href":"https:\/\/www.gaveanews.com\/index.php\/wp-json\/wp\/v2\/comments?post=266792"}],"version-history":[{"count":1,"href":"https:\/\/www.gaveanews.com\/index.php\/wp-json\/wp\/v2\/posts\/266792\/revisions"}],"predecessor-version":[{"id":266799,"href":"https:\/\/www.gaveanews.com\/index.php\/wp-json\/wp\/v2\/posts\/266792\/revisions\/266799"}],"wp:featuredmedia":[{"embeddable":true,"href":"https:\/\/www.gaveanews.com\/index.php\/wp-json\/wp\/v2\/media\/258834"}],"wp:attachment":[{"href":"https:\/\/www.gaveanews.com\/index.php\/wp-json\/wp\/v2\/media?parent=266792"}],"wp:term":[{"taxonomy":"category","embeddable":true,"href":"https:\/\/www.gaveanews.com\/index.php\/wp-json\/wp\/v2\/categories?post=266792"},{"taxonomy":"post_tag","embeddable":true,"href":"https:\/\/www.gaveanews.com\/index.php\/wp-json\/wp\/v2\/tags?post=266792"}],"curies":[{"name":"wp","href":"https:\/\/api.w.org\/{rel}","templated":true}]}}