{"id":266793,"date":"2025-05-26T10:20:00","date_gmt":"2025-05-26T13:20:00","guid":{"rendered":"https:\/\/www.gaveanews.com\/?p=266793"},"modified":"2025-05-26T10:12:38","modified_gmt":"2025-05-26T13:12:38","slug":"a-declaracao-de-klopp-sobre-a-aposentadoria","status":"publish","type":"post","link":"https:\/\/www.gaveanews.com\/index.php\/2025\/05\/26\/a-declaracao-de-klopp-sobre-a-aposentadoria\/","title":{"rendered":"A declara\u00e7\u00e3o de Klopp sobre a aposentadoria"},"content":{"rendered":"\n<p>J\u00fcrgen Klopp quebrou o sil\u00eancio sobre os rumores de que estaria pr\u00f3ximo de assumir o comando t\u00e9cnico da Roma. O treinador alem\u00e3o de 57 anos, que atualmente exerce a fun\u00e7\u00e3o de diretor global de futebol da Red Bull, foi enf\u00e1tico ao negar qualquer negocia\u00e7\u00e3o com o clube italiano. <\/p>\n\n\n\n<p>\u201cEu n\u00e3o vou me tornar o novo treinador da Roma. Essa hist\u00f3ria \u00e9 besteira. Eu n\u00e3o vou para a Roma\u201d, afirmou, demonstrando irrita\u00e7\u00e3o com os boatos que circularam nos \u00faltimos dias.<\/p>\n\n\n\n<p>Conforme amplamente noticiado, o nome do ex-t\u00e9cnico do Liverpool foi especulado ap\u00f3s a confirma\u00e7\u00e3o da sa\u00edda de Claudio Ranieri da equipe romana. A diretoria do clube ainda busca um novo comandante para a pr\u00f3xima temporada, mas Klopp descartou completamente essa possibilidade. <\/p>\n\n\n\n<p>\u201cSe voc\u00ea souber de algum boato dizendo que assumirei um cargo de treinador nos pr\u00f3ximos anos, \u00e9 besteira. Pode dizer isso desde j\u00e1\u201d, refor\u00e7ou, encerrando as especula\u00e7\u00f5es.<\/p>\n\n\n\n<h2 class=\"wp-block-heading\" id=\"h-mudanca-de-funcao-e-foco-em-nova-etapa-profissional\">Mudan\u00e7a de fun\u00e7\u00e3o e foco em nova etapa profissional<\/h2>\n\n\n\n<p>Desde que deixou o Liverpool ao fim da temporada europeia de 2024, o alem\u00e3o assumiu uma posi\u00e7\u00e3o estrat\u00e9gica na estrutura da Red Bull. Sua atua\u00e7\u00e3o abrange a supervis\u00e3o de clubes como RB Leipzig, RB Salzburg, New York Red Bulls, Liefering e RB Bragantino. Ali\u00e1s, ele esteve no Brasil no in\u00edcio de 2025 justamente para acompanhar o time de Bragan\u00e7a Paulista mais de perto.<\/p>\n\n\n\n<p>A decis\u00e3o de se afastar das fun\u00e7\u00f5es \u00e0 beira do campo ocorreu ap\u00f3s quase uma d\u00e9cada no comando dos Reds, per\u00edodo em que conquistou todos os t\u00edtulos poss\u00edveis e deixou uma marca profunda na hist\u00f3ria do clube ingl\u00eas. Klopp comandou o Liverpool em 491 partidas, obtendo 305 vit\u00f3rias. Antes disso, tamb\u00e9m teve passagens marcantes por Mainz 05 e Borussia Dortmund, com 270 e 318 jogos, respectivamente.<\/p>\n\n\n\n<h2 class=\"wp-block-heading\" id=\"h-klopp-responde-a-expectativa-dos-torcedores\">Klopp responde \u00e0 expectativa dos torcedores <\/h2>\n\n\n\n<p>Apesar de ter se desligado da rotina dos gramados, Klopp nega qualquer possibilidade de aposentadoria definitiva. A ideia de que teria encerrado sua carreira como treinador foi considerada por ele como infundada. \u201cBesteira\u201d, repetiu em mais de uma ocasi\u00e3o, ao comentar sobre os rumores que, eventualmente, surgem envolvendo seu nome.<\/p>\n\n\n\n<p>Embora n\u00e3o descarte, de forma objetiva, um poss\u00edvel retorno no futuro, suas declara\u00e7\u00f5es deixam claro que, ao menos por ora, seu planejamento est\u00e1 direcionado \u00e0s fun\u00e7\u00f5es administrativas e de coordena\u00e7\u00e3o esportiva no conglomerado de clubes da Red Bull.<\/p>\n\n\n\n<p>Assim sendo, o ex-treinador de Liverpool e Dortmund mant\u00e9m-se atuante nos bastidores do futebol internacional, mas longe da linha lateral dos gramados. Seu foco atual \u00e9 contribuir com o desenvolvimento e integra\u00e7\u00e3o das equipes sob a gest\u00e3o da empresa austr\u00edaca, tarefa que exige envolvimento estrat\u00e9gico e visitas frequentes \u00e0s unidades esportivas \u2014 inclusive fora da Europa.<\/p>\n\n\n\n<h2 class=\"wp-block-heading\" id=\"h-um-nome-ainda-presente-no-cenario-futebolistico\">Um nome ainda presente no cen\u00e1rio futebol\u00edstico<\/h2>\n\n\n\n<p>Embora tenha deixado o cargo de t\u00e9cnico, Klopp segue sendo figura de destaque e continua influente nos c\u00edrculos esportivos. Sua presen\u00e7a ainda \u00e9 sentida entre torcedores e dirigentes, que o veem como refer\u00eancia no setor. Contudo, conforme deixou claro nas entrevistas mais recentes, n\u00e3o h\u00e1 qualquer inten\u00e7\u00e3o imediata de retomar a carreira como treinador.<\/p>\n\n\n\n<p><\/p>\n","protected":false},"excerpt":{"rendered":"<p>J\u00fcrgen Klopp quebrou o sil\u00eancio sobre os rumores de que estaria pr\u00f3ximo de assumir o comando t\u00e9cnico da Roma. O treinador alem\u00e3o de 57 anos, que atualmente exerce a fun\u00e7\u00e3o de diretor global de futebol da Red Bull, foi enf\u00e1tico ao negar qualquer negocia\u00e7\u00e3o com o clube italiano. \u201cEu n\u00e3o vou me tornar o novo [&hellip;]<\/p>\n","protected":false},"author":30,"featured_media":119255,"comment_status":"open","ping_status":"closed","sticky":false,"template":"","format":"standard","meta":{"footnotes":""},"categories":[78,106,105],"tags":[],"class_list":["post-266793","post","type-post","status-publish","format-standard","has-post-thumbnail","hentry","category-futebol-internacional","category-roma","category-serie-a"],"yoast_head":"<!-- This site is optimized with the Yoast SEO Premium plugin v24.2 (Yoast SEO v26.9) - https:\/\/yoast.com\/product\/yoast-seo-premium-wordpress\/ -->\n<title>A declara\u00e7\u00e3o de Klopp sobre a aposentadoria<\/title>\n<meta name=\"robots\" content=\"index, follow, max-snippet:-1, max-image-preview:large, max-video-preview:-1\" \/>\n<link rel=\"canonical\" href=\"https:\/\/www.gaveanews.com\/index.php\/2025\/05\/26\/a-declaracao-de-klopp-sobre-a-aposentadoria\/\" \/>\n<meta property=\"og:locale\" content=\"pt_BR\" \/>\n<meta property=\"og:type\" content=\"article\" \/>\n<meta property=\"og:title\" content=\"A declara\u00e7\u00e3o de Klopp sobre a aposentadoria\" \/>\n<meta property=\"og:description\" content=\"J\u00fcrgen Klopp quebrou o sil\u00eancio sobre os rumores de que estaria pr\u00f3ximo de assumir o comando t\u00e9cnico da Roma. O treinador alem\u00e3o de 57 anos, que atualmente exerce a fun\u00e7\u00e3o de diretor global de futebol da Red Bull, foi enf\u00e1tico ao negar qualquer negocia\u00e7\u00e3o com o clube italiano. \u201cEu n\u00e3o vou me tornar o novo [&hellip;]\" \/>\n<meta property=\"og:url\" content=\"https:\/\/www.gaveanews.com\/index.php\/2025\/05\/26\/a-declaracao-de-klopp-sobre-a-aposentadoria\/\" \/>\n<meta property=\"og:site_name\" content=\"G\u00e1vea News\" \/>\n<meta property=\"article:publisher\" content=\"https:\/\/facebook.com\/gaveaNews\/\" \/>\n<meta property=\"article:published_time\" content=\"2025-05-26T13:20:00+00:00\" \/>\n<meta property=\"og:image\" content=\"https:\/\/www.gaveanews.com\/wp-content\/uploads\/Jurgen-Klopp-vibra-durante-um-jogo-do-Liverpool-edited.webp\" \/>\n\t<meta property=\"og:image:width\" content=\"1280\" \/>\n\t<meta property=\"og:image:height\" content=\"853\" \/>\n\t<meta property=\"og:image:type\" content=\"image\/jpeg\" \/>\n<meta name=\"author\" content=\"Ana Teixeira\" \/>\n<meta name=\"twitter:card\" content=\"summary_large_image\" \/>\n<meta name=\"twitter:label1\" content=\"Escrito por\" \/>\n\t<meta name=\"twitter:data1\" content=\"Ana Teixeira\" \/>\n\t<meta name=\"twitter:label2\" content=\"Est. tempo de leitura\" \/>\n\t<meta name=\"twitter:data2\" content=\"3 minutos\" \/>\n<script type=\"application\/ld+json\" class=\"yoast-schema-graph\">{\"@context\":\"https:\/\/schema.org\",\"@graph\":[{\"@type\":\"NewsArticle\",\"@id\":\"https:\/\/www.gaveanews.com\/index.php\/2025\/05\/26\/a-declaracao-de-klopp-sobre-a-aposentadoria\/#article\",\"isPartOf\":{\"@id\":\"https:\/\/www.gaveanews.com\/index.php\/2025\/05\/26\/a-declaracao-de-klopp-sobre-a-aposentadoria\/\"},\"author\":{\"name\":\"Ana Teixeira\",\"@id\":\"https:\/\/www.gaveanews.com\/#\/schema\/person\/3b19f7288b0ce20372991275e4f2e6c2\"},\"headline\":\"A declara\u00e7\u00e3o de Klopp sobre a aposentadoria\",\"datePublished\":\"2025-05-26T13:20:00+00:00\",\"mainEntityOfPage\":{\"@id\":\"https:\/\/www.gaveanews.com\/index.php\/2025\/05\/26\/a-declaracao-de-klopp-sobre-a-aposentadoria\/\"},\"wordCount\":549,\"commentCount\":0,\"image\":{\"@id\":\"https:\/\/www.gaveanews.com\/index.php\/2025\/05\/26\/a-declaracao-de-klopp-sobre-a-aposentadoria\/#primaryimage\"},\"thumbnailUrl\":\"https:\/\/www.gaveanews.com\/wp-content\/uploads\/Jurgen-Klopp-vibra-durante-um-jogo-do-Liverpool-edited.webp\",\"articleSection\":[\"Futebol Internacional\",\"Roma\",\"S\u00e9rie A\"],\"inLanguage\":\"pt-BR\",\"potentialAction\":[{\"@type\":\"CommentAction\",\"name\":\"Comment\",\"target\":[\"https:\/\/www.gaveanews.com\/index.php\/2025\/05\/26\/a-declaracao-de-klopp-sobre-a-aposentadoria\/#respond\"]}],\"copyrightYear\":\"2025\",\"copyrightHolder\":{\"@id\":\"https:\/\/www.gaveanews.com\/#organization\"}},{\"@type\":\"WebPage\",\"@id\":\"https:\/\/www.gaveanews.com\/index.php\/2025\/05\/26\/a-declaracao-de-klopp-sobre-a-aposentadoria\/\",\"url\":\"https:\/\/www.gaveanews.com\/index.php\/2025\/05\/26\/a-declaracao-de-klopp-sobre-a-aposentadoria\/\",\"name\":\"A declara\u00e7\u00e3o de Klopp sobre a aposentadoria\",\"isPartOf\":{\"@id\":\"https:\/\/www.gaveanews.com\/#website\"},\"primaryImageOfPage\":{\"@id\":\"https:\/\/www.gaveanews.com\/index.php\/2025\/05\/26\/a-declaracao-de-klopp-sobre-a-aposentadoria\/#primaryimage\"},\"image\":{\"@id\":\"https:\/\/www.gaveanews.com\/index.php\/2025\/05\/26\/a-declaracao-de-klopp-sobre-a-aposentadoria\/#primaryimage\"},\"thumbnailUrl\":\"https:\/\/www.gaveanews.com\/wp-content\/uploads\/Jurgen-Klopp-vibra-durante-um-jogo-do-Liverpool-edited.webp\",\"datePublished\":\"2025-05-26T13:20:00+00:00\",\"author\":{\"@id\":\"https:\/\/www.gaveanews.com\/#\/schema\/person\/3b19f7288b0ce20372991275e4f2e6c2\"},\"breadcrumb\":{\"@id\":\"https:\/\/www.gaveanews.com\/index.php\/2025\/05\/26\/a-declaracao-de-klopp-sobre-a-aposentadoria\/#breadcrumb\"},\"inLanguage\":\"pt-BR\",\"potentialAction\":[{\"@type\":\"ReadAction\",\"target\":[\"https:\/\/www.gaveanews.com\/index.php\/2025\/05\/26\/a-declaracao-de-klopp-sobre-a-aposentadoria\/\"]}]},{\"@type\":\"ImageObject\",\"inLanguage\":\"pt-BR\",\"@id\":\"https:\/\/www.gaveanews.com\/index.php\/2025\/05\/26\/a-declaracao-de-klopp-sobre-a-aposentadoria\/#primaryimage\",\"url\":\"https:\/\/www.gaveanews.com\/wp-content\/uploads\/Jurgen-Klopp-vibra-durante-um-jogo-do-Liverpool-edited.webp\",\"contentUrl\":\"https:\/\/www.gaveanews.com\/wp-content\/uploads\/Jurgen-Klopp-vibra-durante-um-jogo-do-Liverpool-edited.webp\",\"width\":1280,\"height\":853,\"caption\":\"Jurgen Klopp vibra durante um jogo do Liverpool (Foto: Reprodu\u00e7\u00e3o\/Instagram)\"},{\"@type\":\"BreadcrumbList\",\"@id\":\"https:\/\/www.gaveanews.com\/index.php\/2025\/05\/26\/a-declaracao-de-klopp-sobre-a-aposentadoria\/#breadcrumb\",\"itemListElement\":[{\"@type\":\"ListItem\",\"position\":1,\"name\":\"Home\",\"item\":\"https:\/\/www.gaveanews.com\/\"},{\"@type\":\"ListItem\",\"position\":2,\"name\":\"A declara\u00e7\u00e3o de Klopp sobre a aposentadoria\"}]},{\"@type\":\"WebSite\",\"@id\":\"https:\/\/www.gaveanews.com\/#website\",\"url\":\"https:\/\/www.gaveanews.com\/\",\"name\":\"G\u00e1vea News\",\"description\":\"Veja todas as not\u00edcias sobre o Flamengo: Contrata\u00e7\u00f5es, categorias de base, resultados das partidas, tabela de classifica\u00e7\u00e3o, pr\u00f3ximos jogos!\",\"potentialAction\":[{\"@type\":\"SearchAction\",\"target\":{\"@type\":\"EntryPoint\",\"urlTemplate\":\"https:\/\/www.gaveanews.com\/?s={search_term_string}\"},\"query-input\":{\"@type\":\"PropertyValueSpecification\",\"valueRequired\":true,\"valueName\":\"search_term_string\"}}],\"inLanguage\":\"pt-BR\"},{\"@type\":\"Person\",\"@id\":\"https:\/\/www.gaveanews.com\/#\/schema\/person\/3b19f7288b0ce20372991275e4f2e6c2\",\"name\":\"Ana Teixeira\",\"image\":{\"@type\":\"ImageObject\",\"inLanguage\":\"pt-BR\",\"@id\":\"https:\/\/www.gaveanews.com\/#\/schema\/person\/image\/\",\"url\":\"https:\/\/secure.gravatar.com\/avatar\/0a73f5a5258f3fed37fc2fa641892f3f7a4748456d4d4792f9bc550e6c19e06c?s=96&d=mm&r=g\",\"contentUrl\":\"https:\/\/secure.gravatar.com\/avatar\/0a73f5a5258f3fed37fc2fa641892f3f7a4748456d4d4792f9bc550e6c19e06c?s=96&d=mm&r=g\",\"caption\":\"Ana Teixeira\"}}]}<\/script>\n<!-- \/ Yoast SEO Premium plugin. -->","yoast_head_json":{"title":"A declara\u00e7\u00e3o de Klopp sobre a aposentadoria","robots":{"index":"index","follow":"follow","max-snippet":"max-snippet:-1","max-image-preview":"max-image-preview:large","max-video-preview":"max-video-preview:-1"},"canonical":"https:\/\/www.gaveanews.com\/index.php\/2025\/05\/26\/a-declaracao-de-klopp-sobre-a-aposentadoria\/","og_locale":"pt_BR","og_type":"article","og_title":"A declara\u00e7\u00e3o de Klopp sobre a aposentadoria","og_description":"J\u00fcrgen Klopp quebrou o sil\u00eancio sobre os rumores de que estaria pr\u00f3ximo de assumir o comando t\u00e9cnico da Roma. O treinador alem\u00e3o de 57 anos, que atualmente exerce a fun\u00e7\u00e3o de diretor global de futebol da Red Bull, foi enf\u00e1tico ao negar qualquer negocia\u00e7\u00e3o com o clube italiano. \u201cEu n\u00e3o vou me tornar o novo [&hellip;]","og_url":"https:\/\/www.gaveanews.com\/index.php\/2025\/05\/26\/a-declaracao-de-klopp-sobre-a-aposentadoria\/","og_site_name":"G\u00e1vea News","article_publisher":"https:\/\/facebook.com\/gaveaNews\/","article_published_time":"2025-05-26T13:20:00+00:00","og_image":[{"width":1280,"height":853,"url":"https:\/\/www.gaveanews.com\/wp-content\/uploads\/Jurgen-Klopp-vibra-durante-um-jogo-do-Liverpool-edited.webp","type":"image\/jpeg"}],"author":"Ana Teixeira","twitter_card":"summary_large_image","twitter_misc":{"Escrito por":"Ana Teixeira","Est. tempo de leitura":"3 minutos"},"schema":{"@context":"https:\/\/schema.org","@graph":[{"@type":"NewsArticle","@id":"https:\/\/www.gaveanews.com\/index.php\/2025\/05\/26\/a-declaracao-de-klopp-sobre-a-aposentadoria\/#article","isPartOf":{"@id":"https:\/\/www.gaveanews.com\/index.php\/2025\/05\/26\/a-declaracao-de-klopp-sobre-a-aposentadoria\/"},"author":{"name":"Ana Teixeira","@id":"https:\/\/www.gaveanews.com\/#\/schema\/person\/3b19f7288b0ce20372991275e4f2e6c2"},"headline":"A declara\u00e7\u00e3o de Klopp sobre a aposentadoria","datePublished":"2025-05-26T13:20:00+00:00","mainEntityOfPage":{"@id":"https:\/\/www.gaveanews.com\/index.php\/2025\/05\/26\/a-declaracao-de-klopp-sobre-a-aposentadoria\/"},"wordCount":549,"commentCount":0,"image":{"@id":"https:\/\/www.gaveanews.com\/index.php\/2025\/05\/26\/a-declaracao-de-klopp-sobre-a-aposentadoria\/#primaryimage"},"thumbnailUrl":"https:\/\/www.gaveanews.com\/wp-content\/uploads\/Jurgen-Klopp-vibra-durante-um-jogo-do-Liverpool-edited.webp","articleSection":["Futebol Internacional","Roma","S\u00e9rie A"],"inLanguage":"pt-BR","potentialAction":[{"@type":"CommentAction","name":"Comment","target":["https:\/\/www.gaveanews.com\/index.php\/2025\/05\/26\/a-declaracao-de-klopp-sobre-a-aposentadoria\/#respond"]}],"copyrightYear":"2025","copyrightHolder":{"@id":"https:\/\/www.gaveanews.com\/#organization"}},{"@type":"WebPage","@id":"https:\/\/www.gaveanews.com\/index.php\/2025\/05\/26\/a-declaracao-de-klopp-sobre-a-aposentadoria\/","url":"https:\/\/www.gaveanews.com\/index.php\/2025\/05\/26\/a-declaracao-de-klopp-sobre-a-aposentadoria\/","name":"A declara\u00e7\u00e3o de Klopp sobre a aposentadoria","isPartOf":{"@id":"https:\/\/www.gaveanews.com\/#website"},"primaryImageOfPage":{"@id":"https:\/\/www.gaveanews.com\/index.php\/2025\/05\/26\/a-declaracao-de-klopp-sobre-a-aposentadoria\/#primaryimage"},"image":{"@id":"https:\/\/www.gaveanews.com\/index.php\/2025\/05\/26\/a-declaracao-de-klopp-sobre-a-aposentadoria\/#primaryimage"},"thumbnailUrl":"https:\/\/www.gaveanews.com\/wp-content\/uploads\/Jurgen-Klopp-vibra-durante-um-jogo-do-Liverpool-edited.webp","datePublished":"2025-05-26T13:20:00+00:00","author":{"@id":"https:\/\/www.gaveanews.com\/#\/schema\/person\/3b19f7288b0ce20372991275e4f2e6c2"},"breadcrumb":{"@id":"https:\/\/www.gaveanews.com\/index.php\/2025\/05\/26\/a-declaracao-de-klopp-sobre-a-aposentadoria\/#breadcrumb"},"inLanguage":"pt-BR","potentialAction":[{"@type":"ReadAction","target":["https:\/\/www.gaveanews.com\/index.php\/2025\/05\/26\/a-declaracao-de-klopp-sobre-a-aposentadoria\/"]}]},{"@type":"ImageObject","inLanguage":"pt-BR","@id":"https:\/\/www.gaveanews.com\/index.php\/2025\/05\/26\/a-declaracao-de-klopp-sobre-a-aposentadoria\/#primaryimage","url":"https:\/\/www.gaveanews.com\/wp-content\/uploads\/Jurgen-Klopp-vibra-durante-um-jogo-do-Liverpool-edited.webp","contentUrl":"https:\/\/www.gaveanews.com\/wp-content\/uploads\/Jurgen-Klopp-vibra-durante-um-jogo-do-Liverpool-edited.webp","width":1280,"height":853,"caption":"Jurgen Klopp vibra durante um jogo do Liverpool (Foto: Reprodu\u00e7\u00e3o\/Instagram)"},{"@type":"BreadcrumbList","@id":"https:\/\/www.gaveanews.com\/index.php\/2025\/05\/26\/a-declaracao-de-klopp-sobre-a-aposentadoria\/#breadcrumb","itemListElement":[{"@type":"ListItem","position":1,"name":"Home","item":"https:\/\/www.gaveanews.com\/"},{"@type":"ListItem","position":2,"name":"A declara\u00e7\u00e3o de Klopp sobre a aposentadoria"}]},{"@type":"WebSite","@id":"https:\/\/www.gaveanews.com\/#website","url":"https:\/\/www.gaveanews.com\/","name":"G\u00e1vea News","description":"Veja todas as not\u00edcias sobre o Flamengo: Contrata\u00e7\u00f5es, categorias de base, resultados das partidas, tabela de classifica\u00e7\u00e3o, pr\u00f3ximos jogos!","potentialAction":[{"@type":"SearchAction","target":{"@type":"EntryPoint","urlTemplate":"https:\/\/www.gaveanews.com\/?s={search_term_string}"},"query-input":{"@type":"PropertyValueSpecification","valueRequired":true,"valueName":"search_term_string"}}],"inLanguage":"pt-BR"},{"@type":"Person","@id":"https:\/\/www.gaveanews.com\/#\/schema\/person\/3b19f7288b0ce20372991275e4f2e6c2","name":"Ana Teixeira","image":{"@type":"ImageObject","inLanguage":"pt-BR","@id":"https:\/\/www.gaveanews.com\/#\/schema\/person\/image\/","url":"https:\/\/secure.gravatar.com\/avatar\/0a73f5a5258f3fed37fc2fa641892f3f7a4748456d4d4792f9bc550e6c19e06c?s=96&d=mm&r=g","contentUrl":"https:\/\/secure.gravatar.com\/avatar\/0a73f5a5258f3fed37fc2fa641892f3f7a4748456d4d4792f9bc550e6c19e06c?s=96&d=mm&r=g","caption":"Ana Teixeira"}}]}},"_links":{"self":[{"href":"https:\/\/www.gaveanews.com\/index.php\/wp-json\/wp\/v2\/posts\/266793","targetHints":{"allow":["GET"]}}],"collection":[{"href":"https:\/\/www.gaveanews.com\/index.php\/wp-json\/wp\/v2\/posts"}],"about":[{"href":"https:\/\/www.gaveanews.com\/index.php\/wp-json\/wp\/v2\/types\/post"}],"author":[{"embeddable":true,"href":"https:\/\/www.gaveanews.com\/index.php\/wp-json\/wp\/v2\/users\/30"}],"replies":[{"embeddable":true,"href":"https:\/\/www.gaveanews.com\/index.php\/wp-json\/wp\/v2\/comments?post=266793"}],"version-history":[{"count":1,"href":"https:\/\/www.gaveanews.com\/index.php\/wp-json\/wp\/v2\/posts\/266793\/revisions"}],"predecessor-version":[{"id":266800,"href":"https:\/\/www.gaveanews.com\/index.php\/wp-json\/wp\/v2\/posts\/266793\/revisions\/266800"}],"wp:featuredmedia":[{"embeddable":true,"href":"https:\/\/www.gaveanews.com\/index.php\/wp-json\/wp\/v2\/media\/119255"}],"wp:attachment":[{"href":"https:\/\/www.gaveanews.com\/index.php\/wp-json\/wp\/v2\/media?parent=266793"}],"wp:term":[{"taxonomy":"category","embeddable":true,"href":"https:\/\/www.gaveanews.com\/index.php\/wp-json\/wp\/v2\/categories?post=266793"},{"taxonomy":"post_tag","embeddable":true,"href":"https:\/\/www.gaveanews.com\/index.php\/wp-json\/wp\/v2\/tags?post=266793"}],"curies":[{"name":"wp","href":"https:\/\/api.w.org\/{rel}","templated":true}]}}