{"id":266802,"date":"2025-05-26T10:25:00","date_gmt":"2025-05-26T13:25:00","guid":{"rendered":"https:\/\/www.gaveanews.com\/?p=266802"},"modified":"2025-05-26T10:25:02","modified_gmt":"2025-05-26T13:25:02","slug":"meia-de-r-85-milhoes-deixa-suas-impressoes-a-renato-paiva-no-botafogo","status":"publish","type":"post","link":"https:\/\/www.gaveanews.com\/index.php\/2025\/05\/26\/meia-de-r-85-milhoes-deixa-suas-impressoes-a-renato-paiva-no-botafogo\/","title":{"rendered":"Meia de R$ 85 milh\u00f5es deixa suas impress\u00f5es a Renato Paiva no Botafogo"},"content":{"rendered":"\n<p>Contratado por cerca de R$ 85 milh\u00f5es na primeira janela de transfer\u00eancias de 2025, Santiago Rodr\u00edguez chegou ao Botafogo cercado de expectativas. O meia uruguaio, de 25 anos, assumiu publicamente a miss\u00e3o de ser o &#8220;novo Almada&#8221;, mesmo reconhecendo ter caracter\u00edsticas diferentes do antecessor. Contudo, a trajet\u00f3ria inicial n\u00e3o foi f\u00e1cil. <\/p>\n\n\n\n<p>Primeiramente, o jogador enfrentou dificuldades f\u00edsicas e t\u00e9cnicas para se adaptar ao futebol brasileiro, al\u00e9m de ter sofrido uma les\u00e3o muscular na perna esquerda, em abril, que o afastou por mais de um m\u00eas das atividades.<\/p>\n\n\n\n<p>A retomada veio de maneira gradual. Santi participou de alguns minutos contra o Flamengo, e, surpreendentemente, foi titular no confronto diante do Capital-DF, pela Copa do Brasil. A escala\u00e7\u00e3o alternativa de Renato Paiva, motivada pela vantagem constru\u00edda no jogo de ida, ofereceu ao meia sua primeira chance de atuar durante os 90 minutos completos. <\/p>\n\n\n\n<p>O desempenho, embora sem resultado positivo para o time, representou um ponto de virada individual.<\/p>\n\n\n\n<h3 class=\"wp-block-heading\" id=\"h-avaliacao-tecnica-e-confianca-do-treinador\">Avalia\u00e7\u00e3o t\u00e9cnica e confian\u00e7a do treinador<\/h3>\n\n\n\n<p>Durante a coletiva p\u00f3s-jogo, Renato Paiva minimizou as compara\u00e7\u00f5es com antigos \u00eddolos e destacou a import\u00e2ncia do tempo para adapta\u00e7\u00e3o. \u201cDisse que o \u00fanico n\u00famero que tem nas costas \u00e9 o do jogador e n\u00e3o de quanto custou a transfer\u00eancia\u201d, afirmou o t\u00e9cnico, deixando claro que o valor investido n\u00e3o deve se traduzir em cobran\u00e7a imediata.<\/p>\n\n\n\n<p>Ainda que tenha oscilado fisicamente ao longo da partida da Copa do Brasil, Santi apresentou bons indicadores. Jogou inicialmente pelo lado esquerdo, mas se movimentou bastante, demonstrando vis\u00e3o de jogo e qualidade nos passes. Registrou 83% de aproveitamento nos toques e arriscou duas finaliza\u00e7\u00f5es. <\/p>\n\n\n\n<p>Apesar disso, perdeu a posse 25 vezes, o que refor\u00e7a a necessidade de evolu\u00e7\u00e3o, sobretudo no aspecto f\u00edsico. \u201cTrabalhou, fez o que pedi, s\u00f3 que com o passar do tempo vai perdendo frescor f\u00edsico e mental para tomar boas decis\u00f5es. Mas \u00e9 um jogo em que deu alguns bons indicadores\u201d, avaliou Paiva.<\/p>\n\n\n\n<h3 class=\"wp-block-heading\" id=\"h-contexto-do-elenco-e-espaco-conquistado\">Contexto do elenco e espa\u00e7o conquistado<\/h3>\n\n\n\n<p>A exibi\u00e7\u00e3o diante do Capital-DF, ainda que em um rev\u00e9s por 1 a 0, foi suficiente para credenciar o uruguaio a novas oportunidades. Em um meio-campo onde Marlon Freitas e Gregore s\u00e3o pe\u00e7as consolidadas, e nomes como Allan, Patrick de Paula e Danilo Barbosa v\u00eam em crescimento, Santi buscava abrir espa\u00e7o.<\/p>\n\n\n\n<p> A avalia\u00e7\u00e3o interna, ali\u00e1s, \u00e9 de que o setor est\u00e1 bem servido, o que refor\u00e7a o peso de seu desempenho naquele duelo.<\/p>\n\n\n\n<p>O pr\u00f3prio treinador j\u00e1 vinha utilizando o jogador com cautela desde o retorno da les\u00e3o. Ap\u00f3s figurar entre os suplentes contra Internacional e Flamengo, a chance como titular veio no momento em que o elenco era rodado para preservar os principais nomes. <\/p>\n\n\n\n<p>Mesmo em meio \u00e0 concorr\u00eancia intensa, Santi soube aproveitar a brecha com entrega e leitura t\u00e1tica. Paiva foi direto: \u201c\u00c9 um jogador com quem obviamente n\u00f3s contamos. Vem crescendo\u201d.<\/p>\n\n\n\n<h3 class=\"wp-block-heading\" id=\"h-perspectivas-realistas-e-impacto-imediato\">Perspectivas realistas e impacto imediato<\/h3>\n\n\n\n<p>A atua\u00e7\u00e3o completa de Santi Rodr\u00edguez n\u00e3o apenas evidenciou sua capacidade t\u00e9cnica, como tamb\u00e9m confirmou sua condi\u00e7\u00e3o de pe\u00e7a \u00fatil no planejamento alvinegro. Afinal, em um clube que recentemente desistiu da contrata\u00e7\u00e3o de Wendel, o refor\u00e7o uruguaio desponta como alternativa real no setor, sem que haja urg\u00eancia na reposi\u00e7\u00e3o de volantes na janela do meio do ano.<\/p>\n\n\n\n<p>Assim sendo, ainda que a caminhada at\u00e9 aqui tenha sido marcada por obst\u00e1culos, a resposta de Santi ao primeiro grande teste demonstra um aproveitamento promissor da oportunidade recebida. Sua presen\u00e7a em campo, ali\u00e1s, pode ser vital em momentos em que o calend\u00e1rio imp\u00f5e mudan\u00e7as no elenco titular. <\/p>\n","protected":false},"excerpt":{"rendered":"<p>Contratado por cerca de R$ 85 milh\u00f5es na primeira janela de transfer\u00eancias de 2025, Santiago Rodr\u00edguez chegou ao Botafogo cercado de expectativas. O meia uruguaio, de 25 anos, assumiu publicamente a miss\u00e3o de ser o &#8220;novo Almada&#8221;, mesmo reconhecendo ter caracter\u00edsticas diferentes do antecessor. Contudo, a trajet\u00f3ria inicial n\u00e3o foi f\u00e1cil. Primeiramente, o jogador enfrentou [&hellip;]<\/p>\n","protected":false},"author":30,"featured_media":243531,"comment_status":"open","ping_status":"closed","sticky":false,"template":"","format":"standard","meta":{"footnotes":""},"categories":[138],"tags":[],"class_list":["post-266802","post","type-post","status-publish","format-standard","has-post-thumbnail","hentry","category-botafogo"],"yoast_head":"<!-- This site is optimized with the Yoast SEO Premium plugin v24.2 (Yoast SEO v26.9) - https:\/\/yoast.com\/product\/yoast-seo-premium-wordpress\/ -->\n<title>Meia de R$ 85 milh\u00f5es deixa suas impress\u00f5es a Renato Paiva no Botafogo<\/title>\n<meta name=\"robots\" content=\"index, follow, max-snippet:-1, max-image-preview:large, max-video-preview:-1\" \/>\n<link rel=\"canonical\" href=\"https:\/\/www.gaveanews.com\/index.php\/2025\/05\/26\/meia-de-r-85-milhoes-deixa-suas-impressoes-a-renato-paiva-no-botafogo\/\" \/>\n<meta property=\"og:locale\" content=\"pt_BR\" \/>\n<meta property=\"og:type\" content=\"article\" \/>\n<meta property=\"og:title\" content=\"Meia de R$ 85 milh\u00f5es deixa suas impress\u00f5es a Renato Paiva no Botafogo\" \/>\n<meta property=\"og:description\" content=\"Contratado por cerca de R$ 85 milh\u00f5es na primeira janela de transfer\u00eancias de 2025, Santiago Rodr\u00edguez chegou ao Botafogo cercado de expectativas. O meia uruguaio, de 25 anos, assumiu publicamente a miss\u00e3o de ser o &#8220;novo Almada&#8221;, mesmo reconhecendo ter caracter\u00edsticas diferentes do antecessor. Contudo, a trajet\u00f3ria inicial n\u00e3o foi f\u00e1cil. Primeiramente, o jogador enfrentou [&hellip;]\" \/>\n<meta property=\"og:url\" content=\"https:\/\/www.gaveanews.com\/index.php\/2025\/05\/26\/meia-de-r-85-milhoes-deixa-suas-impressoes-a-renato-paiva-no-botafogo\/\" \/>\n<meta property=\"og:site_name\" content=\"G\u00e1vea News\" \/>\n<meta property=\"article:publisher\" content=\"https:\/\/facebook.com\/gaveaNews\/\" \/>\n<meta property=\"article:published_time\" content=\"2025-05-26T13:25:00+00:00\" \/>\n<meta property=\"article:modified_time\" content=\"2025-05-26T13:25:02+00:00\" \/>\n<meta property=\"og:image\" content=\"http:\/\/www.gaveanews.com\/wp-content\/uploads\/Renato-Paiva-pelo-Botafogo.webp\" \/>\n\t<meta property=\"og:image:width\" content=\"988\" \/>\n\t<meta property=\"og:image:height\" content=\"615\" \/>\n\t<meta property=\"og:image:type\" content=\"image\/jpeg\" \/>\n<meta name=\"author\" content=\"Ana Teixeira\" \/>\n<meta name=\"twitter:card\" content=\"summary_large_image\" \/>\n<meta name=\"twitter:label1\" content=\"Escrito por\" \/>\n\t<meta name=\"twitter:data1\" content=\"Ana Teixeira\" \/>\n\t<meta name=\"twitter:label2\" content=\"Est. tempo de leitura\" \/>\n\t<meta name=\"twitter:data2\" content=\"4 minutos\" \/>\n<script type=\"application\/ld+json\" class=\"yoast-schema-graph\">{\"@context\":\"https:\/\/schema.org\",\"@graph\":[{\"@type\":\"NewsArticle\",\"@id\":\"https:\/\/www.gaveanews.com\/index.php\/2025\/05\/26\/meia-de-r-85-milhoes-deixa-suas-impressoes-a-renato-paiva-no-botafogo\/#article\",\"isPartOf\":{\"@id\":\"https:\/\/www.gaveanews.com\/index.php\/2025\/05\/26\/meia-de-r-85-milhoes-deixa-suas-impressoes-a-renato-paiva-no-botafogo\/\"},\"author\":{\"name\":\"Ana Teixeira\",\"@id\":\"https:\/\/www.gaveanews.com\/#\/schema\/person\/3b19f7288b0ce20372991275e4f2e6c2\"},\"headline\":\"Meia de R$ 85 milh\u00f5es deixa suas impress\u00f5es a Renato Paiva no Botafogo\",\"datePublished\":\"2025-05-26T13:25:00+00:00\",\"dateModified\":\"2025-05-26T13:25:02+00:00\",\"mainEntityOfPage\":{\"@id\":\"https:\/\/www.gaveanews.com\/index.php\/2025\/05\/26\/meia-de-r-85-milhoes-deixa-suas-impressoes-a-renato-paiva-no-botafogo\/\"},\"wordCount\":642,\"commentCount\":0,\"image\":{\"@id\":\"https:\/\/www.gaveanews.com\/index.php\/2025\/05\/26\/meia-de-r-85-milhoes-deixa-suas-impressoes-a-renato-paiva-no-botafogo\/#primaryimage\"},\"thumbnailUrl\":\"https:\/\/www.gaveanews.com\/wp-content\/uploads\/Renato-Paiva-pelo-Botafogo.webp\",\"articleSection\":[\"Botafogo\"],\"inLanguage\":\"pt-BR\",\"potentialAction\":[{\"@type\":\"CommentAction\",\"name\":\"Comment\",\"target\":[\"https:\/\/www.gaveanews.com\/index.php\/2025\/05\/26\/meia-de-r-85-milhoes-deixa-suas-impressoes-a-renato-paiva-no-botafogo\/#respond\"]}],\"copyrightYear\":\"2025\",\"copyrightHolder\":{\"@id\":\"https:\/\/www.gaveanews.com\/#organization\"}},{\"@type\":\"WebPage\",\"@id\":\"https:\/\/www.gaveanews.com\/index.php\/2025\/05\/26\/meia-de-r-85-milhoes-deixa-suas-impressoes-a-renato-paiva-no-botafogo\/\",\"url\":\"https:\/\/www.gaveanews.com\/index.php\/2025\/05\/26\/meia-de-r-85-milhoes-deixa-suas-impressoes-a-renato-paiva-no-botafogo\/\",\"name\":\"Meia de R$ 85 milh\u00f5es deixa suas impress\u00f5es a Renato Paiva no Botafogo\",\"isPartOf\":{\"@id\":\"https:\/\/www.gaveanews.com\/#website\"},\"primaryImageOfPage\":{\"@id\":\"https:\/\/www.gaveanews.com\/index.php\/2025\/05\/26\/meia-de-r-85-milhoes-deixa-suas-impressoes-a-renato-paiva-no-botafogo\/#primaryimage\"},\"image\":{\"@id\":\"https:\/\/www.gaveanews.com\/index.php\/2025\/05\/26\/meia-de-r-85-milhoes-deixa-suas-impressoes-a-renato-paiva-no-botafogo\/#primaryimage\"},\"thumbnailUrl\":\"https:\/\/www.gaveanews.com\/wp-content\/uploads\/Renato-Paiva-pelo-Botafogo.webp\",\"datePublished\":\"2025-05-26T13:25:00+00:00\",\"dateModified\":\"2025-05-26T13:25:02+00:00\",\"author\":{\"@id\":\"https:\/\/www.gaveanews.com\/#\/schema\/person\/3b19f7288b0ce20372991275e4f2e6c2\"},\"breadcrumb\":{\"@id\":\"https:\/\/www.gaveanews.com\/index.php\/2025\/05\/26\/meia-de-r-85-milhoes-deixa-suas-impressoes-a-renato-paiva-no-botafogo\/#breadcrumb\"},\"inLanguage\":\"pt-BR\",\"potentialAction\":[{\"@type\":\"ReadAction\",\"target\":[\"https:\/\/www.gaveanews.com\/index.php\/2025\/05\/26\/meia-de-r-85-milhoes-deixa-suas-impressoes-a-renato-paiva-no-botafogo\/\"]}]},{\"@type\":\"ImageObject\",\"inLanguage\":\"pt-BR\",\"@id\":\"https:\/\/www.gaveanews.com\/index.php\/2025\/05\/26\/meia-de-r-85-milhoes-deixa-suas-impressoes-a-renato-paiva-no-botafogo\/#primaryimage\",\"url\":\"https:\/\/www.gaveanews.com\/wp-content\/uploads\/Renato-Paiva-pelo-Botafogo.webp\",\"contentUrl\":\"https:\/\/www.gaveanews.com\/wp-content\/uploads\/Renato-Paiva-pelo-Botafogo.webp\",\"width\":988,\"height\":615,\"caption\":\"Renato Paiva pelo Botafogo (Foto: Vitor Silva\/Botafogo)\"},{\"@type\":\"BreadcrumbList\",\"@id\":\"https:\/\/www.gaveanews.com\/index.php\/2025\/05\/26\/meia-de-r-85-milhoes-deixa-suas-impressoes-a-renato-paiva-no-botafogo\/#breadcrumb\",\"itemListElement\":[{\"@type\":\"ListItem\",\"position\":1,\"name\":\"Home\",\"item\":\"https:\/\/www.gaveanews.com\/\"},{\"@type\":\"ListItem\",\"position\":2,\"name\":\"Meia de R$ 85 milh\u00f5es deixa suas impress\u00f5es a Renato Paiva no Botafogo\"}]},{\"@type\":\"WebSite\",\"@id\":\"https:\/\/www.gaveanews.com\/#website\",\"url\":\"https:\/\/www.gaveanews.com\/\",\"name\":\"G\u00e1vea News\",\"description\":\"Veja todas as not\u00edcias sobre o Flamengo: Contrata\u00e7\u00f5es, categorias de base, resultados das partidas, tabela de classifica\u00e7\u00e3o, pr\u00f3ximos jogos!\",\"potentialAction\":[{\"@type\":\"SearchAction\",\"target\":{\"@type\":\"EntryPoint\",\"urlTemplate\":\"https:\/\/www.gaveanews.com\/?s={search_term_string}\"},\"query-input\":{\"@type\":\"PropertyValueSpecification\",\"valueRequired\":true,\"valueName\":\"search_term_string\"}}],\"inLanguage\":\"pt-BR\"},{\"@type\":\"Person\",\"@id\":\"https:\/\/www.gaveanews.com\/#\/schema\/person\/3b19f7288b0ce20372991275e4f2e6c2\",\"name\":\"Ana Teixeira\",\"image\":{\"@type\":\"ImageObject\",\"inLanguage\":\"pt-BR\",\"@id\":\"https:\/\/www.gaveanews.com\/#\/schema\/person\/image\/\",\"url\":\"https:\/\/secure.gravatar.com\/avatar\/0a73f5a5258f3fed37fc2fa641892f3f7a4748456d4d4792f9bc550e6c19e06c?s=96&d=mm&r=g\",\"contentUrl\":\"https:\/\/secure.gravatar.com\/avatar\/0a73f5a5258f3fed37fc2fa641892f3f7a4748456d4d4792f9bc550e6c19e06c?s=96&d=mm&r=g\",\"caption\":\"Ana Teixeira\"}}]}<\/script>\n<!-- \/ Yoast SEO Premium plugin. -->","yoast_head_json":{"title":"Meia de R$ 85 milh\u00f5es deixa suas impress\u00f5es a Renato Paiva no Botafogo","robots":{"index":"index","follow":"follow","max-snippet":"max-snippet:-1","max-image-preview":"max-image-preview:large","max-video-preview":"max-video-preview:-1"},"canonical":"https:\/\/www.gaveanews.com\/index.php\/2025\/05\/26\/meia-de-r-85-milhoes-deixa-suas-impressoes-a-renato-paiva-no-botafogo\/","og_locale":"pt_BR","og_type":"article","og_title":"Meia de R$ 85 milh\u00f5es deixa suas impress\u00f5es a Renato Paiva no Botafogo","og_description":"Contratado por cerca de R$ 85 milh\u00f5es na primeira janela de transfer\u00eancias de 2025, Santiago Rodr\u00edguez chegou ao Botafogo cercado de expectativas. O meia uruguaio, de 25 anos, assumiu publicamente a miss\u00e3o de ser o &#8220;novo Almada&#8221;, mesmo reconhecendo ter caracter\u00edsticas diferentes do antecessor. Contudo, a trajet\u00f3ria inicial n\u00e3o foi f\u00e1cil. Primeiramente, o jogador enfrentou [&hellip;]","og_url":"https:\/\/www.gaveanews.com\/index.php\/2025\/05\/26\/meia-de-r-85-milhoes-deixa-suas-impressoes-a-renato-paiva-no-botafogo\/","og_site_name":"G\u00e1vea News","article_publisher":"https:\/\/facebook.com\/gaveaNews\/","article_published_time":"2025-05-26T13:25:00+00:00","article_modified_time":"2025-05-26T13:25:02+00:00","og_image":[{"width":988,"height":615,"url":"http:\/\/www.gaveanews.com\/wp-content\/uploads\/Renato-Paiva-pelo-Botafogo.webp","type":"image\/jpeg"}],"author":"Ana Teixeira","twitter_card":"summary_large_image","twitter_misc":{"Escrito por":"Ana Teixeira","Est. tempo de leitura":"4 minutos"},"schema":{"@context":"https:\/\/schema.org","@graph":[{"@type":"NewsArticle","@id":"https:\/\/www.gaveanews.com\/index.php\/2025\/05\/26\/meia-de-r-85-milhoes-deixa-suas-impressoes-a-renato-paiva-no-botafogo\/#article","isPartOf":{"@id":"https:\/\/www.gaveanews.com\/index.php\/2025\/05\/26\/meia-de-r-85-milhoes-deixa-suas-impressoes-a-renato-paiva-no-botafogo\/"},"author":{"name":"Ana Teixeira","@id":"https:\/\/www.gaveanews.com\/#\/schema\/person\/3b19f7288b0ce20372991275e4f2e6c2"},"headline":"Meia de R$ 85 milh\u00f5es deixa suas impress\u00f5es a Renato Paiva no Botafogo","datePublished":"2025-05-26T13:25:00+00:00","dateModified":"2025-05-26T13:25:02+00:00","mainEntityOfPage":{"@id":"https:\/\/www.gaveanews.com\/index.php\/2025\/05\/26\/meia-de-r-85-milhoes-deixa-suas-impressoes-a-renato-paiva-no-botafogo\/"},"wordCount":642,"commentCount":0,"image":{"@id":"https:\/\/www.gaveanews.com\/index.php\/2025\/05\/26\/meia-de-r-85-milhoes-deixa-suas-impressoes-a-renato-paiva-no-botafogo\/#primaryimage"},"thumbnailUrl":"https:\/\/www.gaveanews.com\/wp-content\/uploads\/Renato-Paiva-pelo-Botafogo.webp","articleSection":["Botafogo"],"inLanguage":"pt-BR","potentialAction":[{"@type":"CommentAction","name":"Comment","target":["https:\/\/www.gaveanews.com\/index.php\/2025\/05\/26\/meia-de-r-85-milhoes-deixa-suas-impressoes-a-renato-paiva-no-botafogo\/#respond"]}],"copyrightYear":"2025","copyrightHolder":{"@id":"https:\/\/www.gaveanews.com\/#organization"}},{"@type":"WebPage","@id":"https:\/\/www.gaveanews.com\/index.php\/2025\/05\/26\/meia-de-r-85-milhoes-deixa-suas-impressoes-a-renato-paiva-no-botafogo\/","url":"https:\/\/www.gaveanews.com\/index.php\/2025\/05\/26\/meia-de-r-85-milhoes-deixa-suas-impressoes-a-renato-paiva-no-botafogo\/","name":"Meia de R$ 85 milh\u00f5es deixa suas impress\u00f5es a Renato Paiva no Botafogo","isPartOf":{"@id":"https:\/\/www.gaveanews.com\/#website"},"primaryImageOfPage":{"@id":"https:\/\/www.gaveanews.com\/index.php\/2025\/05\/26\/meia-de-r-85-milhoes-deixa-suas-impressoes-a-renato-paiva-no-botafogo\/#primaryimage"},"image":{"@id":"https:\/\/www.gaveanews.com\/index.php\/2025\/05\/26\/meia-de-r-85-milhoes-deixa-suas-impressoes-a-renato-paiva-no-botafogo\/#primaryimage"},"thumbnailUrl":"https:\/\/www.gaveanews.com\/wp-content\/uploads\/Renato-Paiva-pelo-Botafogo.webp","datePublished":"2025-05-26T13:25:00+00:00","dateModified":"2025-05-26T13:25:02+00:00","author":{"@id":"https:\/\/www.gaveanews.com\/#\/schema\/person\/3b19f7288b0ce20372991275e4f2e6c2"},"breadcrumb":{"@id":"https:\/\/www.gaveanews.com\/index.php\/2025\/05\/26\/meia-de-r-85-milhoes-deixa-suas-impressoes-a-renato-paiva-no-botafogo\/#breadcrumb"},"inLanguage":"pt-BR","potentialAction":[{"@type":"ReadAction","target":["https:\/\/www.gaveanews.com\/index.php\/2025\/05\/26\/meia-de-r-85-milhoes-deixa-suas-impressoes-a-renato-paiva-no-botafogo\/"]}]},{"@type":"ImageObject","inLanguage":"pt-BR","@id":"https:\/\/www.gaveanews.com\/index.php\/2025\/05\/26\/meia-de-r-85-milhoes-deixa-suas-impressoes-a-renato-paiva-no-botafogo\/#primaryimage","url":"https:\/\/www.gaveanews.com\/wp-content\/uploads\/Renato-Paiva-pelo-Botafogo.webp","contentUrl":"https:\/\/www.gaveanews.com\/wp-content\/uploads\/Renato-Paiva-pelo-Botafogo.webp","width":988,"height":615,"caption":"Renato Paiva pelo Botafogo (Foto: Vitor Silva\/Botafogo)"},{"@type":"BreadcrumbList","@id":"https:\/\/www.gaveanews.com\/index.php\/2025\/05\/26\/meia-de-r-85-milhoes-deixa-suas-impressoes-a-renato-paiva-no-botafogo\/#breadcrumb","itemListElement":[{"@type":"ListItem","position":1,"name":"Home","item":"https:\/\/www.gaveanews.com\/"},{"@type":"ListItem","position":2,"name":"Meia de R$ 85 milh\u00f5es deixa suas impress\u00f5es a Renato Paiva no Botafogo"}]},{"@type":"WebSite","@id":"https:\/\/www.gaveanews.com\/#website","url":"https:\/\/www.gaveanews.com\/","name":"G\u00e1vea News","description":"Veja todas as not\u00edcias sobre o Flamengo: Contrata\u00e7\u00f5es, categorias de base, resultados das partidas, tabela de classifica\u00e7\u00e3o, pr\u00f3ximos jogos!","potentialAction":[{"@type":"SearchAction","target":{"@type":"EntryPoint","urlTemplate":"https:\/\/www.gaveanews.com\/?s={search_term_string}"},"query-input":{"@type":"PropertyValueSpecification","valueRequired":true,"valueName":"search_term_string"}}],"inLanguage":"pt-BR"},{"@type":"Person","@id":"https:\/\/www.gaveanews.com\/#\/schema\/person\/3b19f7288b0ce20372991275e4f2e6c2","name":"Ana Teixeira","image":{"@type":"ImageObject","inLanguage":"pt-BR","@id":"https:\/\/www.gaveanews.com\/#\/schema\/person\/image\/","url":"https:\/\/secure.gravatar.com\/avatar\/0a73f5a5258f3fed37fc2fa641892f3f7a4748456d4d4792f9bc550e6c19e06c?s=96&d=mm&r=g","contentUrl":"https:\/\/secure.gravatar.com\/avatar\/0a73f5a5258f3fed37fc2fa641892f3f7a4748456d4d4792f9bc550e6c19e06c?s=96&d=mm&r=g","caption":"Ana Teixeira"}}]}},"_links":{"self":[{"href":"https:\/\/www.gaveanews.com\/index.php\/wp-json\/wp\/v2\/posts\/266802","targetHints":{"allow":["GET"]}}],"collection":[{"href":"https:\/\/www.gaveanews.com\/index.php\/wp-json\/wp\/v2\/posts"}],"about":[{"href":"https:\/\/www.gaveanews.com\/index.php\/wp-json\/wp\/v2\/types\/post"}],"author":[{"embeddable":true,"href":"https:\/\/www.gaveanews.com\/index.php\/wp-json\/wp\/v2\/users\/30"}],"replies":[{"embeddable":true,"href":"https:\/\/www.gaveanews.com\/index.php\/wp-json\/wp\/v2\/comments?post=266802"}],"version-history":[{"count":1,"href":"https:\/\/www.gaveanews.com\/index.php\/wp-json\/wp\/v2\/posts\/266802\/revisions"}],"predecessor-version":[{"id":266805,"href":"https:\/\/www.gaveanews.com\/index.php\/wp-json\/wp\/v2\/posts\/266802\/revisions\/266805"}],"wp:featuredmedia":[{"embeddable":true,"href":"https:\/\/www.gaveanews.com\/index.php\/wp-json\/wp\/v2\/media\/243531"}],"wp:attachment":[{"href":"https:\/\/www.gaveanews.com\/index.php\/wp-json\/wp\/v2\/media?parent=266802"}],"wp:term":[{"taxonomy":"category","embeddable":true,"href":"https:\/\/www.gaveanews.com\/index.php\/wp-json\/wp\/v2\/categories?post=266802"},{"taxonomy":"post_tag","embeddable":true,"href":"https:\/\/www.gaveanews.com\/index.php\/wp-json\/wp\/v2\/tags?post=266802"}],"curies":[{"name":"wp","href":"https:\/\/api.w.org\/{rel}","templated":true}]}}