{"id":266863,"date":"2025-05-26T13:10:00","date_gmt":"2025-05-26T16:10:00","guid":{"rendered":"https:\/\/www.gaveanews.com\/?p=266863"},"modified":"2025-05-26T12:09:21","modified_gmt":"2025-05-26T15:09:21","slug":"a-declaracao-de-filipe-luis-do-flamengo-direcionada-a-palmeiras-e-cruzeiro","status":"publish","type":"post","link":"https:\/\/www.gaveanews.com\/index.php\/2025\/05\/26\/a-declaracao-de-filipe-luis-do-flamengo-direcionada-a-palmeiras-e-cruzeiro\/","title":{"rendered":"A declara\u00e7\u00e3o de Filipe Lu\u00eds, do Flamengo, direcionada a Palmeiras e Cruzeiro"},"content":{"rendered":"\n<p>O Flamengo venceu o Palmeiras por 2 a 0 fora de casa, mas Filipe Lu\u00eds evitou qualquer clima de euforia ap\u00f3s o apito final. O treinador rubro-negro foi direto ao afirmar que o Campeonato Brasileiro ainda est\u00e1 longe de ser definido, independentemente do resultado no Allianz Parque. \u201cA vit\u00f3ria n\u00e3o quer dizer nada. Est\u00e1 muito igualado\u201d, disse o comandante, em entrevista coletiva.<\/p>\n\n\n\n<p>Apesar da import\u00e2ncia do resultado, Filipe Lu\u00eds argumentou que o momento \u00e9 de cautela. \u201cO campeonato n\u00e3o teria acabado se a gente tivesse perdido e com sete pontos de vantagem\u201d, afirmou. Para ele, a trajet\u00f3ria do torneio \u00e9 longa, e reviravoltas s\u00e3o comuns. Assim sendo, n\u00e3o apenas o Flamengo, mas tamb\u00e9m outras equipes que hoje est\u00e3o entre as primeiras colocadas devem enfrentar instabilidades ao longo do percurso.<\/p>\n\n\n\n<figure class=\"wp-block-image size-large\"><img loading=\"lazy\" decoding=\"async\" width=\"1024\" height=\"768\" src=\"http:\/\/www.gaveanews.com\/wp-content\/uploads\/Cruzeiro-x-Flamengo-1024x768.webp\" alt=\"\" class=\"wp-image-260533\" srcset=\"https:\/\/www.gaveanews.com\/wp-content\/uploads\/Cruzeiro-x-Flamengo-1024x768.webp 1024w, https:\/\/www.gaveanews.com\/wp-content\/uploads\/Cruzeiro-x-Flamengo-300x225.webp 300w, https:\/\/www.gaveanews.com\/wp-content\/uploads\/Cruzeiro-x-Flamengo-768x576.webp 768w, https:\/\/www.gaveanews.com\/wp-content\/uploads\/Cruzeiro-x-Flamengo-560x420.webp 560w, https:\/\/www.gaveanews.com\/wp-content\/uploads\/Cruzeiro-x-Flamengo-1120x840.webp 1120w, https:\/\/www.gaveanews.com\/wp-content\/uploads\/Cruzeiro-x-Flamengo-80x60.webp 80w, https:\/\/www.gaveanews.com\/wp-content\/uploads\/Cruzeiro-x-Flamengo-160x120.webp 160w, https:\/\/www.gaveanews.com\/wp-content\/uploads\/Cruzeiro-x-Flamengo-100x75.webp 100w, https:\/\/www.gaveanews.com\/wp-content\/uploads\/Cruzeiro-x-Flamengo-200x150.webp 200w, https:\/\/www.gaveanews.com\/wp-content\/uploads\/Cruzeiro-x-Flamengo-180x135.webp 180w, https:\/\/www.gaveanews.com\/wp-content\/uploads\/Cruzeiro-x-Flamengo-360x270.webp 360w, https:\/\/www.gaveanews.com\/wp-content\/uploads\/Cruzeiro-x-Flamengo-238x178.webp 238w, https:\/\/www.gaveanews.com\/wp-content\/uploads\/Cruzeiro-x-Flamengo-476x356.webp 476w, https:\/\/www.gaveanews.com\/wp-content\/uploads\/Cruzeiro-x-Flamengo-640x480.webp 640w, https:\/\/www.gaveanews.com\/wp-content\/uploads\/Cruzeiro-x-Flamengo-681x511.webp 681w, https:\/\/www.gaveanews.com\/wp-content\/uploads\/Cruzeiro-x-Flamengo.webp 1200w\" sizes=\"auto, (max-width: 1024px) 100vw, 1024px\" \/><figcaption class=\"wp-element-caption\">Cruzeiro x Flamengo (Foto: Adriano Fontes\/Flamengo)\n\n<\/figcaption><\/figure>\n\n\n\n<p>Conforme destacou o t\u00e9cnico, o calend\u00e1rio nacional imp\u00f5e um desgaste significativo aos clubes. \u201c\u00c9 um campeonato muito disputado e com um calend\u00e1rio que exige muito de todas as equipes\u201d, declarou. Segundo ele, essa exig\u00eancia afeta de forma semelhante o Flamengo, o Palmeiras, o Cruzeiro e outros postulantes ao t\u00edtulo, o que torna inevit\u00e1veis os altos e baixos durante a temporada.<\/p>\n\n\n\n<p>Ao analisar o duelo contra o Palmeiras, Filipe Lu\u00eds foi enf\u00e1tico ao reconhecer a complexidade do confronto. Para ele, o advers\u00e1rio imp\u00f4s uma estrat\u00e9gia que exigiu uma adapta\u00e7\u00e3o dif\u00edcil do Flamengo. \u201cO Palmeiras te leva num terreno onde te impede um pouco a sua forma de jogar, leva voc\u00ea at\u00e9 onde ele quer\u201d, comentou. Ainda assim, o treinador enalteceu a entrega dos seus jogadores para superar esse desafio.<\/p>\n\n\n\n<p>O Rubro-Negro mostrou solidez defensiva e conseguiu conter o ataque advers\u00e1rio, saindo de campo sem sofrer gols. De acordo com Filipe Lu\u00eds, o time ganhou ainda mais controle ap\u00f3s abrir o placar, mesmo com o cansa\u00e7o evidente em parte do elenco. \u201cAs trocas depois potencializaram a equipe, todas elas melhoraram a equipe\u201d, avaliou.<\/p>\n\n\n\n<p>Com o resultado, o Flamengo manteve um tabu importante: n\u00e3o perde para o Palmeiras em jogos do Brasileir\u00e3o desde 2017. Contudo, Filipe Lu\u00eds segue com os p\u00e9s no ch\u00e3o e reafirma que o t\u00edtulo est\u00e1 longe de ser decidido. Para ele, o equil\u00edbrio da competi\u00e7\u00e3o exige aten\u00e7\u00e3o e consist\u00eancia em todos os jogos, independentemente da fase ou do advers\u00e1rio.<\/p>\n","protected":false},"excerpt":{"rendered":"<p>O Flamengo venceu o Palmeiras por 2 a 0 fora de casa, mas Filipe Lu\u00eds evitou qualquer clima de euforia ap\u00f3s o apito final. O treinador rubro-negro foi direto ao afirmar que o Campeonato Brasileiro ainda est\u00e1 longe de ser definido, independentemente do resultado no Allianz Parque. \u201cA vit\u00f3ria n\u00e3o quer dizer nada. Est\u00e1 muito [&hellip;]<\/p>\n","protected":false},"author":27,"featured_media":171213,"comment_status":"open","ping_status":"closed","sticky":false,"template":"","format":"standard","meta":{"footnotes":""},"categories":[143,1,150],"tags":[],"class_list":["post-266863","post","type-post","status-publish","format-standard","has-post-thumbnail","hentry","category-cruzeiro","category-flamengo","category-palmeiras"],"yoast_head":"<!-- This site is optimized with the Yoast SEO Premium plugin v24.2 (Yoast SEO v26.9) - https:\/\/yoast.com\/product\/yoast-seo-premium-wordpress\/ -->\n<title>A declara\u00e7\u00e3o de Filipe Lu\u00eds, do Flamengo, direcionada a Palmeiras e Cruzeiro<\/title>\n<meta name=\"robots\" content=\"index, follow, max-snippet:-1, max-image-preview:large, max-video-preview:-1\" \/>\n<link rel=\"canonical\" href=\"https:\/\/www.gaveanews.com\/index.php\/2025\/05\/26\/a-declaracao-de-filipe-luis-do-flamengo-direcionada-a-palmeiras-e-cruzeiro\/\" \/>\n<meta property=\"og:locale\" content=\"pt_BR\" \/>\n<meta property=\"og:type\" content=\"article\" \/>\n<meta property=\"og:title\" content=\"A declara\u00e7\u00e3o de Filipe Lu\u00eds, do Flamengo, direcionada a Palmeiras e Cruzeiro\" \/>\n<meta property=\"og:description\" content=\"O Flamengo venceu o Palmeiras por 2 a 0 fora de casa, mas Filipe Lu\u00eds evitou qualquer clima de euforia ap\u00f3s o apito final. O treinador rubro-negro foi direto ao afirmar que o Campeonato Brasileiro ainda est\u00e1 longe de ser definido, independentemente do resultado no Allianz Parque. \u201cA vit\u00f3ria n\u00e3o quer dizer nada. Est\u00e1 muito [&hellip;]\" \/>\n<meta property=\"og:url\" content=\"https:\/\/www.gaveanews.com\/index.php\/2025\/05\/26\/a-declaracao-de-filipe-luis-do-flamengo-direcionada-a-palmeiras-e-cruzeiro\/\" \/>\n<meta property=\"og:site_name\" content=\"G\u00e1vea News\" \/>\n<meta property=\"article:publisher\" content=\"https:\/\/facebook.com\/gaveaNews\/\" \/>\n<meta property=\"article:published_time\" content=\"2025-05-26T16:10:00+00:00\" \/>\n<meta property=\"og:image\" content=\"https:\/\/www.gaveanews.com\/wp-content\/uploads\/Filipe-Luis-como-tecnico-do-Flamengo-em-2024.webp\" \/>\n\t<meta property=\"og:image:width\" content=\"1065\" \/>\n\t<meta property=\"og:image:height\" content=\"710\" \/>\n\t<meta property=\"og:image:type\" content=\"image\/webp\" \/>\n<meta name=\"author\" content=\"Matheus Felipe\" \/>\n<meta name=\"twitter:card\" content=\"summary_large_image\" \/>\n<meta name=\"twitter:label1\" content=\"Escrito por\" \/>\n\t<meta name=\"twitter:data1\" content=\"Matheus Felipe\" \/>\n\t<meta name=\"twitter:label2\" content=\"Est. tempo de leitura\" \/>\n\t<meta name=\"twitter:data2\" content=\"3 minutos\" \/>\n<script type=\"application\/ld+json\" class=\"yoast-schema-graph\">{\"@context\":\"https:\/\/schema.org\",\"@graph\":[{\"@type\":\"NewsArticle\",\"@id\":\"https:\/\/www.gaveanews.com\/index.php\/2025\/05\/26\/a-declaracao-de-filipe-luis-do-flamengo-direcionada-a-palmeiras-e-cruzeiro\/#article\",\"isPartOf\":{\"@id\":\"https:\/\/www.gaveanews.com\/index.php\/2025\/05\/26\/a-declaracao-de-filipe-luis-do-flamengo-direcionada-a-palmeiras-e-cruzeiro\/\"},\"author\":{\"name\":\"Matheus Felipe\",\"@id\":\"https:\/\/www.gaveanews.com\/#\/schema\/person\/8207cd4627f56151707418bfc835b2fb\"},\"headline\":\"A declara\u00e7\u00e3o de Filipe Lu\u00eds, do Flamengo, direcionada a Palmeiras e Cruzeiro\",\"datePublished\":\"2025-05-26T16:10:00+00:00\",\"mainEntityOfPage\":{\"@id\":\"https:\/\/www.gaveanews.com\/index.php\/2025\/05\/26\/a-declaracao-de-filipe-luis-do-flamengo-direcionada-a-palmeiras-e-cruzeiro\/\"},\"wordCount\":425,\"commentCount\":0,\"image\":{\"@id\":\"https:\/\/www.gaveanews.com\/index.php\/2025\/05\/26\/a-declaracao-de-filipe-luis-do-flamengo-direcionada-a-palmeiras-e-cruzeiro\/#primaryimage\"},\"thumbnailUrl\":\"https:\/\/www.gaveanews.com\/wp-content\/uploads\/Filipe-Luis-como-tecnico-do-Flamengo-em-2024.webp\",\"articleSection\":[\"Cruzeiro\",\"Flamengo\",\"Palmeiras\"],\"inLanguage\":\"pt-BR\",\"potentialAction\":[{\"@type\":\"CommentAction\",\"name\":\"Comment\",\"target\":[\"https:\/\/www.gaveanews.com\/index.php\/2025\/05\/26\/a-declaracao-de-filipe-luis-do-flamengo-direcionada-a-palmeiras-e-cruzeiro\/#respond\"]}],\"copyrightYear\":\"2025\",\"copyrightHolder\":{\"@id\":\"https:\/\/www.gaveanews.com\/#organization\"}},{\"@type\":\"WebPage\",\"@id\":\"https:\/\/www.gaveanews.com\/index.php\/2025\/05\/26\/a-declaracao-de-filipe-luis-do-flamengo-direcionada-a-palmeiras-e-cruzeiro\/\",\"url\":\"https:\/\/www.gaveanews.com\/index.php\/2025\/05\/26\/a-declaracao-de-filipe-luis-do-flamengo-direcionada-a-palmeiras-e-cruzeiro\/\",\"name\":\"A declara\u00e7\u00e3o de Filipe Lu\u00eds, do Flamengo, direcionada a Palmeiras e Cruzeiro\",\"isPartOf\":{\"@id\":\"https:\/\/www.gaveanews.com\/#website\"},\"primaryImageOfPage\":{\"@id\":\"https:\/\/www.gaveanews.com\/index.php\/2025\/05\/26\/a-declaracao-de-filipe-luis-do-flamengo-direcionada-a-palmeiras-e-cruzeiro\/#primaryimage\"},\"image\":{\"@id\":\"https:\/\/www.gaveanews.com\/index.php\/2025\/05\/26\/a-declaracao-de-filipe-luis-do-flamengo-direcionada-a-palmeiras-e-cruzeiro\/#primaryimage\"},\"thumbnailUrl\":\"https:\/\/www.gaveanews.com\/wp-content\/uploads\/Filipe-Luis-como-tecnico-do-Flamengo-em-2024.webp\",\"datePublished\":\"2025-05-26T16:10:00+00:00\",\"author\":{\"@id\":\"https:\/\/www.gaveanews.com\/#\/schema\/person\/8207cd4627f56151707418bfc835b2fb\"},\"breadcrumb\":{\"@id\":\"https:\/\/www.gaveanews.com\/index.php\/2025\/05\/26\/a-declaracao-de-filipe-luis-do-flamengo-direcionada-a-palmeiras-e-cruzeiro\/#breadcrumb\"},\"inLanguage\":\"pt-BR\",\"potentialAction\":[{\"@type\":\"ReadAction\",\"target\":[\"https:\/\/www.gaveanews.com\/index.php\/2025\/05\/26\/a-declaracao-de-filipe-luis-do-flamengo-direcionada-a-palmeiras-e-cruzeiro\/\"]}]},{\"@type\":\"ImageObject\",\"inLanguage\":\"pt-BR\",\"@id\":\"https:\/\/www.gaveanews.com\/index.php\/2025\/05\/26\/a-declaracao-de-filipe-luis-do-flamengo-direcionada-a-palmeiras-e-cruzeiro\/#primaryimage\",\"url\":\"https:\/\/www.gaveanews.com\/wp-content\/uploads\/Filipe-Luis-como-tecnico-do-Flamengo-em-2024.webp\",\"contentUrl\":\"https:\/\/www.gaveanews.com\/wp-content\/uploads\/Filipe-Luis-como-tecnico-do-Flamengo-em-2024.webp\",\"width\":1065,\"height\":710,\"caption\":\"Filipe Lu\u00eds como t\u00e9cnico do Flamengo em (Foto: Gilvan de Souza e Marcelo Cortes \/ CRF)\"},{\"@type\":\"BreadcrumbList\",\"@id\":\"https:\/\/www.gaveanews.com\/index.php\/2025\/05\/26\/a-declaracao-de-filipe-luis-do-flamengo-direcionada-a-palmeiras-e-cruzeiro\/#breadcrumb\",\"itemListElement\":[{\"@type\":\"ListItem\",\"position\":1,\"name\":\"Home\",\"item\":\"https:\/\/www.gaveanews.com\/\"},{\"@type\":\"ListItem\",\"position\":2,\"name\":\"A declara\u00e7\u00e3o de Filipe Lu\u00eds, do Flamengo, direcionada a Palmeiras e Cruzeiro\"}]},{\"@type\":\"WebSite\",\"@id\":\"https:\/\/www.gaveanews.com\/#website\",\"url\":\"https:\/\/www.gaveanews.com\/\",\"name\":\"G\u00e1vea News\",\"description\":\"Veja todas as not\u00edcias sobre o Flamengo: Contrata\u00e7\u00f5es, categorias de base, resultados das partidas, tabela de classifica\u00e7\u00e3o, pr\u00f3ximos jogos!\",\"potentialAction\":[{\"@type\":\"SearchAction\",\"target\":{\"@type\":\"EntryPoint\",\"urlTemplate\":\"https:\/\/www.gaveanews.com\/?s={search_term_string}\"},\"query-input\":{\"@type\":\"PropertyValueSpecification\",\"valueRequired\":true,\"valueName\":\"search_term_string\"}}],\"inLanguage\":\"pt-BR\"},{\"@type\":\"Person\",\"@id\":\"https:\/\/www.gaveanews.com\/#\/schema\/person\/8207cd4627f56151707418bfc835b2fb\",\"name\":\"Matheus Felipe\",\"image\":{\"@type\":\"ImageObject\",\"inLanguage\":\"pt-BR\",\"@id\":\"https:\/\/www.gaveanews.com\/#\/schema\/person\/image\/\",\"url\":\"https:\/\/secure.gravatar.com\/avatar\/a452ffbed9130f726358b298bb3a99ce4bd3c5338411f8440e87e14d74c7c087?s=96&d=mm&r=g\",\"contentUrl\":\"https:\/\/secure.gravatar.com\/avatar\/a452ffbed9130f726358b298bb3a99ce4bd3c5338411f8440e87e14d74c7c087?s=96&d=mm&r=g\",\"caption\":\"Matheus Felipe\"}}]}<\/script>\n<!-- \/ Yoast SEO Premium plugin. -->","yoast_head_json":{"title":"A declara\u00e7\u00e3o de Filipe Lu\u00eds, do Flamengo, direcionada a Palmeiras e Cruzeiro","robots":{"index":"index","follow":"follow","max-snippet":"max-snippet:-1","max-image-preview":"max-image-preview:large","max-video-preview":"max-video-preview:-1"},"canonical":"https:\/\/www.gaveanews.com\/index.php\/2025\/05\/26\/a-declaracao-de-filipe-luis-do-flamengo-direcionada-a-palmeiras-e-cruzeiro\/","og_locale":"pt_BR","og_type":"article","og_title":"A declara\u00e7\u00e3o de Filipe Lu\u00eds, do Flamengo, direcionada a Palmeiras e Cruzeiro","og_description":"O Flamengo venceu o Palmeiras por 2 a 0 fora de casa, mas Filipe Lu\u00eds evitou qualquer clima de euforia ap\u00f3s o apito final. O treinador rubro-negro foi direto ao afirmar que o Campeonato Brasileiro ainda est\u00e1 longe de ser definido, independentemente do resultado no Allianz Parque. \u201cA vit\u00f3ria n\u00e3o quer dizer nada. Est\u00e1 muito [&hellip;]","og_url":"https:\/\/www.gaveanews.com\/index.php\/2025\/05\/26\/a-declaracao-de-filipe-luis-do-flamengo-direcionada-a-palmeiras-e-cruzeiro\/","og_site_name":"G\u00e1vea News","article_publisher":"https:\/\/facebook.com\/gaveaNews\/","article_published_time":"2025-05-26T16:10:00+00:00","og_image":[{"width":1065,"height":710,"url":"https:\/\/www.gaveanews.com\/wp-content\/uploads\/Filipe-Luis-como-tecnico-do-Flamengo-em-2024.webp","type":"image\/webp"}],"author":"Matheus Felipe","twitter_card":"summary_large_image","twitter_misc":{"Escrito por":"Matheus Felipe","Est. tempo de leitura":"3 minutos"},"schema":{"@context":"https:\/\/schema.org","@graph":[{"@type":"NewsArticle","@id":"https:\/\/www.gaveanews.com\/index.php\/2025\/05\/26\/a-declaracao-de-filipe-luis-do-flamengo-direcionada-a-palmeiras-e-cruzeiro\/#article","isPartOf":{"@id":"https:\/\/www.gaveanews.com\/index.php\/2025\/05\/26\/a-declaracao-de-filipe-luis-do-flamengo-direcionada-a-palmeiras-e-cruzeiro\/"},"author":{"name":"Matheus Felipe","@id":"https:\/\/www.gaveanews.com\/#\/schema\/person\/8207cd4627f56151707418bfc835b2fb"},"headline":"A declara\u00e7\u00e3o de Filipe Lu\u00eds, do Flamengo, direcionada a Palmeiras e Cruzeiro","datePublished":"2025-05-26T16:10:00+00:00","mainEntityOfPage":{"@id":"https:\/\/www.gaveanews.com\/index.php\/2025\/05\/26\/a-declaracao-de-filipe-luis-do-flamengo-direcionada-a-palmeiras-e-cruzeiro\/"},"wordCount":425,"commentCount":0,"image":{"@id":"https:\/\/www.gaveanews.com\/index.php\/2025\/05\/26\/a-declaracao-de-filipe-luis-do-flamengo-direcionada-a-palmeiras-e-cruzeiro\/#primaryimage"},"thumbnailUrl":"https:\/\/www.gaveanews.com\/wp-content\/uploads\/Filipe-Luis-como-tecnico-do-Flamengo-em-2024.webp","articleSection":["Cruzeiro","Flamengo","Palmeiras"],"inLanguage":"pt-BR","potentialAction":[{"@type":"CommentAction","name":"Comment","target":["https:\/\/www.gaveanews.com\/index.php\/2025\/05\/26\/a-declaracao-de-filipe-luis-do-flamengo-direcionada-a-palmeiras-e-cruzeiro\/#respond"]}],"copyrightYear":"2025","copyrightHolder":{"@id":"https:\/\/www.gaveanews.com\/#organization"}},{"@type":"WebPage","@id":"https:\/\/www.gaveanews.com\/index.php\/2025\/05\/26\/a-declaracao-de-filipe-luis-do-flamengo-direcionada-a-palmeiras-e-cruzeiro\/","url":"https:\/\/www.gaveanews.com\/index.php\/2025\/05\/26\/a-declaracao-de-filipe-luis-do-flamengo-direcionada-a-palmeiras-e-cruzeiro\/","name":"A declara\u00e7\u00e3o de Filipe Lu\u00eds, do Flamengo, direcionada a Palmeiras e Cruzeiro","isPartOf":{"@id":"https:\/\/www.gaveanews.com\/#website"},"primaryImageOfPage":{"@id":"https:\/\/www.gaveanews.com\/index.php\/2025\/05\/26\/a-declaracao-de-filipe-luis-do-flamengo-direcionada-a-palmeiras-e-cruzeiro\/#primaryimage"},"image":{"@id":"https:\/\/www.gaveanews.com\/index.php\/2025\/05\/26\/a-declaracao-de-filipe-luis-do-flamengo-direcionada-a-palmeiras-e-cruzeiro\/#primaryimage"},"thumbnailUrl":"https:\/\/www.gaveanews.com\/wp-content\/uploads\/Filipe-Luis-como-tecnico-do-Flamengo-em-2024.webp","datePublished":"2025-05-26T16:10:00+00:00","author":{"@id":"https:\/\/www.gaveanews.com\/#\/schema\/person\/8207cd4627f56151707418bfc835b2fb"},"breadcrumb":{"@id":"https:\/\/www.gaveanews.com\/index.php\/2025\/05\/26\/a-declaracao-de-filipe-luis-do-flamengo-direcionada-a-palmeiras-e-cruzeiro\/#breadcrumb"},"inLanguage":"pt-BR","potentialAction":[{"@type":"ReadAction","target":["https:\/\/www.gaveanews.com\/index.php\/2025\/05\/26\/a-declaracao-de-filipe-luis-do-flamengo-direcionada-a-palmeiras-e-cruzeiro\/"]}]},{"@type":"ImageObject","inLanguage":"pt-BR","@id":"https:\/\/www.gaveanews.com\/index.php\/2025\/05\/26\/a-declaracao-de-filipe-luis-do-flamengo-direcionada-a-palmeiras-e-cruzeiro\/#primaryimage","url":"https:\/\/www.gaveanews.com\/wp-content\/uploads\/Filipe-Luis-como-tecnico-do-Flamengo-em-2024.webp","contentUrl":"https:\/\/www.gaveanews.com\/wp-content\/uploads\/Filipe-Luis-como-tecnico-do-Flamengo-em-2024.webp","width":1065,"height":710,"caption":"Filipe Lu\u00eds como t\u00e9cnico do Flamengo em (Foto: Gilvan de Souza e Marcelo Cortes \/ CRF)"},{"@type":"BreadcrumbList","@id":"https:\/\/www.gaveanews.com\/index.php\/2025\/05\/26\/a-declaracao-de-filipe-luis-do-flamengo-direcionada-a-palmeiras-e-cruzeiro\/#breadcrumb","itemListElement":[{"@type":"ListItem","position":1,"name":"Home","item":"https:\/\/www.gaveanews.com\/"},{"@type":"ListItem","position":2,"name":"A declara\u00e7\u00e3o de Filipe Lu\u00eds, do Flamengo, direcionada a Palmeiras e Cruzeiro"}]},{"@type":"WebSite","@id":"https:\/\/www.gaveanews.com\/#website","url":"https:\/\/www.gaveanews.com\/","name":"G\u00e1vea News","description":"Veja todas as not\u00edcias sobre o Flamengo: Contrata\u00e7\u00f5es, categorias de base, resultados das partidas, tabela de classifica\u00e7\u00e3o, pr\u00f3ximos jogos!","potentialAction":[{"@type":"SearchAction","target":{"@type":"EntryPoint","urlTemplate":"https:\/\/www.gaveanews.com\/?s={search_term_string}"},"query-input":{"@type":"PropertyValueSpecification","valueRequired":true,"valueName":"search_term_string"}}],"inLanguage":"pt-BR"},{"@type":"Person","@id":"https:\/\/www.gaveanews.com\/#\/schema\/person\/8207cd4627f56151707418bfc835b2fb","name":"Matheus Felipe","image":{"@type":"ImageObject","inLanguage":"pt-BR","@id":"https:\/\/www.gaveanews.com\/#\/schema\/person\/image\/","url":"https:\/\/secure.gravatar.com\/avatar\/a452ffbed9130f726358b298bb3a99ce4bd3c5338411f8440e87e14d74c7c087?s=96&d=mm&r=g","contentUrl":"https:\/\/secure.gravatar.com\/avatar\/a452ffbed9130f726358b298bb3a99ce4bd3c5338411f8440e87e14d74c7c087?s=96&d=mm&r=g","caption":"Matheus Felipe"}}]}},"_links":{"self":[{"href":"https:\/\/www.gaveanews.com\/index.php\/wp-json\/wp\/v2\/posts\/266863","targetHints":{"allow":["GET"]}}],"collection":[{"href":"https:\/\/www.gaveanews.com\/index.php\/wp-json\/wp\/v2\/posts"}],"about":[{"href":"https:\/\/www.gaveanews.com\/index.php\/wp-json\/wp\/v2\/types\/post"}],"author":[{"embeddable":true,"href":"https:\/\/www.gaveanews.com\/index.php\/wp-json\/wp\/v2\/users\/27"}],"replies":[{"embeddable":true,"href":"https:\/\/www.gaveanews.com\/index.php\/wp-json\/wp\/v2\/comments?post=266863"}],"version-history":[{"count":1,"href":"https:\/\/www.gaveanews.com\/index.php\/wp-json\/wp\/v2\/posts\/266863\/revisions"}],"predecessor-version":[{"id":266866,"href":"https:\/\/www.gaveanews.com\/index.php\/wp-json\/wp\/v2\/posts\/266863\/revisions\/266866"}],"wp:featuredmedia":[{"embeddable":true,"href":"https:\/\/www.gaveanews.com\/index.php\/wp-json\/wp\/v2\/media\/171213"}],"wp:attachment":[{"href":"https:\/\/www.gaveanews.com\/index.php\/wp-json\/wp\/v2\/media?parent=266863"}],"wp:term":[{"taxonomy":"category","embeddable":true,"href":"https:\/\/www.gaveanews.com\/index.php\/wp-json\/wp\/v2\/categories?post=266863"},{"taxonomy":"post_tag","embeddable":true,"href":"https:\/\/www.gaveanews.com\/index.php\/wp-json\/wp\/v2\/tags?post=266863"}],"curies":[{"name":"wp","href":"https:\/\/api.w.org\/{rel}","templated":true}]}}