{"id":266883,"date":"2025-05-26T14:00:00","date_gmt":"2025-05-26T17:00:00","guid":{"rendered":"https:\/\/www.gaveanews.com\/?p=266883"},"modified":"2025-05-26T12:43:53","modified_gmt":"2025-05-26T15:43:53","slug":"vinicius-jr-alisson-ederson-casemiro-marquinhos-bruno-guimaraes-raphinha-matheus-cunha-andrey-santos-os-jogadores-incontestaveis-que-podem-ser-convocados-por-ancelotti","status":"publish","type":"post","link":"https:\/\/www.gaveanews.com\/index.php\/2025\/05\/26\/vinicius-jr-alisson-ederson-casemiro-marquinhos-bruno-guimaraes-raphinha-matheus-cunha-andrey-santos-os-jogadores-incontestaveis-que-podem-ser-convocados-por-ancelotti\/","title":{"rendered":"Vin\u00edcius Jr., Alisson, Ederson, Casemiro, Marquinhos, Bruno Guimar\u00e3es, Raphinha, Matheus Cunha, Andrey Santos: os jogadores incontest\u00e1veis que podem ser convocados por Ancelotti"},"content":{"rendered":"\n<p>Carlo Ancelotti inicia seu trabalho \u00e0 frente da Sele\u00e7\u00e3o Brasileira com uma convoca\u00e7\u00e3o cercada de expectativas e marcada por crit\u00e9rios claros de desempenho. Entre os mais de 50 jogadores inscritos na pr\u00e9-lista enviada \u00e0 FIFA, alguns nomes aparecem como indiscut\u00edveis para a comiss\u00e3o t\u00e9cnica \u2014 verdadeiros pilares na reformula\u00e7\u00e3o da equipe nacional.<\/p>\n\n\n\n<p>Conforme levantamento recente, a base da Sele\u00e7\u00e3o sob o comando do treinador italiano se apoia em atletas com grande regularidade e protagonismo no futebol europeu. <\/p>\n\n\n\n<p>Alisson, Ederson, Marquinhos, Bruno Guimar\u00e3es, Matheus Cunha, Casemiro, Andrey Santos, Vini Jr. e Raphinha figuram como os principais nomes incontest\u00e1veis desta nova era. Estes jogadores, ali\u00e1s, sustentam atua\u00e7\u00f5es de destaque nos clubes que defendem, tendo, em muitos casos, sido decisivos em campanhas vitoriosas.<\/p>\n\n\n\n<h2 class=\"wp-block-heading\" id=\"h-casemiro-e-a-confianca-de-um-velho-conhecido\">Casemiro e a confian\u00e7a de um velho conhecido<\/h2>\n\n\n\n<p>Um dos destaques da lista \u00e9 Casemiro. Embora tenha estado ausente da Sele\u00e7\u00e3o desde outubro de 2023, o volante de 33 anos mant\u00e9m a confian\u00e7a de Ancelotti, com quem conquistou duas Champions League no Real Madrid. Apesar da temporada irregular do Manchester United, o meio-campista se destacou como pe\u00e7a-chave, o que, certamente, refor\u00e7a sua presen\u00e7a entre os convoc\u00e1veis.<\/p>\n\n\n\n<h2 class=\"wp-block-heading\" id=\"h-a-solidez-nas-traves-e-na-zaga\">A solidez nas traves e na zaga<\/h2>\n\n\n\n<p>Na meta, n\u00e3o h\u00e1 surpresas: Alisson e Ederson seguem como os principais nomes, incontest\u00e1veis por sua regularidade e import\u00e2ncia nos elencos de Liverpool e Manchester City, respectivamente. A dupla j\u00e1 coleciona atua\u00e7\u00f5es seguras pela Sele\u00e7\u00e3o e demonstra, novamente, ser a escolha natural da nova comiss\u00e3o t\u00e9cnica.<\/p>\n\n\n\n<p>Na defesa, Marquinhos mant\u00e9m seu posto com autoridade. Capit\u00e3o do Paris Saint-Germain e presen\u00e7a constante em convoca\u00e7\u00f5es anteriores, o zagueiro \u00e9 visto como uma figura de lideran\u00e7a e seguran\u00e7a. Sua presen\u00e7a na lista reflete a valoriza\u00e7\u00e3o da experi\u00eancia e consist\u00eancia na retaguarda.<\/p>\n\n\n\n<h2 class=\"wp-block-heading\" id=\"h-o-protagonismo-ofensivo-de-vini-jr-e-raphinha\">O protagonismo ofensivo de Vini Jr. e Raphinha<\/h2>\n\n\n\n<p>No setor ofensivo, dois atletas se destacam de forma incontest\u00e1vel: Vini Jr. e Raphinha. O atacante do Real Madrid encerrou a temporada com o t\u00edtulo da La Liga e forte protagonismo, refor\u00e7ando sua condi\u00e7\u00e3o de titular absoluto. J\u00e1 Raphinha, pe\u00e7a importante no Barcelona, tamb\u00e9m contribuiu de forma efetiva durante toda a temporada europeia, consolidando sua posi\u00e7\u00e3o no grupo.<\/p>\n\n\n\n<p>Ambos s\u00e3o vistos como refer\u00eancias ofensivas e, ao lado de Matheus Cunha, que teve boa performance pelo Wolverhampton, representam a renova\u00e7\u00e3o e intensidade que Ancelotti pretende implementar no ataque brasileiro.<\/p>\n\n\n\n<h2 class=\"wp-block-heading\" id=\"h-andrey-santos-ascensao-meteorica\">Andrey Santos: ascens\u00e3o mete\u00f3rica<\/h2>\n\n\n\n<p>Entre os nomes que ganharam espa\u00e7o com m\u00e9rito pr\u00f3prio est\u00e1 Andrey Santos. Revelado pelas categorias de base do Vasco, o jovem meio-campista impressionou na Europa ao se tornar capit\u00e3o do Strasbourg. Em temporada de n\u00fameros expressivos \u2014 11 gols e quatro assist\u00eancias \u2014, Andrey foi chamado at\u00e9 pelo Chelsea para o Mundial de Clubes. S<\/p>\n\n\n\n<p>ua r\u00e1pida ascens\u00e3o e polival\u00eancia o colocam como um nome j\u00e1 consolidado entre os convoc\u00e1veis, mesmo com pouca idade.<\/p>\n\n\n\n<h2 class=\"wp-block-heading\" id=\"h-bruno-guimaraes-regularidade-e-forca-no-meio\">Bruno Guimar\u00e3es: regularidade e for\u00e7a no meio<\/h2>\n\n\n\n<p>Atuando pelo Newcastle, Bruno Guimar\u00e3es encerrou a temporada com a conquista da Copa da Liga Inglesa, mantendo boa regularidade. A consist\u00eancia do meio-campista o transforma em uma das escolhas mais seguras do atual ciclo. Assim como Matheus Cunha, tamb\u00e9m na Premier League, ele forma a espinha dorsal da nova estrutura t\u00e1tica brasileira.<\/p>\n","protected":false},"excerpt":{"rendered":"<p>Carlo Ancelotti inicia seu trabalho \u00e0 frente da Sele\u00e7\u00e3o Brasileira com uma convoca\u00e7\u00e3o cercada de expectativas e marcada por crit\u00e9rios claros de desempenho. Entre os mais de 50 jogadores inscritos na pr\u00e9-lista enviada \u00e0 FIFA, alguns nomes aparecem como indiscut\u00edveis para a comiss\u00e3o t\u00e9cnica \u2014 verdadeiros pilares na reformula\u00e7\u00e3o da equipe nacional. Conforme levantamento recente, [&hellip;]<\/p>\n","protected":false},"author":30,"featured_media":78922,"comment_status":"open","ping_status":"closed","sticky":false,"template":"","format":"standard","meta":{"footnotes":""},"categories":[478,78,477],"tags":[],"class_list":["post-266883","post","type-post","status-publish","format-standard","has-post-thumbnail","hentry","category-brasil","category-futebol-internacional","category-selecoes"],"yoast_head":"<!-- This site is optimized with the Yoast SEO Premium plugin v24.2 (Yoast SEO v26.9) - https:\/\/yoast.com\/product\/yoast-seo-premium-wordpress\/ -->\n<title>Vin\u00edcius Jr., Alisson, Ederson, Casemiro, Marquinhos, Bruno Guimar\u00e3es, Raphinha, Matheus Cunha, Andrey Santos: os jogadores incontest\u00e1veis que podem ser convocados por Ancelotti<\/title>\n<meta name=\"robots\" content=\"index, follow, max-snippet:-1, max-image-preview:large, max-video-preview:-1\" \/>\n<link rel=\"canonical\" href=\"https:\/\/www.gaveanews.com\/index.php\/2025\/05\/26\/vinicius-jr-alisson-ederson-casemiro-marquinhos-bruno-guimaraes-raphinha-matheus-cunha-andrey-santos-os-jogadores-incontestaveis-que-podem-ser-convocados-por-ancelotti\/\" \/>\n<meta property=\"og:locale\" content=\"pt_BR\" \/>\n<meta property=\"og:type\" content=\"article\" \/>\n<meta property=\"og:title\" content=\"Vin\u00edcius Jr., Alisson, Ederson, Casemiro, Marquinhos, Bruno Guimar\u00e3es, Raphinha, Matheus Cunha, Andrey Santos: os jogadores incontest\u00e1veis que podem ser convocados por Ancelotti\" \/>\n<meta property=\"og:description\" content=\"Carlo Ancelotti inicia seu trabalho \u00e0 frente da Sele\u00e7\u00e3o Brasileira com uma convoca\u00e7\u00e3o cercada de expectativas e marcada por crit\u00e9rios claros de desempenho. Entre os mais de 50 jogadores inscritos na pr\u00e9-lista enviada \u00e0 FIFA, alguns nomes aparecem como indiscut\u00edveis para a comiss\u00e3o t\u00e9cnica \u2014 verdadeiros pilares na reformula\u00e7\u00e3o da equipe nacional. Conforme levantamento recente, [&hellip;]\" \/>\n<meta property=\"og:url\" content=\"https:\/\/www.gaveanews.com\/index.php\/2025\/05\/26\/vinicius-jr-alisson-ederson-casemiro-marquinhos-bruno-guimaraes-raphinha-matheus-cunha-andrey-santos-os-jogadores-incontestaveis-que-podem-ser-convocados-por-ancelotti\/\" \/>\n<meta property=\"og:site_name\" content=\"G\u00e1vea News\" \/>\n<meta property=\"article:publisher\" content=\"https:\/\/facebook.com\/gaveaNews\/\" \/>\n<meta property=\"article:published_time\" content=\"2025-05-26T17:00:00+00:00\" \/>\n<meta property=\"og:image\" content=\"https:\/\/www.gaveanews.com\/wp-content\/uploads\/Neymar-e-Vini-Jr-comemoram-gol-marcado-pela-Selecao-Brasileira-no-Maracana.webp\" \/>\n\t<meta property=\"og:image:width\" content=\"1008\" \/>\n\t<meta property=\"og:image:height\" content=\"974\" \/>\n\t<meta property=\"og:image:type\" content=\"image\/jpeg\" \/>\n<meta name=\"author\" content=\"Ana Teixeira\" \/>\n<meta name=\"twitter:card\" content=\"summary_large_image\" \/>\n<meta name=\"twitter:label1\" content=\"Escrito por\" \/>\n\t<meta name=\"twitter:data1\" content=\"Ana Teixeira\" \/>\n\t<meta name=\"twitter:label2\" content=\"Est. tempo de leitura\" \/>\n\t<meta name=\"twitter:data2\" content=\"4 minutos\" \/>\n<script type=\"application\/ld+json\" class=\"yoast-schema-graph\">{\"@context\":\"https:\/\/schema.org\",\"@graph\":[{\"@type\":\"NewsArticle\",\"@id\":\"https:\/\/www.gaveanews.com\/index.php\/2025\/05\/26\/vinicius-jr-alisson-ederson-casemiro-marquinhos-bruno-guimaraes-raphinha-matheus-cunha-andrey-santos-os-jogadores-incontestaveis-que-podem-ser-convocados-por-ancelotti\/#article\",\"isPartOf\":{\"@id\":\"https:\/\/www.gaveanews.com\/index.php\/2025\/05\/26\/vinicius-jr-alisson-ederson-casemiro-marquinhos-bruno-guimaraes-raphinha-matheus-cunha-andrey-santos-os-jogadores-incontestaveis-que-podem-ser-convocados-por-ancelotti\/\"},\"author\":{\"name\":\"Ana Teixeira\",\"@id\":\"https:\/\/www.gaveanews.com\/#\/schema\/person\/3b19f7288b0ce20372991275e4f2e6c2\"},\"headline\":\"Vin\u00edcius Jr., Alisson, Ederson, Casemiro, Marquinhos, Bruno Guimar\u00e3es, Raphinha, Matheus Cunha, Andrey Santos: os jogadores incontest\u00e1veis que podem ser convocados por Ancelotti\",\"datePublished\":\"2025-05-26T17:00:00+00:00\",\"mainEntityOfPage\":{\"@id\":\"https:\/\/www.gaveanews.com\/index.php\/2025\/05\/26\/vinicius-jr-alisson-ederson-casemiro-marquinhos-bruno-guimaraes-raphinha-matheus-cunha-andrey-santos-os-jogadores-incontestaveis-que-podem-ser-convocados-por-ancelotti\/\"},\"wordCount\":594,\"commentCount\":0,\"image\":{\"@id\":\"https:\/\/www.gaveanews.com\/index.php\/2025\/05\/26\/vinicius-jr-alisson-ederson-casemiro-marquinhos-bruno-guimaraes-raphinha-matheus-cunha-andrey-santos-os-jogadores-incontestaveis-que-podem-ser-convocados-por-ancelotti\/#primaryimage\"},\"thumbnailUrl\":\"https:\/\/www.gaveanews.com\/wp-content\/uploads\/Neymar-e-Vini-Jr-comemoram-gol-marcado-pela-Selecao-Brasileira-no-Maracana.webp\",\"articleSection\":[\"Brasil\",\"Futebol Internacional\",\"Sele\u00e7\u00f5es\"],\"inLanguage\":\"pt-BR\",\"potentialAction\":[{\"@type\":\"CommentAction\",\"name\":\"Comment\",\"target\":[\"https:\/\/www.gaveanews.com\/index.php\/2025\/05\/26\/vinicius-jr-alisson-ederson-casemiro-marquinhos-bruno-guimaraes-raphinha-matheus-cunha-andrey-santos-os-jogadores-incontestaveis-que-podem-ser-convocados-por-ancelotti\/#respond\"]}],\"copyrightYear\":\"2025\",\"copyrightHolder\":{\"@id\":\"https:\/\/www.gaveanews.com\/#organization\"}},{\"@type\":\"WebPage\",\"@id\":\"https:\/\/www.gaveanews.com\/index.php\/2025\/05\/26\/vinicius-jr-alisson-ederson-casemiro-marquinhos-bruno-guimaraes-raphinha-matheus-cunha-andrey-santos-os-jogadores-incontestaveis-que-podem-ser-convocados-por-ancelotti\/\",\"url\":\"https:\/\/www.gaveanews.com\/index.php\/2025\/05\/26\/vinicius-jr-alisson-ederson-casemiro-marquinhos-bruno-guimaraes-raphinha-matheus-cunha-andrey-santos-os-jogadores-incontestaveis-que-podem-ser-convocados-por-ancelotti\/\",\"name\":\"Vin\u00edcius Jr., Alisson, Ederson, Casemiro, Marquinhos, Bruno Guimar\u00e3es, Raphinha, Matheus Cunha, Andrey Santos: os jogadores incontest\u00e1veis que podem ser convocados por Ancelotti\",\"isPartOf\":{\"@id\":\"https:\/\/www.gaveanews.com\/#website\"},\"primaryImageOfPage\":{\"@id\":\"https:\/\/www.gaveanews.com\/index.php\/2025\/05\/26\/vinicius-jr-alisson-ederson-casemiro-marquinhos-bruno-guimaraes-raphinha-matheus-cunha-andrey-santos-os-jogadores-incontestaveis-que-podem-ser-convocados-por-ancelotti\/#primaryimage\"},\"image\":{\"@id\":\"https:\/\/www.gaveanews.com\/index.php\/2025\/05\/26\/vinicius-jr-alisson-ederson-casemiro-marquinhos-bruno-guimaraes-raphinha-matheus-cunha-andrey-santos-os-jogadores-incontestaveis-que-podem-ser-convocados-por-ancelotti\/#primaryimage\"},\"thumbnailUrl\":\"https:\/\/www.gaveanews.com\/wp-content\/uploads\/Neymar-e-Vini-Jr-comemoram-gol-marcado-pela-Selecao-Brasileira-no-Maracana.webp\",\"datePublished\":\"2025-05-26T17:00:00+00:00\",\"author\":{\"@id\":\"https:\/\/www.gaveanews.com\/#\/schema\/person\/3b19f7288b0ce20372991275e4f2e6c2\"},\"breadcrumb\":{\"@id\":\"https:\/\/www.gaveanews.com\/index.php\/2025\/05\/26\/vinicius-jr-alisson-ederson-casemiro-marquinhos-bruno-guimaraes-raphinha-matheus-cunha-andrey-santos-os-jogadores-incontestaveis-que-podem-ser-convocados-por-ancelotti\/#breadcrumb\"},\"inLanguage\":\"pt-BR\",\"potentialAction\":[{\"@type\":\"ReadAction\",\"target\":[\"https:\/\/www.gaveanews.com\/index.php\/2025\/05\/26\/vinicius-jr-alisson-ederson-casemiro-marquinhos-bruno-guimaraes-raphinha-matheus-cunha-andrey-santos-os-jogadores-incontestaveis-que-podem-ser-convocados-por-ancelotti\/\"]}]},{\"@type\":\"ImageObject\",\"inLanguage\":\"pt-BR\",\"@id\":\"https:\/\/www.gaveanews.com\/index.php\/2025\/05\/26\/vinicius-jr-alisson-ederson-casemiro-marquinhos-bruno-guimaraes-raphinha-matheus-cunha-andrey-santos-os-jogadores-incontestaveis-que-podem-ser-convocados-por-ancelotti\/#primaryimage\",\"url\":\"https:\/\/www.gaveanews.com\/wp-content\/uploads\/Neymar-e-Vini-Jr-comemoram-gol-marcado-pela-Selecao-Brasileira-no-Maracana.webp\",\"contentUrl\":\"https:\/\/www.gaveanews.com\/wp-content\/uploads\/Neymar-e-Vini-Jr-comemoram-gol-marcado-pela-Selecao-Brasileira-no-Maracana.webp\",\"width\":1008,\"height\":974,\"caption\":\"Neymar e Vini Jr comemoram gol marcado pela Sele\u00e7\u00e3o Brasileira no Maracan\u00e3 (Foto: Andr\u00e9 Dur\u00e3o)\"},{\"@type\":\"BreadcrumbList\",\"@id\":\"https:\/\/www.gaveanews.com\/index.php\/2025\/05\/26\/vinicius-jr-alisson-ederson-casemiro-marquinhos-bruno-guimaraes-raphinha-matheus-cunha-andrey-santos-os-jogadores-incontestaveis-que-podem-ser-convocados-por-ancelotti\/#breadcrumb\",\"itemListElement\":[{\"@type\":\"ListItem\",\"position\":1,\"name\":\"Home\",\"item\":\"https:\/\/www.gaveanews.com\/\"},{\"@type\":\"ListItem\",\"position\":2,\"name\":\"Vin\u00edcius Jr., Alisson, Ederson, Casemiro, Marquinhos, Bruno Guimar\u00e3es, Raphinha, Matheus Cunha, Andrey Santos: os jogadores incontest\u00e1veis que podem ser convocados por Ancelotti\"}]},{\"@type\":\"WebSite\",\"@id\":\"https:\/\/www.gaveanews.com\/#website\",\"url\":\"https:\/\/www.gaveanews.com\/\",\"name\":\"G\u00e1vea News\",\"description\":\"Veja todas as not\u00edcias sobre o Flamengo: Contrata\u00e7\u00f5es, categorias de base, resultados das partidas, tabela de classifica\u00e7\u00e3o, pr\u00f3ximos jogos!\",\"potentialAction\":[{\"@type\":\"SearchAction\",\"target\":{\"@type\":\"EntryPoint\",\"urlTemplate\":\"https:\/\/www.gaveanews.com\/?s={search_term_string}\"},\"query-input\":{\"@type\":\"PropertyValueSpecification\",\"valueRequired\":true,\"valueName\":\"search_term_string\"}}],\"inLanguage\":\"pt-BR\"},{\"@type\":\"Person\",\"@id\":\"https:\/\/www.gaveanews.com\/#\/schema\/person\/3b19f7288b0ce20372991275e4f2e6c2\",\"name\":\"Ana Teixeira\",\"image\":{\"@type\":\"ImageObject\",\"inLanguage\":\"pt-BR\",\"@id\":\"https:\/\/www.gaveanews.com\/#\/schema\/person\/image\/\",\"url\":\"https:\/\/secure.gravatar.com\/avatar\/0a73f5a5258f3fed37fc2fa641892f3f7a4748456d4d4792f9bc550e6c19e06c?s=96&d=mm&r=g\",\"contentUrl\":\"https:\/\/secure.gravatar.com\/avatar\/0a73f5a5258f3fed37fc2fa641892f3f7a4748456d4d4792f9bc550e6c19e06c?s=96&d=mm&r=g\",\"caption\":\"Ana Teixeira\"}}]}<\/script>\n<!-- \/ Yoast SEO Premium plugin. -->","yoast_head_json":{"title":"Vin\u00edcius Jr., Alisson, Ederson, Casemiro, Marquinhos, Bruno Guimar\u00e3es, Raphinha, Matheus Cunha, Andrey Santos: os jogadores incontest\u00e1veis que podem ser convocados por Ancelotti","robots":{"index":"index","follow":"follow","max-snippet":"max-snippet:-1","max-image-preview":"max-image-preview:large","max-video-preview":"max-video-preview:-1"},"canonical":"https:\/\/www.gaveanews.com\/index.php\/2025\/05\/26\/vinicius-jr-alisson-ederson-casemiro-marquinhos-bruno-guimaraes-raphinha-matheus-cunha-andrey-santos-os-jogadores-incontestaveis-que-podem-ser-convocados-por-ancelotti\/","og_locale":"pt_BR","og_type":"article","og_title":"Vin\u00edcius Jr., Alisson, Ederson, Casemiro, Marquinhos, Bruno Guimar\u00e3es, Raphinha, Matheus Cunha, Andrey Santos: os jogadores incontest\u00e1veis que podem ser convocados por Ancelotti","og_description":"Carlo Ancelotti inicia seu trabalho \u00e0 frente da Sele\u00e7\u00e3o Brasileira com uma convoca\u00e7\u00e3o cercada de expectativas e marcada por crit\u00e9rios claros de desempenho. Entre os mais de 50 jogadores inscritos na pr\u00e9-lista enviada \u00e0 FIFA, alguns nomes aparecem como indiscut\u00edveis para a comiss\u00e3o t\u00e9cnica \u2014 verdadeiros pilares na reformula\u00e7\u00e3o da equipe nacional. Conforme levantamento recente, [&hellip;]","og_url":"https:\/\/www.gaveanews.com\/index.php\/2025\/05\/26\/vinicius-jr-alisson-ederson-casemiro-marquinhos-bruno-guimaraes-raphinha-matheus-cunha-andrey-santos-os-jogadores-incontestaveis-que-podem-ser-convocados-por-ancelotti\/","og_site_name":"G\u00e1vea News","article_publisher":"https:\/\/facebook.com\/gaveaNews\/","article_published_time":"2025-05-26T17:00:00+00:00","og_image":[{"width":1008,"height":974,"url":"https:\/\/www.gaveanews.com\/wp-content\/uploads\/Neymar-e-Vini-Jr-comemoram-gol-marcado-pela-Selecao-Brasileira-no-Maracana.webp","type":"image\/jpeg"}],"author":"Ana Teixeira","twitter_card":"summary_large_image","twitter_misc":{"Escrito por":"Ana Teixeira","Est. tempo de leitura":"4 minutos"},"schema":{"@context":"https:\/\/schema.org","@graph":[{"@type":"NewsArticle","@id":"https:\/\/www.gaveanews.com\/index.php\/2025\/05\/26\/vinicius-jr-alisson-ederson-casemiro-marquinhos-bruno-guimaraes-raphinha-matheus-cunha-andrey-santos-os-jogadores-incontestaveis-que-podem-ser-convocados-por-ancelotti\/#article","isPartOf":{"@id":"https:\/\/www.gaveanews.com\/index.php\/2025\/05\/26\/vinicius-jr-alisson-ederson-casemiro-marquinhos-bruno-guimaraes-raphinha-matheus-cunha-andrey-santos-os-jogadores-incontestaveis-que-podem-ser-convocados-por-ancelotti\/"},"author":{"name":"Ana Teixeira","@id":"https:\/\/www.gaveanews.com\/#\/schema\/person\/3b19f7288b0ce20372991275e4f2e6c2"},"headline":"Vin\u00edcius Jr., Alisson, Ederson, Casemiro, Marquinhos, Bruno Guimar\u00e3es, Raphinha, Matheus Cunha, Andrey Santos: os jogadores incontest\u00e1veis que podem ser convocados por Ancelotti","datePublished":"2025-05-26T17:00:00+00:00","mainEntityOfPage":{"@id":"https:\/\/www.gaveanews.com\/index.php\/2025\/05\/26\/vinicius-jr-alisson-ederson-casemiro-marquinhos-bruno-guimaraes-raphinha-matheus-cunha-andrey-santos-os-jogadores-incontestaveis-que-podem-ser-convocados-por-ancelotti\/"},"wordCount":594,"commentCount":0,"image":{"@id":"https:\/\/www.gaveanews.com\/index.php\/2025\/05\/26\/vinicius-jr-alisson-ederson-casemiro-marquinhos-bruno-guimaraes-raphinha-matheus-cunha-andrey-santos-os-jogadores-incontestaveis-que-podem-ser-convocados-por-ancelotti\/#primaryimage"},"thumbnailUrl":"https:\/\/www.gaveanews.com\/wp-content\/uploads\/Neymar-e-Vini-Jr-comemoram-gol-marcado-pela-Selecao-Brasileira-no-Maracana.webp","articleSection":["Brasil","Futebol Internacional","Sele\u00e7\u00f5es"],"inLanguage":"pt-BR","potentialAction":[{"@type":"CommentAction","name":"Comment","target":["https:\/\/www.gaveanews.com\/index.php\/2025\/05\/26\/vinicius-jr-alisson-ederson-casemiro-marquinhos-bruno-guimaraes-raphinha-matheus-cunha-andrey-santos-os-jogadores-incontestaveis-que-podem-ser-convocados-por-ancelotti\/#respond"]}],"copyrightYear":"2025","copyrightHolder":{"@id":"https:\/\/www.gaveanews.com\/#organization"}},{"@type":"WebPage","@id":"https:\/\/www.gaveanews.com\/index.php\/2025\/05\/26\/vinicius-jr-alisson-ederson-casemiro-marquinhos-bruno-guimaraes-raphinha-matheus-cunha-andrey-santos-os-jogadores-incontestaveis-que-podem-ser-convocados-por-ancelotti\/","url":"https:\/\/www.gaveanews.com\/index.php\/2025\/05\/26\/vinicius-jr-alisson-ederson-casemiro-marquinhos-bruno-guimaraes-raphinha-matheus-cunha-andrey-santos-os-jogadores-incontestaveis-que-podem-ser-convocados-por-ancelotti\/","name":"Vin\u00edcius Jr., Alisson, Ederson, Casemiro, Marquinhos, Bruno Guimar\u00e3es, Raphinha, Matheus Cunha, Andrey Santos: os jogadores incontest\u00e1veis que podem ser convocados por Ancelotti","isPartOf":{"@id":"https:\/\/www.gaveanews.com\/#website"},"primaryImageOfPage":{"@id":"https:\/\/www.gaveanews.com\/index.php\/2025\/05\/26\/vinicius-jr-alisson-ederson-casemiro-marquinhos-bruno-guimaraes-raphinha-matheus-cunha-andrey-santos-os-jogadores-incontestaveis-que-podem-ser-convocados-por-ancelotti\/#primaryimage"},"image":{"@id":"https:\/\/www.gaveanews.com\/index.php\/2025\/05\/26\/vinicius-jr-alisson-ederson-casemiro-marquinhos-bruno-guimaraes-raphinha-matheus-cunha-andrey-santos-os-jogadores-incontestaveis-que-podem-ser-convocados-por-ancelotti\/#primaryimage"},"thumbnailUrl":"https:\/\/www.gaveanews.com\/wp-content\/uploads\/Neymar-e-Vini-Jr-comemoram-gol-marcado-pela-Selecao-Brasileira-no-Maracana.webp","datePublished":"2025-05-26T17:00:00+00:00","author":{"@id":"https:\/\/www.gaveanews.com\/#\/schema\/person\/3b19f7288b0ce20372991275e4f2e6c2"},"breadcrumb":{"@id":"https:\/\/www.gaveanews.com\/index.php\/2025\/05\/26\/vinicius-jr-alisson-ederson-casemiro-marquinhos-bruno-guimaraes-raphinha-matheus-cunha-andrey-santos-os-jogadores-incontestaveis-que-podem-ser-convocados-por-ancelotti\/#breadcrumb"},"inLanguage":"pt-BR","potentialAction":[{"@type":"ReadAction","target":["https:\/\/www.gaveanews.com\/index.php\/2025\/05\/26\/vinicius-jr-alisson-ederson-casemiro-marquinhos-bruno-guimaraes-raphinha-matheus-cunha-andrey-santos-os-jogadores-incontestaveis-que-podem-ser-convocados-por-ancelotti\/"]}]},{"@type":"ImageObject","inLanguage":"pt-BR","@id":"https:\/\/www.gaveanews.com\/index.php\/2025\/05\/26\/vinicius-jr-alisson-ederson-casemiro-marquinhos-bruno-guimaraes-raphinha-matheus-cunha-andrey-santos-os-jogadores-incontestaveis-que-podem-ser-convocados-por-ancelotti\/#primaryimage","url":"https:\/\/www.gaveanews.com\/wp-content\/uploads\/Neymar-e-Vini-Jr-comemoram-gol-marcado-pela-Selecao-Brasileira-no-Maracana.webp","contentUrl":"https:\/\/www.gaveanews.com\/wp-content\/uploads\/Neymar-e-Vini-Jr-comemoram-gol-marcado-pela-Selecao-Brasileira-no-Maracana.webp","width":1008,"height":974,"caption":"Neymar e Vini Jr comemoram gol marcado pela Sele\u00e7\u00e3o Brasileira no Maracan\u00e3 (Foto: Andr\u00e9 Dur\u00e3o)"},{"@type":"BreadcrumbList","@id":"https:\/\/www.gaveanews.com\/index.php\/2025\/05\/26\/vinicius-jr-alisson-ederson-casemiro-marquinhos-bruno-guimaraes-raphinha-matheus-cunha-andrey-santos-os-jogadores-incontestaveis-que-podem-ser-convocados-por-ancelotti\/#breadcrumb","itemListElement":[{"@type":"ListItem","position":1,"name":"Home","item":"https:\/\/www.gaveanews.com\/"},{"@type":"ListItem","position":2,"name":"Vin\u00edcius Jr., Alisson, Ederson, Casemiro, Marquinhos, Bruno Guimar\u00e3es, Raphinha, Matheus Cunha, Andrey Santos: os jogadores incontest\u00e1veis que podem ser convocados por Ancelotti"}]},{"@type":"WebSite","@id":"https:\/\/www.gaveanews.com\/#website","url":"https:\/\/www.gaveanews.com\/","name":"G\u00e1vea News","description":"Veja todas as not\u00edcias sobre o Flamengo: Contrata\u00e7\u00f5es, categorias de base, resultados das partidas, tabela de classifica\u00e7\u00e3o, pr\u00f3ximos jogos!","potentialAction":[{"@type":"SearchAction","target":{"@type":"EntryPoint","urlTemplate":"https:\/\/www.gaveanews.com\/?s={search_term_string}"},"query-input":{"@type":"PropertyValueSpecification","valueRequired":true,"valueName":"search_term_string"}}],"inLanguage":"pt-BR"},{"@type":"Person","@id":"https:\/\/www.gaveanews.com\/#\/schema\/person\/3b19f7288b0ce20372991275e4f2e6c2","name":"Ana Teixeira","image":{"@type":"ImageObject","inLanguage":"pt-BR","@id":"https:\/\/www.gaveanews.com\/#\/schema\/person\/image\/","url":"https:\/\/secure.gravatar.com\/avatar\/0a73f5a5258f3fed37fc2fa641892f3f7a4748456d4d4792f9bc550e6c19e06c?s=96&d=mm&r=g","contentUrl":"https:\/\/secure.gravatar.com\/avatar\/0a73f5a5258f3fed37fc2fa641892f3f7a4748456d4d4792f9bc550e6c19e06c?s=96&d=mm&r=g","caption":"Ana Teixeira"}}]}},"_links":{"self":[{"href":"https:\/\/www.gaveanews.com\/index.php\/wp-json\/wp\/v2\/posts\/266883","targetHints":{"allow":["GET"]}}],"collection":[{"href":"https:\/\/www.gaveanews.com\/index.php\/wp-json\/wp\/v2\/posts"}],"about":[{"href":"https:\/\/www.gaveanews.com\/index.php\/wp-json\/wp\/v2\/types\/post"}],"author":[{"embeddable":true,"href":"https:\/\/www.gaveanews.com\/index.php\/wp-json\/wp\/v2\/users\/30"}],"replies":[{"embeddable":true,"href":"https:\/\/www.gaveanews.com\/index.php\/wp-json\/wp\/v2\/comments?post=266883"}],"version-history":[{"count":1,"href":"https:\/\/www.gaveanews.com\/index.php\/wp-json\/wp\/v2\/posts\/266883\/revisions"}],"predecessor-version":[{"id":266885,"href":"https:\/\/www.gaveanews.com\/index.php\/wp-json\/wp\/v2\/posts\/266883\/revisions\/266885"}],"wp:featuredmedia":[{"embeddable":true,"href":"https:\/\/www.gaveanews.com\/index.php\/wp-json\/wp\/v2\/media\/78922"}],"wp:attachment":[{"href":"https:\/\/www.gaveanews.com\/index.php\/wp-json\/wp\/v2\/media?parent=266883"}],"wp:term":[{"taxonomy":"category","embeddable":true,"href":"https:\/\/www.gaveanews.com\/index.php\/wp-json\/wp\/v2\/categories?post=266883"},{"taxonomy":"post_tag","embeddable":true,"href":"https:\/\/www.gaveanews.com\/index.php\/wp-json\/wp\/v2\/tags?post=266883"}],"curies":[{"name":"wp","href":"https:\/\/api.w.org\/{rel}","templated":true}]}}