{"id":266887,"date":"2025-05-26T14:05:00","date_gmt":"2025-05-26T17:05:00","guid":{"rendered":"https:\/\/www.gaveanews.com\/?p=266887"},"modified":"2025-05-26T12:55:08","modified_gmt":"2025-05-26T15:55:08","slug":"a-declaracao-de-ana-thais-direcionada-a-rossi-do-flamengo","status":"publish","type":"post","link":"https:\/\/www.gaveanews.com\/index.php\/2025\/05\/26\/a-declaracao-de-ana-thais-direcionada-a-rossi-do-flamengo\/","title":{"rendered":"A declara\u00e7\u00e3o de Ana Tha\u00eds direcionada a Rossi, do Flamengo"},"content":{"rendered":"\n<p>A atua\u00e7\u00e3o de Agust\u00edn Rossi no gol do Flamengo tem chamado a aten\u00e7\u00e3o de comentaristas e torcedores, principalmente ap\u00f3s sua participa\u00e7\u00e3o decisiva na vit\u00f3ria sobre o Palmeiras no Allianz Parque. O confronto, v\u00e1lido pela 10\u00aa rodada do Campeonato Brasileiro, serviu como vitrine para o momento t\u00e9cnico vivido pelo arqueiro argentino, que foi decisivo para garantir mais um resultado positivo para o time rubro-negro.<\/p>\n\n\n\n<p>Ana Tha\u00eds Matos, comentarista do Grupo Globo, fez quest\u00e3o de destacar publicamente a fase do goleiro. Em uma publica\u00e7\u00e3o nas redes sociais, ela afirmou que Rossi atravessa um momento &#8220;acima da m\u00e9dia&#8221;, ressaltando que o desempenho atual pode representar a melhor sequ\u00eancia de sua carreira. A jornalista refor\u00e7ou a opini\u00e3o tamb\u00e9m durante participa\u00e7\u00e3o na programa\u00e7\u00e3o esportiva da emissora.<\/p>\n\n\n\n<figure class=\"wp-block-image size-large\"><img loading=\"lazy\" decoding=\"async\" width=\"1024\" height=\"576\" src=\"http:\/\/www.gaveanews.com\/wp-content\/uploads\/Ana-Thais-Matos-jornalista-do-Sportv-1024x576.webp\" alt=\"\" class=\"wp-image-55460\" srcset=\"https:\/\/www.gaveanews.com\/wp-content\/uploads\/Ana-Thais-Matos-jornalista-do-Sportv-1024x576.webp 1024w, https:\/\/www.gaveanews.com\/wp-content\/uploads\/Ana-Thais-Matos-jornalista-do-Sportv-300x169.webp 300w, https:\/\/www.gaveanews.com\/wp-content\/uploads\/Ana-Thais-Matos-jornalista-do-Sportv-768x432.webp 768w, https:\/\/www.gaveanews.com\/wp-content\/uploads\/Ana-Thais-Matos-jornalista-do-Sportv-746x420.webp 746w, https:\/\/www.gaveanews.com\/wp-content\/uploads\/Ana-Thais-Matos-jornalista-do-Sportv-640x360.webp 640w, https:\/\/www.gaveanews.com\/wp-content\/uploads\/Ana-Thais-Matos-jornalista-do-Sportv-1280x721.webp 1280w, https:\/\/www.gaveanews.com\/wp-content\/uploads\/Ana-Thais-Matos-jornalista-do-Sportv-681x383.webp 681w, https:\/\/www.gaveanews.com\/wp-content\/uploads\/Ana-Thais-Matos-jornalista-do-Sportv-1362x767.webp 1362w, https:\/\/www.gaveanews.com\/wp-content\/uploads\/Ana-Thais-Matos-jornalista-do-Sportv-100x56.webp 100w, https:\/\/www.gaveanews.com\/wp-content\/uploads\/Ana-Thais-Matos-jornalista-do-Sportv.webp 1366w\" sizes=\"auto, (max-width: 1024px) 100vw, 1024px\" \/><figcaption class=\"wp-element-caption\">Ana Thais Mattos, jornalista do Sportv (Foto: Reprodu\u00e7\u00e3o)<\/figcaption><\/figure>\n\n\n\n<p>Atualmente, o Flamengo ostenta n\u00fameros expressivos tanto no ataque quanto na defesa. A equipe lidera em gols marcados, com 19 tentos em dez partidas, e sofreu apenas quatro gols nesse mesmo per\u00edodo. Dessa forma, apresenta m\u00e9dia de 0,4 gol sofrido por jogo, marca que o coloca como dono da defesa menos vazada da S\u00e9rie A.<\/p>\n\n\n\n<p>Rossi, por sua vez, acumula 24 jogos na temporada e foi vazado em apenas dez ocasi\u00f5es. O dado refor\u00e7a sua regularidade e seguran\u00e7a sob as traves. A consist\u00eancia \u00e9 um dos fatores que mais se destacam em seu desempenho, contribuindo diretamente para os bons resultados da equipe.<\/p>\n\n\n\n<p>Felipe Melo tamb\u00e9m abordou o assunto durante o programa <em>Fechamento<\/em>, do SporTV. O ex-volante seguiu a mesma linha de pensamento de Ana Tha\u00eds e cravou que Rossi \u00e9, hoje, o melhor goleiro do futebol brasileiro. \u201cO que ele tem feito com as m\u00e3os e os p\u00e9s, defendendo p\u00eanaltis, milagres&#8230;\u201d, comentou. \u201cQuando o Flamengo precisa, o advers\u00e1rio sabe que depois da boa zaga, tem um goleiro que vai penar para fazer gol\u201d, completou.<\/p>\n\n\n\n<p>O reconhecimento coletivo evidencia a crescente import\u00e2ncia de Rossi no atual elenco rubro-negro. Mais do que boas estat\u00edsticas, ele vem se destacando por decis\u00f5es certeiras em momentos cruciais, caracter\u00edstica valorizada em competi\u00e7\u00f5es de alto n\u00edvel. A an\u00e1lise de especialistas como Ana Tha\u00eds e Felipe Melo endossa essa vis\u00e3o e refor\u00e7a o impacto do goleiro nas conquistas recentes do time carioca.<\/p>\n","protected":false},"excerpt":{"rendered":"<p>A atua\u00e7\u00e3o de Agust\u00edn Rossi no gol do Flamengo tem chamado a aten\u00e7\u00e3o de comentaristas e torcedores, principalmente ap\u00f3s sua participa\u00e7\u00e3o decisiva na vit\u00f3ria sobre o Palmeiras no Allianz Parque. O confronto, v\u00e1lido pela 10\u00aa rodada do Campeonato Brasileiro, serviu como vitrine para o momento t\u00e9cnico vivido pelo arqueiro argentino, que foi decisivo para garantir [&hellip;]<\/p>\n","protected":false},"author":27,"featured_media":149542,"comment_status":"open","ping_status":"closed","sticky":false,"template":"","format":"standard","meta":{"footnotes":""},"categories":[1],"tags":[],"class_list":["post-266887","post","type-post","status-publish","format-standard","has-post-thumbnail","hentry","category-flamengo"],"yoast_head":"<!-- This site is optimized with the Yoast SEO Premium plugin v24.2 (Yoast SEO v26.9) - https:\/\/yoast.com\/product\/yoast-seo-premium-wordpress\/ -->\n<title>A declara\u00e7\u00e3o de Ana Tha\u00eds direcionada a Rossi, do Flamengo<\/title>\n<meta name=\"robots\" content=\"index, follow, max-snippet:-1, max-image-preview:large, max-video-preview:-1\" \/>\n<link rel=\"canonical\" href=\"https:\/\/www.gaveanews.com\/index.php\/2025\/05\/26\/a-declaracao-de-ana-thais-direcionada-a-rossi-do-flamengo\/\" \/>\n<meta property=\"og:locale\" content=\"pt_BR\" \/>\n<meta property=\"og:type\" content=\"article\" \/>\n<meta property=\"og:title\" content=\"A declara\u00e7\u00e3o de Ana Tha\u00eds direcionada a Rossi, do Flamengo\" \/>\n<meta property=\"og:description\" content=\"A atua\u00e7\u00e3o de Agust\u00edn Rossi no gol do Flamengo tem chamado a aten\u00e7\u00e3o de comentaristas e torcedores, principalmente ap\u00f3s sua participa\u00e7\u00e3o decisiva na vit\u00f3ria sobre o Palmeiras no Allianz Parque. O confronto, v\u00e1lido pela 10\u00aa rodada do Campeonato Brasileiro, serviu como vitrine para o momento t\u00e9cnico vivido pelo arqueiro argentino, que foi decisivo para garantir [&hellip;]\" \/>\n<meta property=\"og:url\" content=\"https:\/\/www.gaveanews.com\/index.php\/2025\/05\/26\/a-declaracao-de-ana-thais-direcionada-a-rossi-do-flamengo\/\" \/>\n<meta property=\"og:site_name\" content=\"G\u00e1vea News\" \/>\n<meta property=\"article:publisher\" content=\"https:\/\/facebook.com\/gaveaNews\/\" \/>\n<meta property=\"article:published_time\" content=\"2025-05-26T17:05:00+00:00\" \/>\n<meta property=\"og:image\" content=\"https:\/\/www.gaveanews.com\/wp-content\/uploads\/Rossi_flamengo_Jaconi-1024x683-1.webp\" \/>\n\t<meta property=\"og:image:width\" content=\"1024\" \/>\n\t<meta property=\"og:image:height\" content=\"683\" \/>\n\t<meta property=\"og:image:type\" content=\"image\/webp\" \/>\n<meta name=\"author\" content=\"Matheus Felipe\" \/>\n<meta name=\"twitter:card\" content=\"summary_large_image\" \/>\n<meta name=\"twitter:label1\" content=\"Escrito por\" \/>\n\t<meta name=\"twitter:data1\" content=\"Matheus Felipe\" \/>\n\t<meta name=\"twitter:label2\" content=\"Est. tempo de leitura\" \/>\n\t<meta name=\"twitter:data2\" content=\"3 minutos\" \/>\n<script type=\"application\/ld+json\" class=\"yoast-schema-graph\">{\"@context\":\"https:\/\/schema.org\",\"@graph\":[{\"@type\":\"NewsArticle\",\"@id\":\"https:\/\/www.gaveanews.com\/index.php\/2025\/05\/26\/a-declaracao-de-ana-thais-direcionada-a-rossi-do-flamengo\/#article\",\"isPartOf\":{\"@id\":\"https:\/\/www.gaveanews.com\/index.php\/2025\/05\/26\/a-declaracao-de-ana-thais-direcionada-a-rossi-do-flamengo\/\"},\"author\":{\"name\":\"Matheus Felipe\",\"@id\":\"https:\/\/www.gaveanews.com\/#\/schema\/person\/8207cd4627f56151707418bfc835b2fb\"},\"headline\":\"A declara\u00e7\u00e3o de Ana Tha\u00eds direcionada a Rossi, do Flamengo\",\"datePublished\":\"2025-05-26T17:05:00+00:00\",\"mainEntityOfPage\":{\"@id\":\"https:\/\/www.gaveanews.com\/index.php\/2025\/05\/26\/a-declaracao-de-ana-thais-direcionada-a-rossi-do-flamengo\/\"},\"wordCount\":412,\"commentCount\":0,\"image\":{\"@id\":\"https:\/\/www.gaveanews.com\/index.php\/2025\/05\/26\/a-declaracao-de-ana-thais-direcionada-a-rossi-do-flamengo\/#primaryimage\"},\"thumbnailUrl\":\"https:\/\/www.gaveanews.com\/wp-content\/uploads\/Rossi_flamengo_Jaconi-1024x683-1.webp\",\"articleSection\":[\"Flamengo\"],\"inLanguage\":\"pt-BR\",\"potentialAction\":[{\"@type\":\"CommentAction\",\"name\":\"Comment\",\"target\":[\"https:\/\/www.gaveanews.com\/index.php\/2025\/05\/26\/a-declaracao-de-ana-thais-direcionada-a-rossi-do-flamengo\/#respond\"]}],\"copyrightYear\":\"2025\",\"copyrightHolder\":{\"@id\":\"https:\/\/www.gaveanews.com\/#organization\"}},{\"@type\":\"WebPage\",\"@id\":\"https:\/\/www.gaveanews.com\/index.php\/2025\/05\/26\/a-declaracao-de-ana-thais-direcionada-a-rossi-do-flamengo\/\",\"url\":\"https:\/\/www.gaveanews.com\/index.php\/2025\/05\/26\/a-declaracao-de-ana-thais-direcionada-a-rossi-do-flamengo\/\",\"name\":\"A declara\u00e7\u00e3o de Ana Tha\u00eds direcionada a Rossi, do Flamengo\",\"isPartOf\":{\"@id\":\"https:\/\/www.gaveanews.com\/#website\"},\"primaryImageOfPage\":{\"@id\":\"https:\/\/www.gaveanews.com\/index.php\/2025\/05\/26\/a-declaracao-de-ana-thais-direcionada-a-rossi-do-flamengo\/#primaryimage\"},\"image\":{\"@id\":\"https:\/\/www.gaveanews.com\/index.php\/2025\/05\/26\/a-declaracao-de-ana-thais-direcionada-a-rossi-do-flamengo\/#primaryimage\"},\"thumbnailUrl\":\"https:\/\/www.gaveanews.com\/wp-content\/uploads\/Rossi_flamengo_Jaconi-1024x683-1.webp\",\"datePublished\":\"2025-05-26T17:05:00+00:00\",\"author\":{\"@id\":\"https:\/\/www.gaveanews.com\/#\/schema\/person\/8207cd4627f56151707418bfc835b2fb\"},\"breadcrumb\":{\"@id\":\"https:\/\/www.gaveanews.com\/index.php\/2025\/05\/26\/a-declaracao-de-ana-thais-direcionada-a-rossi-do-flamengo\/#breadcrumb\"},\"inLanguage\":\"pt-BR\",\"potentialAction\":[{\"@type\":\"ReadAction\",\"target\":[\"https:\/\/www.gaveanews.com\/index.php\/2025\/05\/26\/a-declaracao-de-ana-thais-direcionada-a-rossi-do-flamengo\/\"]}]},{\"@type\":\"ImageObject\",\"inLanguage\":\"pt-BR\",\"@id\":\"https:\/\/www.gaveanews.com\/index.php\/2025\/05\/26\/a-declaracao-de-ana-thais-direcionada-a-rossi-do-flamengo\/#primaryimage\",\"url\":\"https:\/\/www.gaveanews.com\/wp-content\/uploads\/Rossi_flamengo_Jaconi-1024x683-1.webp\",\"contentUrl\":\"https:\/\/www.gaveanews.com\/wp-content\/uploads\/Rossi_flamengo_Jaconi-1024x683-1.webp\",\"width\":1024,\"height\":683,\"caption\":\"Foto: Marcelo Cortes\"},{\"@type\":\"BreadcrumbList\",\"@id\":\"https:\/\/www.gaveanews.com\/index.php\/2025\/05\/26\/a-declaracao-de-ana-thais-direcionada-a-rossi-do-flamengo\/#breadcrumb\",\"itemListElement\":[{\"@type\":\"ListItem\",\"position\":1,\"name\":\"Home\",\"item\":\"https:\/\/www.gaveanews.com\/\"},{\"@type\":\"ListItem\",\"position\":2,\"name\":\"A declara\u00e7\u00e3o de Ana Tha\u00eds direcionada a Rossi, do Flamengo\"}]},{\"@type\":\"WebSite\",\"@id\":\"https:\/\/www.gaveanews.com\/#website\",\"url\":\"https:\/\/www.gaveanews.com\/\",\"name\":\"G\u00e1vea News\",\"description\":\"Veja todas as not\u00edcias sobre o Flamengo: Contrata\u00e7\u00f5es, categorias de base, resultados das partidas, tabela de classifica\u00e7\u00e3o, pr\u00f3ximos jogos!\",\"potentialAction\":[{\"@type\":\"SearchAction\",\"target\":{\"@type\":\"EntryPoint\",\"urlTemplate\":\"https:\/\/www.gaveanews.com\/?s={search_term_string}\"},\"query-input\":{\"@type\":\"PropertyValueSpecification\",\"valueRequired\":true,\"valueName\":\"search_term_string\"}}],\"inLanguage\":\"pt-BR\"},{\"@type\":\"Person\",\"@id\":\"https:\/\/www.gaveanews.com\/#\/schema\/person\/8207cd4627f56151707418bfc835b2fb\",\"name\":\"Matheus Felipe\",\"image\":{\"@type\":\"ImageObject\",\"inLanguage\":\"pt-BR\",\"@id\":\"https:\/\/www.gaveanews.com\/#\/schema\/person\/image\/\",\"url\":\"https:\/\/secure.gravatar.com\/avatar\/a452ffbed9130f726358b298bb3a99ce4bd3c5338411f8440e87e14d74c7c087?s=96&d=mm&r=g\",\"contentUrl\":\"https:\/\/secure.gravatar.com\/avatar\/a452ffbed9130f726358b298bb3a99ce4bd3c5338411f8440e87e14d74c7c087?s=96&d=mm&r=g\",\"caption\":\"Matheus Felipe\"}}]}<\/script>\n<!-- \/ Yoast SEO Premium plugin. -->","yoast_head_json":{"title":"A declara\u00e7\u00e3o de Ana Tha\u00eds direcionada a Rossi, do Flamengo","robots":{"index":"index","follow":"follow","max-snippet":"max-snippet:-1","max-image-preview":"max-image-preview:large","max-video-preview":"max-video-preview:-1"},"canonical":"https:\/\/www.gaveanews.com\/index.php\/2025\/05\/26\/a-declaracao-de-ana-thais-direcionada-a-rossi-do-flamengo\/","og_locale":"pt_BR","og_type":"article","og_title":"A declara\u00e7\u00e3o de Ana Tha\u00eds direcionada a Rossi, do Flamengo","og_description":"A atua\u00e7\u00e3o de Agust\u00edn Rossi no gol do Flamengo tem chamado a aten\u00e7\u00e3o de comentaristas e torcedores, principalmente ap\u00f3s sua participa\u00e7\u00e3o decisiva na vit\u00f3ria sobre o Palmeiras no Allianz Parque. O confronto, v\u00e1lido pela 10\u00aa rodada do Campeonato Brasileiro, serviu como vitrine para o momento t\u00e9cnico vivido pelo arqueiro argentino, que foi decisivo para garantir [&hellip;]","og_url":"https:\/\/www.gaveanews.com\/index.php\/2025\/05\/26\/a-declaracao-de-ana-thais-direcionada-a-rossi-do-flamengo\/","og_site_name":"G\u00e1vea News","article_publisher":"https:\/\/facebook.com\/gaveaNews\/","article_published_time":"2025-05-26T17:05:00+00:00","og_image":[{"width":1024,"height":683,"url":"https:\/\/www.gaveanews.com\/wp-content\/uploads\/Rossi_flamengo_Jaconi-1024x683-1.webp","type":"image\/webp"}],"author":"Matheus Felipe","twitter_card":"summary_large_image","twitter_misc":{"Escrito por":"Matheus Felipe","Est. tempo de leitura":"3 minutos"},"schema":{"@context":"https:\/\/schema.org","@graph":[{"@type":"NewsArticle","@id":"https:\/\/www.gaveanews.com\/index.php\/2025\/05\/26\/a-declaracao-de-ana-thais-direcionada-a-rossi-do-flamengo\/#article","isPartOf":{"@id":"https:\/\/www.gaveanews.com\/index.php\/2025\/05\/26\/a-declaracao-de-ana-thais-direcionada-a-rossi-do-flamengo\/"},"author":{"name":"Matheus Felipe","@id":"https:\/\/www.gaveanews.com\/#\/schema\/person\/8207cd4627f56151707418bfc835b2fb"},"headline":"A declara\u00e7\u00e3o de Ana Tha\u00eds direcionada a Rossi, do Flamengo","datePublished":"2025-05-26T17:05:00+00:00","mainEntityOfPage":{"@id":"https:\/\/www.gaveanews.com\/index.php\/2025\/05\/26\/a-declaracao-de-ana-thais-direcionada-a-rossi-do-flamengo\/"},"wordCount":412,"commentCount":0,"image":{"@id":"https:\/\/www.gaveanews.com\/index.php\/2025\/05\/26\/a-declaracao-de-ana-thais-direcionada-a-rossi-do-flamengo\/#primaryimage"},"thumbnailUrl":"https:\/\/www.gaveanews.com\/wp-content\/uploads\/Rossi_flamengo_Jaconi-1024x683-1.webp","articleSection":["Flamengo"],"inLanguage":"pt-BR","potentialAction":[{"@type":"CommentAction","name":"Comment","target":["https:\/\/www.gaveanews.com\/index.php\/2025\/05\/26\/a-declaracao-de-ana-thais-direcionada-a-rossi-do-flamengo\/#respond"]}],"copyrightYear":"2025","copyrightHolder":{"@id":"https:\/\/www.gaveanews.com\/#organization"}},{"@type":"WebPage","@id":"https:\/\/www.gaveanews.com\/index.php\/2025\/05\/26\/a-declaracao-de-ana-thais-direcionada-a-rossi-do-flamengo\/","url":"https:\/\/www.gaveanews.com\/index.php\/2025\/05\/26\/a-declaracao-de-ana-thais-direcionada-a-rossi-do-flamengo\/","name":"A declara\u00e7\u00e3o de Ana Tha\u00eds direcionada a Rossi, do Flamengo","isPartOf":{"@id":"https:\/\/www.gaveanews.com\/#website"},"primaryImageOfPage":{"@id":"https:\/\/www.gaveanews.com\/index.php\/2025\/05\/26\/a-declaracao-de-ana-thais-direcionada-a-rossi-do-flamengo\/#primaryimage"},"image":{"@id":"https:\/\/www.gaveanews.com\/index.php\/2025\/05\/26\/a-declaracao-de-ana-thais-direcionada-a-rossi-do-flamengo\/#primaryimage"},"thumbnailUrl":"https:\/\/www.gaveanews.com\/wp-content\/uploads\/Rossi_flamengo_Jaconi-1024x683-1.webp","datePublished":"2025-05-26T17:05:00+00:00","author":{"@id":"https:\/\/www.gaveanews.com\/#\/schema\/person\/8207cd4627f56151707418bfc835b2fb"},"breadcrumb":{"@id":"https:\/\/www.gaveanews.com\/index.php\/2025\/05\/26\/a-declaracao-de-ana-thais-direcionada-a-rossi-do-flamengo\/#breadcrumb"},"inLanguage":"pt-BR","potentialAction":[{"@type":"ReadAction","target":["https:\/\/www.gaveanews.com\/index.php\/2025\/05\/26\/a-declaracao-de-ana-thais-direcionada-a-rossi-do-flamengo\/"]}]},{"@type":"ImageObject","inLanguage":"pt-BR","@id":"https:\/\/www.gaveanews.com\/index.php\/2025\/05\/26\/a-declaracao-de-ana-thais-direcionada-a-rossi-do-flamengo\/#primaryimage","url":"https:\/\/www.gaveanews.com\/wp-content\/uploads\/Rossi_flamengo_Jaconi-1024x683-1.webp","contentUrl":"https:\/\/www.gaveanews.com\/wp-content\/uploads\/Rossi_flamengo_Jaconi-1024x683-1.webp","width":1024,"height":683,"caption":"Foto: Marcelo Cortes"},{"@type":"BreadcrumbList","@id":"https:\/\/www.gaveanews.com\/index.php\/2025\/05\/26\/a-declaracao-de-ana-thais-direcionada-a-rossi-do-flamengo\/#breadcrumb","itemListElement":[{"@type":"ListItem","position":1,"name":"Home","item":"https:\/\/www.gaveanews.com\/"},{"@type":"ListItem","position":2,"name":"A declara\u00e7\u00e3o de Ana Tha\u00eds direcionada a Rossi, do Flamengo"}]},{"@type":"WebSite","@id":"https:\/\/www.gaveanews.com\/#website","url":"https:\/\/www.gaveanews.com\/","name":"G\u00e1vea News","description":"Veja todas as not\u00edcias sobre o Flamengo: Contrata\u00e7\u00f5es, categorias de base, resultados das partidas, tabela de classifica\u00e7\u00e3o, pr\u00f3ximos jogos!","potentialAction":[{"@type":"SearchAction","target":{"@type":"EntryPoint","urlTemplate":"https:\/\/www.gaveanews.com\/?s={search_term_string}"},"query-input":{"@type":"PropertyValueSpecification","valueRequired":true,"valueName":"search_term_string"}}],"inLanguage":"pt-BR"},{"@type":"Person","@id":"https:\/\/www.gaveanews.com\/#\/schema\/person\/8207cd4627f56151707418bfc835b2fb","name":"Matheus Felipe","image":{"@type":"ImageObject","inLanguage":"pt-BR","@id":"https:\/\/www.gaveanews.com\/#\/schema\/person\/image\/","url":"https:\/\/secure.gravatar.com\/avatar\/a452ffbed9130f726358b298bb3a99ce4bd3c5338411f8440e87e14d74c7c087?s=96&d=mm&r=g","contentUrl":"https:\/\/secure.gravatar.com\/avatar\/a452ffbed9130f726358b298bb3a99ce4bd3c5338411f8440e87e14d74c7c087?s=96&d=mm&r=g","caption":"Matheus Felipe"}}]}},"_links":{"self":[{"href":"https:\/\/www.gaveanews.com\/index.php\/wp-json\/wp\/v2\/posts\/266887","targetHints":{"allow":["GET"]}}],"collection":[{"href":"https:\/\/www.gaveanews.com\/index.php\/wp-json\/wp\/v2\/posts"}],"about":[{"href":"https:\/\/www.gaveanews.com\/index.php\/wp-json\/wp\/v2\/types\/post"}],"author":[{"embeddable":true,"href":"https:\/\/www.gaveanews.com\/index.php\/wp-json\/wp\/v2\/users\/27"}],"replies":[{"embeddable":true,"href":"https:\/\/www.gaveanews.com\/index.php\/wp-json\/wp\/v2\/comments?post=266887"}],"version-history":[{"count":1,"href":"https:\/\/www.gaveanews.com\/index.php\/wp-json\/wp\/v2\/posts\/266887\/revisions"}],"predecessor-version":[{"id":266891,"href":"https:\/\/www.gaveanews.com\/index.php\/wp-json\/wp\/v2\/posts\/266887\/revisions\/266891"}],"wp:featuredmedia":[{"embeddable":true,"href":"https:\/\/www.gaveanews.com\/index.php\/wp-json\/wp\/v2\/media\/149542"}],"wp:attachment":[{"href":"https:\/\/www.gaveanews.com\/index.php\/wp-json\/wp\/v2\/media?parent=266887"}],"wp:term":[{"taxonomy":"category","embeddable":true,"href":"https:\/\/www.gaveanews.com\/index.php\/wp-json\/wp\/v2\/categories?post=266887"},{"taxonomy":"post_tag","embeddable":true,"href":"https:\/\/www.gaveanews.com\/index.php\/wp-json\/wp\/v2\/tags?post=266887"}],"curies":[{"name":"wp","href":"https:\/\/api.w.org\/{rel}","templated":true}]}}