{"id":266971,"date":"2025-05-26T17:45:00","date_gmt":"2025-05-26T20:45:00","guid":{"rendered":"https:\/\/www.gaveanews.com\/?p=266971"},"modified":"2025-05-26T16:17:56","modified_gmt":"2025-05-26T19:17:56","slug":"palmeiras-liga-alerta-para-retrospecto-negativo-na-temporada","status":"publish","type":"post","link":"https:\/\/www.gaveanews.com\/index.php\/2025\/05\/26\/palmeiras-liga-alerta-para-retrospecto-negativo-na-temporada\/","title":{"rendered":"Palmeiras liga alerta para retrospecto negativo na temporada"},"content":{"rendered":"\n<p>O Palmeiras voltou a sofrer com um problema recorrente: a inefic\u00e1cia nas cobran\u00e7as de p\u00eanaltis. A derrota por 2 a 0 para o Flamengo no \u00faltimo domingo (25), pela d\u00e9cima rodada do Campeonato Brasileiro, exp\u00f4s uma dificuldade que j\u00e1 havia comprometido o desempenho da equipe em outras partidas decisivas nesta temporada.<\/p>\n\n\n\n<p>At\u00e9 aqui, o time realizou oito cobran\u00e7as de penalidades em 2025 e desperdi\u00e7ou quatro. Dessas, tr\u00eas ocorreram em jogos de relev\u00e2ncia: nos acr\u00e9scimos do cl\u00e1ssico contra o Corinthians, ainda na primeira fase do Campeonato Paulista; na final do Estadual, tamb\u00e9m diante do rival alvinegro; e, mais recentemente, na partida contra os cariocas no Allianz Parque.<\/p>\n\n\n\n<h2 class=\"wp-block-heading\" id=\"h-repercussao-interna-e-postura-do-comando-tecnico\">Repercuss\u00e3o interna e postura do comando t\u00e9cnico<\/h2>\n\n\n\n<p>A recorr\u00eancia dos erros motivou declara\u00e7\u00f5es incisivas da comiss\u00e3o t\u00e9cnica. O auxiliar Jo\u00e3o Martins, que substituiu Abel Ferreira na beira do campo, foi direto ao comentar a falha mais recente: <\/p>\n\n\n\n<p>\u201cTemos que melhorar. O p\u00eanalti \u00e9 a maior chance de gol no futebol e o momento mais flagrante em um jogo. Temos que ser eficazes\u201d, afirmou, cobrando mais trabalho e seriedade em um fundamento que pode decidir competi\u00e7\u00f5es.<\/p>\n\n\n\n<p>Embora tenha reconhecido a hist\u00f3rica consist\u00eancia de Raphael Veiga \u2014 autor de 23 acertos consecutivos anteriormente \u2014, Martins destacou que n\u00e3o h\u00e1 justificativas para os erros. \u201cQuatro em oito (perdidos), n\u00e3o foi? Temos que trabalhar mais\u201d, complementou.<\/p>\n\n\n\n<h2 class=\"wp-block-heading\" id=\"h-historico-recente-e-desempenho-dos-cobradores\">Hist\u00f3rico recente e desempenho dos cobradores<\/h2>\n\n\n\n<p>A temporada atual revela uma altern\u00e2ncia entre acertos e falhas. Veiga converteu um p\u00eanalti contra o S\u00e3o Paulo na semifinal do Paulista, mas falhou na final contra o Corinthians. Est\u00eav\u00e3o, outro cobrador, desperdi\u00e7ou suas duas chances \u2014 uma contra o mesmo rival na decis\u00e3o estadual e outra diante do Cear\u00e1. <\/p>\n\n\n\n<p>J\u00e1 Piquerez teve aproveitamento dividido: marcou diante de Sport e Sporting Cristal, mas errou contra o Flamengo. Por fim, Flaco L\u00f3pez balan\u00e7ou as redes apenas uma vez, tamb\u00e9m contra o Sport.<\/p>\n\n\n\n<p>O hist\u00f3rico recente em disputas de penalidades m\u00e1ximas \u00e9 igualmente preocupante. Desde que Abel Ferreira assumiu o comando, o clube venceu apenas uma das oito decis\u00f5es por p\u00eanaltis \u2014 amargando sete elimina\u00e7\u00f5es. No recorte mais amplo, foram duas vit\u00f3rias nas \u00faltimas dez s\u00e9ries de cobran\u00e7as.<\/p>\n\n\n\n<h2 class=\"wp-block-heading\" id=\"h-proximos-compromissos-e-foco-redobrado\">Pr\u00f3ximos compromissos e foco redobrado<\/h2>\n\n\n\n<p>Apesar do rev\u00e9s no Brasileir\u00e3o, o Palmeiras segue na lideran\u00e7a da tabela. O pr\u00f3ximo desafio ser\u00e1 diante do Cruzeiro, no domingo (1\u00ba de junho), no Mineir\u00e3o, em partida que marcar\u00e1 a despedida da equipe da competi\u00e7\u00e3o antes da viagem para a disputa da Copa do Mundo de Clubes. <\/p>\n\n\n\n<p>Antes disso, na quarta-feira (28), o Verd\u00e3o enfrentar\u00e1 o Sporting Cristal pela \u00faltima rodada da fase de grupos da Libertadores. A equipe j\u00e1 garantiu a melhor campanha da etapa classificat\u00f3ria.<\/p>\n\n\n\n<p>Com a aproxima\u00e7\u00e3o dos torneios decisivos, a efici\u00eancia nas penalidades passou a ser tratada como prioridade nos treinamentos. Afinal, a recorr\u00eancia dos erros evidencia uma fragilidade t\u00e9cnica que, caso n\u00e3o seja corrigida, pode comprometer o planejamento da equipe na sequ\u00eancia da temporada.<\/p>\n","protected":false},"excerpt":{"rendered":"<p>O Palmeiras voltou a sofrer com um problema recorrente: a inefic\u00e1cia nas cobran\u00e7as de p\u00eanaltis. A derrota por 2 a 0 para o Flamengo no \u00faltimo domingo (25), pela d\u00e9cima rodada do Campeonato Brasileiro, exp\u00f4s uma dificuldade que j\u00e1 havia comprometido o desempenho da equipe em outras partidas decisivas nesta temporada. At\u00e9 aqui, o time [&hellip;]<\/p>\n","protected":false},"author":30,"featured_media":155182,"comment_status":"open","ping_status":"closed","sticky":false,"template":"","format":"standard","meta":{"footnotes":""},"categories":[150],"tags":[],"class_list":["post-266971","post","type-post","status-publish","format-standard","has-post-thumbnail","hentry","category-palmeiras"],"yoast_head":"<!-- This site is optimized with the Yoast SEO Premium plugin v24.2 (Yoast SEO v26.9) - https:\/\/yoast.com\/product\/yoast-seo-premium-wordpress\/ -->\n<title>Palmeiras liga alerta para retrospecto negativo na temporada<\/title>\n<meta name=\"robots\" content=\"index, follow, max-snippet:-1, max-image-preview:large, max-video-preview:-1\" \/>\n<link rel=\"canonical\" href=\"https:\/\/www.gaveanews.com\/index.php\/2025\/05\/26\/palmeiras-liga-alerta-para-retrospecto-negativo-na-temporada\/\" \/>\n<meta property=\"og:locale\" content=\"pt_BR\" \/>\n<meta property=\"og:type\" content=\"article\" \/>\n<meta property=\"og:title\" content=\"Palmeiras liga alerta para retrospecto negativo na temporada\" \/>\n<meta property=\"og:description\" content=\"O Palmeiras voltou a sofrer com um problema recorrente: a inefic\u00e1cia nas cobran\u00e7as de p\u00eanaltis. A derrota por 2 a 0 para o Flamengo no \u00faltimo domingo (25), pela d\u00e9cima rodada do Campeonato Brasileiro, exp\u00f4s uma dificuldade que j\u00e1 havia comprometido o desempenho da equipe em outras partidas decisivas nesta temporada. At\u00e9 aqui, o time [&hellip;]\" \/>\n<meta property=\"og:url\" content=\"https:\/\/www.gaveanews.com\/index.php\/2025\/05\/26\/palmeiras-liga-alerta-para-retrospecto-negativo-na-temporada\/\" \/>\n<meta property=\"og:site_name\" content=\"G\u00e1vea News\" \/>\n<meta property=\"article:publisher\" content=\"https:\/\/facebook.com\/gaveaNews\/\" \/>\n<meta property=\"article:published_time\" content=\"2025-05-26T20:45:00+00:00\" \/>\n<meta property=\"og:image\" content=\"https:\/\/www.gaveanews.com\/wp-content\/uploads\/Allianz-Parque-estadio-do-Palmeiras.webp\" \/>\n\t<meta property=\"og:image:width\" content=\"1023\" \/>\n\t<meta property=\"og:image:height\" content=\"767\" \/>\n\t<meta property=\"og:image:type\" content=\"image\/webp\" \/>\n<meta name=\"author\" content=\"Ana Teixeira\" \/>\n<meta name=\"twitter:card\" content=\"summary_large_image\" \/>\n<meta name=\"twitter:label1\" content=\"Escrito por\" \/>\n\t<meta name=\"twitter:data1\" content=\"Ana Teixeira\" \/>\n\t<meta name=\"twitter:label2\" content=\"Est. tempo de leitura\" \/>\n\t<meta name=\"twitter:data2\" content=\"3 minutos\" \/>\n<script type=\"application\/ld+json\" class=\"yoast-schema-graph\">{\"@context\":\"https:\/\/schema.org\",\"@graph\":[{\"@type\":\"NewsArticle\",\"@id\":\"https:\/\/www.gaveanews.com\/index.php\/2025\/05\/26\/palmeiras-liga-alerta-para-retrospecto-negativo-na-temporada\/#article\",\"isPartOf\":{\"@id\":\"https:\/\/www.gaveanews.com\/index.php\/2025\/05\/26\/palmeiras-liga-alerta-para-retrospecto-negativo-na-temporada\/\"},\"author\":{\"name\":\"Ana Teixeira\",\"@id\":\"https:\/\/www.gaveanews.com\/#\/schema\/person\/3b19f7288b0ce20372991275e4f2e6c2\"},\"headline\":\"Palmeiras liga alerta para retrospecto negativo na temporada\",\"datePublished\":\"2025-05-26T20:45:00+00:00\",\"mainEntityOfPage\":{\"@id\":\"https:\/\/www.gaveanews.com\/index.php\/2025\/05\/26\/palmeiras-liga-alerta-para-retrospecto-negativo-na-temporada\/\"},\"wordCount\":529,\"commentCount\":0,\"image\":{\"@id\":\"https:\/\/www.gaveanews.com\/index.php\/2025\/05\/26\/palmeiras-liga-alerta-para-retrospecto-negativo-na-temporada\/#primaryimage\"},\"thumbnailUrl\":\"https:\/\/www.gaveanews.com\/wp-content\/uploads\/Allianz-Parque-estadio-do-Palmeiras.webp\",\"articleSection\":[\"Palmeiras\"],\"inLanguage\":\"pt-BR\",\"potentialAction\":[{\"@type\":\"CommentAction\",\"name\":\"Comment\",\"target\":[\"https:\/\/www.gaveanews.com\/index.php\/2025\/05\/26\/palmeiras-liga-alerta-para-retrospecto-negativo-na-temporada\/#respond\"]}],\"copyrightYear\":\"2025\",\"copyrightHolder\":{\"@id\":\"https:\/\/www.gaveanews.com\/#organization\"}},{\"@type\":\"WebPage\",\"@id\":\"https:\/\/www.gaveanews.com\/index.php\/2025\/05\/26\/palmeiras-liga-alerta-para-retrospecto-negativo-na-temporada\/\",\"url\":\"https:\/\/www.gaveanews.com\/index.php\/2025\/05\/26\/palmeiras-liga-alerta-para-retrospecto-negativo-na-temporada\/\",\"name\":\"Palmeiras liga alerta para retrospecto negativo na temporada\",\"isPartOf\":{\"@id\":\"https:\/\/www.gaveanews.com\/#website\"},\"primaryImageOfPage\":{\"@id\":\"https:\/\/www.gaveanews.com\/index.php\/2025\/05\/26\/palmeiras-liga-alerta-para-retrospecto-negativo-na-temporada\/#primaryimage\"},\"image\":{\"@id\":\"https:\/\/www.gaveanews.com\/index.php\/2025\/05\/26\/palmeiras-liga-alerta-para-retrospecto-negativo-na-temporada\/#primaryimage\"},\"thumbnailUrl\":\"https:\/\/www.gaveanews.com\/wp-content\/uploads\/Allianz-Parque-estadio-do-Palmeiras.webp\",\"datePublished\":\"2025-05-26T20:45:00+00:00\",\"author\":{\"@id\":\"https:\/\/www.gaveanews.com\/#\/schema\/person\/3b19f7288b0ce20372991275e4f2e6c2\"},\"breadcrumb\":{\"@id\":\"https:\/\/www.gaveanews.com\/index.php\/2025\/05\/26\/palmeiras-liga-alerta-para-retrospecto-negativo-na-temporada\/#breadcrumb\"},\"inLanguage\":\"pt-BR\",\"potentialAction\":[{\"@type\":\"ReadAction\",\"target\":[\"https:\/\/www.gaveanews.com\/index.php\/2025\/05\/26\/palmeiras-liga-alerta-para-retrospecto-negativo-na-temporada\/\"]}]},{\"@type\":\"ImageObject\",\"inLanguage\":\"pt-BR\",\"@id\":\"https:\/\/www.gaveanews.com\/index.php\/2025\/05\/26\/palmeiras-liga-alerta-para-retrospecto-negativo-na-temporada\/#primaryimage\",\"url\":\"https:\/\/www.gaveanews.com\/wp-content\/uploads\/Allianz-Parque-estadio-do-Palmeiras.webp\",\"contentUrl\":\"https:\/\/www.gaveanews.com\/wp-content\/uploads\/Allianz-Parque-estadio-do-Palmeiras.webp\",\"width\":1023,\"height\":767,\"caption\":\"Allianz Parque, est\u00e1dio do Palmeiras (Foto: Reprodu\u00e7\u00e3o\/Palmeiras)\"},{\"@type\":\"BreadcrumbList\",\"@id\":\"https:\/\/www.gaveanews.com\/index.php\/2025\/05\/26\/palmeiras-liga-alerta-para-retrospecto-negativo-na-temporada\/#breadcrumb\",\"itemListElement\":[{\"@type\":\"ListItem\",\"position\":1,\"name\":\"Home\",\"item\":\"https:\/\/www.gaveanews.com\/\"},{\"@type\":\"ListItem\",\"position\":2,\"name\":\"Palmeiras liga alerta para retrospecto negativo na temporada\"}]},{\"@type\":\"WebSite\",\"@id\":\"https:\/\/www.gaveanews.com\/#website\",\"url\":\"https:\/\/www.gaveanews.com\/\",\"name\":\"G\u00e1vea News\",\"description\":\"Veja todas as not\u00edcias sobre o Flamengo: Contrata\u00e7\u00f5es, categorias de base, resultados das partidas, tabela de classifica\u00e7\u00e3o, pr\u00f3ximos jogos!\",\"potentialAction\":[{\"@type\":\"SearchAction\",\"target\":{\"@type\":\"EntryPoint\",\"urlTemplate\":\"https:\/\/www.gaveanews.com\/?s={search_term_string}\"},\"query-input\":{\"@type\":\"PropertyValueSpecification\",\"valueRequired\":true,\"valueName\":\"search_term_string\"}}],\"inLanguage\":\"pt-BR\"},{\"@type\":\"Person\",\"@id\":\"https:\/\/www.gaveanews.com\/#\/schema\/person\/3b19f7288b0ce20372991275e4f2e6c2\",\"name\":\"Ana Teixeira\",\"image\":{\"@type\":\"ImageObject\",\"inLanguage\":\"pt-BR\",\"@id\":\"https:\/\/www.gaveanews.com\/#\/schema\/person\/image\/\",\"url\":\"https:\/\/secure.gravatar.com\/avatar\/0a73f5a5258f3fed37fc2fa641892f3f7a4748456d4d4792f9bc550e6c19e06c?s=96&d=mm&r=g\",\"contentUrl\":\"https:\/\/secure.gravatar.com\/avatar\/0a73f5a5258f3fed37fc2fa641892f3f7a4748456d4d4792f9bc550e6c19e06c?s=96&d=mm&r=g\",\"caption\":\"Ana Teixeira\"}}]}<\/script>\n<!-- \/ Yoast SEO Premium plugin. -->","yoast_head_json":{"title":"Palmeiras liga alerta para retrospecto negativo na temporada","robots":{"index":"index","follow":"follow","max-snippet":"max-snippet:-1","max-image-preview":"max-image-preview:large","max-video-preview":"max-video-preview:-1"},"canonical":"https:\/\/www.gaveanews.com\/index.php\/2025\/05\/26\/palmeiras-liga-alerta-para-retrospecto-negativo-na-temporada\/","og_locale":"pt_BR","og_type":"article","og_title":"Palmeiras liga alerta para retrospecto negativo na temporada","og_description":"O Palmeiras voltou a sofrer com um problema recorrente: a inefic\u00e1cia nas cobran\u00e7as de p\u00eanaltis. A derrota por 2 a 0 para o Flamengo no \u00faltimo domingo (25), pela d\u00e9cima rodada do Campeonato Brasileiro, exp\u00f4s uma dificuldade que j\u00e1 havia comprometido o desempenho da equipe em outras partidas decisivas nesta temporada. At\u00e9 aqui, o time [&hellip;]","og_url":"https:\/\/www.gaveanews.com\/index.php\/2025\/05\/26\/palmeiras-liga-alerta-para-retrospecto-negativo-na-temporada\/","og_site_name":"G\u00e1vea News","article_publisher":"https:\/\/facebook.com\/gaveaNews\/","article_published_time":"2025-05-26T20:45:00+00:00","og_image":[{"width":1023,"height":767,"url":"https:\/\/www.gaveanews.com\/wp-content\/uploads\/Allianz-Parque-estadio-do-Palmeiras.webp","type":"image\/webp"}],"author":"Ana Teixeira","twitter_card":"summary_large_image","twitter_misc":{"Escrito por":"Ana Teixeira","Est. tempo de leitura":"3 minutos"},"schema":{"@context":"https:\/\/schema.org","@graph":[{"@type":"NewsArticle","@id":"https:\/\/www.gaveanews.com\/index.php\/2025\/05\/26\/palmeiras-liga-alerta-para-retrospecto-negativo-na-temporada\/#article","isPartOf":{"@id":"https:\/\/www.gaveanews.com\/index.php\/2025\/05\/26\/palmeiras-liga-alerta-para-retrospecto-negativo-na-temporada\/"},"author":{"name":"Ana Teixeira","@id":"https:\/\/www.gaveanews.com\/#\/schema\/person\/3b19f7288b0ce20372991275e4f2e6c2"},"headline":"Palmeiras liga alerta para retrospecto negativo na temporada","datePublished":"2025-05-26T20:45:00+00:00","mainEntityOfPage":{"@id":"https:\/\/www.gaveanews.com\/index.php\/2025\/05\/26\/palmeiras-liga-alerta-para-retrospecto-negativo-na-temporada\/"},"wordCount":529,"commentCount":0,"image":{"@id":"https:\/\/www.gaveanews.com\/index.php\/2025\/05\/26\/palmeiras-liga-alerta-para-retrospecto-negativo-na-temporada\/#primaryimage"},"thumbnailUrl":"https:\/\/www.gaveanews.com\/wp-content\/uploads\/Allianz-Parque-estadio-do-Palmeiras.webp","articleSection":["Palmeiras"],"inLanguage":"pt-BR","potentialAction":[{"@type":"CommentAction","name":"Comment","target":["https:\/\/www.gaveanews.com\/index.php\/2025\/05\/26\/palmeiras-liga-alerta-para-retrospecto-negativo-na-temporada\/#respond"]}],"copyrightYear":"2025","copyrightHolder":{"@id":"https:\/\/www.gaveanews.com\/#organization"}},{"@type":"WebPage","@id":"https:\/\/www.gaveanews.com\/index.php\/2025\/05\/26\/palmeiras-liga-alerta-para-retrospecto-negativo-na-temporada\/","url":"https:\/\/www.gaveanews.com\/index.php\/2025\/05\/26\/palmeiras-liga-alerta-para-retrospecto-negativo-na-temporada\/","name":"Palmeiras liga alerta para retrospecto negativo na temporada","isPartOf":{"@id":"https:\/\/www.gaveanews.com\/#website"},"primaryImageOfPage":{"@id":"https:\/\/www.gaveanews.com\/index.php\/2025\/05\/26\/palmeiras-liga-alerta-para-retrospecto-negativo-na-temporada\/#primaryimage"},"image":{"@id":"https:\/\/www.gaveanews.com\/index.php\/2025\/05\/26\/palmeiras-liga-alerta-para-retrospecto-negativo-na-temporada\/#primaryimage"},"thumbnailUrl":"https:\/\/www.gaveanews.com\/wp-content\/uploads\/Allianz-Parque-estadio-do-Palmeiras.webp","datePublished":"2025-05-26T20:45:00+00:00","author":{"@id":"https:\/\/www.gaveanews.com\/#\/schema\/person\/3b19f7288b0ce20372991275e4f2e6c2"},"breadcrumb":{"@id":"https:\/\/www.gaveanews.com\/index.php\/2025\/05\/26\/palmeiras-liga-alerta-para-retrospecto-negativo-na-temporada\/#breadcrumb"},"inLanguage":"pt-BR","potentialAction":[{"@type":"ReadAction","target":["https:\/\/www.gaveanews.com\/index.php\/2025\/05\/26\/palmeiras-liga-alerta-para-retrospecto-negativo-na-temporada\/"]}]},{"@type":"ImageObject","inLanguage":"pt-BR","@id":"https:\/\/www.gaveanews.com\/index.php\/2025\/05\/26\/palmeiras-liga-alerta-para-retrospecto-negativo-na-temporada\/#primaryimage","url":"https:\/\/www.gaveanews.com\/wp-content\/uploads\/Allianz-Parque-estadio-do-Palmeiras.webp","contentUrl":"https:\/\/www.gaveanews.com\/wp-content\/uploads\/Allianz-Parque-estadio-do-Palmeiras.webp","width":1023,"height":767,"caption":"Allianz Parque, est\u00e1dio do Palmeiras (Foto: Reprodu\u00e7\u00e3o\/Palmeiras)"},{"@type":"BreadcrumbList","@id":"https:\/\/www.gaveanews.com\/index.php\/2025\/05\/26\/palmeiras-liga-alerta-para-retrospecto-negativo-na-temporada\/#breadcrumb","itemListElement":[{"@type":"ListItem","position":1,"name":"Home","item":"https:\/\/www.gaveanews.com\/"},{"@type":"ListItem","position":2,"name":"Palmeiras liga alerta para retrospecto negativo na temporada"}]},{"@type":"WebSite","@id":"https:\/\/www.gaveanews.com\/#website","url":"https:\/\/www.gaveanews.com\/","name":"G\u00e1vea News","description":"Veja todas as not\u00edcias sobre o Flamengo: Contrata\u00e7\u00f5es, categorias de base, resultados das partidas, tabela de classifica\u00e7\u00e3o, pr\u00f3ximos jogos!","potentialAction":[{"@type":"SearchAction","target":{"@type":"EntryPoint","urlTemplate":"https:\/\/www.gaveanews.com\/?s={search_term_string}"},"query-input":{"@type":"PropertyValueSpecification","valueRequired":true,"valueName":"search_term_string"}}],"inLanguage":"pt-BR"},{"@type":"Person","@id":"https:\/\/www.gaveanews.com\/#\/schema\/person\/3b19f7288b0ce20372991275e4f2e6c2","name":"Ana Teixeira","image":{"@type":"ImageObject","inLanguage":"pt-BR","@id":"https:\/\/www.gaveanews.com\/#\/schema\/person\/image\/","url":"https:\/\/secure.gravatar.com\/avatar\/0a73f5a5258f3fed37fc2fa641892f3f7a4748456d4d4792f9bc550e6c19e06c?s=96&d=mm&r=g","contentUrl":"https:\/\/secure.gravatar.com\/avatar\/0a73f5a5258f3fed37fc2fa641892f3f7a4748456d4d4792f9bc550e6c19e06c?s=96&d=mm&r=g","caption":"Ana Teixeira"}}]}},"_links":{"self":[{"href":"https:\/\/www.gaveanews.com\/index.php\/wp-json\/wp\/v2\/posts\/266971","targetHints":{"allow":["GET"]}}],"collection":[{"href":"https:\/\/www.gaveanews.com\/index.php\/wp-json\/wp\/v2\/posts"}],"about":[{"href":"https:\/\/www.gaveanews.com\/index.php\/wp-json\/wp\/v2\/types\/post"}],"author":[{"embeddable":true,"href":"https:\/\/www.gaveanews.com\/index.php\/wp-json\/wp\/v2\/users\/30"}],"replies":[{"embeddable":true,"href":"https:\/\/www.gaveanews.com\/index.php\/wp-json\/wp\/v2\/comments?post=266971"}],"version-history":[{"count":1,"href":"https:\/\/www.gaveanews.com\/index.php\/wp-json\/wp\/v2\/posts\/266971\/revisions"}],"predecessor-version":[{"id":266981,"href":"https:\/\/www.gaveanews.com\/index.php\/wp-json\/wp\/v2\/posts\/266971\/revisions\/266981"}],"wp:featuredmedia":[{"embeddable":true,"href":"https:\/\/www.gaveanews.com\/index.php\/wp-json\/wp\/v2\/media\/155182"}],"wp:attachment":[{"href":"https:\/\/www.gaveanews.com\/index.php\/wp-json\/wp\/v2\/media?parent=266971"}],"wp:term":[{"taxonomy":"category","embeddable":true,"href":"https:\/\/www.gaveanews.com\/index.php\/wp-json\/wp\/v2\/categories?post=266971"},{"taxonomy":"post_tag","embeddable":true,"href":"https:\/\/www.gaveanews.com\/index.php\/wp-json\/wp\/v2\/tags?post=266971"}],"curies":[{"name":"wp","href":"https:\/\/api.w.org\/{rel}","templated":true}]}}