{"id":266999,"date":"2025-05-26T18:50:00","date_gmt":"2025-05-26T21:50:00","guid":{"rendered":"https:\/\/www.gaveanews.com\/?p=266999"},"modified":"2025-05-26T16:55:47","modified_gmt":"2025-05-26T19:55:47","slug":"netflix-vai-lancar-documentario-sobre-neymar-do-santos","status":"publish","type":"post","link":"https:\/\/www.gaveanews.com\/index.php\/2025\/05\/26\/netflix-vai-lancar-documentario-sobre-neymar-do-santos\/","title":{"rendered":"Netflix vai lan\u00e7ar document\u00e1rio sobre Neymar, do Santos"},"content":{"rendered":"\n<p>A Netflix revelou, nesta segunda-feira (26), a produ\u00e7\u00e3o de dois document\u00e1rios centrados em duas das maiores personalidades do futebol brasileiro: Ronaldinho Ga\u00facho e Neymar. As obras integram uma leva de dez novos projetos da plataforma voltados ao mercado nacional, trazendo abordagens tanto biogr\u00e1ficas quanto socioculturais.<\/p>\n\n\n\n<h3 class=\"wp-block-heading\" id=\"h-ronaldinho-irreverencia-em-foco-e-bastidores-ineditos\">Ronaldinho: irrever\u00eancia em foco e bastidores in\u00e9ditos<\/h3>\n\n\n\n<p>A produ\u00e7\u00e3o dedicada a Ronaldinho Ga\u00facho ser\u00e1 conduzida pelas produtoras Canal Azul e Trailer Filmes. O document\u00e1rio pretende explorar a carreira do ex-jogador com uma abordagem leve e descontra\u00edda, alinhada \u00e0 personalidade do protagonista. <\/p>\n\n\n\n<p>Segundo o diretor e roteirista Luis Ara, \u201cas filmagens foram t\u00e3o aleat\u00f3rias quanto nosso personagem, divertidas e sempre cheias de surpresas\u201d, o que revela a inten\u00e7\u00e3o de destacar facetas pouco conhecidas do craque mineiro.<\/p>\n\n\n\n<p>A proposta narrativa inclui depoimentos in\u00e9ditos e hist\u00f3rias raramente divulgadas, proporcionando ao p\u00fablico uma perspectiva distinta sobre a trajet\u00f3ria de Ronaldinho. A obra ainda n\u00e3o tem previs\u00e3o de estreia e faz parte de uma estrat\u00e9gia da plataforma para fortalecer seu cat\u00e1logo de produ\u00e7\u00f5es documentais com figuras do esporte brasileiro.<\/p>\n\n\n\n<h3 class=\"wp-block-heading\" id=\"h-neymar-e-o-retorno-ao-santos-drama-e-superacao\">Neymar e o retorno ao Santos: drama e supera\u00e7\u00e3o<\/h3>\n\n\n\n<p>O outro document\u00e1rio, produzido pelas empresas Improbable Media e Ginga Pictures, ser\u00e1 centrado em Neymar, com \u00eanfase em seu recente retorno ao Santos. O conte\u00fado cobre desde momentos delicados, como a morte de Pel\u00e9, at\u00e9 o rebaixamento do clube paulista e seu subsequente retorno \u00e0 elite do futebol nacional.<\/p>\n\n\n\n<p>O diretor David Charles Rodrigues comentou que o foco estar\u00e1 nos bastidores do clube e no desafio que o jogador e seus companheiros enfrentam na tentativa de resgatar o prest\u00edgio da equipe. Ele afirmou: \u201c\u00c9 poss\u00edvel que este seja o &#8216;last dance&#8217; de Neymar e a chance do Santos reafirmar sua for\u00e7a\u201d. <\/p>\n\n\n\n<p>A produ\u00e7\u00e3o abordar\u00e1, inclusive, os impactos das les\u00f5es que marcaram o per\u00edodo recente da carreira do atleta, bem como sua prepara\u00e7\u00e3o para disputar um \u00faltimo Mundial.<\/p>\n\n\n\n<h3 class=\"wp-block-heading\" id=\"h-outros-projetos-nacionais-e-o-resgate-da-historia-do-futebol\">Outros projetos nacionais e o resgate da hist\u00f3ria do futebol<\/h3>\n\n\n\n<p>Al\u00e9m dos document\u00e1rios sobre os dois jogadores, a Netflix tamb\u00e9m trabalha na s\u00e9rie \u201cBrasil 70 \u2013 A Saga do Tri\u201d, em produ\u00e7\u00e3o pela O2 Filmes. A obra revisitar\u00e1 a campanha vitoriosa da Sele\u00e7\u00e3o Brasileira na Copa do Mundo de 1970, destacando os feitos de nomes como Pel\u00e9, Carlos Alberto Torres, G\u00e9rson, Tost\u00e3o e Jairzinho, sob o comando de Zagallo.<\/p>\n\n\n\n<p>A narrativa ser\u00e1 ambientada em um dos per\u00edodos mais duros da ditadura militar, contextualizando como o futebol serviu como v\u00e1lvula de escape e s\u00edmbolo de orgulho nacional. A dire\u00e7\u00e3o est\u00e1 a cargo de Pedro Morelli e Paulo Morelli, com cria\u00e7\u00e3o de Nan\u00e1 Xavier e Rafael Dornellas. <\/p>\n\n\n\n<p>A produ\u00e7\u00e3o contar\u00e1 com reconstitui\u00e7\u00f5es dram\u00e1ticas de lances hist\u00f3ricos e momentos de bastidores que moldaram o legado do futebol brasileiro.<\/p>\n\n\n\n<h3 class=\"wp-block-heading\" id=\"h-fortalecimento-da-presenca-brasileira-na-plataforma\">Fortalecimento da presen\u00e7a brasileira na plataforma<\/h3>\n\n\n\n<p>Os projetos fazem parte de uma expans\u00e3o estrat\u00e9gica da Netflix no Brasil, que inclui ainda miniss\u00e9ries como \u201cEmerg\u00eancia Radioativa\u201d, baseada no acidente com c\u00e9sio-137 em Goi\u00e2nia, al\u00e9m de s\u00e9ries derivadas como \u201cOs Donos do Jogo\u201d e uma produ\u00e7\u00e3o inspirada no caso Elize Matsunaga. <\/p>\n\n\n\n<p>A inten\u00e7\u00e3o, conforme refor\u00e7ado pelos nomes envolvidos como Fernando Coimbra, Gullane e Boutique Filmes, \u00e9 dar protagonismo \u00e0s narrativas nacionais com alto padr\u00e3o t\u00e9cnico e apelo emocional.<\/p>\n","protected":false},"excerpt":{"rendered":"<p>A Netflix revelou, nesta segunda-feira (26), a produ\u00e7\u00e3o de dois document\u00e1rios centrados em duas das maiores personalidades do futebol brasileiro: Ronaldinho Ga\u00facho e Neymar. As obras integram uma leva de dez novos projetos da plataforma voltados ao mercado nacional, trazendo abordagens tanto biogr\u00e1ficas quanto socioculturais. Ronaldinho: irrever\u00eancia em foco e bastidores in\u00e9ditos A produ\u00e7\u00e3o dedicada [&hellip;]<\/p>\n","protected":false},"author":30,"featured_media":255254,"comment_status":"open","ping_status":"closed","sticky":false,"template":"","format":"standard","meta":{"footnotes":""},"categories":[81,433,139],"tags":[],"class_list":["post-266999","post","type-post","status-publish","format-standard","has-post-thumbnail","hentry","category-celebridades","category-entretenimento","category-santos"],"yoast_head":"<!-- This site is optimized with the Yoast SEO Premium plugin v24.2 (Yoast SEO v26.9) - https:\/\/yoast.com\/product\/yoast-seo-premium-wordpress\/ -->\n<title>Netflix vai lan\u00e7ar document\u00e1rio sobre Neymar, do Santos<\/title>\n<meta name=\"robots\" content=\"index, follow, max-snippet:-1, max-image-preview:large, max-video-preview:-1\" \/>\n<link rel=\"canonical\" href=\"https:\/\/www.gaveanews.com\/index.php\/2025\/05\/26\/netflix-vai-lancar-documentario-sobre-neymar-do-santos\/\" \/>\n<meta property=\"og:locale\" content=\"pt_BR\" \/>\n<meta property=\"og:type\" content=\"article\" \/>\n<meta property=\"og:title\" content=\"Netflix vai lan\u00e7ar document\u00e1rio sobre Neymar, do Santos\" \/>\n<meta property=\"og:description\" content=\"A Netflix revelou, nesta segunda-feira (26), a produ\u00e7\u00e3o de dois document\u00e1rios centrados em duas das maiores personalidades do futebol brasileiro: Ronaldinho Ga\u00facho e Neymar. As obras integram uma leva de dez novos projetos da plataforma voltados ao mercado nacional, trazendo abordagens tanto biogr\u00e1ficas quanto socioculturais. Ronaldinho: irrever\u00eancia em foco e bastidores in\u00e9ditos A produ\u00e7\u00e3o dedicada [&hellip;]\" \/>\n<meta property=\"og:url\" content=\"https:\/\/www.gaveanews.com\/index.php\/2025\/05\/26\/netflix-vai-lancar-documentario-sobre-neymar-do-santos\/\" \/>\n<meta property=\"og:site_name\" content=\"G\u00e1vea News\" \/>\n<meta property=\"article:publisher\" content=\"https:\/\/facebook.com\/gaveaNews\/\" \/>\n<meta property=\"article:published_time\" content=\"2025-05-26T21:50:00+00:00\" \/>\n<meta property=\"og:image\" content=\"https:\/\/www.gaveanews.com\/wp-content\/uploads\/Neymar-em-atuacao-pelo-Santos-na-Vila-Belmiro.webp\" \/>\n\t<meta property=\"og:image:width\" content=\"1200\" \/>\n\t<meta property=\"og:image:height\" content=\"800\" \/>\n\t<meta property=\"og:image:type\" content=\"image\/png\" \/>\n<meta name=\"author\" content=\"Ana Teixeira\" \/>\n<meta name=\"twitter:card\" content=\"summary_large_image\" \/>\n<meta name=\"twitter:label1\" content=\"Escrito por\" \/>\n\t<meta name=\"twitter:data1\" content=\"Ana Teixeira\" \/>\n\t<meta name=\"twitter:label2\" content=\"Est. tempo de leitura\" \/>\n\t<meta name=\"twitter:data2\" content=\"4 minutos\" \/>\n<script type=\"application\/ld+json\" class=\"yoast-schema-graph\">{\"@context\":\"https:\/\/schema.org\",\"@graph\":[{\"@type\":\"NewsArticle\",\"@id\":\"https:\/\/www.gaveanews.com\/index.php\/2025\/05\/26\/netflix-vai-lancar-documentario-sobre-neymar-do-santos\/#article\",\"isPartOf\":{\"@id\":\"https:\/\/www.gaveanews.com\/index.php\/2025\/05\/26\/netflix-vai-lancar-documentario-sobre-neymar-do-santos\/\"},\"author\":{\"name\":\"Ana Teixeira\",\"@id\":\"https:\/\/www.gaveanews.com\/#\/schema\/person\/3b19f7288b0ce20372991275e4f2e6c2\"},\"headline\":\"Netflix vai lan\u00e7ar document\u00e1rio sobre Neymar, do Santos\",\"datePublished\":\"2025-05-26T21:50:00+00:00\",\"mainEntityOfPage\":{\"@id\":\"https:\/\/www.gaveanews.com\/index.php\/2025\/05\/26\/netflix-vai-lancar-documentario-sobre-neymar-do-santos\/\"},\"wordCount\":582,\"commentCount\":0,\"image\":{\"@id\":\"https:\/\/www.gaveanews.com\/index.php\/2025\/05\/26\/netflix-vai-lancar-documentario-sobre-neymar-do-santos\/#primaryimage\"},\"thumbnailUrl\":\"https:\/\/www.gaveanews.com\/wp-content\/uploads\/Neymar-em-atuacao-pelo-Santos-na-Vila-Belmiro.webp\",\"articleSection\":[\"Celebridades\",\"Entretenimento\",\"Santos\"],\"inLanguage\":\"pt-BR\",\"potentialAction\":[{\"@type\":\"CommentAction\",\"name\":\"Comment\",\"target\":[\"https:\/\/www.gaveanews.com\/index.php\/2025\/05\/26\/netflix-vai-lancar-documentario-sobre-neymar-do-santos\/#respond\"]}],\"copyrightYear\":\"2025\",\"copyrightHolder\":{\"@id\":\"https:\/\/www.gaveanews.com\/#organization\"}},{\"@type\":\"WebPage\",\"@id\":\"https:\/\/www.gaveanews.com\/index.php\/2025\/05\/26\/netflix-vai-lancar-documentario-sobre-neymar-do-santos\/\",\"url\":\"https:\/\/www.gaveanews.com\/index.php\/2025\/05\/26\/netflix-vai-lancar-documentario-sobre-neymar-do-santos\/\",\"name\":\"Netflix vai lan\u00e7ar document\u00e1rio sobre Neymar, do Santos\",\"isPartOf\":{\"@id\":\"https:\/\/www.gaveanews.com\/#website\"},\"primaryImageOfPage\":{\"@id\":\"https:\/\/www.gaveanews.com\/index.php\/2025\/05\/26\/netflix-vai-lancar-documentario-sobre-neymar-do-santos\/#primaryimage\"},\"image\":{\"@id\":\"https:\/\/www.gaveanews.com\/index.php\/2025\/05\/26\/netflix-vai-lancar-documentario-sobre-neymar-do-santos\/#primaryimage\"},\"thumbnailUrl\":\"https:\/\/www.gaveanews.com\/wp-content\/uploads\/Neymar-em-atuacao-pelo-Santos-na-Vila-Belmiro.webp\",\"datePublished\":\"2025-05-26T21:50:00+00:00\",\"author\":{\"@id\":\"https:\/\/www.gaveanews.com\/#\/schema\/person\/3b19f7288b0ce20372991275e4f2e6c2\"},\"breadcrumb\":{\"@id\":\"https:\/\/www.gaveanews.com\/index.php\/2025\/05\/26\/netflix-vai-lancar-documentario-sobre-neymar-do-santos\/#breadcrumb\"},\"inLanguage\":\"pt-BR\",\"potentialAction\":[{\"@type\":\"ReadAction\",\"target\":[\"https:\/\/www.gaveanews.com\/index.php\/2025\/05\/26\/netflix-vai-lancar-documentario-sobre-neymar-do-santos\/\"]}]},{\"@type\":\"ImageObject\",\"inLanguage\":\"pt-BR\",\"@id\":\"https:\/\/www.gaveanews.com\/index.php\/2025\/05\/26\/netflix-vai-lancar-documentario-sobre-neymar-do-santos\/#primaryimage\",\"url\":\"https:\/\/www.gaveanews.com\/wp-content\/uploads\/Neymar-em-atuacao-pelo-Santos-na-Vila-Belmiro.webp\",\"contentUrl\":\"https:\/\/www.gaveanews.com\/wp-content\/uploads\/Neymar-em-atuacao-pelo-Santos-na-Vila-Belmiro.webp\",\"width\":1200,\"height\":800,\"caption\":\"Neymar em atua\u00e7\u00e3o pelo Santos na Vila Belmiro - Fotos: Raul Baretta\/ Santos FC.\"},{\"@type\":\"BreadcrumbList\",\"@id\":\"https:\/\/www.gaveanews.com\/index.php\/2025\/05\/26\/netflix-vai-lancar-documentario-sobre-neymar-do-santos\/#breadcrumb\",\"itemListElement\":[{\"@type\":\"ListItem\",\"position\":1,\"name\":\"Home\",\"item\":\"https:\/\/www.gaveanews.com\/\"},{\"@type\":\"ListItem\",\"position\":2,\"name\":\"Netflix vai lan\u00e7ar document\u00e1rio sobre Neymar, do Santos\"}]},{\"@type\":\"WebSite\",\"@id\":\"https:\/\/www.gaveanews.com\/#website\",\"url\":\"https:\/\/www.gaveanews.com\/\",\"name\":\"G\u00e1vea News\",\"description\":\"Veja todas as not\u00edcias sobre o Flamengo: Contrata\u00e7\u00f5es, categorias de base, resultados das partidas, tabela de classifica\u00e7\u00e3o, pr\u00f3ximos jogos!\",\"potentialAction\":[{\"@type\":\"SearchAction\",\"target\":{\"@type\":\"EntryPoint\",\"urlTemplate\":\"https:\/\/www.gaveanews.com\/?s={search_term_string}\"},\"query-input\":{\"@type\":\"PropertyValueSpecification\",\"valueRequired\":true,\"valueName\":\"search_term_string\"}}],\"inLanguage\":\"pt-BR\"},{\"@type\":\"Person\",\"@id\":\"https:\/\/www.gaveanews.com\/#\/schema\/person\/3b19f7288b0ce20372991275e4f2e6c2\",\"name\":\"Ana Teixeira\",\"image\":{\"@type\":\"ImageObject\",\"inLanguage\":\"pt-BR\",\"@id\":\"https:\/\/www.gaveanews.com\/#\/schema\/person\/image\/\",\"url\":\"https:\/\/secure.gravatar.com\/avatar\/0a73f5a5258f3fed37fc2fa641892f3f7a4748456d4d4792f9bc550e6c19e06c?s=96&d=mm&r=g\",\"contentUrl\":\"https:\/\/secure.gravatar.com\/avatar\/0a73f5a5258f3fed37fc2fa641892f3f7a4748456d4d4792f9bc550e6c19e06c?s=96&d=mm&r=g\",\"caption\":\"Ana Teixeira\"}}]}<\/script>\n<!-- \/ Yoast SEO Premium plugin. -->","yoast_head_json":{"title":"Netflix vai lan\u00e7ar document\u00e1rio sobre Neymar, do Santos","robots":{"index":"index","follow":"follow","max-snippet":"max-snippet:-1","max-image-preview":"max-image-preview:large","max-video-preview":"max-video-preview:-1"},"canonical":"https:\/\/www.gaveanews.com\/index.php\/2025\/05\/26\/netflix-vai-lancar-documentario-sobre-neymar-do-santos\/","og_locale":"pt_BR","og_type":"article","og_title":"Netflix vai lan\u00e7ar document\u00e1rio sobre Neymar, do Santos","og_description":"A Netflix revelou, nesta segunda-feira (26), a produ\u00e7\u00e3o de dois document\u00e1rios centrados em duas das maiores personalidades do futebol brasileiro: Ronaldinho Ga\u00facho e Neymar. As obras integram uma leva de dez novos projetos da plataforma voltados ao mercado nacional, trazendo abordagens tanto biogr\u00e1ficas quanto socioculturais. Ronaldinho: irrever\u00eancia em foco e bastidores in\u00e9ditos A produ\u00e7\u00e3o dedicada [&hellip;]","og_url":"https:\/\/www.gaveanews.com\/index.php\/2025\/05\/26\/netflix-vai-lancar-documentario-sobre-neymar-do-santos\/","og_site_name":"G\u00e1vea News","article_publisher":"https:\/\/facebook.com\/gaveaNews\/","article_published_time":"2025-05-26T21:50:00+00:00","og_image":[{"width":1200,"height":800,"url":"https:\/\/www.gaveanews.com\/wp-content\/uploads\/Neymar-em-atuacao-pelo-Santos-na-Vila-Belmiro.webp","type":"image\/png"}],"author":"Ana Teixeira","twitter_card":"summary_large_image","twitter_misc":{"Escrito por":"Ana Teixeira","Est. tempo de leitura":"4 minutos"},"schema":{"@context":"https:\/\/schema.org","@graph":[{"@type":"NewsArticle","@id":"https:\/\/www.gaveanews.com\/index.php\/2025\/05\/26\/netflix-vai-lancar-documentario-sobre-neymar-do-santos\/#article","isPartOf":{"@id":"https:\/\/www.gaveanews.com\/index.php\/2025\/05\/26\/netflix-vai-lancar-documentario-sobre-neymar-do-santos\/"},"author":{"name":"Ana Teixeira","@id":"https:\/\/www.gaveanews.com\/#\/schema\/person\/3b19f7288b0ce20372991275e4f2e6c2"},"headline":"Netflix vai lan\u00e7ar document\u00e1rio sobre Neymar, do Santos","datePublished":"2025-05-26T21:50:00+00:00","mainEntityOfPage":{"@id":"https:\/\/www.gaveanews.com\/index.php\/2025\/05\/26\/netflix-vai-lancar-documentario-sobre-neymar-do-santos\/"},"wordCount":582,"commentCount":0,"image":{"@id":"https:\/\/www.gaveanews.com\/index.php\/2025\/05\/26\/netflix-vai-lancar-documentario-sobre-neymar-do-santos\/#primaryimage"},"thumbnailUrl":"https:\/\/www.gaveanews.com\/wp-content\/uploads\/Neymar-em-atuacao-pelo-Santos-na-Vila-Belmiro.webp","articleSection":["Celebridades","Entretenimento","Santos"],"inLanguage":"pt-BR","potentialAction":[{"@type":"CommentAction","name":"Comment","target":["https:\/\/www.gaveanews.com\/index.php\/2025\/05\/26\/netflix-vai-lancar-documentario-sobre-neymar-do-santos\/#respond"]}],"copyrightYear":"2025","copyrightHolder":{"@id":"https:\/\/www.gaveanews.com\/#organization"}},{"@type":"WebPage","@id":"https:\/\/www.gaveanews.com\/index.php\/2025\/05\/26\/netflix-vai-lancar-documentario-sobre-neymar-do-santos\/","url":"https:\/\/www.gaveanews.com\/index.php\/2025\/05\/26\/netflix-vai-lancar-documentario-sobre-neymar-do-santos\/","name":"Netflix vai lan\u00e7ar document\u00e1rio sobre Neymar, do Santos","isPartOf":{"@id":"https:\/\/www.gaveanews.com\/#website"},"primaryImageOfPage":{"@id":"https:\/\/www.gaveanews.com\/index.php\/2025\/05\/26\/netflix-vai-lancar-documentario-sobre-neymar-do-santos\/#primaryimage"},"image":{"@id":"https:\/\/www.gaveanews.com\/index.php\/2025\/05\/26\/netflix-vai-lancar-documentario-sobre-neymar-do-santos\/#primaryimage"},"thumbnailUrl":"https:\/\/www.gaveanews.com\/wp-content\/uploads\/Neymar-em-atuacao-pelo-Santos-na-Vila-Belmiro.webp","datePublished":"2025-05-26T21:50:00+00:00","author":{"@id":"https:\/\/www.gaveanews.com\/#\/schema\/person\/3b19f7288b0ce20372991275e4f2e6c2"},"breadcrumb":{"@id":"https:\/\/www.gaveanews.com\/index.php\/2025\/05\/26\/netflix-vai-lancar-documentario-sobre-neymar-do-santos\/#breadcrumb"},"inLanguage":"pt-BR","potentialAction":[{"@type":"ReadAction","target":["https:\/\/www.gaveanews.com\/index.php\/2025\/05\/26\/netflix-vai-lancar-documentario-sobre-neymar-do-santos\/"]}]},{"@type":"ImageObject","inLanguage":"pt-BR","@id":"https:\/\/www.gaveanews.com\/index.php\/2025\/05\/26\/netflix-vai-lancar-documentario-sobre-neymar-do-santos\/#primaryimage","url":"https:\/\/www.gaveanews.com\/wp-content\/uploads\/Neymar-em-atuacao-pelo-Santos-na-Vila-Belmiro.webp","contentUrl":"https:\/\/www.gaveanews.com\/wp-content\/uploads\/Neymar-em-atuacao-pelo-Santos-na-Vila-Belmiro.webp","width":1200,"height":800,"caption":"Neymar em atua\u00e7\u00e3o pelo Santos na Vila Belmiro - Fotos: Raul Baretta\/ Santos FC."},{"@type":"BreadcrumbList","@id":"https:\/\/www.gaveanews.com\/index.php\/2025\/05\/26\/netflix-vai-lancar-documentario-sobre-neymar-do-santos\/#breadcrumb","itemListElement":[{"@type":"ListItem","position":1,"name":"Home","item":"https:\/\/www.gaveanews.com\/"},{"@type":"ListItem","position":2,"name":"Netflix vai lan\u00e7ar document\u00e1rio sobre Neymar, do Santos"}]},{"@type":"WebSite","@id":"https:\/\/www.gaveanews.com\/#website","url":"https:\/\/www.gaveanews.com\/","name":"G\u00e1vea News","description":"Veja todas as not\u00edcias sobre o Flamengo: Contrata\u00e7\u00f5es, categorias de base, resultados das partidas, tabela de classifica\u00e7\u00e3o, pr\u00f3ximos jogos!","potentialAction":[{"@type":"SearchAction","target":{"@type":"EntryPoint","urlTemplate":"https:\/\/www.gaveanews.com\/?s={search_term_string}"},"query-input":{"@type":"PropertyValueSpecification","valueRequired":true,"valueName":"search_term_string"}}],"inLanguage":"pt-BR"},{"@type":"Person","@id":"https:\/\/www.gaveanews.com\/#\/schema\/person\/3b19f7288b0ce20372991275e4f2e6c2","name":"Ana Teixeira","image":{"@type":"ImageObject","inLanguage":"pt-BR","@id":"https:\/\/www.gaveanews.com\/#\/schema\/person\/image\/","url":"https:\/\/secure.gravatar.com\/avatar\/0a73f5a5258f3fed37fc2fa641892f3f7a4748456d4d4792f9bc550e6c19e06c?s=96&d=mm&r=g","contentUrl":"https:\/\/secure.gravatar.com\/avatar\/0a73f5a5258f3fed37fc2fa641892f3f7a4748456d4d4792f9bc550e6c19e06c?s=96&d=mm&r=g","caption":"Ana Teixeira"}}]}},"_links":{"self":[{"href":"https:\/\/www.gaveanews.com\/index.php\/wp-json\/wp\/v2\/posts\/266999","targetHints":{"allow":["GET"]}}],"collection":[{"href":"https:\/\/www.gaveanews.com\/index.php\/wp-json\/wp\/v2\/posts"}],"about":[{"href":"https:\/\/www.gaveanews.com\/index.php\/wp-json\/wp\/v2\/types\/post"}],"author":[{"embeddable":true,"href":"https:\/\/www.gaveanews.com\/index.php\/wp-json\/wp\/v2\/users\/30"}],"replies":[{"embeddable":true,"href":"https:\/\/www.gaveanews.com\/index.php\/wp-json\/wp\/v2\/comments?post=266999"}],"version-history":[{"count":1,"href":"https:\/\/www.gaveanews.com\/index.php\/wp-json\/wp\/v2\/posts\/266999\/revisions"}],"predecessor-version":[{"id":267011,"href":"https:\/\/www.gaveanews.com\/index.php\/wp-json\/wp\/v2\/posts\/266999\/revisions\/267011"}],"wp:featuredmedia":[{"embeddable":true,"href":"https:\/\/www.gaveanews.com\/index.php\/wp-json\/wp\/v2\/media\/255254"}],"wp:attachment":[{"href":"https:\/\/www.gaveanews.com\/index.php\/wp-json\/wp\/v2\/media?parent=266999"}],"wp:term":[{"taxonomy":"category","embeddable":true,"href":"https:\/\/www.gaveanews.com\/index.php\/wp-json\/wp\/v2\/categories?post=266999"},{"taxonomy":"post_tag","embeddable":true,"href":"https:\/\/www.gaveanews.com\/index.php\/wp-json\/wp\/v2\/tags?post=266999"}],"curies":[{"name":"wp","href":"https:\/\/api.w.org\/{rel}","templated":true}]}}