{"id":267090,"date":"2025-05-26T21:40:00","date_gmt":"2025-05-27T00:40:00","guid":{"rendered":"https:\/\/www.gaveanews.com\/?p=267090"},"modified":"2025-05-26T19:17:53","modified_gmt":"2025-05-26T22:17:53","slug":"a-declaracao-de-neymar-apos-vitoria-do-santos","status":"publish","type":"post","link":"https:\/\/www.gaveanews.com\/index.php\/2025\/05\/26\/a-declaracao-de-neymar-apos-vitoria-do-santos\/","title":{"rendered":"A declara\u00e7\u00e3o de Neymar ap\u00f3s vit\u00f3ria do Santos"},"content":{"rendered":"\n<p>O triunfo do Santos por 1 a 0 sobre o Vit\u00f3ria, fora de casa, foi celebrada por Neymar com entusiasmo nas redes sociais. O atacante, que voltou ao clube em meio \u00e0 luta contra o rebaixamento no Campeonato Brasileiro, parabenizou os companheiros e destacou o esfor\u00e7o coletivo do grupo. \u201cSemana dif\u00edcil, mas conseguimos voltar a ganhar&#8230; Parab\u00e9ns equipe pelo esfor\u00e7o e dedica\u00e7\u00e3o de cada um\u201d, escreveu o camisa 10 nas redes sociais.<\/p>\n\n\n\n<p>A partida marcou o fim de um jejum inc\u00f4modo para o time paulista, que n\u00e3o vencia h\u00e1 sete rodadas. O triunfo no Barrad\u00e3o permitiu ao Santos deixar a pen\u00faltima coloca\u00e7\u00e3o, ainda que permane\u00e7a na zona de rebaixamento. Neymar entrou em campo no segundo tempo e participou por cerca de 30 minutos, ajudando a garantir os tr\u00eas pontos.<\/p>\n\n\n\n<p>Nas redes sociais, al\u00e9m da publica\u00e7\u00e3o com mensagem de incentivo, Neymar apareceu sorridente em uma foto ao lado dos colegas Jo\u00e3o Basso e Guilherme. A imagem, batizada de &#8220;selfie da vit\u00f3ria&#8221;, rapidamente repercutiu entre os torcedores e simbolizou o al\u00edvio do elenco ap\u00f3s semanas conturbadas.<\/p>\n\n\n\n<p>Ap\u00f3s a vit\u00f3ria do Santos, a expectativa do jogador se voltou para a sele\u00e7\u00e3o brasileira. Ap\u00f3s um ano e sete meses afastado da equipe nacional por conta de uma grave les\u00e3o no joelho, Neymar aguarda ser chamado novamente. No entanto, mesmo estando na pr\u00e9-lista de convocados de Carlo Ancelotti, n\u00e3o foi chamado oficialmente. Em an\u00fancio feito nesta segunda (26), o novo treinador do Brasil disse que aguarda por melhores condi\u00e7\u00f5es f\u00edsicas do atacante.<\/p>\n\n\n\n<p>Neymar \u00e9 o maior artilheiro da hist\u00f3ria da Sele\u00e7\u00e3o, com 79 gols, e busca recuperar o ritmo ideal para voltar a vestir a camisa amarela. Entretanto, n\u00e3o ser\u00e1 nesta data-fifa, e o craque acompanhar\u00e1 apenas da torcida os jogos contra Equador e Paraguai, nos dias 5 e 10 de junho, respectivamente.<\/p>\n\n\n\n<p>O pr\u00f3ximo compromisso do Santos est\u00e1 marcado para quarta-feira (28), \u00e0s 19h (hor\u00e1rio de Bras\u00edlia), em amistoso contra o RB Leipzig, na cidade de Bragan\u00e7a Paulista. A expectativa \u00e9 de que Neymar esteja em campo mais uma vez, enquanto aguarda o chamado de Ancelotti para retomar sua trajet\u00f3ria com a Sele\u00e7\u00e3o.<\/p>\n","protected":false},"excerpt":{"rendered":"<p>O triunfo do Santos por 1 a 0 sobre o Vit\u00f3ria, fora de casa, foi celebrada por Neymar com entusiasmo nas redes sociais. O atacante, que voltou ao clube em meio \u00e0 luta contra o rebaixamento no Campeonato Brasileiro, parabenizou os companheiros e destacou o esfor\u00e7o coletivo do grupo. \u201cSemana dif\u00edcil, mas conseguimos voltar a [&hellip;]<\/p>\n","protected":false},"author":18,"featured_media":255254,"comment_status":"open","ping_status":"closed","sticky":false,"template":"","format":"standard","meta":{"footnotes":""},"categories":[139],"tags":[],"class_list":["post-267090","post","type-post","status-publish","format-standard","has-post-thumbnail","hentry","category-santos"],"yoast_head":"<!-- This site is optimized with the Yoast SEO Premium plugin v24.2 (Yoast SEO v26.9) - https:\/\/yoast.com\/product\/yoast-seo-premium-wordpress\/ -->\n<title>A declara\u00e7\u00e3o de Neymar ap\u00f3s vit\u00f3ria do Santos<\/title>\n<meta name=\"robots\" content=\"index, follow, max-snippet:-1, max-image-preview:large, max-video-preview:-1\" \/>\n<link rel=\"canonical\" href=\"https:\/\/www.gaveanews.com\/index.php\/2025\/05\/26\/a-declaracao-de-neymar-apos-vitoria-do-santos\/\" \/>\n<meta property=\"og:locale\" content=\"pt_BR\" \/>\n<meta property=\"og:type\" content=\"article\" \/>\n<meta property=\"og:title\" content=\"A declara\u00e7\u00e3o de Neymar ap\u00f3s vit\u00f3ria do Santos\" \/>\n<meta property=\"og:description\" content=\"O triunfo do Santos por 1 a 0 sobre o Vit\u00f3ria, fora de casa, foi celebrada por Neymar com entusiasmo nas redes sociais. O atacante, que voltou ao clube em meio \u00e0 luta contra o rebaixamento no Campeonato Brasileiro, parabenizou os companheiros e destacou o esfor\u00e7o coletivo do grupo. \u201cSemana dif\u00edcil, mas conseguimos voltar a [&hellip;]\" \/>\n<meta property=\"og:url\" content=\"https:\/\/www.gaveanews.com\/index.php\/2025\/05\/26\/a-declaracao-de-neymar-apos-vitoria-do-santos\/\" \/>\n<meta property=\"og:site_name\" content=\"G\u00e1vea News\" \/>\n<meta property=\"article:publisher\" content=\"https:\/\/facebook.com\/gaveaNews\/\" \/>\n<meta property=\"article:published_time\" content=\"2025-05-27T00:40:00+00:00\" \/>\n<meta property=\"og:image\" content=\"https:\/\/www.gaveanews.com\/wp-content\/uploads\/Neymar-em-atuacao-pelo-Santos-na-Vila-Belmiro.webp\" \/>\n\t<meta property=\"og:image:width\" content=\"1200\" \/>\n\t<meta property=\"og:image:height\" content=\"800\" \/>\n\t<meta property=\"og:image:type\" content=\"image\/png\" \/>\n<meta name=\"author\" content=\"Paula Silva\" \/>\n<meta name=\"twitter:card\" content=\"summary_large_image\" \/>\n<meta name=\"twitter:label1\" content=\"Escrito por\" \/>\n\t<meta name=\"twitter:data1\" content=\"Paula Silva\" \/>\n\t<meta name=\"twitter:label2\" content=\"Est. tempo de leitura\" \/>\n\t<meta name=\"twitter:data2\" content=\"3 minutos\" \/>\n<script type=\"application\/ld+json\" class=\"yoast-schema-graph\">{\"@context\":\"https:\/\/schema.org\",\"@graph\":[{\"@type\":\"NewsArticle\",\"@id\":\"https:\/\/www.gaveanews.com\/index.php\/2025\/05\/26\/a-declaracao-de-neymar-apos-vitoria-do-santos\/#article\",\"isPartOf\":{\"@id\":\"https:\/\/www.gaveanews.com\/index.php\/2025\/05\/26\/a-declaracao-de-neymar-apos-vitoria-do-santos\/\"},\"author\":{\"name\":\"Paula Silva\",\"@id\":\"https:\/\/www.gaveanews.com\/#\/schema\/person\/daf63eec72e1164eb13dc35096c2b8da\"},\"headline\":\"A declara\u00e7\u00e3o de Neymar ap\u00f3s vit\u00f3ria do Santos\",\"datePublished\":\"2025-05-27T00:40:00+00:00\",\"mainEntityOfPage\":{\"@id\":\"https:\/\/www.gaveanews.com\/index.php\/2025\/05\/26\/a-declaracao-de-neymar-apos-vitoria-do-santos\/\"},\"wordCount\":386,\"commentCount\":0,\"image\":{\"@id\":\"https:\/\/www.gaveanews.com\/index.php\/2025\/05\/26\/a-declaracao-de-neymar-apos-vitoria-do-santos\/#primaryimage\"},\"thumbnailUrl\":\"https:\/\/www.gaveanews.com\/wp-content\/uploads\/Neymar-em-atuacao-pelo-Santos-na-Vila-Belmiro.webp\",\"articleSection\":[\"Santos\"],\"inLanguage\":\"pt-BR\",\"potentialAction\":[{\"@type\":\"CommentAction\",\"name\":\"Comment\",\"target\":[\"https:\/\/www.gaveanews.com\/index.php\/2025\/05\/26\/a-declaracao-de-neymar-apos-vitoria-do-santos\/#respond\"]}],\"copyrightYear\":\"2025\",\"copyrightHolder\":{\"@id\":\"https:\/\/www.gaveanews.com\/#organization\"}},{\"@type\":\"WebPage\",\"@id\":\"https:\/\/www.gaveanews.com\/index.php\/2025\/05\/26\/a-declaracao-de-neymar-apos-vitoria-do-santos\/\",\"url\":\"https:\/\/www.gaveanews.com\/index.php\/2025\/05\/26\/a-declaracao-de-neymar-apos-vitoria-do-santos\/\",\"name\":\"A declara\u00e7\u00e3o de Neymar ap\u00f3s vit\u00f3ria do Santos\",\"isPartOf\":{\"@id\":\"https:\/\/www.gaveanews.com\/#website\"},\"primaryImageOfPage\":{\"@id\":\"https:\/\/www.gaveanews.com\/index.php\/2025\/05\/26\/a-declaracao-de-neymar-apos-vitoria-do-santos\/#primaryimage\"},\"image\":{\"@id\":\"https:\/\/www.gaveanews.com\/index.php\/2025\/05\/26\/a-declaracao-de-neymar-apos-vitoria-do-santos\/#primaryimage\"},\"thumbnailUrl\":\"https:\/\/www.gaveanews.com\/wp-content\/uploads\/Neymar-em-atuacao-pelo-Santos-na-Vila-Belmiro.webp\",\"datePublished\":\"2025-05-27T00:40:00+00:00\",\"author\":{\"@id\":\"https:\/\/www.gaveanews.com\/#\/schema\/person\/daf63eec72e1164eb13dc35096c2b8da\"},\"breadcrumb\":{\"@id\":\"https:\/\/www.gaveanews.com\/index.php\/2025\/05\/26\/a-declaracao-de-neymar-apos-vitoria-do-santos\/#breadcrumb\"},\"inLanguage\":\"pt-BR\",\"potentialAction\":[{\"@type\":\"ReadAction\",\"target\":[\"https:\/\/www.gaveanews.com\/index.php\/2025\/05\/26\/a-declaracao-de-neymar-apos-vitoria-do-santos\/\"]}]},{\"@type\":\"ImageObject\",\"inLanguage\":\"pt-BR\",\"@id\":\"https:\/\/www.gaveanews.com\/index.php\/2025\/05\/26\/a-declaracao-de-neymar-apos-vitoria-do-santos\/#primaryimage\",\"url\":\"https:\/\/www.gaveanews.com\/wp-content\/uploads\/Neymar-em-atuacao-pelo-Santos-na-Vila-Belmiro.webp\",\"contentUrl\":\"https:\/\/www.gaveanews.com\/wp-content\/uploads\/Neymar-em-atuacao-pelo-Santos-na-Vila-Belmiro.webp\",\"width\":1200,\"height\":800,\"caption\":\"Neymar em atua\u00e7\u00e3o pelo Santos na Vila Belmiro - Fotos: Raul Baretta\/ Santos FC.\"},{\"@type\":\"BreadcrumbList\",\"@id\":\"https:\/\/www.gaveanews.com\/index.php\/2025\/05\/26\/a-declaracao-de-neymar-apos-vitoria-do-santos\/#breadcrumb\",\"itemListElement\":[{\"@type\":\"ListItem\",\"position\":1,\"name\":\"Home\",\"item\":\"https:\/\/www.gaveanews.com\/\"},{\"@type\":\"ListItem\",\"position\":2,\"name\":\"A declara\u00e7\u00e3o de Neymar ap\u00f3s vit\u00f3ria do Santos\"}]},{\"@type\":\"WebSite\",\"@id\":\"https:\/\/www.gaveanews.com\/#website\",\"url\":\"https:\/\/www.gaveanews.com\/\",\"name\":\"G\u00e1vea News\",\"description\":\"Veja todas as not\u00edcias sobre o Flamengo: Contrata\u00e7\u00f5es, categorias de base, resultados das partidas, tabela de classifica\u00e7\u00e3o, pr\u00f3ximos jogos!\",\"potentialAction\":[{\"@type\":\"SearchAction\",\"target\":{\"@type\":\"EntryPoint\",\"urlTemplate\":\"https:\/\/www.gaveanews.com\/?s={search_term_string}\"},\"query-input\":{\"@type\":\"PropertyValueSpecification\",\"valueRequired\":true,\"valueName\":\"search_term_string\"}}],\"inLanguage\":\"pt-BR\"},{\"@type\":\"Person\",\"@id\":\"https:\/\/www.gaveanews.com\/#\/schema\/person\/daf63eec72e1164eb13dc35096c2b8da\",\"name\":\"Paula Silva\",\"image\":{\"@type\":\"ImageObject\",\"inLanguage\":\"pt-BR\",\"@id\":\"https:\/\/www.gaveanews.com\/#\/schema\/person\/image\/\",\"url\":\"https:\/\/secure.gravatar.com\/avatar\/eda381c845527cc5d64c13b901833cda29d97500ba040d3e6461f76f51d163bb?s=96&d=mm&r=g\",\"contentUrl\":\"https:\/\/secure.gravatar.com\/avatar\/eda381c845527cc5d64c13b901833cda29d97500ba040d3e6461f76f51d163bb?s=96&d=mm&r=g\",\"caption\":\"Paula Silva\"}}]}<\/script>\n<!-- \/ Yoast SEO Premium plugin. -->","yoast_head_json":{"title":"A declara\u00e7\u00e3o de Neymar ap\u00f3s vit\u00f3ria do Santos","robots":{"index":"index","follow":"follow","max-snippet":"max-snippet:-1","max-image-preview":"max-image-preview:large","max-video-preview":"max-video-preview:-1"},"canonical":"https:\/\/www.gaveanews.com\/index.php\/2025\/05\/26\/a-declaracao-de-neymar-apos-vitoria-do-santos\/","og_locale":"pt_BR","og_type":"article","og_title":"A declara\u00e7\u00e3o de Neymar ap\u00f3s vit\u00f3ria do Santos","og_description":"O triunfo do Santos por 1 a 0 sobre o Vit\u00f3ria, fora de casa, foi celebrada por Neymar com entusiasmo nas redes sociais. O atacante, que voltou ao clube em meio \u00e0 luta contra o rebaixamento no Campeonato Brasileiro, parabenizou os companheiros e destacou o esfor\u00e7o coletivo do grupo. \u201cSemana dif\u00edcil, mas conseguimos voltar a [&hellip;]","og_url":"https:\/\/www.gaveanews.com\/index.php\/2025\/05\/26\/a-declaracao-de-neymar-apos-vitoria-do-santos\/","og_site_name":"G\u00e1vea News","article_publisher":"https:\/\/facebook.com\/gaveaNews\/","article_published_time":"2025-05-27T00:40:00+00:00","og_image":[{"width":1200,"height":800,"url":"https:\/\/www.gaveanews.com\/wp-content\/uploads\/Neymar-em-atuacao-pelo-Santos-na-Vila-Belmiro.webp","type":"image\/png"}],"author":"Paula Silva","twitter_card":"summary_large_image","twitter_misc":{"Escrito por":"Paula Silva","Est. tempo de leitura":"3 minutos"},"schema":{"@context":"https:\/\/schema.org","@graph":[{"@type":"NewsArticle","@id":"https:\/\/www.gaveanews.com\/index.php\/2025\/05\/26\/a-declaracao-de-neymar-apos-vitoria-do-santos\/#article","isPartOf":{"@id":"https:\/\/www.gaveanews.com\/index.php\/2025\/05\/26\/a-declaracao-de-neymar-apos-vitoria-do-santos\/"},"author":{"name":"Paula Silva","@id":"https:\/\/www.gaveanews.com\/#\/schema\/person\/daf63eec72e1164eb13dc35096c2b8da"},"headline":"A declara\u00e7\u00e3o de Neymar ap\u00f3s vit\u00f3ria do Santos","datePublished":"2025-05-27T00:40:00+00:00","mainEntityOfPage":{"@id":"https:\/\/www.gaveanews.com\/index.php\/2025\/05\/26\/a-declaracao-de-neymar-apos-vitoria-do-santos\/"},"wordCount":386,"commentCount":0,"image":{"@id":"https:\/\/www.gaveanews.com\/index.php\/2025\/05\/26\/a-declaracao-de-neymar-apos-vitoria-do-santos\/#primaryimage"},"thumbnailUrl":"https:\/\/www.gaveanews.com\/wp-content\/uploads\/Neymar-em-atuacao-pelo-Santos-na-Vila-Belmiro.webp","articleSection":["Santos"],"inLanguage":"pt-BR","potentialAction":[{"@type":"CommentAction","name":"Comment","target":["https:\/\/www.gaveanews.com\/index.php\/2025\/05\/26\/a-declaracao-de-neymar-apos-vitoria-do-santos\/#respond"]}],"copyrightYear":"2025","copyrightHolder":{"@id":"https:\/\/www.gaveanews.com\/#organization"}},{"@type":"WebPage","@id":"https:\/\/www.gaveanews.com\/index.php\/2025\/05\/26\/a-declaracao-de-neymar-apos-vitoria-do-santos\/","url":"https:\/\/www.gaveanews.com\/index.php\/2025\/05\/26\/a-declaracao-de-neymar-apos-vitoria-do-santos\/","name":"A declara\u00e7\u00e3o de Neymar ap\u00f3s vit\u00f3ria do Santos","isPartOf":{"@id":"https:\/\/www.gaveanews.com\/#website"},"primaryImageOfPage":{"@id":"https:\/\/www.gaveanews.com\/index.php\/2025\/05\/26\/a-declaracao-de-neymar-apos-vitoria-do-santos\/#primaryimage"},"image":{"@id":"https:\/\/www.gaveanews.com\/index.php\/2025\/05\/26\/a-declaracao-de-neymar-apos-vitoria-do-santos\/#primaryimage"},"thumbnailUrl":"https:\/\/www.gaveanews.com\/wp-content\/uploads\/Neymar-em-atuacao-pelo-Santos-na-Vila-Belmiro.webp","datePublished":"2025-05-27T00:40:00+00:00","author":{"@id":"https:\/\/www.gaveanews.com\/#\/schema\/person\/daf63eec72e1164eb13dc35096c2b8da"},"breadcrumb":{"@id":"https:\/\/www.gaveanews.com\/index.php\/2025\/05\/26\/a-declaracao-de-neymar-apos-vitoria-do-santos\/#breadcrumb"},"inLanguage":"pt-BR","potentialAction":[{"@type":"ReadAction","target":["https:\/\/www.gaveanews.com\/index.php\/2025\/05\/26\/a-declaracao-de-neymar-apos-vitoria-do-santos\/"]}]},{"@type":"ImageObject","inLanguage":"pt-BR","@id":"https:\/\/www.gaveanews.com\/index.php\/2025\/05\/26\/a-declaracao-de-neymar-apos-vitoria-do-santos\/#primaryimage","url":"https:\/\/www.gaveanews.com\/wp-content\/uploads\/Neymar-em-atuacao-pelo-Santos-na-Vila-Belmiro.webp","contentUrl":"https:\/\/www.gaveanews.com\/wp-content\/uploads\/Neymar-em-atuacao-pelo-Santos-na-Vila-Belmiro.webp","width":1200,"height":800,"caption":"Neymar em atua\u00e7\u00e3o pelo Santos na Vila Belmiro - Fotos: Raul Baretta\/ Santos FC."},{"@type":"BreadcrumbList","@id":"https:\/\/www.gaveanews.com\/index.php\/2025\/05\/26\/a-declaracao-de-neymar-apos-vitoria-do-santos\/#breadcrumb","itemListElement":[{"@type":"ListItem","position":1,"name":"Home","item":"https:\/\/www.gaveanews.com\/"},{"@type":"ListItem","position":2,"name":"A declara\u00e7\u00e3o de Neymar ap\u00f3s vit\u00f3ria do Santos"}]},{"@type":"WebSite","@id":"https:\/\/www.gaveanews.com\/#website","url":"https:\/\/www.gaveanews.com\/","name":"G\u00e1vea News","description":"Veja todas as not\u00edcias sobre o Flamengo: Contrata\u00e7\u00f5es, categorias de base, resultados das partidas, tabela de classifica\u00e7\u00e3o, pr\u00f3ximos jogos!","potentialAction":[{"@type":"SearchAction","target":{"@type":"EntryPoint","urlTemplate":"https:\/\/www.gaveanews.com\/?s={search_term_string}"},"query-input":{"@type":"PropertyValueSpecification","valueRequired":true,"valueName":"search_term_string"}}],"inLanguage":"pt-BR"},{"@type":"Person","@id":"https:\/\/www.gaveanews.com\/#\/schema\/person\/daf63eec72e1164eb13dc35096c2b8da","name":"Paula Silva","image":{"@type":"ImageObject","inLanguage":"pt-BR","@id":"https:\/\/www.gaveanews.com\/#\/schema\/person\/image\/","url":"https:\/\/secure.gravatar.com\/avatar\/eda381c845527cc5d64c13b901833cda29d97500ba040d3e6461f76f51d163bb?s=96&d=mm&r=g","contentUrl":"https:\/\/secure.gravatar.com\/avatar\/eda381c845527cc5d64c13b901833cda29d97500ba040d3e6461f76f51d163bb?s=96&d=mm&r=g","caption":"Paula Silva"}}]}},"_links":{"self":[{"href":"https:\/\/www.gaveanews.com\/index.php\/wp-json\/wp\/v2\/posts\/267090","targetHints":{"allow":["GET"]}}],"collection":[{"href":"https:\/\/www.gaveanews.com\/index.php\/wp-json\/wp\/v2\/posts"}],"about":[{"href":"https:\/\/www.gaveanews.com\/index.php\/wp-json\/wp\/v2\/types\/post"}],"author":[{"embeddable":true,"href":"https:\/\/www.gaveanews.com\/index.php\/wp-json\/wp\/v2\/users\/18"}],"replies":[{"embeddable":true,"href":"https:\/\/www.gaveanews.com\/index.php\/wp-json\/wp\/v2\/comments?post=267090"}],"version-history":[{"count":1,"href":"https:\/\/www.gaveanews.com\/index.php\/wp-json\/wp\/v2\/posts\/267090\/revisions"}],"predecessor-version":[{"id":267095,"href":"https:\/\/www.gaveanews.com\/index.php\/wp-json\/wp\/v2\/posts\/267090\/revisions\/267095"}],"wp:featuredmedia":[{"embeddable":true,"href":"https:\/\/www.gaveanews.com\/index.php\/wp-json\/wp\/v2\/media\/255254"}],"wp:attachment":[{"href":"https:\/\/www.gaveanews.com\/index.php\/wp-json\/wp\/v2\/media?parent=267090"}],"wp:term":[{"taxonomy":"category","embeddable":true,"href":"https:\/\/www.gaveanews.com\/index.php\/wp-json\/wp\/v2\/categories?post=267090"},{"taxonomy":"post_tag","embeddable":true,"href":"https:\/\/www.gaveanews.com\/index.php\/wp-json\/wp\/v2\/tags?post=267090"}],"curies":[{"name":"wp","href":"https:\/\/api.w.org\/{rel}","templated":true}]}}