{"id":267242,"date":"2025-05-27T14:30:00","date_gmt":"2025-05-27T17:30:00","guid":{"rendered":"https:\/\/www.gaveanews.com\/?p=267242"},"modified":"2025-05-27T13:33:50","modified_gmt":"2025-05-27T16:33:50","slug":"palmeiras-define-planejamento-envolvendo-o-mundial-de-clubes","status":"publish","type":"post","link":"https:\/\/www.gaveanews.com\/index.php\/2025\/05\/27\/palmeiras-define-planejamento-envolvendo-o-mundial-de-clubes\/","title":{"rendered":"Palmeiras define planejamento envolvendo o Mundial de Clubes"},"content":{"rendered":"\n<p>O Palmeiras optou por uma estrat\u00e9gia especial a fim de assegurar a chegada de seus atletas convocados \u00e0 Copa do Mundo de Clubes. A presidente do clube, Leila Pereira, disponibilizou sua aeronave particular para o deslocamento dos jogadores que estar\u00e3o a servi\u00e7o de suas sele\u00e7\u00f5es nacionais durante a Data Fifa. A a\u00e7\u00e3o visa integrar esses atletas \u00e0 delega\u00e7\u00e3o alviverde nos Estados Unidos, onde a competi\u00e7\u00e3o ser\u00e1 realizada.<\/p>\n\n\n\n<p>O grupo principal do elenco viajar\u00e1 no dia 9 de junho (domingo), em voo fretado com destino a Greensboro, cidade na Carolina do Norte que ser\u00e1 a base palmeirense durante o torneio. No entanto, aqueles que estiverem representando suas sele\u00e7\u00f5es nacionais embarcar\u00e3o somente dois dias depois, em 11 de junho (ter\u00e7a-feira), utilizando o jato de propriedade da dirigente.<\/p>\n\n\n\n<h2 class=\"wp-block-heading\" id=\"h-nomes-confirmados-e-possiveis-ausencias\">Nomes confirmados e poss\u00edveis aus\u00eancias<\/h2>\n\n\n\n<p>Entre os nomes com presen\u00e7a certa no voo privado est\u00e3o o atacante Est\u00eav\u00e3o, chamado por Carlo Ancelotti para a Sele\u00e7\u00e3o Brasileira principal, e os jovens Benedetti e Luighi, que atuar\u00e3o em amistosos pelo time sub-20. Tamb\u00e9m estar\u00e1 a bordo o massagista Serginho, igualmente convocado para integrar a delega\u00e7\u00e3o t\u00e9cnica da Sele\u00e7\u00e3o Brasileira.<\/p>\n\n\n\n<p>Al\u00e9m deles, h\u00e1 a expectativa de que outros atletas estrangeiros do elenco tamb\u00e9m recebam chamadas de suas sele\u00e7\u00f5es. \u00c9 o caso do zagueiro Gustavo G\u00f3mez, que pode defender o Paraguai; do meio-campista Richard R\u00edos, cotado pela Col\u00f4mbia; e da tr\u00edade uruguaia formada por Piquerez, Facundo Torres e Emiliano Mart\u00ednez. Todos esses, se confirmados, igualmente seguir\u00e3o no mesmo voo.<\/p>\n\n\n\n<h2 class=\"wp-block-heading\" id=\"h-mudanca-de-planos-por-economia-e-eficiencia\">Mudan\u00e7a de planos por economia e efici\u00eancia<\/h2>\n\n\n\n<p>Inicialmente, Leila Pereira pretendia seguir com a delega\u00e7\u00e3o no dia 9, contudo, optou por alterar sua agenda a fim de auxiliar na log\u00edstica e, ao mesmo tempo, evitar custos adicionais ao clube, que teria de arcar com a contrata\u00e7\u00e3o de outro avi\u00e3o. Assim, decidiu acompanhar os convocados na viagem marcada para o dia 11, priorizando a otimiza\u00e7\u00e3o dos recursos palmeirenses.<\/p>\n\n\n\n<p>Embora esses atletas percam as duas primeiras sess\u00f5es de treinamentos nos Estados Unidos, est\u00e1 assegurado que todos chegar\u00e3o a tempo de participarem da reta final de prepara\u00e7\u00e3o antes da estreia do Verd\u00e3o na competi\u00e7\u00e3o.<\/p>\n\n\n\n<h2 class=\"wp-block-heading\" id=\"h-estreia-marcada-contra-o-porto\">Estreia marcada contra o Porto<\/h2>\n\n\n\n<p>A participa\u00e7\u00e3o do Palmeiras no Super Mundial ter\u00e1 in\u00edcio no s\u00e1bado (15 de junho), diante do Porto, em partida agendada para ocorrer em New Jersey. Posteriormente, o time paulista enfrentar\u00e1 o Al-Ahly, do Egito, e o Inter Miami, dos Estados Unidos, na fase de grupos. A expectativa em torno da estreia \u00e9 elevada, sobretudo devido ao planejamento detalhado realizado para garantir a presen\u00e7a de todos os atletas fundamentais ao elenco.<\/p>\n\n\n\n<h2 class=\"wp-block-heading\" id=\"h-acao-inedita-no-futebol-nacional\">A\u00e7\u00e3o in\u00e9dita no futebol nacional<\/h2>\n\n\n\n<p>A atitude da mandat\u00e1ria palmeirense \u00e9 considerada incomum entre clubes brasileiros. Ao ceder sua pr\u00f3pria aeronave, Leila n\u00e3o apenas facilita a log\u00edstica de seus jogadores, mas tamb\u00e9m demonstra envolvimento direto com o planejamento esportivo da equipe. O gesto repercutiu amplamente entre os torcedores e profissionais do meio, chamando aten\u00e7\u00e3o pela iniciativa privada no suporte \u00e0 performance esportiva.<\/p>\n","protected":false},"excerpt":{"rendered":"<p>O Palmeiras optou por uma estrat\u00e9gia especial a fim de assegurar a chegada de seus atletas convocados \u00e0 Copa do Mundo de Clubes. A presidente do clube, Leila Pereira, disponibilizou sua aeronave particular para o deslocamento dos jogadores que estar\u00e3o a servi\u00e7o de suas sele\u00e7\u00f5es nacionais durante a Data Fifa. A a\u00e7\u00e3o visa integrar esses [&hellip;]<\/p>\n","protected":false},"author":30,"featured_media":155182,"comment_status":"open","ping_status":"closed","sticky":false,"template":"","format":"standard","meta":{"footnotes":""},"categories":[150],"tags":[],"class_list":["post-267242","post","type-post","status-publish","format-standard","has-post-thumbnail","hentry","category-palmeiras"],"yoast_head":"<!-- This site is optimized with the Yoast SEO Premium plugin v24.2 (Yoast SEO v26.9) - https:\/\/yoast.com\/product\/yoast-seo-premium-wordpress\/ -->\n<title>Palmeiras define planejamento envolvendo o Mundial de Clubes<\/title>\n<meta name=\"robots\" content=\"index, follow, max-snippet:-1, max-image-preview:large, max-video-preview:-1\" \/>\n<link rel=\"canonical\" href=\"https:\/\/www.gaveanews.com\/index.php\/2025\/05\/27\/palmeiras-define-planejamento-envolvendo-o-mundial-de-clubes\/\" \/>\n<meta property=\"og:locale\" content=\"pt_BR\" \/>\n<meta property=\"og:type\" content=\"article\" \/>\n<meta property=\"og:title\" content=\"Palmeiras define planejamento envolvendo o Mundial de Clubes\" \/>\n<meta property=\"og:description\" content=\"O Palmeiras optou por uma estrat\u00e9gia especial a fim de assegurar a chegada de seus atletas convocados \u00e0 Copa do Mundo de Clubes. A presidente do clube, Leila Pereira, disponibilizou sua aeronave particular para o deslocamento dos jogadores que estar\u00e3o a servi\u00e7o de suas sele\u00e7\u00f5es nacionais durante a Data Fifa. A a\u00e7\u00e3o visa integrar esses [&hellip;]\" \/>\n<meta property=\"og:url\" content=\"https:\/\/www.gaveanews.com\/index.php\/2025\/05\/27\/palmeiras-define-planejamento-envolvendo-o-mundial-de-clubes\/\" \/>\n<meta property=\"og:site_name\" content=\"G\u00e1vea News\" \/>\n<meta property=\"article:publisher\" content=\"https:\/\/facebook.com\/gaveaNews\/\" \/>\n<meta property=\"article:published_time\" content=\"2025-05-27T17:30:00+00:00\" \/>\n<meta property=\"og:image\" content=\"https:\/\/www.gaveanews.com\/wp-content\/uploads\/Allianz-Parque-estadio-do-Palmeiras.webp\" \/>\n\t<meta property=\"og:image:width\" content=\"1023\" \/>\n\t<meta property=\"og:image:height\" content=\"767\" \/>\n\t<meta property=\"og:image:type\" content=\"image\/webp\" \/>\n<meta name=\"author\" content=\"Ana Teixeira\" \/>\n<meta name=\"twitter:card\" content=\"summary_large_image\" \/>\n<meta name=\"twitter:label1\" content=\"Escrito por\" \/>\n\t<meta name=\"twitter:data1\" content=\"Ana Teixeira\" \/>\n\t<meta name=\"twitter:label2\" content=\"Est. tempo de leitura\" \/>\n\t<meta name=\"twitter:data2\" content=\"3 minutos\" \/>\n<script type=\"application\/ld+json\" class=\"yoast-schema-graph\">{\"@context\":\"https:\/\/schema.org\",\"@graph\":[{\"@type\":\"NewsArticle\",\"@id\":\"https:\/\/www.gaveanews.com\/index.php\/2025\/05\/27\/palmeiras-define-planejamento-envolvendo-o-mundial-de-clubes\/#article\",\"isPartOf\":{\"@id\":\"https:\/\/www.gaveanews.com\/index.php\/2025\/05\/27\/palmeiras-define-planejamento-envolvendo-o-mundial-de-clubes\/\"},\"author\":{\"name\":\"Ana Teixeira\",\"@id\":\"https:\/\/www.gaveanews.com\/#\/schema\/person\/3b19f7288b0ce20372991275e4f2e6c2\"},\"headline\":\"Palmeiras define planejamento envolvendo o Mundial de Clubes\",\"datePublished\":\"2025-05-27T17:30:00+00:00\",\"mainEntityOfPage\":{\"@id\":\"https:\/\/www.gaveanews.com\/index.php\/2025\/05\/27\/palmeiras-define-planejamento-envolvendo-o-mundial-de-clubes\/\"},\"wordCount\":530,\"commentCount\":0,\"image\":{\"@id\":\"https:\/\/www.gaveanews.com\/index.php\/2025\/05\/27\/palmeiras-define-planejamento-envolvendo-o-mundial-de-clubes\/#primaryimage\"},\"thumbnailUrl\":\"https:\/\/www.gaveanews.com\/wp-content\/uploads\/Allianz-Parque-estadio-do-Palmeiras.webp\",\"articleSection\":[\"Palmeiras\"],\"inLanguage\":\"pt-BR\",\"potentialAction\":[{\"@type\":\"CommentAction\",\"name\":\"Comment\",\"target\":[\"https:\/\/www.gaveanews.com\/index.php\/2025\/05\/27\/palmeiras-define-planejamento-envolvendo-o-mundial-de-clubes\/#respond\"]}],\"copyrightYear\":\"2025\",\"copyrightHolder\":{\"@id\":\"https:\/\/www.gaveanews.com\/#organization\"}},{\"@type\":\"WebPage\",\"@id\":\"https:\/\/www.gaveanews.com\/index.php\/2025\/05\/27\/palmeiras-define-planejamento-envolvendo-o-mundial-de-clubes\/\",\"url\":\"https:\/\/www.gaveanews.com\/index.php\/2025\/05\/27\/palmeiras-define-planejamento-envolvendo-o-mundial-de-clubes\/\",\"name\":\"Palmeiras define planejamento envolvendo o Mundial de Clubes\",\"isPartOf\":{\"@id\":\"https:\/\/www.gaveanews.com\/#website\"},\"primaryImageOfPage\":{\"@id\":\"https:\/\/www.gaveanews.com\/index.php\/2025\/05\/27\/palmeiras-define-planejamento-envolvendo-o-mundial-de-clubes\/#primaryimage\"},\"image\":{\"@id\":\"https:\/\/www.gaveanews.com\/index.php\/2025\/05\/27\/palmeiras-define-planejamento-envolvendo-o-mundial-de-clubes\/#primaryimage\"},\"thumbnailUrl\":\"https:\/\/www.gaveanews.com\/wp-content\/uploads\/Allianz-Parque-estadio-do-Palmeiras.webp\",\"datePublished\":\"2025-05-27T17:30:00+00:00\",\"author\":{\"@id\":\"https:\/\/www.gaveanews.com\/#\/schema\/person\/3b19f7288b0ce20372991275e4f2e6c2\"},\"breadcrumb\":{\"@id\":\"https:\/\/www.gaveanews.com\/index.php\/2025\/05\/27\/palmeiras-define-planejamento-envolvendo-o-mundial-de-clubes\/#breadcrumb\"},\"inLanguage\":\"pt-BR\",\"potentialAction\":[{\"@type\":\"ReadAction\",\"target\":[\"https:\/\/www.gaveanews.com\/index.php\/2025\/05\/27\/palmeiras-define-planejamento-envolvendo-o-mundial-de-clubes\/\"]}]},{\"@type\":\"ImageObject\",\"inLanguage\":\"pt-BR\",\"@id\":\"https:\/\/www.gaveanews.com\/index.php\/2025\/05\/27\/palmeiras-define-planejamento-envolvendo-o-mundial-de-clubes\/#primaryimage\",\"url\":\"https:\/\/www.gaveanews.com\/wp-content\/uploads\/Allianz-Parque-estadio-do-Palmeiras.webp\",\"contentUrl\":\"https:\/\/www.gaveanews.com\/wp-content\/uploads\/Allianz-Parque-estadio-do-Palmeiras.webp\",\"width\":1023,\"height\":767,\"caption\":\"Allianz Parque, est\u00e1dio do Palmeiras (Foto: Reprodu\u00e7\u00e3o\/Palmeiras)\"},{\"@type\":\"BreadcrumbList\",\"@id\":\"https:\/\/www.gaveanews.com\/index.php\/2025\/05\/27\/palmeiras-define-planejamento-envolvendo-o-mundial-de-clubes\/#breadcrumb\",\"itemListElement\":[{\"@type\":\"ListItem\",\"position\":1,\"name\":\"Home\",\"item\":\"https:\/\/www.gaveanews.com\/\"},{\"@type\":\"ListItem\",\"position\":2,\"name\":\"Palmeiras define planejamento envolvendo o Mundial de Clubes\"}]},{\"@type\":\"WebSite\",\"@id\":\"https:\/\/www.gaveanews.com\/#website\",\"url\":\"https:\/\/www.gaveanews.com\/\",\"name\":\"G\u00e1vea News\",\"description\":\"Veja todas as not\u00edcias sobre o Flamengo: Contrata\u00e7\u00f5es, categorias de base, resultados das partidas, tabela de classifica\u00e7\u00e3o, pr\u00f3ximos jogos!\",\"potentialAction\":[{\"@type\":\"SearchAction\",\"target\":{\"@type\":\"EntryPoint\",\"urlTemplate\":\"https:\/\/www.gaveanews.com\/?s={search_term_string}\"},\"query-input\":{\"@type\":\"PropertyValueSpecification\",\"valueRequired\":true,\"valueName\":\"search_term_string\"}}],\"inLanguage\":\"pt-BR\"},{\"@type\":\"Person\",\"@id\":\"https:\/\/www.gaveanews.com\/#\/schema\/person\/3b19f7288b0ce20372991275e4f2e6c2\",\"name\":\"Ana Teixeira\",\"image\":{\"@type\":\"ImageObject\",\"inLanguage\":\"pt-BR\",\"@id\":\"https:\/\/www.gaveanews.com\/#\/schema\/person\/image\/\",\"url\":\"https:\/\/secure.gravatar.com\/avatar\/0a73f5a5258f3fed37fc2fa641892f3f7a4748456d4d4792f9bc550e6c19e06c?s=96&d=mm&r=g\",\"contentUrl\":\"https:\/\/secure.gravatar.com\/avatar\/0a73f5a5258f3fed37fc2fa641892f3f7a4748456d4d4792f9bc550e6c19e06c?s=96&d=mm&r=g\",\"caption\":\"Ana Teixeira\"}}]}<\/script>\n<!-- \/ Yoast SEO Premium plugin. -->","yoast_head_json":{"title":"Palmeiras define planejamento envolvendo o Mundial de Clubes","robots":{"index":"index","follow":"follow","max-snippet":"max-snippet:-1","max-image-preview":"max-image-preview:large","max-video-preview":"max-video-preview:-1"},"canonical":"https:\/\/www.gaveanews.com\/index.php\/2025\/05\/27\/palmeiras-define-planejamento-envolvendo-o-mundial-de-clubes\/","og_locale":"pt_BR","og_type":"article","og_title":"Palmeiras define planejamento envolvendo o Mundial de Clubes","og_description":"O Palmeiras optou por uma estrat\u00e9gia especial a fim de assegurar a chegada de seus atletas convocados \u00e0 Copa do Mundo de Clubes. A presidente do clube, Leila Pereira, disponibilizou sua aeronave particular para o deslocamento dos jogadores que estar\u00e3o a servi\u00e7o de suas sele\u00e7\u00f5es nacionais durante a Data Fifa. A a\u00e7\u00e3o visa integrar esses [&hellip;]","og_url":"https:\/\/www.gaveanews.com\/index.php\/2025\/05\/27\/palmeiras-define-planejamento-envolvendo-o-mundial-de-clubes\/","og_site_name":"G\u00e1vea News","article_publisher":"https:\/\/facebook.com\/gaveaNews\/","article_published_time":"2025-05-27T17:30:00+00:00","og_image":[{"width":1023,"height":767,"url":"https:\/\/www.gaveanews.com\/wp-content\/uploads\/Allianz-Parque-estadio-do-Palmeiras.webp","type":"image\/webp"}],"author":"Ana Teixeira","twitter_card":"summary_large_image","twitter_misc":{"Escrito por":"Ana Teixeira","Est. tempo de leitura":"3 minutos"},"schema":{"@context":"https:\/\/schema.org","@graph":[{"@type":"NewsArticle","@id":"https:\/\/www.gaveanews.com\/index.php\/2025\/05\/27\/palmeiras-define-planejamento-envolvendo-o-mundial-de-clubes\/#article","isPartOf":{"@id":"https:\/\/www.gaveanews.com\/index.php\/2025\/05\/27\/palmeiras-define-planejamento-envolvendo-o-mundial-de-clubes\/"},"author":{"name":"Ana Teixeira","@id":"https:\/\/www.gaveanews.com\/#\/schema\/person\/3b19f7288b0ce20372991275e4f2e6c2"},"headline":"Palmeiras define planejamento envolvendo o Mundial de Clubes","datePublished":"2025-05-27T17:30:00+00:00","mainEntityOfPage":{"@id":"https:\/\/www.gaveanews.com\/index.php\/2025\/05\/27\/palmeiras-define-planejamento-envolvendo-o-mundial-de-clubes\/"},"wordCount":530,"commentCount":0,"image":{"@id":"https:\/\/www.gaveanews.com\/index.php\/2025\/05\/27\/palmeiras-define-planejamento-envolvendo-o-mundial-de-clubes\/#primaryimage"},"thumbnailUrl":"https:\/\/www.gaveanews.com\/wp-content\/uploads\/Allianz-Parque-estadio-do-Palmeiras.webp","articleSection":["Palmeiras"],"inLanguage":"pt-BR","potentialAction":[{"@type":"CommentAction","name":"Comment","target":["https:\/\/www.gaveanews.com\/index.php\/2025\/05\/27\/palmeiras-define-planejamento-envolvendo-o-mundial-de-clubes\/#respond"]}],"copyrightYear":"2025","copyrightHolder":{"@id":"https:\/\/www.gaveanews.com\/#organization"}},{"@type":"WebPage","@id":"https:\/\/www.gaveanews.com\/index.php\/2025\/05\/27\/palmeiras-define-planejamento-envolvendo-o-mundial-de-clubes\/","url":"https:\/\/www.gaveanews.com\/index.php\/2025\/05\/27\/palmeiras-define-planejamento-envolvendo-o-mundial-de-clubes\/","name":"Palmeiras define planejamento envolvendo o Mundial de Clubes","isPartOf":{"@id":"https:\/\/www.gaveanews.com\/#website"},"primaryImageOfPage":{"@id":"https:\/\/www.gaveanews.com\/index.php\/2025\/05\/27\/palmeiras-define-planejamento-envolvendo-o-mundial-de-clubes\/#primaryimage"},"image":{"@id":"https:\/\/www.gaveanews.com\/index.php\/2025\/05\/27\/palmeiras-define-planejamento-envolvendo-o-mundial-de-clubes\/#primaryimage"},"thumbnailUrl":"https:\/\/www.gaveanews.com\/wp-content\/uploads\/Allianz-Parque-estadio-do-Palmeiras.webp","datePublished":"2025-05-27T17:30:00+00:00","author":{"@id":"https:\/\/www.gaveanews.com\/#\/schema\/person\/3b19f7288b0ce20372991275e4f2e6c2"},"breadcrumb":{"@id":"https:\/\/www.gaveanews.com\/index.php\/2025\/05\/27\/palmeiras-define-planejamento-envolvendo-o-mundial-de-clubes\/#breadcrumb"},"inLanguage":"pt-BR","potentialAction":[{"@type":"ReadAction","target":["https:\/\/www.gaveanews.com\/index.php\/2025\/05\/27\/palmeiras-define-planejamento-envolvendo-o-mundial-de-clubes\/"]}]},{"@type":"ImageObject","inLanguage":"pt-BR","@id":"https:\/\/www.gaveanews.com\/index.php\/2025\/05\/27\/palmeiras-define-planejamento-envolvendo-o-mundial-de-clubes\/#primaryimage","url":"https:\/\/www.gaveanews.com\/wp-content\/uploads\/Allianz-Parque-estadio-do-Palmeiras.webp","contentUrl":"https:\/\/www.gaveanews.com\/wp-content\/uploads\/Allianz-Parque-estadio-do-Palmeiras.webp","width":1023,"height":767,"caption":"Allianz Parque, est\u00e1dio do Palmeiras (Foto: Reprodu\u00e7\u00e3o\/Palmeiras)"},{"@type":"BreadcrumbList","@id":"https:\/\/www.gaveanews.com\/index.php\/2025\/05\/27\/palmeiras-define-planejamento-envolvendo-o-mundial-de-clubes\/#breadcrumb","itemListElement":[{"@type":"ListItem","position":1,"name":"Home","item":"https:\/\/www.gaveanews.com\/"},{"@type":"ListItem","position":2,"name":"Palmeiras define planejamento envolvendo o Mundial de Clubes"}]},{"@type":"WebSite","@id":"https:\/\/www.gaveanews.com\/#website","url":"https:\/\/www.gaveanews.com\/","name":"G\u00e1vea News","description":"Veja todas as not\u00edcias sobre o Flamengo: Contrata\u00e7\u00f5es, categorias de base, resultados das partidas, tabela de classifica\u00e7\u00e3o, pr\u00f3ximos jogos!","potentialAction":[{"@type":"SearchAction","target":{"@type":"EntryPoint","urlTemplate":"https:\/\/www.gaveanews.com\/?s={search_term_string}"},"query-input":{"@type":"PropertyValueSpecification","valueRequired":true,"valueName":"search_term_string"}}],"inLanguage":"pt-BR"},{"@type":"Person","@id":"https:\/\/www.gaveanews.com\/#\/schema\/person\/3b19f7288b0ce20372991275e4f2e6c2","name":"Ana Teixeira","image":{"@type":"ImageObject","inLanguage":"pt-BR","@id":"https:\/\/www.gaveanews.com\/#\/schema\/person\/image\/","url":"https:\/\/secure.gravatar.com\/avatar\/0a73f5a5258f3fed37fc2fa641892f3f7a4748456d4d4792f9bc550e6c19e06c?s=96&d=mm&r=g","contentUrl":"https:\/\/secure.gravatar.com\/avatar\/0a73f5a5258f3fed37fc2fa641892f3f7a4748456d4d4792f9bc550e6c19e06c?s=96&d=mm&r=g","caption":"Ana Teixeira"}}]}},"_links":{"self":[{"href":"https:\/\/www.gaveanews.com\/index.php\/wp-json\/wp\/v2\/posts\/267242","targetHints":{"allow":["GET"]}}],"collection":[{"href":"https:\/\/www.gaveanews.com\/index.php\/wp-json\/wp\/v2\/posts"}],"about":[{"href":"https:\/\/www.gaveanews.com\/index.php\/wp-json\/wp\/v2\/types\/post"}],"author":[{"embeddable":true,"href":"https:\/\/www.gaveanews.com\/index.php\/wp-json\/wp\/v2\/users\/30"}],"replies":[{"embeddable":true,"href":"https:\/\/www.gaveanews.com\/index.php\/wp-json\/wp\/v2\/comments?post=267242"}],"version-history":[{"count":1,"href":"https:\/\/www.gaveanews.com\/index.php\/wp-json\/wp\/v2\/posts\/267242\/revisions"}],"predecessor-version":[{"id":267250,"href":"https:\/\/www.gaveanews.com\/index.php\/wp-json\/wp\/v2\/posts\/267242\/revisions\/267250"}],"wp:featuredmedia":[{"embeddable":true,"href":"https:\/\/www.gaveanews.com\/index.php\/wp-json\/wp\/v2\/media\/155182"}],"wp:attachment":[{"href":"https:\/\/www.gaveanews.com\/index.php\/wp-json\/wp\/v2\/media?parent=267242"}],"wp:term":[{"taxonomy":"category","embeddable":true,"href":"https:\/\/www.gaveanews.com\/index.php\/wp-json\/wp\/v2\/categories?post=267242"},{"taxonomy":"post_tag","embeddable":true,"href":"https:\/\/www.gaveanews.com\/index.php\/wp-json\/wp\/v2\/tags?post=267242"}],"curies":[{"name":"wp","href":"https:\/\/api.w.org\/{rel}","templated":true}]}}