{"id":267454,"date":"2025-05-27T21:50:00","date_gmt":"2025-05-28T00:50:00","guid":{"rendered":"https:\/\/www.gaveanews.com\/?p=267454"},"modified":"2025-05-27T21:17:07","modified_gmt":"2025-05-28T00:17:07","slug":"a-declaracao-de-loffredo-sobre-convocacao-do-brasil-sem-neymar-surpresa-positiva","status":"publish","type":"post","link":"https:\/\/www.gaveanews.com\/index.php\/2025\/05\/27\/a-declaracao-de-loffredo-sobre-convocacao-do-brasil-sem-neymar-surpresa-positiva\/","title":{"rendered":"A declara\u00e7\u00e3o de Loffredo sobre convoca\u00e7\u00e3o do Brasil sem Neymar: &#8220;Surpresa positiva\u2026&#8221;"},"content":{"rendered":"\n<p>A declara\u00e7\u00e3o de Loffredo sobre a aus\u00eancia de Neymar na convoca\u00e7\u00e3o final da Sele\u00e7\u00e3o Brasileira para os pr\u00f3ximos compromissos nas Eliminat\u00f3rias foi marcada por um tom de surpresa e an\u00e1lise cr\u00edtica. Segundo o comentarista, a decis\u00e3o de deixar o atacante fora da lista definitiva contrasta diretamente com a expectativa criada a partir da pr\u00e9-lista divulgada anteriormente.<\/p>\n\n\n\n<p>Primeiramente, Loffredo destacou que Neymar constava entre os pr\u00e9-convocados. Conforme suas palavras, esse movimento indicava que a comiss\u00e3o t\u00e9cnica projetava um retorno gradual do jogador, com participa\u00e7\u00e3o progressiva nos jogos at\u00e9 estar pronto para atuar em alto n\u00edvel. &#8220;Voc\u00ea coloca o Neymar numa pr\u00e9-lista, voc\u00ea fala que o Neymar vai retornar aos poucos&#8221;, comentou o jornalista.<\/p>\n\n\n\n<p>Al\u00e9m disso, o retorno de Neymar vinha seguindo exatamente o ritmo previsto. O atacante havia entrado em campo duas vezes como substituto e ainda tinha mais dois jogos programados antes da convoca\u00e7\u00e3o final. Loffredo apontou que, seguindo essa sequ\u00eancia, Neymar estaria pronto para atuar por 75 ou at\u00e9 90 minutos nas datas dos compromissos da Sele\u00e7\u00e3o, o que tornava sua aus\u00eancia algo inesperado: \u201cA recupera\u00e7\u00e3o do Neymar andou exatamente do jeito que se previa e, na lista final, o Neymar n\u00e3o est\u00e1\u201d.<\/p>\n\n\n\n<p>Embora tenha demonstrado surpresa, Loffredo avaliou essa aus\u00eancia como algo positivo para o grupo. Segundo ele, \u00e9 fundamental que a Sele\u00e7\u00e3o Brasileira desenvolva alternativas t\u00e1ticas sem depender do camisa 10: \u201cA primeira coisa que a Sele\u00e7\u00e3o Brasileira tem que ter \u00e9 uma alternativa sem Neymar\u201d, afirmou.<\/p>\n\n\n\n<p>O comentarista ainda sugeriu que a exclus\u00e3o do nome de Neymar pode carregar uma mensagem mais profunda. De acordo com ele, o fato de o atacante ter aparecido na pr\u00e9-lista e sido retirado depois sugere que houve uma decis\u00e3o consciente de abrir espa\u00e7o para outras op\u00e7\u00f5es. \u201cEu acho que passa esse recado\u201d, declarou.<\/p>\n\n\n\n<p>Assim sendo, Loffredo n\u00e3o apenas evidenciou o contraste entre expectativa e realidade na convoca\u00e7\u00e3o, como tamb\u00e9m defendeu que a Sele\u00e7\u00e3o deve buscar um novo modelo de jogo. Para ele, Neymar continua sendo importante, mas n\u00e3o pode ser a \u00fanica pe\u00e7a essencial do time.<\/p>\n\n\n\n<p>A convoca\u00e7\u00e3o feita por Ancelotti marca, portanto, um momento simb\u00f3lico: \u00e9 a primeira vez em muito tempo que o nome de Neymar n\u00e3o figura entre os convocados da Sele\u00e7\u00e3o principal. Conforme a an\u00e1lise do jornalista, o movimento pode ser estrat\u00e9gico, ainda que surpreendente para muitos observadores e torcedores.<\/p>\n","protected":false},"excerpt":{"rendered":"<p>A declara\u00e7\u00e3o de Loffredo sobre a aus\u00eancia de Neymar na convoca\u00e7\u00e3o final da Sele\u00e7\u00e3o Brasileira para os pr\u00f3ximos compromissos nas Eliminat\u00f3rias foi marcada por um tom de surpresa e an\u00e1lise cr\u00edtica. Segundo o comentarista, a decis\u00e3o de deixar o atacante fora da lista definitiva contrasta diretamente com a expectativa criada a partir da pr\u00e9-lista divulgada [&hellip;]<\/p>\n","protected":false},"author":18,"featured_media":255254,"comment_status":"open","ping_status":"closed","sticky":false,"template":"","format":"standard","meta":{"footnotes":""},"categories":[478,477],"tags":[],"class_list":["post-267454","post","type-post","status-publish","format-standard","has-post-thumbnail","hentry","category-brasil","category-selecoes"],"yoast_head":"<!-- This site is optimized with the Yoast SEO Premium plugin v24.2 (Yoast SEO v26.9) - https:\/\/yoast.com\/product\/yoast-seo-premium-wordpress\/ -->\n<title>A declara\u00e7\u00e3o de Loffredo sobre convoca\u00e7\u00e3o do Brasil sem Neymar: &quot;Surpresa positiva\u2026&quot;<\/title>\n<meta name=\"robots\" content=\"index, follow, max-snippet:-1, max-image-preview:large, max-video-preview:-1\" \/>\n<link rel=\"canonical\" href=\"https:\/\/www.gaveanews.com\/index.php\/2025\/05\/27\/a-declaracao-de-loffredo-sobre-convocacao-do-brasil-sem-neymar-surpresa-positiva\/\" \/>\n<meta property=\"og:locale\" content=\"pt_BR\" \/>\n<meta property=\"og:type\" content=\"article\" \/>\n<meta property=\"og:title\" content=\"A declara\u00e7\u00e3o de Loffredo sobre convoca\u00e7\u00e3o do Brasil sem Neymar: &quot;Surpresa positiva\u2026&quot;\" \/>\n<meta property=\"og:description\" content=\"A declara\u00e7\u00e3o de Loffredo sobre a aus\u00eancia de Neymar na convoca\u00e7\u00e3o final da Sele\u00e7\u00e3o Brasileira para os pr\u00f3ximos compromissos nas Eliminat\u00f3rias foi marcada por um tom de surpresa e an\u00e1lise cr\u00edtica. Segundo o comentarista, a decis\u00e3o de deixar o atacante fora da lista definitiva contrasta diretamente com a expectativa criada a partir da pr\u00e9-lista divulgada [&hellip;]\" \/>\n<meta property=\"og:url\" content=\"https:\/\/www.gaveanews.com\/index.php\/2025\/05\/27\/a-declaracao-de-loffredo-sobre-convocacao-do-brasil-sem-neymar-surpresa-positiva\/\" \/>\n<meta property=\"og:site_name\" content=\"G\u00e1vea News\" \/>\n<meta property=\"article:publisher\" content=\"https:\/\/facebook.com\/gaveaNews\/\" \/>\n<meta property=\"article:published_time\" content=\"2025-05-28T00:50:00+00:00\" \/>\n<meta property=\"og:image\" content=\"https:\/\/www.gaveanews.com\/wp-content\/uploads\/Neymar-em-atuacao-pelo-Santos-na-Vila-Belmiro.webp\" \/>\n\t<meta property=\"og:image:width\" content=\"1200\" \/>\n\t<meta property=\"og:image:height\" content=\"800\" \/>\n\t<meta property=\"og:image:type\" content=\"image\/png\" \/>\n<meta name=\"author\" content=\"Paula Silva\" \/>\n<meta name=\"twitter:card\" content=\"summary_large_image\" \/>\n<meta name=\"twitter:label1\" content=\"Escrito por\" \/>\n\t<meta name=\"twitter:data1\" content=\"Paula Silva\" \/>\n\t<meta name=\"twitter:label2\" content=\"Est. tempo de leitura\" \/>\n\t<meta name=\"twitter:data2\" content=\"3 minutos\" \/>\n<script type=\"application\/ld+json\" class=\"yoast-schema-graph\">{\"@context\":\"https:\/\/schema.org\",\"@graph\":[{\"@type\":\"NewsArticle\",\"@id\":\"https:\/\/www.gaveanews.com\/index.php\/2025\/05\/27\/a-declaracao-de-loffredo-sobre-convocacao-do-brasil-sem-neymar-surpresa-positiva\/#article\",\"isPartOf\":{\"@id\":\"https:\/\/www.gaveanews.com\/index.php\/2025\/05\/27\/a-declaracao-de-loffredo-sobre-convocacao-do-brasil-sem-neymar-surpresa-positiva\/\"},\"author\":{\"name\":\"Paula Silva\",\"@id\":\"https:\/\/www.gaveanews.com\/#\/schema\/person\/daf63eec72e1164eb13dc35096c2b8da\"},\"headline\":\"A declara\u00e7\u00e3o de Loffredo sobre convoca\u00e7\u00e3o do Brasil sem Neymar: &#8220;Surpresa positiva\u2026&#8221;\",\"datePublished\":\"2025-05-28T00:50:00+00:00\",\"mainEntityOfPage\":{\"@id\":\"https:\/\/www.gaveanews.com\/index.php\/2025\/05\/27\/a-declaracao-de-loffredo-sobre-convocacao-do-brasil-sem-neymar-surpresa-positiva\/\"},\"wordCount\":436,\"commentCount\":0,\"image\":{\"@id\":\"https:\/\/www.gaveanews.com\/index.php\/2025\/05\/27\/a-declaracao-de-loffredo-sobre-convocacao-do-brasil-sem-neymar-surpresa-positiva\/#primaryimage\"},\"thumbnailUrl\":\"https:\/\/www.gaveanews.com\/wp-content\/uploads\/Neymar-em-atuacao-pelo-Santos-na-Vila-Belmiro.webp\",\"articleSection\":[\"Brasil\",\"Sele\u00e7\u00f5es\"],\"inLanguage\":\"pt-BR\",\"potentialAction\":[{\"@type\":\"CommentAction\",\"name\":\"Comment\",\"target\":[\"https:\/\/www.gaveanews.com\/index.php\/2025\/05\/27\/a-declaracao-de-loffredo-sobre-convocacao-do-brasil-sem-neymar-surpresa-positiva\/#respond\"]}],\"copyrightYear\":\"2025\",\"copyrightHolder\":{\"@id\":\"https:\/\/www.gaveanews.com\/#organization\"}},{\"@type\":\"WebPage\",\"@id\":\"https:\/\/www.gaveanews.com\/index.php\/2025\/05\/27\/a-declaracao-de-loffredo-sobre-convocacao-do-brasil-sem-neymar-surpresa-positiva\/\",\"url\":\"https:\/\/www.gaveanews.com\/index.php\/2025\/05\/27\/a-declaracao-de-loffredo-sobre-convocacao-do-brasil-sem-neymar-surpresa-positiva\/\",\"name\":\"A declara\u00e7\u00e3o de Loffredo sobre convoca\u00e7\u00e3o do Brasil sem Neymar: \\\"Surpresa positiva\u2026\\\"\",\"isPartOf\":{\"@id\":\"https:\/\/www.gaveanews.com\/#website\"},\"primaryImageOfPage\":{\"@id\":\"https:\/\/www.gaveanews.com\/index.php\/2025\/05\/27\/a-declaracao-de-loffredo-sobre-convocacao-do-brasil-sem-neymar-surpresa-positiva\/#primaryimage\"},\"image\":{\"@id\":\"https:\/\/www.gaveanews.com\/index.php\/2025\/05\/27\/a-declaracao-de-loffredo-sobre-convocacao-do-brasil-sem-neymar-surpresa-positiva\/#primaryimage\"},\"thumbnailUrl\":\"https:\/\/www.gaveanews.com\/wp-content\/uploads\/Neymar-em-atuacao-pelo-Santos-na-Vila-Belmiro.webp\",\"datePublished\":\"2025-05-28T00:50:00+00:00\",\"author\":{\"@id\":\"https:\/\/www.gaveanews.com\/#\/schema\/person\/daf63eec72e1164eb13dc35096c2b8da\"},\"breadcrumb\":{\"@id\":\"https:\/\/www.gaveanews.com\/index.php\/2025\/05\/27\/a-declaracao-de-loffredo-sobre-convocacao-do-brasil-sem-neymar-surpresa-positiva\/#breadcrumb\"},\"inLanguage\":\"pt-BR\",\"potentialAction\":[{\"@type\":\"ReadAction\",\"target\":[\"https:\/\/www.gaveanews.com\/index.php\/2025\/05\/27\/a-declaracao-de-loffredo-sobre-convocacao-do-brasil-sem-neymar-surpresa-positiva\/\"]}]},{\"@type\":\"ImageObject\",\"inLanguage\":\"pt-BR\",\"@id\":\"https:\/\/www.gaveanews.com\/index.php\/2025\/05\/27\/a-declaracao-de-loffredo-sobre-convocacao-do-brasil-sem-neymar-surpresa-positiva\/#primaryimage\",\"url\":\"https:\/\/www.gaveanews.com\/wp-content\/uploads\/Neymar-em-atuacao-pelo-Santos-na-Vila-Belmiro.webp\",\"contentUrl\":\"https:\/\/www.gaveanews.com\/wp-content\/uploads\/Neymar-em-atuacao-pelo-Santos-na-Vila-Belmiro.webp\",\"width\":1200,\"height\":800,\"caption\":\"Neymar em atua\u00e7\u00e3o pelo Santos na Vila Belmiro - Fotos: Raul Baretta\/ Santos FC.\"},{\"@type\":\"BreadcrumbList\",\"@id\":\"https:\/\/www.gaveanews.com\/index.php\/2025\/05\/27\/a-declaracao-de-loffredo-sobre-convocacao-do-brasil-sem-neymar-surpresa-positiva\/#breadcrumb\",\"itemListElement\":[{\"@type\":\"ListItem\",\"position\":1,\"name\":\"Home\",\"item\":\"https:\/\/www.gaveanews.com\/\"},{\"@type\":\"ListItem\",\"position\":2,\"name\":\"A declara\u00e7\u00e3o de Loffredo sobre convoca\u00e7\u00e3o do Brasil sem Neymar: &#8220;Surpresa positiva\u2026&#8221;\"}]},{\"@type\":\"WebSite\",\"@id\":\"https:\/\/www.gaveanews.com\/#website\",\"url\":\"https:\/\/www.gaveanews.com\/\",\"name\":\"G\u00e1vea News\",\"description\":\"Veja todas as not\u00edcias sobre o Flamengo: Contrata\u00e7\u00f5es, categorias de base, resultados das partidas, tabela de classifica\u00e7\u00e3o, pr\u00f3ximos jogos!\",\"potentialAction\":[{\"@type\":\"SearchAction\",\"target\":{\"@type\":\"EntryPoint\",\"urlTemplate\":\"https:\/\/www.gaveanews.com\/?s={search_term_string}\"},\"query-input\":{\"@type\":\"PropertyValueSpecification\",\"valueRequired\":true,\"valueName\":\"search_term_string\"}}],\"inLanguage\":\"pt-BR\"},{\"@type\":\"Person\",\"@id\":\"https:\/\/www.gaveanews.com\/#\/schema\/person\/daf63eec72e1164eb13dc35096c2b8da\",\"name\":\"Paula Silva\",\"image\":{\"@type\":\"ImageObject\",\"inLanguage\":\"pt-BR\",\"@id\":\"https:\/\/www.gaveanews.com\/#\/schema\/person\/image\/\",\"url\":\"https:\/\/secure.gravatar.com\/avatar\/eda381c845527cc5d64c13b901833cda29d97500ba040d3e6461f76f51d163bb?s=96&d=mm&r=g\",\"contentUrl\":\"https:\/\/secure.gravatar.com\/avatar\/eda381c845527cc5d64c13b901833cda29d97500ba040d3e6461f76f51d163bb?s=96&d=mm&r=g\",\"caption\":\"Paula Silva\"}}]}<\/script>\n<!-- \/ Yoast SEO Premium plugin. -->","yoast_head_json":{"title":"A declara\u00e7\u00e3o de Loffredo sobre convoca\u00e7\u00e3o do Brasil sem Neymar: \"Surpresa positiva\u2026\"","robots":{"index":"index","follow":"follow","max-snippet":"max-snippet:-1","max-image-preview":"max-image-preview:large","max-video-preview":"max-video-preview:-1"},"canonical":"https:\/\/www.gaveanews.com\/index.php\/2025\/05\/27\/a-declaracao-de-loffredo-sobre-convocacao-do-brasil-sem-neymar-surpresa-positiva\/","og_locale":"pt_BR","og_type":"article","og_title":"A declara\u00e7\u00e3o de Loffredo sobre convoca\u00e7\u00e3o do Brasil sem Neymar: \"Surpresa positiva\u2026\"","og_description":"A declara\u00e7\u00e3o de Loffredo sobre a aus\u00eancia de Neymar na convoca\u00e7\u00e3o final da Sele\u00e7\u00e3o Brasileira para os pr\u00f3ximos compromissos nas Eliminat\u00f3rias foi marcada por um tom de surpresa e an\u00e1lise cr\u00edtica. Segundo o comentarista, a decis\u00e3o de deixar o atacante fora da lista definitiva contrasta diretamente com a expectativa criada a partir da pr\u00e9-lista divulgada [&hellip;]","og_url":"https:\/\/www.gaveanews.com\/index.php\/2025\/05\/27\/a-declaracao-de-loffredo-sobre-convocacao-do-brasil-sem-neymar-surpresa-positiva\/","og_site_name":"G\u00e1vea News","article_publisher":"https:\/\/facebook.com\/gaveaNews\/","article_published_time":"2025-05-28T00:50:00+00:00","og_image":[{"width":1200,"height":800,"url":"https:\/\/www.gaveanews.com\/wp-content\/uploads\/Neymar-em-atuacao-pelo-Santos-na-Vila-Belmiro.webp","type":"image\/png"}],"author":"Paula Silva","twitter_card":"summary_large_image","twitter_misc":{"Escrito por":"Paula Silva","Est. tempo de leitura":"3 minutos"},"schema":{"@context":"https:\/\/schema.org","@graph":[{"@type":"NewsArticle","@id":"https:\/\/www.gaveanews.com\/index.php\/2025\/05\/27\/a-declaracao-de-loffredo-sobre-convocacao-do-brasil-sem-neymar-surpresa-positiva\/#article","isPartOf":{"@id":"https:\/\/www.gaveanews.com\/index.php\/2025\/05\/27\/a-declaracao-de-loffredo-sobre-convocacao-do-brasil-sem-neymar-surpresa-positiva\/"},"author":{"name":"Paula Silva","@id":"https:\/\/www.gaveanews.com\/#\/schema\/person\/daf63eec72e1164eb13dc35096c2b8da"},"headline":"A declara\u00e7\u00e3o de Loffredo sobre convoca\u00e7\u00e3o do Brasil sem Neymar: &#8220;Surpresa positiva\u2026&#8221;","datePublished":"2025-05-28T00:50:00+00:00","mainEntityOfPage":{"@id":"https:\/\/www.gaveanews.com\/index.php\/2025\/05\/27\/a-declaracao-de-loffredo-sobre-convocacao-do-brasil-sem-neymar-surpresa-positiva\/"},"wordCount":436,"commentCount":0,"image":{"@id":"https:\/\/www.gaveanews.com\/index.php\/2025\/05\/27\/a-declaracao-de-loffredo-sobre-convocacao-do-brasil-sem-neymar-surpresa-positiva\/#primaryimage"},"thumbnailUrl":"https:\/\/www.gaveanews.com\/wp-content\/uploads\/Neymar-em-atuacao-pelo-Santos-na-Vila-Belmiro.webp","articleSection":["Brasil","Sele\u00e7\u00f5es"],"inLanguage":"pt-BR","potentialAction":[{"@type":"CommentAction","name":"Comment","target":["https:\/\/www.gaveanews.com\/index.php\/2025\/05\/27\/a-declaracao-de-loffredo-sobre-convocacao-do-brasil-sem-neymar-surpresa-positiva\/#respond"]}],"copyrightYear":"2025","copyrightHolder":{"@id":"https:\/\/www.gaveanews.com\/#organization"}},{"@type":"WebPage","@id":"https:\/\/www.gaveanews.com\/index.php\/2025\/05\/27\/a-declaracao-de-loffredo-sobre-convocacao-do-brasil-sem-neymar-surpresa-positiva\/","url":"https:\/\/www.gaveanews.com\/index.php\/2025\/05\/27\/a-declaracao-de-loffredo-sobre-convocacao-do-brasil-sem-neymar-surpresa-positiva\/","name":"A declara\u00e7\u00e3o de Loffredo sobre convoca\u00e7\u00e3o do Brasil sem Neymar: \"Surpresa positiva\u2026\"","isPartOf":{"@id":"https:\/\/www.gaveanews.com\/#website"},"primaryImageOfPage":{"@id":"https:\/\/www.gaveanews.com\/index.php\/2025\/05\/27\/a-declaracao-de-loffredo-sobre-convocacao-do-brasil-sem-neymar-surpresa-positiva\/#primaryimage"},"image":{"@id":"https:\/\/www.gaveanews.com\/index.php\/2025\/05\/27\/a-declaracao-de-loffredo-sobre-convocacao-do-brasil-sem-neymar-surpresa-positiva\/#primaryimage"},"thumbnailUrl":"https:\/\/www.gaveanews.com\/wp-content\/uploads\/Neymar-em-atuacao-pelo-Santos-na-Vila-Belmiro.webp","datePublished":"2025-05-28T00:50:00+00:00","author":{"@id":"https:\/\/www.gaveanews.com\/#\/schema\/person\/daf63eec72e1164eb13dc35096c2b8da"},"breadcrumb":{"@id":"https:\/\/www.gaveanews.com\/index.php\/2025\/05\/27\/a-declaracao-de-loffredo-sobre-convocacao-do-brasil-sem-neymar-surpresa-positiva\/#breadcrumb"},"inLanguage":"pt-BR","potentialAction":[{"@type":"ReadAction","target":["https:\/\/www.gaveanews.com\/index.php\/2025\/05\/27\/a-declaracao-de-loffredo-sobre-convocacao-do-brasil-sem-neymar-surpresa-positiva\/"]}]},{"@type":"ImageObject","inLanguage":"pt-BR","@id":"https:\/\/www.gaveanews.com\/index.php\/2025\/05\/27\/a-declaracao-de-loffredo-sobre-convocacao-do-brasil-sem-neymar-surpresa-positiva\/#primaryimage","url":"https:\/\/www.gaveanews.com\/wp-content\/uploads\/Neymar-em-atuacao-pelo-Santos-na-Vila-Belmiro.webp","contentUrl":"https:\/\/www.gaveanews.com\/wp-content\/uploads\/Neymar-em-atuacao-pelo-Santos-na-Vila-Belmiro.webp","width":1200,"height":800,"caption":"Neymar em atua\u00e7\u00e3o pelo Santos na Vila Belmiro - Fotos: Raul Baretta\/ Santos FC."},{"@type":"BreadcrumbList","@id":"https:\/\/www.gaveanews.com\/index.php\/2025\/05\/27\/a-declaracao-de-loffredo-sobre-convocacao-do-brasil-sem-neymar-surpresa-positiva\/#breadcrumb","itemListElement":[{"@type":"ListItem","position":1,"name":"Home","item":"https:\/\/www.gaveanews.com\/"},{"@type":"ListItem","position":2,"name":"A declara\u00e7\u00e3o de Loffredo sobre convoca\u00e7\u00e3o do Brasil sem Neymar: &#8220;Surpresa positiva\u2026&#8221;"}]},{"@type":"WebSite","@id":"https:\/\/www.gaveanews.com\/#website","url":"https:\/\/www.gaveanews.com\/","name":"G\u00e1vea News","description":"Veja todas as not\u00edcias sobre o Flamengo: Contrata\u00e7\u00f5es, categorias de base, resultados das partidas, tabela de classifica\u00e7\u00e3o, pr\u00f3ximos jogos!","potentialAction":[{"@type":"SearchAction","target":{"@type":"EntryPoint","urlTemplate":"https:\/\/www.gaveanews.com\/?s={search_term_string}"},"query-input":{"@type":"PropertyValueSpecification","valueRequired":true,"valueName":"search_term_string"}}],"inLanguage":"pt-BR"},{"@type":"Person","@id":"https:\/\/www.gaveanews.com\/#\/schema\/person\/daf63eec72e1164eb13dc35096c2b8da","name":"Paula Silva","image":{"@type":"ImageObject","inLanguage":"pt-BR","@id":"https:\/\/www.gaveanews.com\/#\/schema\/person\/image\/","url":"https:\/\/secure.gravatar.com\/avatar\/eda381c845527cc5d64c13b901833cda29d97500ba040d3e6461f76f51d163bb?s=96&d=mm&r=g","contentUrl":"https:\/\/secure.gravatar.com\/avatar\/eda381c845527cc5d64c13b901833cda29d97500ba040d3e6461f76f51d163bb?s=96&d=mm&r=g","caption":"Paula Silva"}}]}},"_links":{"self":[{"href":"https:\/\/www.gaveanews.com\/index.php\/wp-json\/wp\/v2\/posts\/267454","targetHints":{"allow":["GET"]}}],"collection":[{"href":"https:\/\/www.gaveanews.com\/index.php\/wp-json\/wp\/v2\/posts"}],"about":[{"href":"https:\/\/www.gaveanews.com\/index.php\/wp-json\/wp\/v2\/types\/post"}],"author":[{"embeddable":true,"href":"https:\/\/www.gaveanews.com\/index.php\/wp-json\/wp\/v2\/users\/18"}],"replies":[{"embeddable":true,"href":"https:\/\/www.gaveanews.com\/index.php\/wp-json\/wp\/v2\/comments?post=267454"}],"version-history":[{"count":1,"href":"https:\/\/www.gaveanews.com\/index.php\/wp-json\/wp\/v2\/posts\/267454\/revisions"}],"predecessor-version":[{"id":267461,"href":"https:\/\/www.gaveanews.com\/index.php\/wp-json\/wp\/v2\/posts\/267454\/revisions\/267461"}],"wp:featuredmedia":[{"embeddable":true,"href":"https:\/\/www.gaveanews.com\/index.php\/wp-json\/wp\/v2\/media\/255254"}],"wp:attachment":[{"href":"https:\/\/www.gaveanews.com\/index.php\/wp-json\/wp\/v2\/media?parent=267454"}],"wp:term":[{"taxonomy":"category","embeddable":true,"href":"https:\/\/www.gaveanews.com\/index.php\/wp-json\/wp\/v2\/categories?post=267454"},{"taxonomy":"post_tag","embeddable":true,"href":"https:\/\/www.gaveanews.com\/index.php\/wp-json\/wp\/v2\/tags?post=267454"}],"curies":[{"name":"wp","href":"https:\/\/api.w.org\/{rel}","templated":true}]}}