{"id":267457,"date":"2025-05-27T21:40:00","date_gmt":"2025-05-28T00:40:00","guid":{"rendered":"https:\/\/www.gaveanews.com\/?p=267457"},"modified":"2025-05-27T21:12:12","modified_gmt":"2025-05-28T00:12:12","slug":"vasco-e-condenado-pela-justica-entenda","status":"publish","type":"post","link":"https:\/\/www.gaveanews.com\/index.php\/2025\/05\/27\/vasco-e-condenado-pela-justica-entenda\/","title":{"rendered":"Vasco \u00e9 condenado pela Justi\u00e7a; entenda"},"content":{"rendered":"\n<p>O Vasco foi condenado pela Fifa a pagar uma quantia superior a R$ 30 milh\u00f5es ao ex-treinador Ram\u00f3n D\u00edaz e ao seu filho e auxiliar t\u00e9cnico, Emiliano D\u00edaz. A decis\u00e3o, tomada em primeira inst\u00e2ncia, ainda permite recurso por parte do clube carioca, que pretende apresentar sua contesta\u00e7\u00e3o ao Tribunal Arbitral do Esporte (CAS), na Su\u00ed\u00e7a.<\/p>\n\n\n\n<p>A origem da disputa judicial remonta \u00e0 goleada de 4 a 0 sofrida para o Crici\u00fama, em abril de 2024. Na ocasi\u00e3o, minutos ap\u00f3s o fim da partida, o Vasco anunciou pelas redes sociais que os dois profissionais estavam desligados. Contudo, Ram\u00f3n D\u00edaz afirmou posteriormente que foi surpreendido e declarou: &#8220;n\u00e3o esperava ser demitido pelo Twitter&#8221;. A diverg\u00eancia de vers\u00f5es impulsionou a a\u00e7\u00e3o na entidade m\u00e1xima do futebol.<\/p>\n\n\n\n<p>Conforme os termos estabelecidos na senten\u00e7a da Fifa, o clube deve arcar com R$ 15,7 milh\u00f5es de multa contratual e R$ 866 mil em verbas rescis\u00f3rias a Ram\u00f3n D\u00edaz. J\u00e1 Emiliano teria direito a US$ 2,3 milh\u00f5es (cerca de R$ 13,3 milh\u00f5es na cota\u00e7\u00e3o atual) e mais R$ 644 mil em verbas trabalhistas. A soma ultrapassa os R$ 30,5 milh\u00f5es, valor que poder\u00e1 ser revisto em caso de sucesso no recurso.<\/p>\n\n\n\n<p>Enquanto prepara a defesa, o Vasco afirma que, caso precise honrar os pagamentos, vai responsabilizar judicialmente os antigos dirigentes da SAF. A poss\u00edvel a\u00e7\u00e3o de regresso ter\u00e1 como alvos a 777 Partners, a A-CAP, al\u00e9m do ex-CEO L\u00facio Barbosa e da ex-CFO Katia dos Santos, que comandavam a gest\u00e3o \u00e0 \u00e9poca da sa\u00edda da dupla argentina.<\/p>\n\n\n\n<p>Em nota oficial, o clube destacou que os fatos ocorreram durante a administra\u00e7\u00e3o da 777, que controlava a SAF em 2024. Ainda segundo o comunicado, qualquer valor eventualmente recebido pela fam\u00edlia D\u00edaz ser\u00e1 destinado aos credores do processo de Recupera\u00e7\u00e3o Judicial, ao qual a institui\u00e7\u00e3o est\u00e1 submetida.<\/p>\n\n\n\n<p>A situa\u00e7\u00e3o, embora delicada, segue em aberto. O Vasco segue buscando solu\u00e7\u00f5es jur\u00eddicas para minimizar impactos financeiros e preservar seu planejamento esportivo e administrativo para o restante da temporada.<\/p>\n","protected":false},"excerpt":{"rendered":"<p>O Vasco foi condenado pela Fifa a pagar uma quantia superior a R$ 30 milh\u00f5es ao ex-treinador Ram\u00f3n D\u00edaz e ao seu filho e auxiliar t\u00e9cnico, Emiliano D\u00edaz. A decis\u00e3o, tomada em primeira inst\u00e2ncia, ainda permite recurso por parte do clube carioca, que pretende apresentar sua contesta\u00e7\u00e3o ao Tribunal Arbitral do Esporte (CAS), na Su\u00ed\u00e7a. [&hellip;]<\/p>\n","protected":false},"author":18,"featured_media":161261,"comment_status":"open","ping_status":"closed","sticky":false,"template":"","format":"standard","meta":{"footnotes":""},"categories":[152],"tags":[],"class_list":["post-267457","post","type-post","status-publish","format-standard","has-post-thumbnail","hentry","category-vasco"],"yoast_head":"<!-- This site is optimized with the Yoast SEO Premium plugin v24.2 (Yoast SEO v26.9) - https:\/\/yoast.com\/product\/yoast-seo-premium-wordpress\/ -->\n<title>Vasco \u00e9 condenado pela Justi\u00e7a; entenda<\/title>\n<meta name=\"robots\" content=\"index, follow, max-snippet:-1, max-image-preview:large, max-video-preview:-1\" \/>\n<link rel=\"canonical\" href=\"https:\/\/www.gaveanews.com\/index.php\/2025\/05\/27\/vasco-e-condenado-pela-justica-entenda\/\" \/>\n<meta property=\"og:locale\" content=\"pt_BR\" \/>\n<meta property=\"og:type\" content=\"article\" \/>\n<meta property=\"og:title\" content=\"Vasco \u00e9 condenado pela Justi\u00e7a; entenda\" \/>\n<meta property=\"og:description\" content=\"O Vasco foi condenado pela Fifa a pagar uma quantia superior a R$ 30 milh\u00f5es ao ex-treinador Ram\u00f3n D\u00edaz e ao seu filho e auxiliar t\u00e9cnico, Emiliano D\u00edaz. A decis\u00e3o, tomada em primeira inst\u00e2ncia, ainda permite recurso por parte do clube carioca, que pretende apresentar sua contesta\u00e7\u00e3o ao Tribunal Arbitral do Esporte (CAS), na Su\u00ed\u00e7a. [&hellip;]\" \/>\n<meta property=\"og:url\" content=\"https:\/\/www.gaveanews.com\/index.php\/2025\/05\/27\/vasco-e-condenado-pela-justica-entenda\/\" \/>\n<meta property=\"og:site_name\" content=\"G\u00e1vea News\" \/>\n<meta property=\"article:publisher\" content=\"https:\/\/facebook.com\/gaveaNews\/\" \/>\n<meta property=\"article:published_time\" content=\"2025-05-28T00:40:00+00:00\" \/>\n<meta property=\"og:image\" content=\"https:\/\/www.gaveanews.com\/wp-content\/uploads\/Camisa-do-Vasco-2024.webp\" \/>\n\t<meta property=\"og:image:width\" content=\"1059\" \/>\n\t<meta property=\"og:image:height\" content=\"794\" \/>\n\t<meta property=\"og:image:type\" content=\"image\/webp\" \/>\n<meta name=\"author\" content=\"Paula Silva\" \/>\n<meta name=\"twitter:card\" content=\"summary_large_image\" \/>\n<meta name=\"twitter:label1\" content=\"Escrito por\" \/>\n\t<meta name=\"twitter:data1\" content=\"Paula Silva\" \/>\n\t<meta name=\"twitter:label2\" content=\"Est. tempo de leitura\" \/>\n\t<meta name=\"twitter:data2\" content=\"3 minutos\" \/>\n<script type=\"application\/ld+json\" class=\"yoast-schema-graph\">{\"@context\":\"https:\/\/schema.org\",\"@graph\":[{\"@type\":\"NewsArticle\",\"@id\":\"https:\/\/www.gaveanews.com\/index.php\/2025\/05\/27\/vasco-e-condenado-pela-justica-entenda\/#article\",\"isPartOf\":{\"@id\":\"https:\/\/www.gaveanews.com\/index.php\/2025\/05\/27\/vasco-e-condenado-pela-justica-entenda\/\"},\"author\":{\"name\":\"Paula Silva\",\"@id\":\"https:\/\/www.gaveanews.com\/#\/schema\/person\/daf63eec72e1164eb13dc35096c2b8da\"},\"headline\":\"Vasco \u00e9 condenado pela Justi\u00e7a; entenda\",\"datePublished\":\"2025-05-28T00:40:00+00:00\",\"mainEntityOfPage\":{\"@id\":\"https:\/\/www.gaveanews.com\/index.php\/2025\/05\/27\/vasco-e-condenado-pela-justica-entenda\/\"},\"wordCount\":359,\"commentCount\":0,\"image\":{\"@id\":\"https:\/\/www.gaveanews.com\/index.php\/2025\/05\/27\/vasco-e-condenado-pela-justica-entenda\/#primaryimage\"},\"thumbnailUrl\":\"https:\/\/www.gaveanews.com\/wp-content\/uploads\/Camisa-do-Vasco-2024.webp\",\"articleSection\":[\"Vasco\"],\"inLanguage\":\"pt-BR\",\"potentialAction\":[{\"@type\":\"CommentAction\",\"name\":\"Comment\",\"target\":[\"https:\/\/www.gaveanews.com\/index.php\/2025\/05\/27\/vasco-e-condenado-pela-justica-entenda\/#respond\"]}],\"copyrightYear\":\"2025\",\"copyrightHolder\":{\"@id\":\"https:\/\/www.gaveanews.com\/#organization\"}},{\"@type\":\"WebPage\",\"@id\":\"https:\/\/www.gaveanews.com\/index.php\/2025\/05\/27\/vasco-e-condenado-pela-justica-entenda\/\",\"url\":\"https:\/\/www.gaveanews.com\/index.php\/2025\/05\/27\/vasco-e-condenado-pela-justica-entenda\/\",\"name\":\"Vasco \u00e9 condenado pela Justi\u00e7a; entenda\",\"isPartOf\":{\"@id\":\"https:\/\/www.gaveanews.com\/#website\"},\"primaryImageOfPage\":{\"@id\":\"https:\/\/www.gaveanews.com\/index.php\/2025\/05\/27\/vasco-e-condenado-pela-justica-entenda\/#primaryimage\"},\"image\":{\"@id\":\"https:\/\/www.gaveanews.com\/index.php\/2025\/05\/27\/vasco-e-condenado-pela-justica-entenda\/#primaryimage\"},\"thumbnailUrl\":\"https:\/\/www.gaveanews.com\/wp-content\/uploads\/Camisa-do-Vasco-2024.webp\",\"datePublished\":\"2025-05-28T00:40:00+00:00\",\"author\":{\"@id\":\"https:\/\/www.gaveanews.com\/#\/schema\/person\/daf63eec72e1164eb13dc35096c2b8da\"},\"breadcrumb\":{\"@id\":\"https:\/\/www.gaveanews.com\/index.php\/2025\/05\/27\/vasco-e-condenado-pela-justica-entenda\/#breadcrumb\"},\"inLanguage\":\"pt-BR\",\"potentialAction\":[{\"@type\":\"ReadAction\",\"target\":[\"https:\/\/www.gaveanews.com\/index.php\/2025\/05\/27\/vasco-e-condenado-pela-justica-entenda\/\"]}]},{\"@type\":\"ImageObject\",\"inLanguage\":\"pt-BR\",\"@id\":\"https:\/\/www.gaveanews.com\/index.php\/2025\/05\/27\/vasco-e-condenado-pela-justica-entenda\/#primaryimage\",\"url\":\"https:\/\/www.gaveanews.com\/wp-content\/uploads\/Camisa-do-Vasco-2024.webp\",\"contentUrl\":\"https:\/\/www.gaveanews.com\/wp-content\/uploads\/Camisa-do-Vasco-2024.webp\",\"width\":1059,\"height\":794,\"caption\":\"Camisa do Vasco 2024 (Foto: Reprodu\u00e7\u00e3o\/Instagram)\"},{\"@type\":\"BreadcrumbList\",\"@id\":\"https:\/\/www.gaveanews.com\/index.php\/2025\/05\/27\/vasco-e-condenado-pela-justica-entenda\/#breadcrumb\",\"itemListElement\":[{\"@type\":\"ListItem\",\"position\":1,\"name\":\"Home\",\"item\":\"https:\/\/www.gaveanews.com\/\"},{\"@type\":\"ListItem\",\"position\":2,\"name\":\"Vasco \u00e9 condenado pela Justi\u00e7a; entenda\"}]},{\"@type\":\"WebSite\",\"@id\":\"https:\/\/www.gaveanews.com\/#website\",\"url\":\"https:\/\/www.gaveanews.com\/\",\"name\":\"G\u00e1vea News\",\"description\":\"Veja todas as not\u00edcias sobre o Flamengo: Contrata\u00e7\u00f5es, categorias de base, resultados das partidas, tabela de classifica\u00e7\u00e3o, pr\u00f3ximos jogos!\",\"potentialAction\":[{\"@type\":\"SearchAction\",\"target\":{\"@type\":\"EntryPoint\",\"urlTemplate\":\"https:\/\/www.gaveanews.com\/?s={search_term_string}\"},\"query-input\":{\"@type\":\"PropertyValueSpecification\",\"valueRequired\":true,\"valueName\":\"search_term_string\"}}],\"inLanguage\":\"pt-BR\"},{\"@type\":\"Person\",\"@id\":\"https:\/\/www.gaveanews.com\/#\/schema\/person\/daf63eec72e1164eb13dc35096c2b8da\",\"name\":\"Paula Silva\",\"image\":{\"@type\":\"ImageObject\",\"inLanguage\":\"pt-BR\",\"@id\":\"https:\/\/www.gaveanews.com\/#\/schema\/person\/image\/\",\"url\":\"https:\/\/secure.gravatar.com\/avatar\/eda381c845527cc5d64c13b901833cda29d97500ba040d3e6461f76f51d163bb?s=96&d=mm&r=g\",\"contentUrl\":\"https:\/\/secure.gravatar.com\/avatar\/eda381c845527cc5d64c13b901833cda29d97500ba040d3e6461f76f51d163bb?s=96&d=mm&r=g\",\"caption\":\"Paula Silva\"}}]}<\/script>\n<!-- \/ Yoast SEO Premium plugin. -->","yoast_head_json":{"title":"Vasco \u00e9 condenado pela Justi\u00e7a; entenda","robots":{"index":"index","follow":"follow","max-snippet":"max-snippet:-1","max-image-preview":"max-image-preview:large","max-video-preview":"max-video-preview:-1"},"canonical":"https:\/\/www.gaveanews.com\/index.php\/2025\/05\/27\/vasco-e-condenado-pela-justica-entenda\/","og_locale":"pt_BR","og_type":"article","og_title":"Vasco \u00e9 condenado pela Justi\u00e7a; entenda","og_description":"O Vasco foi condenado pela Fifa a pagar uma quantia superior a R$ 30 milh\u00f5es ao ex-treinador Ram\u00f3n D\u00edaz e ao seu filho e auxiliar t\u00e9cnico, Emiliano D\u00edaz. A decis\u00e3o, tomada em primeira inst\u00e2ncia, ainda permite recurso por parte do clube carioca, que pretende apresentar sua contesta\u00e7\u00e3o ao Tribunal Arbitral do Esporte (CAS), na Su\u00ed\u00e7a. [&hellip;]","og_url":"https:\/\/www.gaveanews.com\/index.php\/2025\/05\/27\/vasco-e-condenado-pela-justica-entenda\/","og_site_name":"G\u00e1vea News","article_publisher":"https:\/\/facebook.com\/gaveaNews\/","article_published_time":"2025-05-28T00:40:00+00:00","og_image":[{"width":1059,"height":794,"url":"https:\/\/www.gaveanews.com\/wp-content\/uploads\/Camisa-do-Vasco-2024.webp","type":"image\/webp"}],"author":"Paula Silva","twitter_card":"summary_large_image","twitter_misc":{"Escrito por":"Paula Silva","Est. tempo de leitura":"3 minutos"},"schema":{"@context":"https:\/\/schema.org","@graph":[{"@type":"NewsArticle","@id":"https:\/\/www.gaveanews.com\/index.php\/2025\/05\/27\/vasco-e-condenado-pela-justica-entenda\/#article","isPartOf":{"@id":"https:\/\/www.gaveanews.com\/index.php\/2025\/05\/27\/vasco-e-condenado-pela-justica-entenda\/"},"author":{"name":"Paula Silva","@id":"https:\/\/www.gaveanews.com\/#\/schema\/person\/daf63eec72e1164eb13dc35096c2b8da"},"headline":"Vasco \u00e9 condenado pela Justi\u00e7a; entenda","datePublished":"2025-05-28T00:40:00+00:00","mainEntityOfPage":{"@id":"https:\/\/www.gaveanews.com\/index.php\/2025\/05\/27\/vasco-e-condenado-pela-justica-entenda\/"},"wordCount":359,"commentCount":0,"image":{"@id":"https:\/\/www.gaveanews.com\/index.php\/2025\/05\/27\/vasco-e-condenado-pela-justica-entenda\/#primaryimage"},"thumbnailUrl":"https:\/\/www.gaveanews.com\/wp-content\/uploads\/Camisa-do-Vasco-2024.webp","articleSection":["Vasco"],"inLanguage":"pt-BR","potentialAction":[{"@type":"CommentAction","name":"Comment","target":["https:\/\/www.gaveanews.com\/index.php\/2025\/05\/27\/vasco-e-condenado-pela-justica-entenda\/#respond"]}],"copyrightYear":"2025","copyrightHolder":{"@id":"https:\/\/www.gaveanews.com\/#organization"}},{"@type":"WebPage","@id":"https:\/\/www.gaveanews.com\/index.php\/2025\/05\/27\/vasco-e-condenado-pela-justica-entenda\/","url":"https:\/\/www.gaveanews.com\/index.php\/2025\/05\/27\/vasco-e-condenado-pela-justica-entenda\/","name":"Vasco \u00e9 condenado pela Justi\u00e7a; entenda","isPartOf":{"@id":"https:\/\/www.gaveanews.com\/#website"},"primaryImageOfPage":{"@id":"https:\/\/www.gaveanews.com\/index.php\/2025\/05\/27\/vasco-e-condenado-pela-justica-entenda\/#primaryimage"},"image":{"@id":"https:\/\/www.gaveanews.com\/index.php\/2025\/05\/27\/vasco-e-condenado-pela-justica-entenda\/#primaryimage"},"thumbnailUrl":"https:\/\/www.gaveanews.com\/wp-content\/uploads\/Camisa-do-Vasco-2024.webp","datePublished":"2025-05-28T00:40:00+00:00","author":{"@id":"https:\/\/www.gaveanews.com\/#\/schema\/person\/daf63eec72e1164eb13dc35096c2b8da"},"breadcrumb":{"@id":"https:\/\/www.gaveanews.com\/index.php\/2025\/05\/27\/vasco-e-condenado-pela-justica-entenda\/#breadcrumb"},"inLanguage":"pt-BR","potentialAction":[{"@type":"ReadAction","target":["https:\/\/www.gaveanews.com\/index.php\/2025\/05\/27\/vasco-e-condenado-pela-justica-entenda\/"]}]},{"@type":"ImageObject","inLanguage":"pt-BR","@id":"https:\/\/www.gaveanews.com\/index.php\/2025\/05\/27\/vasco-e-condenado-pela-justica-entenda\/#primaryimage","url":"https:\/\/www.gaveanews.com\/wp-content\/uploads\/Camisa-do-Vasco-2024.webp","contentUrl":"https:\/\/www.gaveanews.com\/wp-content\/uploads\/Camisa-do-Vasco-2024.webp","width":1059,"height":794,"caption":"Camisa do Vasco 2024 (Foto: Reprodu\u00e7\u00e3o\/Instagram)"},{"@type":"BreadcrumbList","@id":"https:\/\/www.gaveanews.com\/index.php\/2025\/05\/27\/vasco-e-condenado-pela-justica-entenda\/#breadcrumb","itemListElement":[{"@type":"ListItem","position":1,"name":"Home","item":"https:\/\/www.gaveanews.com\/"},{"@type":"ListItem","position":2,"name":"Vasco \u00e9 condenado pela Justi\u00e7a; entenda"}]},{"@type":"WebSite","@id":"https:\/\/www.gaveanews.com\/#website","url":"https:\/\/www.gaveanews.com\/","name":"G\u00e1vea News","description":"Veja todas as not\u00edcias sobre o Flamengo: Contrata\u00e7\u00f5es, categorias de base, resultados das partidas, tabela de classifica\u00e7\u00e3o, pr\u00f3ximos jogos!","potentialAction":[{"@type":"SearchAction","target":{"@type":"EntryPoint","urlTemplate":"https:\/\/www.gaveanews.com\/?s={search_term_string}"},"query-input":{"@type":"PropertyValueSpecification","valueRequired":true,"valueName":"search_term_string"}}],"inLanguage":"pt-BR"},{"@type":"Person","@id":"https:\/\/www.gaveanews.com\/#\/schema\/person\/daf63eec72e1164eb13dc35096c2b8da","name":"Paula Silva","image":{"@type":"ImageObject","inLanguage":"pt-BR","@id":"https:\/\/www.gaveanews.com\/#\/schema\/person\/image\/","url":"https:\/\/secure.gravatar.com\/avatar\/eda381c845527cc5d64c13b901833cda29d97500ba040d3e6461f76f51d163bb?s=96&d=mm&r=g","contentUrl":"https:\/\/secure.gravatar.com\/avatar\/eda381c845527cc5d64c13b901833cda29d97500ba040d3e6461f76f51d163bb?s=96&d=mm&r=g","caption":"Paula Silva"}}]}},"_links":{"self":[{"href":"https:\/\/www.gaveanews.com\/index.php\/wp-json\/wp\/v2\/posts\/267457","targetHints":{"allow":["GET"]}}],"collection":[{"href":"https:\/\/www.gaveanews.com\/index.php\/wp-json\/wp\/v2\/posts"}],"about":[{"href":"https:\/\/www.gaveanews.com\/index.php\/wp-json\/wp\/v2\/types\/post"}],"author":[{"embeddable":true,"href":"https:\/\/www.gaveanews.com\/index.php\/wp-json\/wp\/v2\/users\/18"}],"replies":[{"embeddable":true,"href":"https:\/\/www.gaveanews.com\/index.php\/wp-json\/wp\/v2\/comments?post=267457"}],"version-history":[{"count":1,"href":"https:\/\/www.gaveanews.com\/index.php\/wp-json\/wp\/v2\/posts\/267457\/revisions"}],"predecessor-version":[{"id":267459,"href":"https:\/\/www.gaveanews.com\/index.php\/wp-json\/wp\/v2\/posts\/267457\/revisions\/267459"}],"wp:featuredmedia":[{"embeddable":true,"href":"https:\/\/www.gaveanews.com\/index.php\/wp-json\/wp\/v2\/media\/161261"}],"wp:attachment":[{"href":"https:\/\/www.gaveanews.com\/index.php\/wp-json\/wp\/v2\/media?parent=267457"}],"wp:term":[{"taxonomy":"category","embeddable":true,"href":"https:\/\/www.gaveanews.com\/index.php\/wp-json\/wp\/v2\/categories?post=267457"},{"taxonomy":"post_tag","embeddable":true,"href":"https:\/\/www.gaveanews.com\/index.php\/wp-json\/wp\/v2\/tags?post=267457"}],"curies":[{"name":"wp","href":"https:\/\/api.w.org\/{rel}","templated":true}]}}