{"id":267559,"date":"2025-05-28T11:35:00","date_gmt":"2025-05-28T14:35:00","guid":{"rendered":"https:\/\/www.gaveanews.com\/?p=267559"},"modified":"2025-05-28T11:34:08","modified_gmt":"2025-05-28T14:34:08","slug":"alan-patrick-borre-bruno-henrique-vitao-wesley-fernando-anthoni-bernabei-aguirre-gustavo-prado-juninho-a-escalacao-do-internacional-escolhida-por-roger-machado-para-enfrentar-o-bahia","status":"publish","type":"post","link":"https:\/\/www.gaveanews.com\/index.php\/2025\/05\/28\/alan-patrick-borre-bruno-henrique-vitao-wesley-fernando-anthoni-bernabei-aguirre-gustavo-prado-juninho-a-escalacao-do-internacional-escolhida-por-roger-machado-para-enfrentar-o-bahia\/","title":{"rendered":"Alan Patrick, Borr\u00e9, Bruno Henrique, Vit\u00e3o, Wesley, Fernando, Anthoni, Bernabei, Aguirre, Gustavo Prado, Juninho: a escala\u00e7\u00e3o do Internacional escolhida por Roger Machado para enfrentar o Bahia"},"content":{"rendered":"\n<p>Internacional e Bahia se enfrentam nesta quarta-feira, \u00e0s 19h, no Beira-Rio, em Porto Alegre, pela \u00faltima rodada da fase de grupos da Conmebol Libertadores. E se voc\u00ea \u00e9 torcedor colorado precisa saber que Roger Machado definiu a escala\u00e7\u00e3o com nomes de peso, experi\u00eancia para este desafio.<\/p>\n\n\n\n<h2 class=\"wp-block-heading\" id=\"h-provavel-escalacao-do-internacional-contra-o-bahia\">Prov\u00e1vel escala\u00e7\u00e3o do Internacional contra o Bahia<\/h2>\n\n\n\n<p>Com a segunda coloca\u00e7\u00e3o do Grupo F nas m\u00e3os, o Internacional depende apenas de um empate para se garantir nas oitavas. Sendo assim, o t\u00e9cnico Roger Machado n\u00e3o poupou esfor\u00e7os para montar o time mais competitivo poss\u00edvel.&nbsp;<\/p>\n\n\n\n<p>Vale destacar que o Colorado contar\u00e1 com os retornos importantes de Vit\u00e3o, Bernabei, Fernando, Bruno Henrique, Vitinho e Alan Patrick.<\/p>\n\n\n\n<p>Al\u00e9m disso, o destaque da escala\u00e7\u00e3o vai para o centroavante Borr\u00e9, que, apesar de estar em recupera\u00e7\u00e3o de uma les\u00e3o muscular, deve ir para o jogo no sacrif\u00edcio. Isso porque o car\u00e1ter decisivo do confronto exige jogadores comprometidos at\u00e9 o \u00faltimo minuto.<\/p>\n\n\n\n<p><strong>A escala\u00e7\u00e3o prov\u00e1vel do Inter \u00e9<\/strong>: Anthoni; Aguirre, Vit\u00e3o, Juninho e Bernabei; Fernando, Bruno Henrique (ou Thiago Maia), Gustavo Prado, Alan Patrick e Wesley; Borr\u00e9.&nbsp;<\/p>\n\n\n\n<p>Cabe ressaltar que Victor Gabriel est\u00e1 fora por entorse no tornozelo, al\u00e9m de outros atletas como Rochet, Valencia, Carbonero e Mercado, todos no departamento m\u00e9dico.<\/p>\n\n\n\n<p>Com isso, a base da equipe mistura juventude e experi\u00eancia, o que pode ser essencial diante de um Bahia que chega para o tudo ou nada. Dessa maneira, o Inter aposta em um meio-campo t\u00e9cnico e uma defesa refor\u00e7ada, com Vit\u00e3o e Juninho no miolo defensivo.<\/p>\n\n\n\n<h2 class=\"wp-block-heading\" id=\"h-tudo-ou-nada\">Tudo ou nada!<\/h2>\n\n\n\n<p>O Internacional vai a campo com a mentalidade t\u00edpica de um torneio continental: consist\u00eancia, entrega e qualidade t\u00e9cnica. Alan Patrick ser\u00e1 o c\u00e9rebro da equipe, enquanto Borr\u00e9 e Wesley prometem intensidade no ataque.&nbsp;<\/p>\n\n\n\n<p>Por isso, o Colorado chega preparado para enfrentar a press\u00e3o e buscar a vit\u00f3ria que pode at\u00e9 lhe render a lideran\u00e7a do grupo, caso o Atl\u00e9tico Nacional tropece.<\/p>\n\n\n\n<p>Desse jeito, o Inter entra em campo com chances reais de classifica\u00e7\u00e3o e at\u00e9 de lideran\u00e7a. Portanto, torcedor, prepare o cora\u00e7\u00e3o. A Libertadores vive seu momento decisivo no Beira-Rio!<\/p>\n","protected":false},"excerpt":{"rendered":"<p>Internacional e Bahia se enfrentam nesta quarta-feira, \u00e0s 19h, no Beira-Rio, em Porto Alegre, pela \u00faltima rodada da fase de grupos da Conmebol Libertadores. E se voc\u00ea \u00e9 torcedor colorado precisa saber que Roger Machado definiu a escala\u00e7\u00e3o com nomes de peso, experi\u00eancia para este desafio. Prov\u00e1vel escala\u00e7\u00e3o do Internacional contra o Bahia Com a [&hellip;]<\/p>\n","protected":false},"author":25,"featured_media":154272,"comment_status":"open","ping_status":"closed","sticky":false,"template":"","format":"standard","meta":{"footnotes":""},"categories":[148],"tags":[],"class_list":["post-267559","post","type-post","status-publish","format-standard","has-post-thumbnail","hentry","category-internacional"],"yoast_head":"<!-- This site is optimized with the Yoast SEO Premium plugin v24.2 (Yoast SEO v26.9) - https:\/\/yoast.com\/product\/yoast-seo-premium-wordpress\/ -->\n<title>Alan Patrick, Borr\u00e9, Bruno Henrique, Vit\u00e3o, Wesley, Fernando, Anthoni, Bernabei, Aguirre, Gustavo Prado, Juninho: a escala\u00e7\u00e3o do Internacional escolhida por Roger Machado para enfrentar o Bahia<\/title>\n<meta name=\"robots\" content=\"index, follow, max-snippet:-1, max-image-preview:large, max-video-preview:-1\" \/>\n<link rel=\"canonical\" href=\"https:\/\/www.gaveanews.com\/index.php\/2025\/05\/28\/alan-patrick-borre-bruno-henrique-vitao-wesley-fernando-anthoni-bernabei-aguirre-gustavo-prado-juninho-a-escalacao-do-internacional-escolhida-por-roger-machado-para-enfrentar-o-bahia\/\" \/>\n<meta property=\"og:locale\" content=\"pt_BR\" \/>\n<meta property=\"og:type\" content=\"article\" \/>\n<meta property=\"og:title\" content=\"Alan Patrick, Borr\u00e9, Bruno Henrique, Vit\u00e3o, Wesley, Fernando, Anthoni, Bernabei, Aguirre, Gustavo Prado, Juninho: a escala\u00e7\u00e3o do Internacional escolhida por Roger Machado para enfrentar o Bahia\" \/>\n<meta property=\"og:description\" content=\"Internacional e Bahia se enfrentam nesta quarta-feira, \u00e0s 19h, no Beira-Rio, em Porto Alegre, pela \u00faltima rodada da fase de grupos da Conmebol Libertadores. E se voc\u00ea \u00e9 torcedor colorado precisa saber que Roger Machado definiu a escala\u00e7\u00e3o com nomes de peso, experi\u00eancia para este desafio. Prov\u00e1vel escala\u00e7\u00e3o do Internacional contra o Bahia Com a [&hellip;]\" \/>\n<meta property=\"og:url\" content=\"https:\/\/www.gaveanews.com\/index.php\/2025\/05\/28\/alan-patrick-borre-bruno-henrique-vitao-wesley-fernando-anthoni-bernabei-aguirre-gustavo-prado-juninho-a-escalacao-do-internacional-escolhida-por-roger-machado-para-enfrentar-o-bahia\/\" \/>\n<meta property=\"og:site_name\" content=\"G\u00e1vea News\" \/>\n<meta property=\"article:publisher\" content=\"https:\/\/facebook.com\/gaveaNews\/\" \/>\n<meta property=\"article:published_time\" content=\"2025-05-28T14:35:00+00:00\" \/>\n<meta property=\"og:image\" content=\"http:\/\/www.gaveanews.com\/wp-content\/uploads\/Roger-Machado-durante-coletiva-pelo-Internacional-em-2024.webp\" \/>\n\t<meta property=\"og:image:width\" content=\"1419\" \/>\n\t<meta property=\"og:image:height\" content=\"1065\" \/>\n\t<meta property=\"og:image:type\" content=\"image\/webp\" \/>\n<meta name=\"author\" content=\"Rafaela Ladeira\" \/>\n<meta name=\"twitter:card\" content=\"summary_large_image\" \/>\n<meta name=\"twitter:label1\" content=\"Escrito por\" \/>\n\t<meta name=\"twitter:data1\" content=\"Rafaela Ladeira\" \/>\n\t<meta name=\"twitter:label2\" content=\"Est. tempo de leitura\" \/>\n\t<meta name=\"twitter:data2\" content=\"3 minutos\" \/>\n<script type=\"application\/ld+json\" class=\"yoast-schema-graph\">{\"@context\":\"https:\/\/schema.org\",\"@graph\":[{\"@type\":\"NewsArticle\",\"@id\":\"https:\/\/www.gaveanews.com\/index.php\/2025\/05\/28\/alan-patrick-borre-bruno-henrique-vitao-wesley-fernando-anthoni-bernabei-aguirre-gustavo-prado-juninho-a-escalacao-do-internacional-escolhida-por-roger-machado-para-enfrentar-o-bahia\/#article\",\"isPartOf\":{\"@id\":\"https:\/\/www.gaveanews.com\/index.php\/2025\/05\/28\/alan-patrick-borre-bruno-henrique-vitao-wesley-fernando-anthoni-bernabei-aguirre-gustavo-prado-juninho-a-escalacao-do-internacional-escolhida-por-roger-machado-para-enfrentar-o-bahia\/\"},\"author\":{\"name\":\"Rafaela Ladeira\",\"@id\":\"https:\/\/www.gaveanews.com\/#\/schema\/person\/0eb3e3fe1754f0205218538adbe8f5ed\"},\"headline\":\"Alan Patrick, Borr\u00e9, Bruno Henrique, Vit\u00e3o, Wesley, Fernando, Anthoni, Bernabei, Aguirre, Gustavo Prado, Juninho: a escala\u00e7\u00e3o do Internacional escolhida por Roger Machado para enfrentar o Bahia\",\"datePublished\":\"2025-05-28T14:35:00+00:00\",\"mainEntityOfPage\":{\"@id\":\"https:\/\/www.gaveanews.com\/index.php\/2025\/05\/28\/alan-patrick-borre-bruno-henrique-vitao-wesley-fernando-anthoni-bernabei-aguirre-gustavo-prado-juninho-a-escalacao-do-internacional-escolhida-por-roger-machado-para-enfrentar-o-bahia\/\"},\"wordCount\":407,\"commentCount\":0,\"image\":{\"@id\":\"https:\/\/www.gaveanews.com\/index.php\/2025\/05\/28\/alan-patrick-borre-bruno-henrique-vitao-wesley-fernando-anthoni-bernabei-aguirre-gustavo-prado-juninho-a-escalacao-do-internacional-escolhida-por-roger-machado-para-enfrentar-o-bahia\/#primaryimage\"},\"thumbnailUrl\":\"https:\/\/www.gaveanews.com\/wp-content\/uploads\/Roger-Machado-durante-coletiva-pelo-Internacional-em-2024.webp\",\"articleSection\":[\"Internacional\"],\"inLanguage\":\"pt-BR\",\"potentialAction\":[{\"@type\":\"CommentAction\",\"name\":\"Comment\",\"target\":[\"https:\/\/www.gaveanews.com\/index.php\/2025\/05\/28\/alan-patrick-borre-bruno-henrique-vitao-wesley-fernando-anthoni-bernabei-aguirre-gustavo-prado-juninho-a-escalacao-do-internacional-escolhida-por-roger-machado-para-enfrentar-o-bahia\/#respond\"]}],\"copyrightYear\":\"2025\",\"copyrightHolder\":{\"@id\":\"https:\/\/www.gaveanews.com\/#organization\"}},{\"@type\":\"WebPage\",\"@id\":\"https:\/\/www.gaveanews.com\/index.php\/2025\/05\/28\/alan-patrick-borre-bruno-henrique-vitao-wesley-fernando-anthoni-bernabei-aguirre-gustavo-prado-juninho-a-escalacao-do-internacional-escolhida-por-roger-machado-para-enfrentar-o-bahia\/\",\"url\":\"https:\/\/www.gaveanews.com\/index.php\/2025\/05\/28\/alan-patrick-borre-bruno-henrique-vitao-wesley-fernando-anthoni-bernabei-aguirre-gustavo-prado-juninho-a-escalacao-do-internacional-escolhida-por-roger-machado-para-enfrentar-o-bahia\/\",\"name\":\"Alan Patrick, Borr\u00e9, Bruno Henrique, Vit\u00e3o, Wesley, Fernando, Anthoni, Bernabei, Aguirre, Gustavo Prado, Juninho: a escala\u00e7\u00e3o do Internacional escolhida por Roger Machado para enfrentar o Bahia\",\"isPartOf\":{\"@id\":\"https:\/\/www.gaveanews.com\/#website\"},\"primaryImageOfPage\":{\"@id\":\"https:\/\/www.gaveanews.com\/index.php\/2025\/05\/28\/alan-patrick-borre-bruno-henrique-vitao-wesley-fernando-anthoni-bernabei-aguirre-gustavo-prado-juninho-a-escalacao-do-internacional-escolhida-por-roger-machado-para-enfrentar-o-bahia\/#primaryimage\"},\"image\":{\"@id\":\"https:\/\/www.gaveanews.com\/index.php\/2025\/05\/28\/alan-patrick-borre-bruno-henrique-vitao-wesley-fernando-anthoni-bernabei-aguirre-gustavo-prado-juninho-a-escalacao-do-internacional-escolhida-por-roger-machado-para-enfrentar-o-bahia\/#primaryimage\"},\"thumbnailUrl\":\"https:\/\/www.gaveanews.com\/wp-content\/uploads\/Roger-Machado-durante-coletiva-pelo-Internacional-em-2024.webp\",\"datePublished\":\"2025-05-28T14:35:00+00:00\",\"author\":{\"@id\":\"https:\/\/www.gaveanews.com\/#\/schema\/person\/0eb3e3fe1754f0205218538adbe8f5ed\"},\"breadcrumb\":{\"@id\":\"https:\/\/www.gaveanews.com\/index.php\/2025\/05\/28\/alan-patrick-borre-bruno-henrique-vitao-wesley-fernando-anthoni-bernabei-aguirre-gustavo-prado-juninho-a-escalacao-do-internacional-escolhida-por-roger-machado-para-enfrentar-o-bahia\/#breadcrumb\"},\"inLanguage\":\"pt-BR\",\"potentialAction\":[{\"@type\":\"ReadAction\",\"target\":[\"https:\/\/www.gaveanews.com\/index.php\/2025\/05\/28\/alan-patrick-borre-bruno-henrique-vitao-wesley-fernando-anthoni-bernabei-aguirre-gustavo-prado-juninho-a-escalacao-do-internacional-escolhida-por-roger-machado-para-enfrentar-o-bahia\/\"]}]},{\"@type\":\"ImageObject\",\"inLanguage\":\"pt-BR\",\"@id\":\"https:\/\/www.gaveanews.com\/index.php\/2025\/05\/28\/alan-patrick-borre-bruno-henrique-vitao-wesley-fernando-anthoni-bernabei-aguirre-gustavo-prado-juninho-a-escalacao-do-internacional-escolhida-por-roger-machado-para-enfrentar-o-bahia\/#primaryimage\",\"url\":\"https:\/\/www.gaveanews.com\/wp-content\/uploads\/Roger-Machado-durante-coletiva-pelo-Internacional-em-2024.webp\",\"contentUrl\":\"https:\/\/www.gaveanews.com\/wp-content\/uploads\/Roger-Machado-durante-coletiva-pelo-Internacional-em-2024.webp\",\"width\":1419,\"height\":1065,\"caption\":\"Roger Machado durante coletiva pelo Internacional em 2024 (Foto: Reprodu\u00e7\u00e3o\/Internacional)\"},{\"@type\":\"BreadcrumbList\",\"@id\":\"https:\/\/www.gaveanews.com\/index.php\/2025\/05\/28\/alan-patrick-borre-bruno-henrique-vitao-wesley-fernando-anthoni-bernabei-aguirre-gustavo-prado-juninho-a-escalacao-do-internacional-escolhida-por-roger-machado-para-enfrentar-o-bahia\/#breadcrumb\",\"itemListElement\":[{\"@type\":\"ListItem\",\"position\":1,\"name\":\"Home\",\"item\":\"https:\/\/www.gaveanews.com\/\"},{\"@type\":\"ListItem\",\"position\":2,\"name\":\"Alan Patrick, Borr\u00e9, Bruno Henrique, Vit\u00e3o, Wesley, Fernando, Anthoni, Bernabei, Aguirre, Gustavo Prado, Juninho: a escala\u00e7\u00e3o do Internacional escolhida por Roger Machado para enfrentar o Bahia\"}]},{\"@type\":\"WebSite\",\"@id\":\"https:\/\/www.gaveanews.com\/#website\",\"url\":\"https:\/\/www.gaveanews.com\/\",\"name\":\"G\u00e1vea News\",\"description\":\"Veja todas as not\u00edcias sobre o Flamengo: Contrata\u00e7\u00f5es, categorias de base, resultados das partidas, tabela de classifica\u00e7\u00e3o, pr\u00f3ximos jogos!\",\"potentialAction\":[{\"@type\":\"SearchAction\",\"target\":{\"@type\":\"EntryPoint\",\"urlTemplate\":\"https:\/\/www.gaveanews.com\/?s={search_term_string}\"},\"query-input\":{\"@type\":\"PropertyValueSpecification\",\"valueRequired\":true,\"valueName\":\"search_term_string\"}}],\"inLanguage\":\"pt-BR\"},{\"@type\":\"Person\",\"@id\":\"https:\/\/www.gaveanews.com\/#\/schema\/person\/0eb3e3fe1754f0205218538adbe8f5ed\",\"name\":\"Rafaela Ladeira\",\"image\":{\"@type\":\"ImageObject\",\"inLanguage\":\"pt-BR\",\"@id\":\"https:\/\/www.gaveanews.com\/#\/schema\/person\/image\/\",\"url\":\"https:\/\/secure.gravatar.com\/avatar\/c31f513acffd85eacab5730cbdfdbbf59f21ba5aeada8cd890acea879fbb2455?s=96&d=mm&r=g\",\"contentUrl\":\"https:\/\/secure.gravatar.com\/avatar\/c31f513acffd85eacab5730cbdfdbbf59f21ba5aeada8cd890acea879fbb2455?s=96&d=mm&r=g\",\"caption\":\"Rafaela Ladeira\"}}]}<\/script>\n<!-- \/ Yoast SEO Premium plugin. -->","yoast_head_json":{"title":"Alan Patrick, Borr\u00e9, Bruno Henrique, Vit\u00e3o, Wesley, Fernando, Anthoni, Bernabei, Aguirre, Gustavo Prado, Juninho: a escala\u00e7\u00e3o do Internacional escolhida por Roger Machado para enfrentar o Bahia","robots":{"index":"index","follow":"follow","max-snippet":"max-snippet:-1","max-image-preview":"max-image-preview:large","max-video-preview":"max-video-preview:-1"},"canonical":"https:\/\/www.gaveanews.com\/index.php\/2025\/05\/28\/alan-patrick-borre-bruno-henrique-vitao-wesley-fernando-anthoni-bernabei-aguirre-gustavo-prado-juninho-a-escalacao-do-internacional-escolhida-por-roger-machado-para-enfrentar-o-bahia\/","og_locale":"pt_BR","og_type":"article","og_title":"Alan Patrick, Borr\u00e9, Bruno Henrique, Vit\u00e3o, Wesley, Fernando, Anthoni, Bernabei, Aguirre, Gustavo Prado, Juninho: a escala\u00e7\u00e3o do Internacional escolhida por Roger Machado para enfrentar o Bahia","og_description":"Internacional e Bahia se enfrentam nesta quarta-feira, \u00e0s 19h, no Beira-Rio, em Porto Alegre, pela \u00faltima rodada da fase de grupos da Conmebol Libertadores. E se voc\u00ea \u00e9 torcedor colorado precisa saber que Roger Machado definiu a escala\u00e7\u00e3o com nomes de peso, experi\u00eancia para este desafio. Prov\u00e1vel escala\u00e7\u00e3o do Internacional contra o Bahia Com a [&hellip;]","og_url":"https:\/\/www.gaveanews.com\/index.php\/2025\/05\/28\/alan-patrick-borre-bruno-henrique-vitao-wesley-fernando-anthoni-bernabei-aguirre-gustavo-prado-juninho-a-escalacao-do-internacional-escolhida-por-roger-machado-para-enfrentar-o-bahia\/","og_site_name":"G\u00e1vea News","article_publisher":"https:\/\/facebook.com\/gaveaNews\/","article_published_time":"2025-05-28T14:35:00+00:00","og_image":[{"width":1419,"height":1065,"url":"http:\/\/www.gaveanews.com\/wp-content\/uploads\/Roger-Machado-durante-coletiva-pelo-Internacional-em-2024.webp","type":"image\/webp"}],"author":"Rafaela Ladeira","twitter_card":"summary_large_image","twitter_misc":{"Escrito por":"Rafaela Ladeira","Est. tempo de leitura":"3 minutos"},"schema":{"@context":"https:\/\/schema.org","@graph":[{"@type":"NewsArticle","@id":"https:\/\/www.gaveanews.com\/index.php\/2025\/05\/28\/alan-patrick-borre-bruno-henrique-vitao-wesley-fernando-anthoni-bernabei-aguirre-gustavo-prado-juninho-a-escalacao-do-internacional-escolhida-por-roger-machado-para-enfrentar-o-bahia\/#article","isPartOf":{"@id":"https:\/\/www.gaveanews.com\/index.php\/2025\/05\/28\/alan-patrick-borre-bruno-henrique-vitao-wesley-fernando-anthoni-bernabei-aguirre-gustavo-prado-juninho-a-escalacao-do-internacional-escolhida-por-roger-machado-para-enfrentar-o-bahia\/"},"author":{"name":"Rafaela Ladeira","@id":"https:\/\/www.gaveanews.com\/#\/schema\/person\/0eb3e3fe1754f0205218538adbe8f5ed"},"headline":"Alan Patrick, Borr\u00e9, Bruno Henrique, Vit\u00e3o, Wesley, Fernando, Anthoni, Bernabei, Aguirre, Gustavo Prado, Juninho: a escala\u00e7\u00e3o do Internacional escolhida por Roger Machado para enfrentar o Bahia","datePublished":"2025-05-28T14:35:00+00:00","mainEntityOfPage":{"@id":"https:\/\/www.gaveanews.com\/index.php\/2025\/05\/28\/alan-patrick-borre-bruno-henrique-vitao-wesley-fernando-anthoni-bernabei-aguirre-gustavo-prado-juninho-a-escalacao-do-internacional-escolhida-por-roger-machado-para-enfrentar-o-bahia\/"},"wordCount":407,"commentCount":0,"image":{"@id":"https:\/\/www.gaveanews.com\/index.php\/2025\/05\/28\/alan-patrick-borre-bruno-henrique-vitao-wesley-fernando-anthoni-bernabei-aguirre-gustavo-prado-juninho-a-escalacao-do-internacional-escolhida-por-roger-machado-para-enfrentar-o-bahia\/#primaryimage"},"thumbnailUrl":"https:\/\/www.gaveanews.com\/wp-content\/uploads\/Roger-Machado-durante-coletiva-pelo-Internacional-em-2024.webp","articleSection":["Internacional"],"inLanguage":"pt-BR","potentialAction":[{"@type":"CommentAction","name":"Comment","target":["https:\/\/www.gaveanews.com\/index.php\/2025\/05\/28\/alan-patrick-borre-bruno-henrique-vitao-wesley-fernando-anthoni-bernabei-aguirre-gustavo-prado-juninho-a-escalacao-do-internacional-escolhida-por-roger-machado-para-enfrentar-o-bahia\/#respond"]}],"copyrightYear":"2025","copyrightHolder":{"@id":"https:\/\/www.gaveanews.com\/#organization"}},{"@type":"WebPage","@id":"https:\/\/www.gaveanews.com\/index.php\/2025\/05\/28\/alan-patrick-borre-bruno-henrique-vitao-wesley-fernando-anthoni-bernabei-aguirre-gustavo-prado-juninho-a-escalacao-do-internacional-escolhida-por-roger-machado-para-enfrentar-o-bahia\/","url":"https:\/\/www.gaveanews.com\/index.php\/2025\/05\/28\/alan-patrick-borre-bruno-henrique-vitao-wesley-fernando-anthoni-bernabei-aguirre-gustavo-prado-juninho-a-escalacao-do-internacional-escolhida-por-roger-machado-para-enfrentar-o-bahia\/","name":"Alan Patrick, Borr\u00e9, Bruno Henrique, Vit\u00e3o, Wesley, Fernando, Anthoni, Bernabei, Aguirre, Gustavo Prado, Juninho: a escala\u00e7\u00e3o do Internacional escolhida por Roger Machado para enfrentar o Bahia","isPartOf":{"@id":"https:\/\/www.gaveanews.com\/#website"},"primaryImageOfPage":{"@id":"https:\/\/www.gaveanews.com\/index.php\/2025\/05\/28\/alan-patrick-borre-bruno-henrique-vitao-wesley-fernando-anthoni-bernabei-aguirre-gustavo-prado-juninho-a-escalacao-do-internacional-escolhida-por-roger-machado-para-enfrentar-o-bahia\/#primaryimage"},"image":{"@id":"https:\/\/www.gaveanews.com\/index.php\/2025\/05\/28\/alan-patrick-borre-bruno-henrique-vitao-wesley-fernando-anthoni-bernabei-aguirre-gustavo-prado-juninho-a-escalacao-do-internacional-escolhida-por-roger-machado-para-enfrentar-o-bahia\/#primaryimage"},"thumbnailUrl":"https:\/\/www.gaveanews.com\/wp-content\/uploads\/Roger-Machado-durante-coletiva-pelo-Internacional-em-2024.webp","datePublished":"2025-05-28T14:35:00+00:00","author":{"@id":"https:\/\/www.gaveanews.com\/#\/schema\/person\/0eb3e3fe1754f0205218538adbe8f5ed"},"breadcrumb":{"@id":"https:\/\/www.gaveanews.com\/index.php\/2025\/05\/28\/alan-patrick-borre-bruno-henrique-vitao-wesley-fernando-anthoni-bernabei-aguirre-gustavo-prado-juninho-a-escalacao-do-internacional-escolhida-por-roger-machado-para-enfrentar-o-bahia\/#breadcrumb"},"inLanguage":"pt-BR","potentialAction":[{"@type":"ReadAction","target":["https:\/\/www.gaveanews.com\/index.php\/2025\/05\/28\/alan-patrick-borre-bruno-henrique-vitao-wesley-fernando-anthoni-bernabei-aguirre-gustavo-prado-juninho-a-escalacao-do-internacional-escolhida-por-roger-machado-para-enfrentar-o-bahia\/"]}]},{"@type":"ImageObject","inLanguage":"pt-BR","@id":"https:\/\/www.gaveanews.com\/index.php\/2025\/05\/28\/alan-patrick-borre-bruno-henrique-vitao-wesley-fernando-anthoni-bernabei-aguirre-gustavo-prado-juninho-a-escalacao-do-internacional-escolhida-por-roger-machado-para-enfrentar-o-bahia\/#primaryimage","url":"https:\/\/www.gaveanews.com\/wp-content\/uploads\/Roger-Machado-durante-coletiva-pelo-Internacional-em-2024.webp","contentUrl":"https:\/\/www.gaveanews.com\/wp-content\/uploads\/Roger-Machado-durante-coletiva-pelo-Internacional-em-2024.webp","width":1419,"height":1065,"caption":"Roger Machado durante coletiva pelo Internacional em 2024 (Foto: Reprodu\u00e7\u00e3o\/Internacional)"},{"@type":"BreadcrumbList","@id":"https:\/\/www.gaveanews.com\/index.php\/2025\/05\/28\/alan-patrick-borre-bruno-henrique-vitao-wesley-fernando-anthoni-bernabei-aguirre-gustavo-prado-juninho-a-escalacao-do-internacional-escolhida-por-roger-machado-para-enfrentar-o-bahia\/#breadcrumb","itemListElement":[{"@type":"ListItem","position":1,"name":"Home","item":"https:\/\/www.gaveanews.com\/"},{"@type":"ListItem","position":2,"name":"Alan Patrick, Borr\u00e9, Bruno Henrique, Vit\u00e3o, Wesley, Fernando, Anthoni, Bernabei, Aguirre, Gustavo Prado, Juninho: a escala\u00e7\u00e3o do Internacional escolhida por Roger Machado para enfrentar o Bahia"}]},{"@type":"WebSite","@id":"https:\/\/www.gaveanews.com\/#website","url":"https:\/\/www.gaveanews.com\/","name":"G\u00e1vea News","description":"Veja todas as not\u00edcias sobre o Flamengo: Contrata\u00e7\u00f5es, categorias de base, resultados das partidas, tabela de classifica\u00e7\u00e3o, pr\u00f3ximos jogos!","potentialAction":[{"@type":"SearchAction","target":{"@type":"EntryPoint","urlTemplate":"https:\/\/www.gaveanews.com\/?s={search_term_string}"},"query-input":{"@type":"PropertyValueSpecification","valueRequired":true,"valueName":"search_term_string"}}],"inLanguage":"pt-BR"},{"@type":"Person","@id":"https:\/\/www.gaveanews.com\/#\/schema\/person\/0eb3e3fe1754f0205218538adbe8f5ed","name":"Rafaela Ladeira","image":{"@type":"ImageObject","inLanguage":"pt-BR","@id":"https:\/\/www.gaveanews.com\/#\/schema\/person\/image\/","url":"https:\/\/secure.gravatar.com\/avatar\/c31f513acffd85eacab5730cbdfdbbf59f21ba5aeada8cd890acea879fbb2455?s=96&d=mm&r=g","contentUrl":"https:\/\/secure.gravatar.com\/avatar\/c31f513acffd85eacab5730cbdfdbbf59f21ba5aeada8cd890acea879fbb2455?s=96&d=mm&r=g","caption":"Rafaela Ladeira"}}]}},"_links":{"self":[{"href":"https:\/\/www.gaveanews.com\/index.php\/wp-json\/wp\/v2\/posts\/267559","targetHints":{"allow":["GET"]}}],"collection":[{"href":"https:\/\/www.gaveanews.com\/index.php\/wp-json\/wp\/v2\/posts"}],"about":[{"href":"https:\/\/www.gaveanews.com\/index.php\/wp-json\/wp\/v2\/types\/post"}],"author":[{"embeddable":true,"href":"https:\/\/www.gaveanews.com\/index.php\/wp-json\/wp\/v2\/users\/25"}],"replies":[{"embeddable":true,"href":"https:\/\/www.gaveanews.com\/index.php\/wp-json\/wp\/v2\/comments?post=267559"}],"version-history":[{"count":1,"href":"https:\/\/www.gaveanews.com\/index.php\/wp-json\/wp\/v2\/posts\/267559\/revisions"}],"predecessor-version":[{"id":267560,"href":"https:\/\/www.gaveanews.com\/index.php\/wp-json\/wp\/v2\/posts\/267559\/revisions\/267560"}],"wp:featuredmedia":[{"embeddable":true,"href":"https:\/\/www.gaveanews.com\/index.php\/wp-json\/wp\/v2\/media\/154272"}],"wp:attachment":[{"href":"https:\/\/www.gaveanews.com\/index.php\/wp-json\/wp\/v2\/media?parent=267559"}],"wp:term":[{"taxonomy":"category","embeddable":true,"href":"https:\/\/www.gaveanews.com\/index.php\/wp-json\/wp\/v2\/categories?post=267559"},{"taxonomy":"post_tag","embeddable":true,"href":"https:\/\/www.gaveanews.com\/index.php\/wp-json\/wp\/v2\/tags?post=267559"}],"curies":[{"name":"wp","href":"https:\/\/api.w.org\/{rel}","templated":true}]}}