{"id":267567,"date":"2025-05-28T11:50:00","date_gmt":"2025-05-28T14:50:00","guid":{"rendered":"https:\/\/www.gaveanews.com\/?p=267567"},"modified":"2025-05-28T11:47:35","modified_gmt":"2025-05-28T14:47:35","slug":"everton-ribeiro-jean-lucas-marcos-felipe-gilberto-david-duarte-ramos-mingo-luciano-juba-caio-alexandre-erick-pulga-cauly-luciano-rodriguez-a-escalacao-do-bahia-escolhida-por-rogerio-ceni-pa","status":"publish","type":"post","link":"https:\/\/www.gaveanews.com\/index.php\/2025\/05\/28\/everton-ribeiro-jean-lucas-marcos-felipe-gilberto-david-duarte-ramos-mingo-luciano-juba-caio-alexandre-erick-pulga-cauly-luciano-rodriguez-a-escalacao-do-bahia-escolhida-por-rogerio-ceni-pa\/","title":{"rendered":"Everton Ribeiro, Jean Lucas, Marcos Felipe, Gilberto, David Duarte, Ramos Mingo, Luciano Juba, Caio Alexandre, Erick Pulga, Cauly, Luciano Rodr\u00edguez: a escala\u00e7\u00e3o do Bahia escolhida por Rog\u00e9rio Ceni para enfrentar o Internacional"},"content":{"rendered":"\n<p>Nesta quarta-feira (28), o Bahia encara o desafio mais decisivo da temporada at\u00e9 aqui. Em pleno Beira-Rio, em Porto Alegre, a equipe comandada por Rog\u00e9rio Ceni vai a campo \u00e0s 19h para enfrentar o Internacional, em duelo v\u00e1lido pela \u00faltima rodada do Grupo F da Conmebol Libertadores.&nbsp;<\/p>\n\n\n\n<h2 class=\"wp-block-heading\" id=\"h-bahia-vai-com-forca-total-e-escalacao-ofensiva\">Bahia vai com for\u00e7a total e escala\u00e7\u00e3o ofensiva<\/h2>\n\n\n\n<p>Vale destacar que o Bahia n\u00e3o tem outra escolha: precisa vencer. Por isso, Rog\u00e9rio Ceni optou por uma forma\u00e7\u00e3o bastante ofensiva, com nomes experientes e jovens em boa fase.&nbsp;<\/p>\n\n\n\n<p>A prov\u00e1vel escala\u00e7\u00e3o conta com: Marcos Felipe; Gilberto, David Duarte, Ramos Mingo e Luciano Juba; Caio Alexandre, Jean Lucas e Everton Ribeiro; Cauly, Erick Pulga e Luciano Rodr\u00edguez (ou Willian Jos\u00e9).<\/p>\n\n\n\n<p>Cabe ressaltar que Ademir, que se recupera de les\u00e3o, viajou com a delega\u00e7\u00e3o e pode ser op\u00e7\u00e3o no banco. J\u00e1 Lucho Rodr\u00edguez, que amarga um jejum de 16 partidas sem marcar, pode perder a vaga no ataque para Willian Jos\u00e9. Sendo assim, a d\u00favida no setor ofensivo \u00e9 o principal dilema para o treinador baiano.<\/p>\n\n\n\n<h2 class=\"wp-block-heading\" id=\"h-vitoria-e-obrigacao-e-lideranca-ainda-e-possivel\">Vit\u00f3ria \u00e9 obriga\u00e7\u00e3o e lideran\u00e7a ainda \u00e9 poss\u00edvel<\/h2>\n\n\n\n<p>O Bahia soma sete pontos e ocupa a terceira coloca\u00e7\u00e3o no grupo. Al\u00e9m disso, ainda sonha com a lideran\u00e7a da chave, o que depender\u00e1 de uma vit\u00f3ria sobre o Inter e de um trope\u00e7o do Atl\u00e9tico Nacional contra o Nacional-URU. Dessa maneira, o saldo de gols pode ser o fator decisivo no desempate.<\/p>\n\n\n\n<p>Isso porque, mesmo com a classifica\u00e7\u00e3o em disputa, o Bahia n\u00e3o entra em campo apenas para sobreviver na competi\u00e7\u00e3o, entra com a ambi\u00e7\u00e3o de surpreender. Com isso, o torcedor pode esperar um confronto intenso, recheado de estrat\u00e9gia e emo\u00e7\u00f5es do in\u00edcio ao fim.<\/p>\n\n\n\n<p>Portanto, o Beira-Rio ser\u00e1 palco de um duelo em que cada detalhe contar\u00e1. Desse jeito, Rog\u00e9rio Ceni aposta em sua forma\u00e7\u00e3o titular para escrever mais um cap\u00edtulo hist\u00f3rico na campanha tricolor na Libertadores.<\/p>\n","protected":false},"excerpt":{"rendered":"<p>Nesta quarta-feira (28), o Bahia encara o desafio mais decisivo da temporada at\u00e9 aqui. Em pleno Beira-Rio, em Porto Alegre, a equipe comandada por Rog\u00e9rio Ceni vai a campo \u00e0s 19h para enfrentar o Internacional, em duelo v\u00e1lido pela \u00faltima rodada do Grupo F da Conmebol Libertadores.&nbsp; Bahia vai com for\u00e7a total e escala\u00e7\u00e3o ofensiva [&hellip;]<\/p>\n","protected":false},"author":25,"featured_media":251413,"comment_status":"open","ping_status":"closed","sticky":false,"template":"","format":"standard","meta":{"footnotes":""},"categories":[1],"tags":[],"class_list":["post-267567","post","type-post","status-publish","format-standard","has-post-thumbnail","hentry","category-flamengo"],"yoast_head":"<!-- This site is optimized with the Yoast SEO Premium plugin v24.2 (Yoast SEO v26.9) - https:\/\/yoast.com\/product\/yoast-seo-premium-wordpress\/ -->\n<title>Everton Ribeiro, Jean Lucas, Marcos Felipe, Gilberto, David Duarte, Ramos Mingo, Luciano Juba, Caio Alexandre, Erick Pulga, Cauly, Luciano Rodr\u00edguez: a escala\u00e7\u00e3o do Bahia escolhida por Rog\u00e9rio Ceni para enfrentar o Internacional<\/title>\n<meta name=\"robots\" content=\"index, follow, max-snippet:-1, max-image-preview:large, max-video-preview:-1\" \/>\n<link rel=\"canonical\" href=\"https:\/\/www.gaveanews.com\/index.php\/2025\/05\/28\/everton-ribeiro-jean-lucas-marcos-felipe-gilberto-david-duarte-ramos-mingo-luciano-juba-caio-alexandre-erick-pulga-cauly-luciano-rodriguez-a-escalacao-do-bahia-escolhida-por-rogerio-ceni-pa\/\" \/>\n<meta property=\"og:locale\" content=\"pt_BR\" \/>\n<meta property=\"og:type\" content=\"article\" \/>\n<meta property=\"og:title\" content=\"Everton Ribeiro, Jean Lucas, Marcos Felipe, Gilberto, David Duarte, Ramos Mingo, Luciano Juba, Caio Alexandre, Erick Pulga, Cauly, Luciano Rodr\u00edguez: a escala\u00e7\u00e3o do Bahia escolhida por Rog\u00e9rio Ceni para enfrentar o Internacional\" \/>\n<meta property=\"og:description\" content=\"Nesta quarta-feira (28), o Bahia encara o desafio mais decisivo da temporada at\u00e9 aqui. Em pleno Beira-Rio, em Porto Alegre, a equipe comandada por Rog\u00e9rio Ceni vai a campo \u00e0s 19h para enfrentar o Internacional, em duelo v\u00e1lido pela \u00faltima rodada do Grupo F da Conmebol Libertadores.&nbsp; Bahia vai com for\u00e7a total e escala\u00e7\u00e3o ofensiva [&hellip;]\" \/>\n<meta property=\"og:url\" content=\"https:\/\/www.gaveanews.com\/index.php\/2025\/05\/28\/everton-ribeiro-jean-lucas-marcos-felipe-gilberto-david-duarte-ramos-mingo-luciano-juba-caio-alexandre-erick-pulga-cauly-luciano-rodriguez-a-escalacao-do-bahia-escolhida-por-rogerio-ceni-pa\/\" \/>\n<meta property=\"og:site_name\" content=\"G\u00e1vea News\" \/>\n<meta property=\"article:publisher\" content=\"https:\/\/facebook.com\/gaveaNews\/\" \/>\n<meta property=\"article:published_time\" content=\"2025-05-28T14:50:00+00:00\" \/>\n<meta property=\"og:image\" content=\"https:\/\/www.gaveanews.com\/wp-content\/uploads\/Rogerio-Ceni-treino-Bahia.webp\" \/>\n\t<meta property=\"og:image:width\" content=\"888\" \/>\n\t<meta property=\"og:image:height\" content=\"538\" \/>\n\t<meta property=\"og:image:type\" content=\"image\/jpeg\" \/>\n<meta name=\"author\" content=\"Rafaela Ladeira\" \/>\n<meta name=\"twitter:card\" content=\"summary_large_image\" \/>\n<meta name=\"twitter:label1\" content=\"Escrito por\" \/>\n\t<meta name=\"twitter:data1\" content=\"Rafaela Ladeira\" \/>\n\t<meta name=\"twitter:label2\" content=\"Est. tempo de leitura\" \/>\n\t<meta name=\"twitter:data2\" content=\"2 minutos\" \/>\n<script type=\"application\/ld+json\" class=\"yoast-schema-graph\">{\"@context\":\"https:\/\/schema.org\",\"@graph\":[{\"@type\":\"NewsArticle\",\"@id\":\"https:\/\/www.gaveanews.com\/index.php\/2025\/05\/28\/everton-ribeiro-jean-lucas-marcos-felipe-gilberto-david-duarte-ramos-mingo-luciano-juba-caio-alexandre-erick-pulga-cauly-luciano-rodriguez-a-escalacao-do-bahia-escolhida-por-rogerio-ceni-pa\/#article\",\"isPartOf\":{\"@id\":\"https:\/\/www.gaveanews.com\/index.php\/2025\/05\/28\/everton-ribeiro-jean-lucas-marcos-felipe-gilberto-david-duarte-ramos-mingo-luciano-juba-caio-alexandre-erick-pulga-cauly-luciano-rodriguez-a-escalacao-do-bahia-escolhida-por-rogerio-ceni-pa\/\"},\"author\":{\"name\":\"Rafaela Ladeira\",\"@id\":\"https:\/\/www.gaveanews.com\/#\/schema\/person\/0eb3e3fe1754f0205218538adbe8f5ed\"},\"headline\":\"Everton Ribeiro, Jean Lucas, Marcos Felipe, Gilberto, David Duarte, Ramos Mingo, Luciano Juba, Caio Alexandre, Erick Pulga, Cauly, Luciano Rodr\u00edguez: a escala\u00e7\u00e3o do Bahia escolhida por Rog\u00e9rio Ceni para enfrentar o Internacional\",\"datePublished\":\"2025-05-28T14:50:00+00:00\",\"mainEntityOfPage\":{\"@id\":\"https:\/\/www.gaveanews.com\/index.php\/2025\/05\/28\/everton-ribeiro-jean-lucas-marcos-felipe-gilberto-david-duarte-ramos-mingo-luciano-juba-caio-alexandre-erick-pulga-cauly-luciano-rodriguez-a-escalacao-do-bahia-escolhida-por-rogerio-ceni-pa\/\"},\"wordCount\":375,\"commentCount\":0,\"image\":{\"@id\":\"https:\/\/www.gaveanews.com\/index.php\/2025\/05\/28\/everton-ribeiro-jean-lucas-marcos-felipe-gilberto-david-duarte-ramos-mingo-luciano-juba-caio-alexandre-erick-pulga-cauly-luciano-rodriguez-a-escalacao-do-bahia-escolhida-por-rogerio-ceni-pa\/#primaryimage\"},\"thumbnailUrl\":\"https:\/\/www.gaveanews.com\/wp-content\/uploads\/Rogerio-Ceni-treino-Bahia.webp\",\"articleSection\":[\"Flamengo\"],\"inLanguage\":\"pt-BR\",\"potentialAction\":[{\"@type\":\"CommentAction\",\"name\":\"Comment\",\"target\":[\"https:\/\/www.gaveanews.com\/index.php\/2025\/05\/28\/everton-ribeiro-jean-lucas-marcos-felipe-gilberto-david-duarte-ramos-mingo-luciano-juba-caio-alexandre-erick-pulga-cauly-luciano-rodriguez-a-escalacao-do-bahia-escolhida-por-rogerio-ceni-pa\/#respond\"]}],\"copyrightYear\":\"2025\",\"copyrightHolder\":{\"@id\":\"https:\/\/www.gaveanews.com\/#organization\"}},{\"@type\":\"WebPage\",\"@id\":\"https:\/\/www.gaveanews.com\/index.php\/2025\/05\/28\/everton-ribeiro-jean-lucas-marcos-felipe-gilberto-david-duarte-ramos-mingo-luciano-juba-caio-alexandre-erick-pulga-cauly-luciano-rodriguez-a-escalacao-do-bahia-escolhida-por-rogerio-ceni-pa\/\",\"url\":\"https:\/\/www.gaveanews.com\/index.php\/2025\/05\/28\/everton-ribeiro-jean-lucas-marcos-felipe-gilberto-david-duarte-ramos-mingo-luciano-juba-caio-alexandre-erick-pulga-cauly-luciano-rodriguez-a-escalacao-do-bahia-escolhida-por-rogerio-ceni-pa\/\",\"name\":\"Everton Ribeiro, Jean Lucas, Marcos Felipe, Gilberto, David Duarte, Ramos Mingo, Luciano Juba, Caio Alexandre, Erick Pulga, Cauly, Luciano Rodr\u00edguez: a escala\u00e7\u00e3o do Bahia escolhida por Rog\u00e9rio Ceni para enfrentar o Internacional\",\"isPartOf\":{\"@id\":\"https:\/\/www.gaveanews.com\/#website\"},\"primaryImageOfPage\":{\"@id\":\"https:\/\/www.gaveanews.com\/index.php\/2025\/05\/28\/everton-ribeiro-jean-lucas-marcos-felipe-gilberto-david-duarte-ramos-mingo-luciano-juba-caio-alexandre-erick-pulga-cauly-luciano-rodriguez-a-escalacao-do-bahia-escolhida-por-rogerio-ceni-pa\/#primaryimage\"},\"image\":{\"@id\":\"https:\/\/www.gaveanews.com\/index.php\/2025\/05\/28\/everton-ribeiro-jean-lucas-marcos-felipe-gilberto-david-duarte-ramos-mingo-luciano-juba-caio-alexandre-erick-pulga-cauly-luciano-rodriguez-a-escalacao-do-bahia-escolhida-por-rogerio-ceni-pa\/#primaryimage\"},\"thumbnailUrl\":\"https:\/\/www.gaveanews.com\/wp-content\/uploads\/Rogerio-Ceni-treino-Bahia.webp\",\"datePublished\":\"2025-05-28T14:50:00+00:00\",\"author\":{\"@id\":\"https:\/\/www.gaveanews.com\/#\/schema\/person\/0eb3e3fe1754f0205218538adbe8f5ed\"},\"breadcrumb\":{\"@id\":\"https:\/\/www.gaveanews.com\/index.php\/2025\/05\/28\/everton-ribeiro-jean-lucas-marcos-felipe-gilberto-david-duarte-ramos-mingo-luciano-juba-caio-alexandre-erick-pulga-cauly-luciano-rodriguez-a-escalacao-do-bahia-escolhida-por-rogerio-ceni-pa\/#breadcrumb\"},\"inLanguage\":\"pt-BR\",\"potentialAction\":[{\"@type\":\"ReadAction\",\"target\":[\"https:\/\/www.gaveanews.com\/index.php\/2025\/05\/28\/everton-ribeiro-jean-lucas-marcos-felipe-gilberto-david-duarte-ramos-mingo-luciano-juba-caio-alexandre-erick-pulga-cauly-luciano-rodriguez-a-escalacao-do-bahia-escolhida-por-rogerio-ceni-pa\/\"]}]},{\"@type\":\"ImageObject\",\"inLanguage\":\"pt-BR\",\"@id\":\"https:\/\/www.gaveanews.com\/index.php\/2025\/05\/28\/everton-ribeiro-jean-lucas-marcos-felipe-gilberto-david-duarte-ramos-mingo-luciano-juba-caio-alexandre-erick-pulga-cauly-luciano-rodriguez-a-escalacao-do-bahia-escolhida-por-rogerio-ceni-pa\/#primaryimage\",\"url\":\"https:\/\/www.gaveanews.com\/wp-content\/uploads\/Rogerio-Ceni-treino-Bahia.webp\",\"contentUrl\":\"https:\/\/www.gaveanews.com\/wp-content\/uploads\/Rogerio-Ceni-treino-Bahia.webp\",\"width\":888,\"height\":538,\"caption\":\"Rog\u00e9rio Ceni treino Bahia (Fotos: Let\u00edcia Martins \/ EC Bahia)\"},{\"@type\":\"BreadcrumbList\",\"@id\":\"https:\/\/www.gaveanews.com\/index.php\/2025\/05\/28\/everton-ribeiro-jean-lucas-marcos-felipe-gilberto-david-duarte-ramos-mingo-luciano-juba-caio-alexandre-erick-pulga-cauly-luciano-rodriguez-a-escalacao-do-bahia-escolhida-por-rogerio-ceni-pa\/#breadcrumb\",\"itemListElement\":[{\"@type\":\"ListItem\",\"position\":1,\"name\":\"Home\",\"item\":\"https:\/\/www.gaveanews.com\/\"},{\"@type\":\"ListItem\",\"position\":2,\"name\":\"Everton Ribeiro, Jean Lucas, Marcos Felipe, Gilberto, David Duarte, Ramos Mingo, Luciano Juba, Caio Alexandre, Erick Pulga, Cauly, Luciano Rodr\u00edguez: a escala\u00e7\u00e3o do Bahia escolhida por Rog\u00e9rio Ceni para enfrentar o Internacional\"}]},{\"@type\":\"WebSite\",\"@id\":\"https:\/\/www.gaveanews.com\/#website\",\"url\":\"https:\/\/www.gaveanews.com\/\",\"name\":\"G\u00e1vea News\",\"description\":\"Veja todas as not\u00edcias sobre o Flamengo: Contrata\u00e7\u00f5es, categorias de base, resultados das partidas, tabela de classifica\u00e7\u00e3o, pr\u00f3ximos jogos!\",\"potentialAction\":[{\"@type\":\"SearchAction\",\"target\":{\"@type\":\"EntryPoint\",\"urlTemplate\":\"https:\/\/www.gaveanews.com\/?s={search_term_string}\"},\"query-input\":{\"@type\":\"PropertyValueSpecification\",\"valueRequired\":true,\"valueName\":\"search_term_string\"}}],\"inLanguage\":\"pt-BR\"},{\"@type\":\"Person\",\"@id\":\"https:\/\/www.gaveanews.com\/#\/schema\/person\/0eb3e3fe1754f0205218538adbe8f5ed\",\"name\":\"Rafaela Ladeira\",\"image\":{\"@type\":\"ImageObject\",\"inLanguage\":\"pt-BR\",\"@id\":\"https:\/\/www.gaveanews.com\/#\/schema\/person\/image\/\",\"url\":\"https:\/\/secure.gravatar.com\/avatar\/c31f513acffd85eacab5730cbdfdbbf59f21ba5aeada8cd890acea879fbb2455?s=96&d=mm&r=g\",\"contentUrl\":\"https:\/\/secure.gravatar.com\/avatar\/c31f513acffd85eacab5730cbdfdbbf59f21ba5aeada8cd890acea879fbb2455?s=96&d=mm&r=g\",\"caption\":\"Rafaela Ladeira\"}}]}<\/script>\n<!-- \/ Yoast SEO Premium plugin. -->","yoast_head_json":{"title":"Everton Ribeiro, Jean Lucas, Marcos Felipe, Gilberto, David Duarte, Ramos Mingo, Luciano Juba, Caio Alexandre, Erick Pulga, Cauly, Luciano Rodr\u00edguez: a escala\u00e7\u00e3o do Bahia escolhida por Rog\u00e9rio Ceni para enfrentar o Internacional","robots":{"index":"index","follow":"follow","max-snippet":"max-snippet:-1","max-image-preview":"max-image-preview:large","max-video-preview":"max-video-preview:-1"},"canonical":"https:\/\/www.gaveanews.com\/index.php\/2025\/05\/28\/everton-ribeiro-jean-lucas-marcos-felipe-gilberto-david-duarte-ramos-mingo-luciano-juba-caio-alexandre-erick-pulga-cauly-luciano-rodriguez-a-escalacao-do-bahia-escolhida-por-rogerio-ceni-pa\/","og_locale":"pt_BR","og_type":"article","og_title":"Everton Ribeiro, Jean Lucas, Marcos Felipe, Gilberto, David Duarte, Ramos Mingo, Luciano Juba, Caio Alexandre, Erick Pulga, Cauly, Luciano Rodr\u00edguez: a escala\u00e7\u00e3o do Bahia escolhida por Rog\u00e9rio Ceni para enfrentar o Internacional","og_description":"Nesta quarta-feira (28), o Bahia encara o desafio mais decisivo da temporada at\u00e9 aqui. Em pleno Beira-Rio, em Porto Alegre, a equipe comandada por Rog\u00e9rio Ceni vai a campo \u00e0s 19h para enfrentar o Internacional, em duelo v\u00e1lido pela \u00faltima rodada do Grupo F da Conmebol Libertadores.&nbsp; Bahia vai com for\u00e7a total e escala\u00e7\u00e3o ofensiva [&hellip;]","og_url":"https:\/\/www.gaveanews.com\/index.php\/2025\/05\/28\/everton-ribeiro-jean-lucas-marcos-felipe-gilberto-david-duarte-ramos-mingo-luciano-juba-caio-alexandre-erick-pulga-cauly-luciano-rodriguez-a-escalacao-do-bahia-escolhida-por-rogerio-ceni-pa\/","og_site_name":"G\u00e1vea News","article_publisher":"https:\/\/facebook.com\/gaveaNews\/","article_published_time":"2025-05-28T14:50:00+00:00","og_image":[{"width":888,"height":538,"url":"https:\/\/www.gaveanews.com\/wp-content\/uploads\/Rogerio-Ceni-treino-Bahia.webp","type":"image\/jpeg"}],"author":"Rafaela Ladeira","twitter_card":"summary_large_image","twitter_misc":{"Escrito por":"Rafaela Ladeira","Est. tempo de leitura":"2 minutos"},"schema":{"@context":"https:\/\/schema.org","@graph":[{"@type":"NewsArticle","@id":"https:\/\/www.gaveanews.com\/index.php\/2025\/05\/28\/everton-ribeiro-jean-lucas-marcos-felipe-gilberto-david-duarte-ramos-mingo-luciano-juba-caio-alexandre-erick-pulga-cauly-luciano-rodriguez-a-escalacao-do-bahia-escolhida-por-rogerio-ceni-pa\/#article","isPartOf":{"@id":"https:\/\/www.gaveanews.com\/index.php\/2025\/05\/28\/everton-ribeiro-jean-lucas-marcos-felipe-gilberto-david-duarte-ramos-mingo-luciano-juba-caio-alexandre-erick-pulga-cauly-luciano-rodriguez-a-escalacao-do-bahia-escolhida-por-rogerio-ceni-pa\/"},"author":{"name":"Rafaela Ladeira","@id":"https:\/\/www.gaveanews.com\/#\/schema\/person\/0eb3e3fe1754f0205218538adbe8f5ed"},"headline":"Everton Ribeiro, Jean Lucas, Marcos Felipe, Gilberto, David Duarte, Ramos Mingo, Luciano Juba, Caio Alexandre, Erick Pulga, Cauly, Luciano Rodr\u00edguez: a escala\u00e7\u00e3o do Bahia escolhida por Rog\u00e9rio Ceni para enfrentar o Internacional","datePublished":"2025-05-28T14:50:00+00:00","mainEntityOfPage":{"@id":"https:\/\/www.gaveanews.com\/index.php\/2025\/05\/28\/everton-ribeiro-jean-lucas-marcos-felipe-gilberto-david-duarte-ramos-mingo-luciano-juba-caio-alexandre-erick-pulga-cauly-luciano-rodriguez-a-escalacao-do-bahia-escolhida-por-rogerio-ceni-pa\/"},"wordCount":375,"commentCount":0,"image":{"@id":"https:\/\/www.gaveanews.com\/index.php\/2025\/05\/28\/everton-ribeiro-jean-lucas-marcos-felipe-gilberto-david-duarte-ramos-mingo-luciano-juba-caio-alexandre-erick-pulga-cauly-luciano-rodriguez-a-escalacao-do-bahia-escolhida-por-rogerio-ceni-pa\/#primaryimage"},"thumbnailUrl":"https:\/\/www.gaveanews.com\/wp-content\/uploads\/Rogerio-Ceni-treino-Bahia.webp","articleSection":["Flamengo"],"inLanguage":"pt-BR","potentialAction":[{"@type":"CommentAction","name":"Comment","target":["https:\/\/www.gaveanews.com\/index.php\/2025\/05\/28\/everton-ribeiro-jean-lucas-marcos-felipe-gilberto-david-duarte-ramos-mingo-luciano-juba-caio-alexandre-erick-pulga-cauly-luciano-rodriguez-a-escalacao-do-bahia-escolhida-por-rogerio-ceni-pa\/#respond"]}],"copyrightYear":"2025","copyrightHolder":{"@id":"https:\/\/www.gaveanews.com\/#organization"}},{"@type":"WebPage","@id":"https:\/\/www.gaveanews.com\/index.php\/2025\/05\/28\/everton-ribeiro-jean-lucas-marcos-felipe-gilberto-david-duarte-ramos-mingo-luciano-juba-caio-alexandre-erick-pulga-cauly-luciano-rodriguez-a-escalacao-do-bahia-escolhida-por-rogerio-ceni-pa\/","url":"https:\/\/www.gaveanews.com\/index.php\/2025\/05\/28\/everton-ribeiro-jean-lucas-marcos-felipe-gilberto-david-duarte-ramos-mingo-luciano-juba-caio-alexandre-erick-pulga-cauly-luciano-rodriguez-a-escalacao-do-bahia-escolhida-por-rogerio-ceni-pa\/","name":"Everton Ribeiro, Jean Lucas, Marcos Felipe, Gilberto, David Duarte, Ramos Mingo, Luciano Juba, Caio Alexandre, Erick Pulga, Cauly, Luciano Rodr\u00edguez: a escala\u00e7\u00e3o do Bahia escolhida por Rog\u00e9rio Ceni para enfrentar o Internacional","isPartOf":{"@id":"https:\/\/www.gaveanews.com\/#website"},"primaryImageOfPage":{"@id":"https:\/\/www.gaveanews.com\/index.php\/2025\/05\/28\/everton-ribeiro-jean-lucas-marcos-felipe-gilberto-david-duarte-ramos-mingo-luciano-juba-caio-alexandre-erick-pulga-cauly-luciano-rodriguez-a-escalacao-do-bahia-escolhida-por-rogerio-ceni-pa\/#primaryimage"},"image":{"@id":"https:\/\/www.gaveanews.com\/index.php\/2025\/05\/28\/everton-ribeiro-jean-lucas-marcos-felipe-gilberto-david-duarte-ramos-mingo-luciano-juba-caio-alexandre-erick-pulga-cauly-luciano-rodriguez-a-escalacao-do-bahia-escolhida-por-rogerio-ceni-pa\/#primaryimage"},"thumbnailUrl":"https:\/\/www.gaveanews.com\/wp-content\/uploads\/Rogerio-Ceni-treino-Bahia.webp","datePublished":"2025-05-28T14:50:00+00:00","author":{"@id":"https:\/\/www.gaveanews.com\/#\/schema\/person\/0eb3e3fe1754f0205218538adbe8f5ed"},"breadcrumb":{"@id":"https:\/\/www.gaveanews.com\/index.php\/2025\/05\/28\/everton-ribeiro-jean-lucas-marcos-felipe-gilberto-david-duarte-ramos-mingo-luciano-juba-caio-alexandre-erick-pulga-cauly-luciano-rodriguez-a-escalacao-do-bahia-escolhida-por-rogerio-ceni-pa\/#breadcrumb"},"inLanguage":"pt-BR","potentialAction":[{"@type":"ReadAction","target":["https:\/\/www.gaveanews.com\/index.php\/2025\/05\/28\/everton-ribeiro-jean-lucas-marcos-felipe-gilberto-david-duarte-ramos-mingo-luciano-juba-caio-alexandre-erick-pulga-cauly-luciano-rodriguez-a-escalacao-do-bahia-escolhida-por-rogerio-ceni-pa\/"]}]},{"@type":"ImageObject","inLanguage":"pt-BR","@id":"https:\/\/www.gaveanews.com\/index.php\/2025\/05\/28\/everton-ribeiro-jean-lucas-marcos-felipe-gilberto-david-duarte-ramos-mingo-luciano-juba-caio-alexandre-erick-pulga-cauly-luciano-rodriguez-a-escalacao-do-bahia-escolhida-por-rogerio-ceni-pa\/#primaryimage","url":"https:\/\/www.gaveanews.com\/wp-content\/uploads\/Rogerio-Ceni-treino-Bahia.webp","contentUrl":"https:\/\/www.gaveanews.com\/wp-content\/uploads\/Rogerio-Ceni-treino-Bahia.webp","width":888,"height":538,"caption":"Rog\u00e9rio Ceni treino Bahia (Fotos: Let\u00edcia Martins \/ EC Bahia)"},{"@type":"BreadcrumbList","@id":"https:\/\/www.gaveanews.com\/index.php\/2025\/05\/28\/everton-ribeiro-jean-lucas-marcos-felipe-gilberto-david-duarte-ramos-mingo-luciano-juba-caio-alexandre-erick-pulga-cauly-luciano-rodriguez-a-escalacao-do-bahia-escolhida-por-rogerio-ceni-pa\/#breadcrumb","itemListElement":[{"@type":"ListItem","position":1,"name":"Home","item":"https:\/\/www.gaveanews.com\/"},{"@type":"ListItem","position":2,"name":"Everton Ribeiro, Jean Lucas, Marcos Felipe, Gilberto, David Duarte, Ramos Mingo, Luciano Juba, Caio Alexandre, Erick Pulga, Cauly, Luciano Rodr\u00edguez: a escala\u00e7\u00e3o do Bahia escolhida por Rog\u00e9rio Ceni para enfrentar o Internacional"}]},{"@type":"WebSite","@id":"https:\/\/www.gaveanews.com\/#website","url":"https:\/\/www.gaveanews.com\/","name":"G\u00e1vea News","description":"Veja todas as not\u00edcias sobre o Flamengo: Contrata\u00e7\u00f5es, categorias de base, resultados das partidas, tabela de classifica\u00e7\u00e3o, pr\u00f3ximos jogos!","potentialAction":[{"@type":"SearchAction","target":{"@type":"EntryPoint","urlTemplate":"https:\/\/www.gaveanews.com\/?s={search_term_string}"},"query-input":{"@type":"PropertyValueSpecification","valueRequired":true,"valueName":"search_term_string"}}],"inLanguage":"pt-BR"},{"@type":"Person","@id":"https:\/\/www.gaveanews.com\/#\/schema\/person\/0eb3e3fe1754f0205218538adbe8f5ed","name":"Rafaela Ladeira","image":{"@type":"ImageObject","inLanguage":"pt-BR","@id":"https:\/\/www.gaveanews.com\/#\/schema\/person\/image\/","url":"https:\/\/secure.gravatar.com\/avatar\/c31f513acffd85eacab5730cbdfdbbf59f21ba5aeada8cd890acea879fbb2455?s=96&d=mm&r=g","contentUrl":"https:\/\/secure.gravatar.com\/avatar\/c31f513acffd85eacab5730cbdfdbbf59f21ba5aeada8cd890acea879fbb2455?s=96&d=mm&r=g","caption":"Rafaela Ladeira"}}]}},"_links":{"self":[{"href":"https:\/\/www.gaveanews.com\/index.php\/wp-json\/wp\/v2\/posts\/267567","targetHints":{"allow":["GET"]}}],"collection":[{"href":"https:\/\/www.gaveanews.com\/index.php\/wp-json\/wp\/v2\/posts"}],"about":[{"href":"https:\/\/www.gaveanews.com\/index.php\/wp-json\/wp\/v2\/types\/post"}],"author":[{"embeddable":true,"href":"https:\/\/www.gaveanews.com\/index.php\/wp-json\/wp\/v2\/users\/25"}],"replies":[{"embeddable":true,"href":"https:\/\/www.gaveanews.com\/index.php\/wp-json\/wp\/v2\/comments?post=267567"}],"version-history":[{"count":1,"href":"https:\/\/www.gaveanews.com\/index.php\/wp-json\/wp\/v2\/posts\/267567\/revisions"}],"predecessor-version":[{"id":267568,"href":"https:\/\/www.gaveanews.com\/index.php\/wp-json\/wp\/v2\/posts\/267567\/revisions\/267568"}],"wp:featuredmedia":[{"embeddable":true,"href":"https:\/\/www.gaveanews.com\/index.php\/wp-json\/wp\/v2\/media\/251413"}],"wp:attachment":[{"href":"https:\/\/www.gaveanews.com\/index.php\/wp-json\/wp\/v2\/media?parent=267567"}],"wp:term":[{"taxonomy":"category","embeddable":true,"href":"https:\/\/www.gaveanews.com\/index.php\/wp-json\/wp\/v2\/categories?post=267567"},{"taxonomy":"post_tag","embeddable":true,"href":"https:\/\/www.gaveanews.com\/index.php\/wp-json\/wp\/v2\/tags?post=267567"}],"curies":[{"name":"wp","href":"https:\/\/api.w.org\/{rel}","templated":true}]}}