{"id":267751,"date":"2025-05-28T18:55:00","date_gmt":"2025-05-28T21:55:00","guid":{"rendered":"https:\/\/www.gaveanews.com\/?p=267751"},"modified":"2025-05-28T18:25:25","modified_gmt":"2025-05-28T21:25:25","slug":"a-declaracao-de-diniz-sobre-futuro-de-jair-no-vasco","status":"publish","type":"post","link":"https:\/\/www.gaveanews.com\/index.php\/2025\/05\/28\/a-declaracao-de-diniz-sobre-futuro-de-jair-no-vasco\/","title":{"rendered":"A declara\u00e7\u00e3o de Diniz sobre futuro de Jair no Vasco"},"content":{"rendered":"\n<p>Ap\u00f3s a vit\u00f3ria por 3 a 0 sobre o Melgar, na noite de ter\u00e7a-feira (27), Fernando Diniz refor\u00e7ou publicamente seu desejo de manter Jair no elenco do Vasco. O treinador aproveitou a entrevista coletiva para manifestar com clareza sua inten\u00e7\u00e3o de contar com o volante em todas as competi\u00e7\u00f5es da temporada. \u201cMinha inten\u00e7\u00e3o \u00e9 incorpor\u00e1-lo definitivamente. \u00c9 um jogador que eu gosto, tem o desejo de ficar tamb\u00e9m\u201d, afirmou Diniz.<\/p>\n\n\n\n<p>A fala do treinador, ali\u00e1s, evidencia uma articula\u00e7\u00e3o nos bastidores para convencer a diretoria a manter o jogador, mesmo diante de quest\u00f5es financeiras que envolvem o alto sal\u00e1rio do atleta. &#8220;O Vasco n\u00e3o quer arrancar o Jair daqui. Estamos entrando num consenso. \u00c9 um desejo meu e da diretoria para o Jair ficar&#8221;, completou o t\u00e9cnico, que tamb\u00e9m relembrou ter indicado o volante em passagens anteriores por S\u00e3o Paulo e Fluminense.<\/p>\n\n\n\n<p>Jair, por sua vez, tamb\u00e9m demonstrou vontade de seguir em S\u00e3o Janu\u00e1rio. \u201cMinha vontade \u00e9 jogar e ficar\u201d, declarou o jogador ap\u00f3s a partida. Segundo ele, o contato com Diniz tem sido positivo e transparente. \u201cA gente conversou, ele disse que queria contar comigo nesse jogo. Falei para ele que estou sempre \u00e0 disposi\u00e7\u00e3o\u201d, disse o meio-campista.<\/p>\n\n\n\n<p>Apesar das inten\u00e7\u00f5es rec\u00edprocas, o cen\u00e1rio \u00e9 delicado. Jair deixou de ser relacionado em rodadas recentes do Campeonato Brasileiro porque j\u00e1 atuou seis vezes na competi\u00e7\u00e3o. Se disputar mais uma partida, ficar\u00e1 impossibilitado de se transferir para outro clube da S\u00e9rie A nesta temporada, o que poderia inviabilizar uma poss\u00edvel negocia\u00e7\u00e3o.<\/p>\n\n\n\n<p>Al\u00e9m disso, Jair est\u00e1 entre os jogadores com maiores vencimentos do elenco. Diante da necessidade de reduzir a folha salarial para buscar refor\u00e7os na janela de transfer\u00eancias do meio do ano, a diretoria considerou uma eventual sa\u00edda. Contudo, a aus\u00eancia de propostas concretas enfraqueceu essa possibilidade, e a comiss\u00e3o t\u00e9cnica voltou a utiliz\u00e1-lo, como na vit\u00f3ria contra os peruanos.<\/p>\n\n\n\n<p>Com contrato at\u00e9 dezembro, Jair vive um momento de indefini\u00e7\u00e3o. Entretanto, a uni\u00e3o entre o desejo do t\u00e9cnico e a disposi\u00e7\u00e3o do atleta pode ser determinante para sua perman\u00eancia no clube a m\u00e9dio prazo.<\/p>\n","protected":false},"excerpt":{"rendered":"<p>Ap\u00f3s a vit\u00f3ria por 3 a 0 sobre o Melgar, na noite de ter\u00e7a-feira (27), Fernando Diniz refor\u00e7ou publicamente seu desejo de manter Jair no elenco do Vasco. O treinador aproveitou a entrevista coletiva para manifestar com clareza sua inten\u00e7\u00e3o de contar com o volante em todas as competi\u00e7\u00f5es da temporada. \u201cMinha inten\u00e7\u00e3o \u00e9 incorpor\u00e1-lo [&hellip;]<\/p>\n","protected":false},"author":18,"featured_media":264114,"comment_status":"open","ping_status":"closed","sticky":false,"template":"","format":"standard","meta":{"footnotes":""},"categories":[152],"tags":[],"class_list":["post-267751","post","type-post","status-publish","format-standard","has-post-thumbnail","hentry","category-vasco"],"yoast_head":"<!-- This site is optimized with the Yoast SEO Premium plugin v24.2 (Yoast SEO v26.9) - https:\/\/yoast.com\/product\/yoast-seo-premium-wordpress\/ -->\n<title>A declara\u00e7\u00e3o de Diniz sobre futuro de Jair no Vasco<\/title>\n<meta name=\"robots\" content=\"index, follow, max-snippet:-1, max-image-preview:large, max-video-preview:-1\" \/>\n<link rel=\"canonical\" href=\"https:\/\/www.gaveanews.com\/index.php\/2025\/05\/28\/a-declaracao-de-diniz-sobre-futuro-de-jair-no-vasco\/\" \/>\n<meta property=\"og:locale\" content=\"pt_BR\" \/>\n<meta property=\"og:type\" content=\"article\" \/>\n<meta property=\"og:title\" content=\"A declara\u00e7\u00e3o de Diniz sobre futuro de Jair no Vasco\" \/>\n<meta property=\"og:description\" content=\"Ap\u00f3s a vit\u00f3ria por 3 a 0 sobre o Melgar, na noite de ter\u00e7a-feira (27), Fernando Diniz refor\u00e7ou publicamente seu desejo de manter Jair no elenco do Vasco. O treinador aproveitou a entrevista coletiva para manifestar com clareza sua inten\u00e7\u00e3o de contar com o volante em todas as competi\u00e7\u00f5es da temporada. \u201cMinha inten\u00e7\u00e3o \u00e9 incorpor\u00e1-lo [&hellip;]\" \/>\n<meta property=\"og:url\" content=\"https:\/\/www.gaveanews.com\/index.php\/2025\/05\/28\/a-declaracao-de-diniz-sobre-futuro-de-jair-no-vasco\/\" \/>\n<meta property=\"og:site_name\" content=\"G\u00e1vea News\" \/>\n<meta property=\"article:publisher\" content=\"https:\/\/facebook.com\/gaveaNews\/\" \/>\n<meta property=\"article:published_time\" content=\"2025-05-28T21:55:00+00:00\" \/>\n<meta property=\"og:image\" content=\"https:\/\/www.gaveanews.com\/wp-content\/uploads\/Fernando-Diniz-pelo-Vasco.webp\" \/>\n\t<meta property=\"og:image:width\" content=\"1200\" \/>\n\t<meta property=\"og:image:height\" content=\"900\" \/>\n\t<meta property=\"og:image:type\" content=\"image\/webp\" \/>\n<meta name=\"author\" content=\"Paula Silva\" \/>\n<meta name=\"twitter:card\" content=\"summary_large_image\" \/>\n<meta name=\"twitter:label1\" content=\"Escrito por\" \/>\n\t<meta name=\"twitter:data1\" content=\"Paula Silva\" \/>\n\t<meta name=\"twitter:label2\" content=\"Est. tempo de leitura\" \/>\n\t<meta name=\"twitter:data2\" content=\"3 minutos\" \/>\n<script type=\"application\/ld+json\" class=\"yoast-schema-graph\">{\"@context\":\"https:\/\/schema.org\",\"@graph\":[{\"@type\":\"NewsArticle\",\"@id\":\"https:\/\/www.gaveanews.com\/index.php\/2025\/05\/28\/a-declaracao-de-diniz-sobre-futuro-de-jair-no-vasco\/#article\",\"isPartOf\":{\"@id\":\"https:\/\/www.gaveanews.com\/index.php\/2025\/05\/28\/a-declaracao-de-diniz-sobre-futuro-de-jair-no-vasco\/\"},\"author\":{\"name\":\"Paula Silva\",\"@id\":\"https:\/\/www.gaveanews.com\/#\/schema\/person\/daf63eec72e1164eb13dc35096c2b8da\"},\"headline\":\"A declara\u00e7\u00e3o de Diniz sobre futuro de Jair no Vasco\",\"datePublished\":\"2025-05-28T21:55:00+00:00\",\"mainEntityOfPage\":{\"@id\":\"https:\/\/www.gaveanews.com\/index.php\/2025\/05\/28\/a-declaracao-de-diniz-sobre-futuro-de-jair-no-vasco\/\"},\"wordCount\":388,\"commentCount\":0,\"image\":{\"@id\":\"https:\/\/www.gaveanews.com\/index.php\/2025\/05\/28\/a-declaracao-de-diniz-sobre-futuro-de-jair-no-vasco\/#primaryimage\"},\"thumbnailUrl\":\"https:\/\/www.gaveanews.com\/wp-content\/uploads\/Fernando-Diniz-pelo-Vasco.webp\",\"articleSection\":[\"Vasco\"],\"inLanguage\":\"pt-BR\",\"potentialAction\":[{\"@type\":\"CommentAction\",\"name\":\"Comment\",\"target\":[\"https:\/\/www.gaveanews.com\/index.php\/2025\/05\/28\/a-declaracao-de-diniz-sobre-futuro-de-jair-no-vasco\/#respond\"]}],\"copyrightYear\":\"2025\",\"copyrightHolder\":{\"@id\":\"https:\/\/www.gaveanews.com\/#organization\"}},{\"@type\":\"WebPage\",\"@id\":\"https:\/\/www.gaveanews.com\/index.php\/2025\/05\/28\/a-declaracao-de-diniz-sobre-futuro-de-jair-no-vasco\/\",\"url\":\"https:\/\/www.gaveanews.com\/index.php\/2025\/05\/28\/a-declaracao-de-diniz-sobre-futuro-de-jair-no-vasco\/\",\"name\":\"A declara\u00e7\u00e3o de Diniz sobre futuro de Jair no Vasco\",\"isPartOf\":{\"@id\":\"https:\/\/www.gaveanews.com\/#website\"},\"primaryImageOfPage\":{\"@id\":\"https:\/\/www.gaveanews.com\/index.php\/2025\/05\/28\/a-declaracao-de-diniz-sobre-futuro-de-jair-no-vasco\/#primaryimage\"},\"image\":{\"@id\":\"https:\/\/www.gaveanews.com\/index.php\/2025\/05\/28\/a-declaracao-de-diniz-sobre-futuro-de-jair-no-vasco\/#primaryimage\"},\"thumbnailUrl\":\"https:\/\/www.gaveanews.com\/wp-content\/uploads\/Fernando-Diniz-pelo-Vasco.webp\",\"datePublished\":\"2025-05-28T21:55:00+00:00\",\"author\":{\"@id\":\"https:\/\/www.gaveanews.com\/#\/schema\/person\/daf63eec72e1164eb13dc35096c2b8da\"},\"breadcrumb\":{\"@id\":\"https:\/\/www.gaveanews.com\/index.php\/2025\/05\/28\/a-declaracao-de-diniz-sobre-futuro-de-jair-no-vasco\/#breadcrumb\"},\"inLanguage\":\"pt-BR\",\"potentialAction\":[{\"@type\":\"ReadAction\",\"target\":[\"https:\/\/www.gaveanews.com\/index.php\/2025\/05\/28\/a-declaracao-de-diniz-sobre-futuro-de-jair-no-vasco\/\"]}]},{\"@type\":\"ImageObject\",\"inLanguage\":\"pt-BR\",\"@id\":\"https:\/\/www.gaveanews.com\/index.php\/2025\/05\/28\/a-declaracao-de-diniz-sobre-futuro-de-jair-no-vasco\/#primaryimage\",\"url\":\"https:\/\/www.gaveanews.com\/wp-content\/uploads\/Fernando-Diniz-pelo-Vasco.webp\",\"contentUrl\":\"https:\/\/www.gaveanews.com\/wp-content\/uploads\/Fernando-Diniz-pelo-Vasco.webp\",\"width\":1200,\"height\":900,\"caption\":\"Fernando Diniz pelo Vasco (Fotos: Matheus Lima\/Vasco)\"},{\"@type\":\"BreadcrumbList\",\"@id\":\"https:\/\/www.gaveanews.com\/index.php\/2025\/05\/28\/a-declaracao-de-diniz-sobre-futuro-de-jair-no-vasco\/#breadcrumb\",\"itemListElement\":[{\"@type\":\"ListItem\",\"position\":1,\"name\":\"Home\",\"item\":\"https:\/\/www.gaveanews.com\/\"},{\"@type\":\"ListItem\",\"position\":2,\"name\":\"A declara\u00e7\u00e3o de Diniz sobre futuro de Jair no Vasco\"}]},{\"@type\":\"WebSite\",\"@id\":\"https:\/\/www.gaveanews.com\/#website\",\"url\":\"https:\/\/www.gaveanews.com\/\",\"name\":\"G\u00e1vea News\",\"description\":\"Veja todas as not\u00edcias sobre o Flamengo: Contrata\u00e7\u00f5es, categorias de base, resultados das partidas, tabela de classifica\u00e7\u00e3o, pr\u00f3ximos jogos!\",\"potentialAction\":[{\"@type\":\"SearchAction\",\"target\":{\"@type\":\"EntryPoint\",\"urlTemplate\":\"https:\/\/www.gaveanews.com\/?s={search_term_string}\"},\"query-input\":{\"@type\":\"PropertyValueSpecification\",\"valueRequired\":true,\"valueName\":\"search_term_string\"}}],\"inLanguage\":\"pt-BR\"},{\"@type\":\"Person\",\"@id\":\"https:\/\/www.gaveanews.com\/#\/schema\/person\/daf63eec72e1164eb13dc35096c2b8da\",\"name\":\"Paula Silva\",\"image\":{\"@type\":\"ImageObject\",\"inLanguage\":\"pt-BR\",\"@id\":\"https:\/\/www.gaveanews.com\/#\/schema\/person\/image\/\",\"url\":\"https:\/\/secure.gravatar.com\/avatar\/eda381c845527cc5d64c13b901833cda29d97500ba040d3e6461f76f51d163bb?s=96&d=mm&r=g\",\"contentUrl\":\"https:\/\/secure.gravatar.com\/avatar\/eda381c845527cc5d64c13b901833cda29d97500ba040d3e6461f76f51d163bb?s=96&d=mm&r=g\",\"caption\":\"Paula Silva\"}}]}<\/script>\n<!-- \/ Yoast SEO Premium plugin. -->","yoast_head_json":{"title":"A declara\u00e7\u00e3o de Diniz sobre futuro de Jair no Vasco","robots":{"index":"index","follow":"follow","max-snippet":"max-snippet:-1","max-image-preview":"max-image-preview:large","max-video-preview":"max-video-preview:-1"},"canonical":"https:\/\/www.gaveanews.com\/index.php\/2025\/05\/28\/a-declaracao-de-diniz-sobre-futuro-de-jair-no-vasco\/","og_locale":"pt_BR","og_type":"article","og_title":"A declara\u00e7\u00e3o de Diniz sobre futuro de Jair no Vasco","og_description":"Ap\u00f3s a vit\u00f3ria por 3 a 0 sobre o Melgar, na noite de ter\u00e7a-feira (27), Fernando Diniz refor\u00e7ou publicamente seu desejo de manter Jair no elenco do Vasco. O treinador aproveitou a entrevista coletiva para manifestar com clareza sua inten\u00e7\u00e3o de contar com o volante em todas as competi\u00e7\u00f5es da temporada. \u201cMinha inten\u00e7\u00e3o \u00e9 incorpor\u00e1-lo [&hellip;]","og_url":"https:\/\/www.gaveanews.com\/index.php\/2025\/05\/28\/a-declaracao-de-diniz-sobre-futuro-de-jair-no-vasco\/","og_site_name":"G\u00e1vea News","article_publisher":"https:\/\/facebook.com\/gaveaNews\/","article_published_time":"2025-05-28T21:55:00+00:00","og_image":[{"width":1200,"height":900,"url":"https:\/\/www.gaveanews.com\/wp-content\/uploads\/Fernando-Diniz-pelo-Vasco.webp","type":"image\/webp"}],"author":"Paula Silva","twitter_card":"summary_large_image","twitter_misc":{"Escrito por":"Paula Silva","Est. tempo de leitura":"3 minutos"},"schema":{"@context":"https:\/\/schema.org","@graph":[{"@type":"NewsArticle","@id":"https:\/\/www.gaveanews.com\/index.php\/2025\/05\/28\/a-declaracao-de-diniz-sobre-futuro-de-jair-no-vasco\/#article","isPartOf":{"@id":"https:\/\/www.gaveanews.com\/index.php\/2025\/05\/28\/a-declaracao-de-diniz-sobre-futuro-de-jair-no-vasco\/"},"author":{"name":"Paula Silva","@id":"https:\/\/www.gaveanews.com\/#\/schema\/person\/daf63eec72e1164eb13dc35096c2b8da"},"headline":"A declara\u00e7\u00e3o de Diniz sobre futuro de Jair no Vasco","datePublished":"2025-05-28T21:55:00+00:00","mainEntityOfPage":{"@id":"https:\/\/www.gaveanews.com\/index.php\/2025\/05\/28\/a-declaracao-de-diniz-sobre-futuro-de-jair-no-vasco\/"},"wordCount":388,"commentCount":0,"image":{"@id":"https:\/\/www.gaveanews.com\/index.php\/2025\/05\/28\/a-declaracao-de-diniz-sobre-futuro-de-jair-no-vasco\/#primaryimage"},"thumbnailUrl":"https:\/\/www.gaveanews.com\/wp-content\/uploads\/Fernando-Diniz-pelo-Vasco.webp","articleSection":["Vasco"],"inLanguage":"pt-BR","potentialAction":[{"@type":"CommentAction","name":"Comment","target":["https:\/\/www.gaveanews.com\/index.php\/2025\/05\/28\/a-declaracao-de-diniz-sobre-futuro-de-jair-no-vasco\/#respond"]}],"copyrightYear":"2025","copyrightHolder":{"@id":"https:\/\/www.gaveanews.com\/#organization"}},{"@type":"WebPage","@id":"https:\/\/www.gaveanews.com\/index.php\/2025\/05\/28\/a-declaracao-de-diniz-sobre-futuro-de-jair-no-vasco\/","url":"https:\/\/www.gaveanews.com\/index.php\/2025\/05\/28\/a-declaracao-de-diniz-sobre-futuro-de-jair-no-vasco\/","name":"A declara\u00e7\u00e3o de Diniz sobre futuro de Jair no Vasco","isPartOf":{"@id":"https:\/\/www.gaveanews.com\/#website"},"primaryImageOfPage":{"@id":"https:\/\/www.gaveanews.com\/index.php\/2025\/05\/28\/a-declaracao-de-diniz-sobre-futuro-de-jair-no-vasco\/#primaryimage"},"image":{"@id":"https:\/\/www.gaveanews.com\/index.php\/2025\/05\/28\/a-declaracao-de-diniz-sobre-futuro-de-jair-no-vasco\/#primaryimage"},"thumbnailUrl":"https:\/\/www.gaveanews.com\/wp-content\/uploads\/Fernando-Diniz-pelo-Vasco.webp","datePublished":"2025-05-28T21:55:00+00:00","author":{"@id":"https:\/\/www.gaveanews.com\/#\/schema\/person\/daf63eec72e1164eb13dc35096c2b8da"},"breadcrumb":{"@id":"https:\/\/www.gaveanews.com\/index.php\/2025\/05\/28\/a-declaracao-de-diniz-sobre-futuro-de-jair-no-vasco\/#breadcrumb"},"inLanguage":"pt-BR","potentialAction":[{"@type":"ReadAction","target":["https:\/\/www.gaveanews.com\/index.php\/2025\/05\/28\/a-declaracao-de-diniz-sobre-futuro-de-jair-no-vasco\/"]}]},{"@type":"ImageObject","inLanguage":"pt-BR","@id":"https:\/\/www.gaveanews.com\/index.php\/2025\/05\/28\/a-declaracao-de-diniz-sobre-futuro-de-jair-no-vasco\/#primaryimage","url":"https:\/\/www.gaveanews.com\/wp-content\/uploads\/Fernando-Diniz-pelo-Vasco.webp","contentUrl":"https:\/\/www.gaveanews.com\/wp-content\/uploads\/Fernando-Diniz-pelo-Vasco.webp","width":1200,"height":900,"caption":"Fernando Diniz pelo Vasco (Fotos: Matheus Lima\/Vasco)"},{"@type":"BreadcrumbList","@id":"https:\/\/www.gaveanews.com\/index.php\/2025\/05\/28\/a-declaracao-de-diniz-sobre-futuro-de-jair-no-vasco\/#breadcrumb","itemListElement":[{"@type":"ListItem","position":1,"name":"Home","item":"https:\/\/www.gaveanews.com\/"},{"@type":"ListItem","position":2,"name":"A declara\u00e7\u00e3o de Diniz sobre futuro de Jair no Vasco"}]},{"@type":"WebSite","@id":"https:\/\/www.gaveanews.com\/#website","url":"https:\/\/www.gaveanews.com\/","name":"G\u00e1vea News","description":"Veja todas as not\u00edcias sobre o Flamengo: Contrata\u00e7\u00f5es, categorias de base, resultados das partidas, tabela de classifica\u00e7\u00e3o, pr\u00f3ximos jogos!","potentialAction":[{"@type":"SearchAction","target":{"@type":"EntryPoint","urlTemplate":"https:\/\/www.gaveanews.com\/?s={search_term_string}"},"query-input":{"@type":"PropertyValueSpecification","valueRequired":true,"valueName":"search_term_string"}}],"inLanguage":"pt-BR"},{"@type":"Person","@id":"https:\/\/www.gaveanews.com\/#\/schema\/person\/daf63eec72e1164eb13dc35096c2b8da","name":"Paula Silva","image":{"@type":"ImageObject","inLanguage":"pt-BR","@id":"https:\/\/www.gaveanews.com\/#\/schema\/person\/image\/","url":"https:\/\/secure.gravatar.com\/avatar\/eda381c845527cc5d64c13b901833cda29d97500ba040d3e6461f76f51d163bb?s=96&d=mm&r=g","contentUrl":"https:\/\/secure.gravatar.com\/avatar\/eda381c845527cc5d64c13b901833cda29d97500ba040d3e6461f76f51d163bb?s=96&d=mm&r=g","caption":"Paula Silva"}}]}},"_links":{"self":[{"href":"https:\/\/www.gaveanews.com\/index.php\/wp-json\/wp\/v2\/posts\/267751","targetHints":{"allow":["GET"]}}],"collection":[{"href":"https:\/\/www.gaveanews.com\/index.php\/wp-json\/wp\/v2\/posts"}],"about":[{"href":"https:\/\/www.gaveanews.com\/index.php\/wp-json\/wp\/v2\/types\/post"}],"author":[{"embeddable":true,"href":"https:\/\/www.gaveanews.com\/index.php\/wp-json\/wp\/v2\/users\/18"}],"replies":[{"embeddable":true,"href":"https:\/\/www.gaveanews.com\/index.php\/wp-json\/wp\/v2\/comments?post=267751"}],"version-history":[{"count":1,"href":"https:\/\/www.gaveanews.com\/index.php\/wp-json\/wp\/v2\/posts\/267751\/revisions"}],"predecessor-version":[{"id":267757,"href":"https:\/\/www.gaveanews.com\/index.php\/wp-json\/wp\/v2\/posts\/267751\/revisions\/267757"}],"wp:featuredmedia":[{"embeddable":true,"href":"https:\/\/www.gaveanews.com\/index.php\/wp-json\/wp\/v2\/media\/264114"}],"wp:attachment":[{"href":"https:\/\/www.gaveanews.com\/index.php\/wp-json\/wp\/v2\/media?parent=267751"}],"wp:term":[{"taxonomy":"category","embeddable":true,"href":"https:\/\/www.gaveanews.com\/index.php\/wp-json\/wp\/v2\/categories?post=267751"},{"taxonomy":"post_tag","embeddable":true,"href":"https:\/\/www.gaveanews.com\/index.php\/wp-json\/wp\/v2\/tags?post=267751"}],"curies":[{"name":"wp","href":"https:\/\/api.w.org\/{rel}","templated":true}]}}