{"id":26799,"date":"2019-09-04T20:56:22","date_gmt":"2019-09-04T23:56:22","guid":{"rendered":"http:\/\/www.gaveanews.com\/?p=26799"},"modified":"2019-09-04T20:56:23","modified_gmt":"2019-09-04T23:56:23","slug":"dirigente-do-flamengo-bruno-spindel-abre-o-jogo-sobre-contratacao-de-centroavante-pedido-pelo-treinador-jorge-jesus","status":"publish","type":"post","link":"https:\/\/www.gaveanews.com\/index.php\/2019\/09\/04\/dirigente-do-flamengo-bruno-spindel-abre-o-jogo-sobre-contratacao-de-centroavante-pedido-pelo-treinador-jorge-jesus\/","title":{"rendered":"Dirigente do Flamengo, Bruno Spindel abre o jogo sobre contrata\u00e7\u00e3o de centroavante pedido pelo treinador Jorge Jesus"},"content":{"rendered":"\n<p>Futebol ofensivo e elogiado, classifica\u00e7\u00e3o para as semifinais da Libertadores e l\u00edder do Brasileir\u00e3o. Este \u00e9 o Flamengo comandado por Jorge Jesus nesta temporada. <\/p>\n\n\n\n<p>O treinador portugu\u00eas, por\u00e9m, ainda mant\u00e9m o desejo de contar com um centroavante, e a diretoria segue de olho em oportunidades no mercado, mesmo com o fechamento da janela de transfer\u00eancias. Bruno Spindel, diretor executivo do clube, abriu o jogo sobre o pedido do t\u00e9cnico rubro-negro.<\/p>\n\n\n\n<p>Em entrevista concedida nesta quarta-feira (04) ao \u201cBrasil Expo Futebol\u201c, uma esp\u00e9cie de feira que re\u00fane a ind\u00fastria do futebol, Spindel revelou a dificuldade de achar um nome ideal ap\u00f3s o fechamento da janela e deu a entender que o pedido de Jesus poder\u00e1 ser atendido somente em 2020.<\/p>\n\n\n\n<p>\u2013 O avan\u00e7ado (centroavante) \u00e9 claro que \u00e9 um desejo dele (Jorge Jesus), com caracter\u00edsticas diferentes para dar alternativa de jogo e para complementar e qualificar o elenco. Mas a janela j\u00e1 fechou, as alternativas s\u00e3o quase nulas, muito dif\u00edcil (esse ano). Nada \u00e9 imposs\u00edvel na vida, mas \u00e9 muito dif\u00edcil -, destacou o dirigente.<\/p>\n\n\n\n<p>O Flamengo chegou a abrir negocia\u00e7\u00f5es nesta janela para fechar com o atacante italiano Mario Balotelli, mas as partes n\u00e3o chegaram a um acordo, e o jogador acertou com o Brescia. Outro nome recente ligado ao Rubro-Negro foi Wilfried Bony, centroavante ex-Manchester City. Apesar da sondagem, n\u00e3o houve uma movimenta\u00e7\u00e3o da diretoria para iniciar negocia\u00e7\u00f5es com o atleta marfinense, que atualmente est\u00e1 sem clube.<\/p>\n\n\n\n<p>Retirado de: Coluna do Fla<\/p>\n\n\n","protected":false},"excerpt":{"rendered":"<p>Futebol ofensivo e elogiado, classifica\u00e7\u00e3o para as semifinais da Libertadores e l\u00edder do Brasileir\u00e3o. Este \u00e9 o Flamengo comandado por Jorge Jesus nesta temporada. O treinador portugu\u00eas, por\u00e9m, ainda mant\u00e9m o desejo de contar com um centroavante, e a diretoria segue de olho em oportunidades no mercado, mesmo com o fechamento da janela de transfer\u00eancias. [&hellip;]<\/p>\n","protected":false},"author":1,"featured_media":22104,"comment_status":"open","ping_status":"open","sticky":false,"template":"","format":"standard","meta":{"footnotes":""},"categories":[1],"tags":[],"class_list":["post-26799","post","type-post","status-publish","format-standard","has-post-thumbnail","hentry","category-flamengo"],"yoast_head":"<!-- This site is optimized with the Yoast SEO Premium plugin v24.2 (Yoast SEO v26.9) - https:\/\/yoast.com\/product\/yoast-seo-premium-wordpress\/ -->\n<title>Dirigente do Flamengo, Bruno Spindel abre o jogo sobre contrata\u00e7\u00e3o de centroavante pedido pelo treinador Jorge Jesus<\/title>\n<meta name=\"robots\" content=\"index, follow, max-snippet:-1, max-image-preview:large, max-video-preview:-1\" \/>\n<link rel=\"canonical\" href=\"https:\/\/www.gaveanews.com\/index.php\/2019\/09\/04\/dirigente-do-flamengo-bruno-spindel-abre-o-jogo-sobre-contratacao-de-centroavante-pedido-pelo-treinador-jorge-jesus\/\" \/>\n<meta property=\"og:locale\" content=\"pt_BR\" \/>\n<meta property=\"og:type\" content=\"article\" \/>\n<meta property=\"og:title\" content=\"Dirigente do Flamengo, Bruno Spindel abre o jogo sobre contrata\u00e7\u00e3o de centroavante pedido pelo treinador Jorge Jesus\" \/>\n<meta property=\"og:description\" content=\"Futebol ofensivo e elogiado, classifica\u00e7\u00e3o para as semifinais da Libertadores e l\u00edder do Brasileir\u00e3o. Este \u00e9 o Flamengo comandado por Jorge Jesus nesta temporada. O treinador portugu\u00eas, por\u00e9m, ainda mant\u00e9m o desejo de contar com um centroavante, e a diretoria segue de olho em oportunidades no mercado, mesmo com o fechamento da janela de transfer\u00eancias. [&hellip;]\" \/>\n<meta property=\"og:url\" content=\"https:\/\/www.gaveanews.com\/index.php\/2019\/09\/04\/dirigente-do-flamengo-bruno-spindel-abre-o-jogo-sobre-contratacao-de-centroavante-pedido-pelo-treinador-jorge-jesus\/\" \/>\n<meta property=\"og:site_name\" content=\"G\u00e1vea News\" \/>\n<meta property=\"article:publisher\" content=\"https:\/\/facebook.com\/gaveaNews\/\" \/>\n<meta property=\"article:published_time\" content=\"2019-09-04T23:56:22+00:00\" \/>\n<meta property=\"article:modified_time\" content=\"2019-09-04T23:56:23+00:00\" \/>\n<meta property=\"og:image\" content=\"https:\/\/www.gaveanews.com\/wp-content\/uploads\/2019\/06\/Jorge-Jesus-durante-treinamento-na-academia-do-Ninho-do-Urubu.webp\" \/>\n\t<meta property=\"og:image:width\" content=\"900\" \/>\n\t<meta property=\"og:image:height\" content=\"598\" \/>\n\t<meta property=\"og:image:type\" content=\"image\/jpeg\" \/>\n<meta name=\"author\" content=\"Equipe G\u00e1vea News\" \/>\n<meta name=\"twitter:card\" content=\"summary_large_image\" \/>\n<meta name=\"twitter:label1\" content=\"Escrito por\" \/>\n\t<meta name=\"twitter:data1\" content=\"Equipe G\u00e1vea News\" \/>\n\t<meta name=\"twitter:label2\" content=\"Est. tempo de leitura\" \/>\n\t<meta name=\"twitter:data2\" content=\"1 minuto\" \/>\n<script type=\"application\/ld+json\" class=\"yoast-schema-graph\">{\"@context\":\"https:\/\/schema.org\",\"@graph\":[{\"@type\":\"NewsArticle\",\"@id\":\"https:\/\/www.gaveanews.com\/index.php\/2019\/09\/04\/dirigente-do-flamengo-bruno-spindel-abre-o-jogo-sobre-contratacao-de-centroavante-pedido-pelo-treinador-jorge-jesus\/#article\",\"isPartOf\":{\"@id\":\"https:\/\/www.gaveanews.com\/index.php\/2019\/09\/04\/dirigente-do-flamengo-bruno-spindel-abre-o-jogo-sobre-contratacao-de-centroavante-pedido-pelo-treinador-jorge-jesus\/\"},\"author\":{\"name\":\"Equipe G\u00e1vea News\",\"@id\":\"https:\/\/www.gaveanews.com\/#\/schema\/person\/2ec14f73fb96be2caf28f91afb14749d\"},\"headline\":\"Dirigente do Flamengo, Bruno Spindel abre o jogo sobre contrata\u00e7\u00e3o de centroavante pedido pelo treinador Jorge Jesus\",\"datePublished\":\"2019-09-04T23:56:22+00:00\",\"dateModified\":\"2019-09-04T23:56:23+00:00\",\"mainEntityOfPage\":{\"@id\":\"https:\/\/www.gaveanews.com\/index.php\/2019\/09\/04\/dirigente-do-flamengo-bruno-spindel-abre-o-jogo-sobre-contratacao-de-centroavante-pedido-pelo-treinador-jorge-jesus\/\"},\"wordCount\":276,\"commentCount\":0,\"image\":{\"@id\":\"https:\/\/www.gaveanews.com\/index.php\/2019\/09\/04\/dirigente-do-flamengo-bruno-spindel-abre-o-jogo-sobre-contratacao-de-centroavante-pedido-pelo-treinador-jorge-jesus\/#primaryimage\"},\"thumbnailUrl\":\"https:\/\/www.gaveanews.com\/wp-content\/uploads\/2019\/06\/Jorge-Jesus-durante-treinamento-na-academia-do-Ninho-do-Urubu.webp\",\"articleSection\":[\"Flamengo\"],\"inLanguage\":\"pt-BR\",\"potentialAction\":[{\"@type\":\"CommentAction\",\"name\":\"Comment\",\"target\":[\"https:\/\/www.gaveanews.com\/index.php\/2019\/09\/04\/dirigente-do-flamengo-bruno-spindel-abre-o-jogo-sobre-contratacao-de-centroavante-pedido-pelo-treinador-jorge-jesus\/#respond\"]}],\"copyrightYear\":\"2019\",\"copyrightHolder\":{\"@id\":\"https:\/\/www.gaveanews.com\/#organization\"}},{\"@type\":\"WebPage\",\"@id\":\"https:\/\/www.gaveanews.com\/index.php\/2019\/09\/04\/dirigente-do-flamengo-bruno-spindel-abre-o-jogo-sobre-contratacao-de-centroavante-pedido-pelo-treinador-jorge-jesus\/\",\"url\":\"https:\/\/www.gaveanews.com\/index.php\/2019\/09\/04\/dirigente-do-flamengo-bruno-spindel-abre-o-jogo-sobre-contratacao-de-centroavante-pedido-pelo-treinador-jorge-jesus\/\",\"name\":\"Dirigente do Flamengo, Bruno Spindel abre o jogo sobre contrata\u00e7\u00e3o de centroavante pedido pelo treinador Jorge Jesus\",\"isPartOf\":{\"@id\":\"https:\/\/www.gaveanews.com\/#website\"},\"primaryImageOfPage\":{\"@id\":\"https:\/\/www.gaveanews.com\/index.php\/2019\/09\/04\/dirigente-do-flamengo-bruno-spindel-abre-o-jogo-sobre-contratacao-de-centroavante-pedido-pelo-treinador-jorge-jesus\/#primaryimage\"},\"image\":{\"@id\":\"https:\/\/www.gaveanews.com\/index.php\/2019\/09\/04\/dirigente-do-flamengo-bruno-spindel-abre-o-jogo-sobre-contratacao-de-centroavante-pedido-pelo-treinador-jorge-jesus\/#primaryimage\"},\"thumbnailUrl\":\"https:\/\/www.gaveanews.com\/wp-content\/uploads\/2019\/06\/Jorge-Jesus-durante-treinamento-na-academia-do-Ninho-do-Urubu.webp\",\"datePublished\":\"2019-09-04T23:56:22+00:00\",\"dateModified\":\"2019-09-04T23:56:23+00:00\",\"author\":{\"@id\":\"https:\/\/www.gaveanews.com\/#\/schema\/person\/2ec14f73fb96be2caf28f91afb14749d\"},\"breadcrumb\":{\"@id\":\"https:\/\/www.gaveanews.com\/index.php\/2019\/09\/04\/dirigente-do-flamengo-bruno-spindel-abre-o-jogo-sobre-contratacao-de-centroavante-pedido-pelo-treinador-jorge-jesus\/#breadcrumb\"},\"inLanguage\":\"pt-BR\",\"potentialAction\":[{\"@type\":\"ReadAction\",\"target\":[\"https:\/\/www.gaveanews.com\/index.php\/2019\/09\/04\/dirigente-do-flamengo-bruno-spindel-abre-o-jogo-sobre-contratacao-de-centroavante-pedido-pelo-treinador-jorge-jesus\/\"]}]},{\"@type\":\"ImageObject\",\"inLanguage\":\"pt-BR\",\"@id\":\"https:\/\/www.gaveanews.com\/index.php\/2019\/09\/04\/dirigente-do-flamengo-bruno-spindel-abre-o-jogo-sobre-contratacao-de-centroavante-pedido-pelo-treinador-jorge-jesus\/#primaryimage\",\"url\":\"https:\/\/www.gaveanews.com\/wp-content\/uploads\/2019\/06\/Jorge-Jesus-durante-treinamento-na-academia-do-Ninho-do-Urubu.webp\",\"contentUrl\":\"https:\/\/www.gaveanews.com\/wp-content\/uploads\/2019\/06\/Jorge-Jesus-durante-treinamento-na-academia-do-Ninho-do-Urubu.webp\",\"width\":900,\"height\":598,\"caption\":\"Jorge Jesus durante treinamento na academia do Ninho do Urubu (Foto: Alexandre Vidal\/Flamengo)\"},{\"@type\":\"BreadcrumbList\",\"@id\":\"https:\/\/www.gaveanews.com\/index.php\/2019\/09\/04\/dirigente-do-flamengo-bruno-spindel-abre-o-jogo-sobre-contratacao-de-centroavante-pedido-pelo-treinador-jorge-jesus\/#breadcrumb\",\"itemListElement\":[{\"@type\":\"ListItem\",\"position\":1,\"name\":\"Home\",\"item\":\"https:\/\/www.gaveanews.com\/\"},{\"@type\":\"ListItem\",\"position\":2,\"name\":\"Dirigente do Flamengo, Bruno Spindel abre o jogo sobre contrata\u00e7\u00e3o de centroavante pedido pelo treinador Jorge Jesus\"}]},{\"@type\":\"WebSite\",\"@id\":\"https:\/\/www.gaveanews.com\/#website\",\"url\":\"https:\/\/www.gaveanews.com\/\",\"name\":\"G\u00e1vea News\",\"description\":\"Veja todas as not\u00edcias sobre o Flamengo: Contrata\u00e7\u00f5es, categorias de base, resultados das partidas, tabela de classifica\u00e7\u00e3o, pr\u00f3ximos jogos!\",\"potentialAction\":[{\"@type\":\"SearchAction\",\"target\":{\"@type\":\"EntryPoint\",\"urlTemplate\":\"https:\/\/www.gaveanews.com\/?s={search_term_string}\"},\"query-input\":{\"@type\":\"PropertyValueSpecification\",\"valueRequired\":true,\"valueName\":\"search_term_string\"}}],\"inLanguage\":\"pt-BR\"},{\"@type\":\"Person\",\"@id\":\"https:\/\/www.gaveanews.com\/#\/schema\/person\/2ec14f73fb96be2caf28f91afb14749d\",\"name\":\"Equipe G\u00e1vea News\",\"image\":{\"@type\":\"ImageObject\",\"inLanguage\":\"pt-BR\",\"@id\":\"https:\/\/www.gaveanews.com\/#\/schema\/person\/image\/\",\"url\":\"https:\/\/secure.gravatar.com\/avatar\/1e1956f1facbffd3f8fa53a326721950116b3b9dc9bd44939c01180fd4a745a9?s=96&d=mm&r=g\",\"contentUrl\":\"https:\/\/secure.gravatar.com\/avatar\/1e1956f1facbffd3f8fa53a326721950116b3b9dc9bd44939c01180fd4a745a9?s=96&d=mm&r=g\",\"caption\":\"Equipe G\u00e1vea News\"}}]}<\/script>\n<!-- \/ Yoast SEO Premium plugin. -->","yoast_head_json":{"title":"Dirigente do Flamengo, Bruno Spindel abre o jogo sobre contrata\u00e7\u00e3o de centroavante pedido pelo treinador Jorge Jesus","robots":{"index":"index","follow":"follow","max-snippet":"max-snippet:-1","max-image-preview":"max-image-preview:large","max-video-preview":"max-video-preview:-1"},"canonical":"https:\/\/www.gaveanews.com\/index.php\/2019\/09\/04\/dirigente-do-flamengo-bruno-spindel-abre-o-jogo-sobre-contratacao-de-centroavante-pedido-pelo-treinador-jorge-jesus\/","og_locale":"pt_BR","og_type":"article","og_title":"Dirigente do Flamengo, Bruno Spindel abre o jogo sobre contrata\u00e7\u00e3o de centroavante pedido pelo treinador Jorge Jesus","og_description":"Futebol ofensivo e elogiado, classifica\u00e7\u00e3o para as semifinais da Libertadores e l\u00edder do Brasileir\u00e3o. Este \u00e9 o Flamengo comandado por Jorge Jesus nesta temporada. O treinador portugu\u00eas, por\u00e9m, ainda mant\u00e9m o desejo de contar com um centroavante, e a diretoria segue de olho em oportunidades no mercado, mesmo com o fechamento da janela de transfer\u00eancias. [&hellip;]","og_url":"https:\/\/www.gaveanews.com\/index.php\/2019\/09\/04\/dirigente-do-flamengo-bruno-spindel-abre-o-jogo-sobre-contratacao-de-centroavante-pedido-pelo-treinador-jorge-jesus\/","og_site_name":"G\u00e1vea News","article_publisher":"https:\/\/facebook.com\/gaveaNews\/","article_published_time":"2019-09-04T23:56:22+00:00","article_modified_time":"2019-09-04T23:56:23+00:00","og_image":[{"width":900,"height":598,"url":"https:\/\/www.gaveanews.com\/wp-content\/uploads\/2019\/06\/Jorge-Jesus-durante-treinamento-na-academia-do-Ninho-do-Urubu.webp","type":"image\/jpeg"}],"author":"Equipe G\u00e1vea News","twitter_card":"summary_large_image","twitter_misc":{"Escrito por":"Equipe G\u00e1vea News","Est. tempo de leitura":"1 minuto"},"schema":{"@context":"https:\/\/schema.org","@graph":[{"@type":"NewsArticle","@id":"https:\/\/www.gaveanews.com\/index.php\/2019\/09\/04\/dirigente-do-flamengo-bruno-spindel-abre-o-jogo-sobre-contratacao-de-centroavante-pedido-pelo-treinador-jorge-jesus\/#article","isPartOf":{"@id":"https:\/\/www.gaveanews.com\/index.php\/2019\/09\/04\/dirigente-do-flamengo-bruno-spindel-abre-o-jogo-sobre-contratacao-de-centroavante-pedido-pelo-treinador-jorge-jesus\/"},"author":{"name":"Equipe G\u00e1vea News","@id":"https:\/\/www.gaveanews.com\/#\/schema\/person\/2ec14f73fb96be2caf28f91afb14749d"},"headline":"Dirigente do Flamengo, Bruno Spindel abre o jogo sobre contrata\u00e7\u00e3o de centroavante pedido pelo treinador Jorge Jesus","datePublished":"2019-09-04T23:56:22+00:00","dateModified":"2019-09-04T23:56:23+00:00","mainEntityOfPage":{"@id":"https:\/\/www.gaveanews.com\/index.php\/2019\/09\/04\/dirigente-do-flamengo-bruno-spindel-abre-o-jogo-sobre-contratacao-de-centroavante-pedido-pelo-treinador-jorge-jesus\/"},"wordCount":276,"commentCount":0,"image":{"@id":"https:\/\/www.gaveanews.com\/index.php\/2019\/09\/04\/dirigente-do-flamengo-bruno-spindel-abre-o-jogo-sobre-contratacao-de-centroavante-pedido-pelo-treinador-jorge-jesus\/#primaryimage"},"thumbnailUrl":"https:\/\/www.gaveanews.com\/wp-content\/uploads\/2019\/06\/Jorge-Jesus-durante-treinamento-na-academia-do-Ninho-do-Urubu.webp","articleSection":["Flamengo"],"inLanguage":"pt-BR","potentialAction":[{"@type":"CommentAction","name":"Comment","target":["https:\/\/www.gaveanews.com\/index.php\/2019\/09\/04\/dirigente-do-flamengo-bruno-spindel-abre-o-jogo-sobre-contratacao-de-centroavante-pedido-pelo-treinador-jorge-jesus\/#respond"]}],"copyrightYear":"2019","copyrightHolder":{"@id":"https:\/\/www.gaveanews.com\/#organization"}},{"@type":"WebPage","@id":"https:\/\/www.gaveanews.com\/index.php\/2019\/09\/04\/dirigente-do-flamengo-bruno-spindel-abre-o-jogo-sobre-contratacao-de-centroavante-pedido-pelo-treinador-jorge-jesus\/","url":"https:\/\/www.gaveanews.com\/index.php\/2019\/09\/04\/dirigente-do-flamengo-bruno-spindel-abre-o-jogo-sobre-contratacao-de-centroavante-pedido-pelo-treinador-jorge-jesus\/","name":"Dirigente do Flamengo, Bruno Spindel abre o jogo sobre contrata\u00e7\u00e3o de centroavante pedido pelo treinador Jorge Jesus","isPartOf":{"@id":"https:\/\/www.gaveanews.com\/#website"},"primaryImageOfPage":{"@id":"https:\/\/www.gaveanews.com\/index.php\/2019\/09\/04\/dirigente-do-flamengo-bruno-spindel-abre-o-jogo-sobre-contratacao-de-centroavante-pedido-pelo-treinador-jorge-jesus\/#primaryimage"},"image":{"@id":"https:\/\/www.gaveanews.com\/index.php\/2019\/09\/04\/dirigente-do-flamengo-bruno-spindel-abre-o-jogo-sobre-contratacao-de-centroavante-pedido-pelo-treinador-jorge-jesus\/#primaryimage"},"thumbnailUrl":"https:\/\/www.gaveanews.com\/wp-content\/uploads\/2019\/06\/Jorge-Jesus-durante-treinamento-na-academia-do-Ninho-do-Urubu.webp","datePublished":"2019-09-04T23:56:22+00:00","dateModified":"2019-09-04T23:56:23+00:00","author":{"@id":"https:\/\/www.gaveanews.com\/#\/schema\/person\/2ec14f73fb96be2caf28f91afb14749d"},"breadcrumb":{"@id":"https:\/\/www.gaveanews.com\/index.php\/2019\/09\/04\/dirigente-do-flamengo-bruno-spindel-abre-o-jogo-sobre-contratacao-de-centroavante-pedido-pelo-treinador-jorge-jesus\/#breadcrumb"},"inLanguage":"pt-BR","potentialAction":[{"@type":"ReadAction","target":["https:\/\/www.gaveanews.com\/index.php\/2019\/09\/04\/dirigente-do-flamengo-bruno-spindel-abre-o-jogo-sobre-contratacao-de-centroavante-pedido-pelo-treinador-jorge-jesus\/"]}]},{"@type":"ImageObject","inLanguage":"pt-BR","@id":"https:\/\/www.gaveanews.com\/index.php\/2019\/09\/04\/dirigente-do-flamengo-bruno-spindel-abre-o-jogo-sobre-contratacao-de-centroavante-pedido-pelo-treinador-jorge-jesus\/#primaryimage","url":"https:\/\/www.gaveanews.com\/wp-content\/uploads\/2019\/06\/Jorge-Jesus-durante-treinamento-na-academia-do-Ninho-do-Urubu.webp","contentUrl":"https:\/\/www.gaveanews.com\/wp-content\/uploads\/2019\/06\/Jorge-Jesus-durante-treinamento-na-academia-do-Ninho-do-Urubu.webp","width":900,"height":598,"caption":"Jorge Jesus durante treinamento na academia do Ninho do Urubu (Foto: Alexandre Vidal\/Flamengo)"},{"@type":"BreadcrumbList","@id":"https:\/\/www.gaveanews.com\/index.php\/2019\/09\/04\/dirigente-do-flamengo-bruno-spindel-abre-o-jogo-sobre-contratacao-de-centroavante-pedido-pelo-treinador-jorge-jesus\/#breadcrumb","itemListElement":[{"@type":"ListItem","position":1,"name":"Home","item":"https:\/\/www.gaveanews.com\/"},{"@type":"ListItem","position":2,"name":"Dirigente do Flamengo, Bruno Spindel abre o jogo sobre contrata\u00e7\u00e3o de centroavante pedido pelo treinador Jorge Jesus"}]},{"@type":"WebSite","@id":"https:\/\/www.gaveanews.com\/#website","url":"https:\/\/www.gaveanews.com\/","name":"G\u00e1vea News","description":"Veja todas as not\u00edcias sobre o Flamengo: Contrata\u00e7\u00f5es, categorias de base, resultados das partidas, tabela de classifica\u00e7\u00e3o, pr\u00f3ximos jogos!","potentialAction":[{"@type":"SearchAction","target":{"@type":"EntryPoint","urlTemplate":"https:\/\/www.gaveanews.com\/?s={search_term_string}"},"query-input":{"@type":"PropertyValueSpecification","valueRequired":true,"valueName":"search_term_string"}}],"inLanguage":"pt-BR"},{"@type":"Person","@id":"https:\/\/www.gaveanews.com\/#\/schema\/person\/2ec14f73fb96be2caf28f91afb14749d","name":"Equipe G\u00e1vea News","image":{"@type":"ImageObject","inLanguage":"pt-BR","@id":"https:\/\/www.gaveanews.com\/#\/schema\/person\/image\/","url":"https:\/\/secure.gravatar.com\/avatar\/1e1956f1facbffd3f8fa53a326721950116b3b9dc9bd44939c01180fd4a745a9?s=96&d=mm&r=g","contentUrl":"https:\/\/secure.gravatar.com\/avatar\/1e1956f1facbffd3f8fa53a326721950116b3b9dc9bd44939c01180fd4a745a9?s=96&d=mm&r=g","caption":"Equipe G\u00e1vea News"}}]}},"_links":{"self":[{"href":"https:\/\/www.gaveanews.com\/index.php\/wp-json\/wp\/v2\/posts\/26799","targetHints":{"allow":["GET"]}}],"collection":[{"href":"https:\/\/www.gaveanews.com\/index.php\/wp-json\/wp\/v2\/posts"}],"about":[{"href":"https:\/\/www.gaveanews.com\/index.php\/wp-json\/wp\/v2\/types\/post"}],"author":[{"embeddable":true,"href":"https:\/\/www.gaveanews.com\/index.php\/wp-json\/wp\/v2\/users\/1"}],"replies":[{"embeddable":true,"href":"https:\/\/www.gaveanews.com\/index.php\/wp-json\/wp\/v2\/comments?post=26799"}],"version-history":[{"count":0,"href":"https:\/\/www.gaveanews.com\/index.php\/wp-json\/wp\/v2\/posts\/26799\/revisions"}],"wp:featuredmedia":[{"embeddable":true,"href":"https:\/\/www.gaveanews.com\/index.php\/wp-json\/wp\/v2\/media\/22104"}],"wp:attachment":[{"href":"https:\/\/www.gaveanews.com\/index.php\/wp-json\/wp\/v2\/media?parent=26799"}],"wp:term":[{"taxonomy":"category","embeddable":true,"href":"https:\/\/www.gaveanews.com\/index.php\/wp-json\/wp\/v2\/categories?post=26799"},{"taxonomy":"post_tag","embeddable":true,"href":"https:\/\/www.gaveanews.com\/index.php\/wp-json\/wp\/v2\/tags?post=26799"}],"curies":[{"name":"wp","href":"https:\/\/api.w.org\/{rel}","templated":true}]}}