{"id":268001,"date":"2025-05-29T14:15:00","date_gmt":"2025-05-29T17:15:00","guid":{"rendered":"https:\/\/www.gaveanews.com\/?p=268001"},"modified":"2025-05-29T13:26:46","modified_gmt":"2025-05-29T16:26:46","slug":"clube-da-serie-a-tenta-contratar-endrick-do-real-madrid","status":"publish","type":"post","link":"https:\/\/www.gaveanews.com\/index.php\/2025\/05\/29\/clube-da-serie-a-tenta-contratar-endrick-do-real-madrid\/","title":{"rendered":"Clube da S\u00e9rie A tenta contratar Endrick do Real Madrid"},"content":{"rendered":"\n<p>Apesar de ter sido uma das principais revela\u00e7\u00f5es do futebol brasileiro nos \u00faltimos anos, Endrick ainda n\u00e3o conseguiu se firmar no Real Madrid. O atacante, que brilhou pelo Palmeiras no Campeonato Brasileiro de 2023, encontra dificuldades para conquistar espa\u00e7o no estrelado elenco merengue. Com contrato v\u00e1lido at\u00e9 junho de 2030, o jovem de 18 anos tem acumulado poucos minutos em campo, o que tem despertado o interesse de outros clubes europeus.<\/p>\n\n\n\n<p>Conforme divulgado pelo programa espanhol <em>El Chiringuito de Jugones<\/em>, a Juventus busca uma forma de viabilizar o empr\u00e9stimo do jogador para a temporada 2025\/26. A equipe italiana, que disputar\u00e1 a pr\u00f3xima edi\u00e7\u00e3o da Champions League, v\u00ea na aus\u00eancia de espa\u00e7o de Endrick no Real Madrid uma oportunidade para fortalecer seu elenco com uma das maiores promessas do futebol sul-americano.<\/p>\n\n\n\n<figure class=\"wp-block-image size-large\"><img loading=\"lazy\" decoding=\"async\" width=\"1024\" height=\"639\" src=\"http:\/\/www.gaveanews.com\/wp-content\/uploads\/000_36EP8FA-aspect-ratio-512-320-1024x639.webp\" alt=\"\" class=\"wp-image-161068\" srcset=\"https:\/\/www.gaveanews.com\/wp-content\/uploads\/000_36EP8FA-aspect-ratio-512-320-1024x639.webp 1024w, https:\/\/www.gaveanews.com\/wp-content\/uploads\/000_36EP8FA-aspect-ratio-512-320-300x187.webp 300w, https:\/\/www.gaveanews.com\/wp-content\/uploads\/000_36EP8FA-aspect-ratio-512-320-768x479.webp 768w, https:\/\/www.gaveanews.com\/wp-content\/uploads\/000_36EP8FA-aspect-ratio-512-320-673x420.webp 673w, https:\/\/www.gaveanews.com\/wp-content\/uploads\/000_36EP8FA-aspect-ratio-512-320-640x399.webp 640w, https:\/\/www.gaveanews.com\/wp-content\/uploads\/000_36EP8FA-aspect-ratio-512-320-681x425.webp 681w, https:\/\/www.gaveanews.com\/wp-content\/uploads\/000_36EP8FA-aspect-ratio-512-320-100x62.webp 100w, https:\/\/www.gaveanews.com\/wp-content\/uploads\/000_36EP8FA-aspect-ratio-512-320.webp 1080w\" sizes=\"auto, (max-width: 1024px) 100vw, 1024px\" \/><figcaption class=\"wp-element-caption\">Endrick celebra gol pelo Real Madrid em sua estreia oficial (Foto: Pierre-Philippe MARCOU \/ AFP)\n<\/figcaption><\/figure>\n\n\n\n<p>Endrick chegou ao Real Madrid em meados de 2024 como a segunda maior venda da hist\u00f3ria do Palmeiras. Ele foi apresentado com grande expectativa no Santiago Bernab\u00e9u, em evento que contou com casa cheia. Contudo, a chegada de Mbapp\u00e9 no mesmo per\u00edodo acabou reduzindo suas chances com o t\u00e9cnico Carlo Ancelotti. Como resultado, encerrou sua primeira temporada com sete gols marcados em 37 partidas.<\/p>\n\n\n\n<p>A concorr\u00eancia por uma vaga no ataque merengue \u00e9 intensa. Al\u00e9m de Mbapp\u00e9, o setor conta com nomes consolidados como Vin\u00edcius J\u00fanior, o que limita ainda mais as oportunidades para o brasileiro. A Juventus, portanto, aposta na necessidade de mais tempo de jogo por parte do atleta como argumento principal para tentar convenc\u00ea-lo a mudar de ares, ainda que temporariamente.<\/p>\n\n\n\n<p>O pr\u00f3prio Endrick n\u00e3o demonstra interesse em deixar o Real Madrid de forma definitiva. Ali\u00e1s, ele j\u00e1 declarou que considera o clube espanhol o melhor do mundo. No entanto, para manter vivo o sonho de disputar a pr\u00f3xima Copa do Mundo, sabe que precisar\u00e1 estar em evid\u00eancia. Assim, caso continue na Espanha, espera ser mais utilizado pelo prov\u00e1vel novo treinador Xabi Alonso.<\/p>\n\n\n\n<p>Embora o interesse da Juventus represente um poss\u00edvel caminho, Endrick deve receber outras sondagens de equipes de ponta da Europa. A defini\u00e7\u00e3o sobre o futuro do atacante deve ocorrer nas pr\u00f3ximas semanas, a depender da posi\u00e7\u00e3o do Real Madrid quanto \u00e0 possibilidade de ced\u00ea-lo por empr\u00e9stimo.<\/p>\n","protected":false},"excerpt":{"rendered":"<p>Apesar de ter sido uma das principais revela\u00e7\u00f5es do futebol brasileiro nos \u00faltimos anos, Endrick ainda n\u00e3o conseguiu se firmar no Real Madrid. O atacante, que brilhou pelo Palmeiras no Campeonato Brasileiro de 2023, encontra dificuldades para conquistar espa\u00e7o no estrelado elenco merengue. Com contrato v\u00e1lido at\u00e9 junho de 2030, o jovem de 18 anos [&hellip;]<\/p>\n","protected":false},"author":27,"featured_media":161086,"comment_status":"open","ping_status":"closed","sticky":false,"template":"","format":"standard","meta":{"footnotes":""},"categories":[150,88],"tags":[],"class_list":["post-268001","post","type-post","status-publish","format-standard","has-post-thumbnail","hentry","category-palmeiras","category-real-madrid"],"yoast_head":"<!-- This site is optimized with the Yoast SEO Premium plugin v24.2 (Yoast SEO v26.9) - https:\/\/yoast.com\/product\/yoast-seo-premium-wordpress\/ -->\n<title>Clube da S\u00e9rie A tenta contratar Endrick do Real Madrid<\/title>\n<meta name=\"robots\" content=\"index, follow, max-snippet:-1, max-image-preview:large, max-video-preview:-1\" \/>\n<link rel=\"canonical\" href=\"https:\/\/www.gaveanews.com\/index.php\/2025\/05\/29\/clube-da-serie-a-tenta-contratar-endrick-do-real-madrid\/\" \/>\n<meta property=\"og:locale\" content=\"pt_BR\" \/>\n<meta property=\"og:type\" content=\"article\" \/>\n<meta property=\"og:title\" content=\"Clube da S\u00e9rie A tenta contratar Endrick do Real Madrid\" \/>\n<meta property=\"og:description\" content=\"Apesar de ter sido uma das principais revela\u00e7\u00f5es do futebol brasileiro nos \u00faltimos anos, Endrick ainda n\u00e3o conseguiu se firmar no Real Madrid. O atacante, que brilhou pelo Palmeiras no Campeonato Brasileiro de 2023, encontra dificuldades para conquistar espa\u00e7o no estrelado elenco merengue. Com contrato v\u00e1lido at\u00e9 junho de 2030, o jovem de 18 anos [&hellip;]\" \/>\n<meta property=\"og:url\" content=\"https:\/\/www.gaveanews.com\/index.php\/2025\/05\/29\/clube-da-serie-a-tenta-contratar-endrick-do-real-madrid\/\" \/>\n<meta property=\"og:site_name\" content=\"G\u00e1vea News\" \/>\n<meta property=\"article:publisher\" content=\"https:\/\/facebook.com\/gaveaNews\/\" \/>\n<meta property=\"article:published_time\" content=\"2025-05-29T17:15:00+00:00\" \/>\n<meta property=\"og:image\" content=\"https:\/\/www.gaveanews.com\/wp-content\/uploads\/endrick_-_real_madrid_1.jpg_554688468.webp\" \/>\n\t<meta property=\"og:image:width\" content=\"1200\" \/>\n\t<meta property=\"og:image:height\" content=\"675\" \/>\n\t<meta property=\"og:image:type\" content=\"image\/webp\" \/>\n<meta name=\"author\" content=\"Matheus Felipe\" \/>\n<meta name=\"twitter:card\" content=\"summary_large_image\" \/>\n<meta name=\"twitter:label1\" content=\"Escrito por\" \/>\n\t<meta name=\"twitter:data1\" content=\"Matheus Felipe\" \/>\n\t<meta name=\"twitter:label2\" content=\"Est. tempo de leitura\" \/>\n\t<meta name=\"twitter:data2\" content=\"3 minutos\" \/>\n<script type=\"application\/ld+json\" class=\"yoast-schema-graph\">{\"@context\":\"https:\/\/schema.org\",\"@graph\":[{\"@type\":\"NewsArticle\",\"@id\":\"https:\/\/www.gaveanews.com\/index.php\/2025\/05\/29\/clube-da-serie-a-tenta-contratar-endrick-do-real-madrid\/#article\",\"isPartOf\":{\"@id\":\"https:\/\/www.gaveanews.com\/index.php\/2025\/05\/29\/clube-da-serie-a-tenta-contratar-endrick-do-real-madrid\/\"},\"author\":{\"name\":\"Matheus Felipe\",\"@id\":\"https:\/\/www.gaveanews.com\/#\/schema\/person\/8207cd4627f56151707418bfc835b2fb\"},\"headline\":\"Clube da S\u00e9rie A tenta contratar Endrick do Real Madrid\",\"datePublished\":\"2025-05-29T17:15:00+00:00\",\"mainEntityOfPage\":{\"@id\":\"https:\/\/www.gaveanews.com\/index.php\/2025\/05\/29\/clube-da-serie-a-tenta-contratar-endrick-do-real-madrid\/\"},\"wordCount\":409,\"commentCount\":0,\"image\":{\"@id\":\"https:\/\/www.gaveanews.com\/index.php\/2025\/05\/29\/clube-da-serie-a-tenta-contratar-endrick-do-real-madrid\/#primaryimage\"},\"thumbnailUrl\":\"https:\/\/www.gaveanews.com\/wp-content\/uploads\/endrick_-_real_madrid_1.jpg_554688468.webp\",\"articleSection\":[\"Palmeiras\",\"Real Madrid\"],\"inLanguage\":\"pt-BR\",\"potentialAction\":[{\"@type\":\"CommentAction\",\"name\":\"Comment\",\"target\":[\"https:\/\/www.gaveanews.com\/index.php\/2025\/05\/29\/clube-da-serie-a-tenta-contratar-endrick-do-real-madrid\/#respond\"]}],\"copyrightYear\":\"2025\",\"copyrightHolder\":{\"@id\":\"https:\/\/www.gaveanews.com\/#organization\"}},{\"@type\":\"WebPage\",\"@id\":\"https:\/\/www.gaveanews.com\/index.php\/2025\/05\/29\/clube-da-serie-a-tenta-contratar-endrick-do-real-madrid\/\",\"url\":\"https:\/\/www.gaveanews.com\/index.php\/2025\/05\/29\/clube-da-serie-a-tenta-contratar-endrick-do-real-madrid\/\",\"name\":\"Clube da S\u00e9rie A tenta contratar Endrick do Real Madrid\",\"isPartOf\":{\"@id\":\"https:\/\/www.gaveanews.com\/#website\"},\"primaryImageOfPage\":{\"@id\":\"https:\/\/www.gaveanews.com\/index.php\/2025\/05\/29\/clube-da-serie-a-tenta-contratar-endrick-do-real-madrid\/#primaryimage\"},\"image\":{\"@id\":\"https:\/\/www.gaveanews.com\/index.php\/2025\/05\/29\/clube-da-serie-a-tenta-contratar-endrick-do-real-madrid\/#primaryimage\"},\"thumbnailUrl\":\"https:\/\/www.gaveanews.com\/wp-content\/uploads\/endrick_-_real_madrid_1.jpg_554688468.webp\",\"datePublished\":\"2025-05-29T17:15:00+00:00\",\"author\":{\"@id\":\"https:\/\/www.gaveanews.com\/#\/schema\/person\/8207cd4627f56151707418bfc835b2fb\"},\"breadcrumb\":{\"@id\":\"https:\/\/www.gaveanews.com\/index.php\/2025\/05\/29\/clube-da-serie-a-tenta-contratar-endrick-do-real-madrid\/#breadcrumb\"},\"inLanguage\":\"pt-BR\",\"potentialAction\":[{\"@type\":\"ReadAction\",\"target\":[\"https:\/\/www.gaveanews.com\/index.php\/2025\/05\/29\/clube-da-serie-a-tenta-contratar-endrick-do-real-madrid\/\"]}]},{\"@type\":\"ImageObject\",\"inLanguage\":\"pt-BR\",\"@id\":\"https:\/\/www.gaveanews.com\/index.php\/2025\/05\/29\/clube-da-serie-a-tenta-contratar-endrick-do-real-madrid\/#primaryimage\",\"url\":\"https:\/\/www.gaveanews.com\/wp-content\/uploads\/endrick_-_real_madrid_1.jpg_554688468.webp\",\"contentUrl\":\"https:\/\/www.gaveanews.com\/wp-content\/uploads\/endrick_-_real_madrid_1.jpg_554688468.webp\",\"width\":1200,\"height\":675,\"caption\":\"Endrick marcou seu primeiro gol pelo Real Madrid - Angel Martinez (2024 Getty Images, Getty Images Europe)\"},{\"@type\":\"BreadcrumbList\",\"@id\":\"https:\/\/www.gaveanews.com\/index.php\/2025\/05\/29\/clube-da-serie-a-tenta-contratar-endrick-do-real-madrid\/#breadcrumb\",\"itemListElement\":[{\"@type\":\"ListItem\",\"position\":1,\"name\":\"Home\",\"item\":\"https:\/\/www.gaveanews.com\/\"},{\"@type\":\"ListItem\",\"position\":2,\"name\":\"Clube da S\u00e9rie A tenta contratar Endrick do Real Madrid\"}]},{\"@type\":\"WebSite\",\"@id\":\"https:\/\/www.gaveanews.com\/#website\",\"url\":\"https:\/\/www.gaveanews.com\/\",\"name\":\"G\u00e1vea News\",\"description\":\"Veja todas as not\u00edcias sobre o Flamengo: Contrata\u00e7\u00f5es, categorias de base, resultados das partidas, tabela de classifica\u00e7\u00e3o, pr\u00f3ximos jogos!\",\"potentialAction\":[{\"@type\":\"SearchAction\",\"target\":{\"@type\":\"EntryPoint\",\"urlTemplate\":\"https:\/\/www.gaveanews.com\/?s={search_term_string}\"},\"query-input\":{\"@type\":\"PropertyValueSpecification\",\"valueRequired\":true,\"valueName\":\"search_term_string\"}}],\"inLanguage\":\"pt-BR\"},{\"@type\":\"Person\",\"@id\":\"https:\/\/www.gaveanews.com\/#\/schema\/person\/8207cd4627f56151707418bfc835b2fb\",\"name\":\"Matheus Felipe\",\"image\":{\"@type\":\"ImageObject\",\"inLanguage\":\"pt-BR\",\"@id\":\"https:\/\/www.gaveanews.com\/#\/schema\/person\/image\/\",\"url\":\"https:\/\/secure.gravatar.com\/avatar\/a452ffbed9130f726358b298bb3a99ce4bd3c5338411f8440e87e14d74c7c087?s=96&d=mm&r=g\",\"contentUrl\":\"https:\/\/secure.gravatar.com\/avatar\/a452ffbed9130f726358b298bb3a99ce4bd3c5338411f8440e87e14d74c7c087?s=96&d=mm&r=g\",\"caption\":\"Matheus Felipe\"}}]}<\/script>\n<!-- \/ Yoast SEO Premium plugin. -->","yoast_head_json":{"title":"Clube da S\u00e9rie A tenta contratar Endrick do Real Madrid","robots":{"index":"index","follow":"follow","max-snippet":"max-snippet:-1","max-image-preview":"max-image-preview:large","max-video-preview":"max-video-preview:-1"},"canonical":"https:\/\/www.gaveanews.com\/index.php\/2025\/05\/29\/clube-da-serie-a-tenta-contratar-endrick-do-real-madrid\/","og_locale":"pt_BR","og_type":"article","og_title":"Clube da S\u00e9rie A tenta contratar Endrick do Real Madrid","og_description":"Apesar de ter sido uma das principais revela\u00e7\u00f5es do futebol brasileiro nos \u00faltimos anos, Endrick ainda n\u00e3o conseguiu se firmar no Real Madrid. O atacante, que brilhou pelo Palmeiras no Campeonato Brasileiro de 2023, encontra dificuldades para conquistar espa\u00e7o no estrelado elenco merengue. Com contrato v\u00e1lido at\u00e9 junho de 2030, o jovem de 18 anos [&hellip;]","og_url":"https:\/\/www.gaveanews.com\/index.php\/2025\/05\/29\/clube-da-serie-a-tenta-contratar-endrick-do-real-madrid\/","og_site_name":"G\u00e1vea News","article_publisher":"https:\/\/facebook.com\/gaveaNews\/","article_published_time":"2025-05-29T17:15:00+00:00","og_image":[{"width":1200,"height":675,"url":"https:\/\/www.gaveanews.com\/wp-content\/uploads\/endrick_-_real_madrid_1.jpg_554688468.webp","type":"image\/webp"}],"author":"Matheus Felipe","twitter_card":"summary_large_image","twitter_misc":{"Escrito por":"Matheus Felipe","Est. tempo de leitura":"3 minutos"},"schema":{"@context":"https:\/\/schema.org","@graph":[{"@type":"NewsArticle","@id":"https:\/\/www.gaveanews.com\/index.php\/2025\/05\/29\/clube-da-serie-a-tenta-contratar-endrick-do-real-madrid\/#article","isPartOf":{"@id":"https:\/\/www.gaveanews.com\/index.php\/2025\/05\/29\/clube-da-serie-a-tenta-contratar-endrick-do-real-madrid\/"},"author":{"name":"Matheus Felipe","@id":"https:\/\/www.gaveanews.com\/#\/schema\/person\/8207cd4627f56151707418bfc835b2fb"},"headline":"Clube da S\u00e9rie A tenta contratar Endrick do Real Madrid","datePublished":"2025-05-29T17:15:00+00:00","mainEntityOfPage":{"@id":"https:\/\/www.gaveanews.com\/index.php\/2025\/05\/29\/clube-da-serie-a-tenta-contratar-endrick-do-real-madrid\/"},"wordCount":409,"commentCount":0,"image":{"@id":"https:\/\/www.gaveanews.com\/index.php\/2025\/05\/29\/clube-da-serie-a-tenta-contratar-endrick-do-real-madrid\/#primaryimage"},"thumbnailUrl":"https:\/\/www.gaveanews.com\/wp-content\/uploads\/endrick_-_real_madrid_1.jpg_554688468.webp","articleSection":["Palmeiras","Real Madrid"],"inLanguage":"pt-BR","potentialAction":[{"@type":"CommentAction","name":"Comment","target":["https:\/\/www.gaveanews.com\/index.php\/2025\/05\/29\/clube-da-serie-a-tenta-contratar-endrick-do-real-madrid\/#respond"]}],"copyrightYear":"2025","copyrightHolder":{"@id":"https:\/\/www.gaveanews.com\/#organization"}},{"@type":"WebPage","@id":"https:\/\/www.gaveanews.com\/index.php\/2025\/05\/29\/clube-da-serie-a-tenta-contratar-endrick-do-real-madrid\/","url":"https:\/\/www.gaveanews.com\/index.php\/2025\/05\/29\/clube-da-serie-a-tenta-contratar-endrick-do-real-madrid\/","name":"Clube da S\u00e9rie A tenta contratar Endrick do Real Madrid","isPartOf":{"@id":"https:\/\/www.gaveanews.com\/#website"},"primaryImageOfPage":{"@id":"https:\/\/www.gaveanews.com\/index.php\/2025\/05\/29\/clube-da-serie-a-tenta-contratar-endrick-do-real-madrid\/#primaryimage"},"image":{"@id":"https:\/\/www.gaveanews.com\/index.php\/2025\/05\/29\/clube-da-serie-a-tenta-contratar-endrick-do-real-madrid\/#primaryimage"},"thumbnailUrl":"https:\/\/www.gaveanews.com\/wp-content\/uploads\/endrick_-_real_madrid_1.jpg_554688468.webp","datePublished":"2025-05-29T17:15:00+00:00","author":{"@id":"https:\/\/www.gaveanews.com\/#\/schema\/person\/8207cd4627f56151707418bfc835b2fb"},"breadcrumb":{"@id":"https:\/\/www.gaveanews.com\/index.php\/2025\/05\/29\/clube-da-serie-a-tenta-contratar-endrick-do-real-madrid\/#breadcrumb"},"inLanguage":"pt-BR","potentialAction":[{"@type":"ReadAction","target":["https:\/\/www.gaveanews.com\/index.php\/2025\/05\/29\/clube-da-serie-a-tenta-contratar-endrick-do-real-madrid\/"]}]},{"@type":"ImageObject","inLanguage":"pt-BR","@id":"https:\/\/www.gaveanews.com\/index.php\/2025\/05\/29\/clube-da-serie-a-tenta-contratar-endrick-do-real-madrid\/#primaryimage","url":"https:\/\/www.gaveanews.com\/wp-content\/uploads\/endrick_-_real_madrid_1.jpg_554688468.webp","contentUrl":"https:\/\/www.gaveanews.com\/wp-content\/uploads\/endrick_-_real_madrid_1.jpg_554688468.webp","width":1200,"height":675,"caption":"Endrick marcou seu primeiro gol pelo Real Madrid - Angel Martinez (2024 Getty Images, Getty Images Europe)"},{"@type":"BreadcrumbList","@id":"https:\/\/www.gaveanews.com\/index.php\/2025\/05\/29\/clube-da-serie-a-tenta-contratar-endrick-do-real-madrid\/#breadcrumb","itemListElement":[{"@type":"ListItem","position":1,"name":"Home","item":"https:\/\/www.gaveanews.com\/"},{"@type":"ListItem","position":2,"name":"Clube da S\u00e9rie A tenta contratar Endrick do Real Madrid"}]},{"@type":"WebSite","@id":"https:\/\/www.gaveanews.com\/#website","url":"https:\/\/www.gaveanews.com\/","name":"G\u00e1vea News","description":"Veja todas as not\u00edcias sobre o Flamengo: Contrata\u00e7\u00f5es, categorias de base, resultados das partidas, tabela de classifica\u00e7\u00e3o, pr\u00f3ximos jogos!","potentialAction":[{"@type":"SearchAction","target":{"@type":"EntryPoint","urlTemplate":"https:\/\/www.gaveanews.com\/?s={search_term_string}"},"query-input":{"@type":"PropertyValueSpecification","valueRequired":true,"valueName":"search_term_string"}}],"inLanguage":"pt-BR"},{"@type":"Person","@id":"https:\/\/www.gaveanews.com\/#\/schema\/person\/8207cd4627f56151707418bfc835b2fb","name":"Matheus Felipe","image":{"@type":"ImageObject","inLanguage":"pt-BR","@id":"https:\/\/www.gaveanews.com\/#\/schema\/person\/image\/","url":"https:\/\/secure.gravatar.com\/avatar\/a452ffbed9130f726358b298bb3a99ce4bd3c5338411f8440e87e14d74c7c087?s=96&d=mm&r=g","contentUrl":"https:\/\/secure.gravatar.com\/avatar\/a452ffbed9130f726358b298bb3a99ce4bd3c5338411f8440e87e14d74c7c087?s=96&d=mm&r=g","caption":"Matheus Felipe"}}]}},"_links":{"self":[{"href":"https:\/\/www.gaveanews.com\/index.php\/wp-json\/wp\/v2\/posts\/268001","targetHints":{"allow":["GET"]}}],"collection":[{"href":"https:\/\/www.gaveanews.com\/index.php\/wp-json\/wp\/v2\/posts"}],"about":[{"href":"https:\/\/www.gaveanews.com\/index.php\/wp-json\/wp\/v2\/types\/post"}],"author":[{"embeddable":true,"href":"https:\/\/www.gaveanews.com\/index.php\/wp-json\/wp\/v2\/users\/27"}],"replies":[{"embeddable":true,"href":"https:\/\/www.gaveanews.com\/index.php\/wp-json\/wp\/v2\/comments?post=268001"}],"version-history":[{"count":1,"href":"https:\/\/www.gaveanews.com\/index.php\/wp-json\/wp\/v2\/posts\/268001\/revisions"}],"predecessor-version":[{"id":268004,"href":"https:\/\/www.gaveanews.com\/index.php\/wp-json\/wp\/v2\/posts\/268001\/revisions\/268004"}],"wp:featuredmedia":[{"embeddable":true,"href":"https:\/\/www.gaveanews.com\/index.php\/wp-json\/wp\/v2\/media\/161086"}],"wp:attachment":[{"href":"https:\/\/www.gaveanews.com\/index.php\/wp-json\/wp\/v2\/media?parent=268001"}],"wp:term":[{"taxonomy":"category","embeddable":true,"href":"https:\/\/www.gaveanews.com\/index.php\/wp-json\/wp\/v2\/categories?post=268001"},{"taxonomy":"post_tag","embeddable":true,"href":"https:\/\/www.gaveanews.com\/index.php\/wp-json\/wp\/v2\/tags?post=268001"}],"curies":[{"name":"wp","href":"https:\/\/api.w.org\/{rel}","templated":true}]}}