{"id":268003,"date":"2025-05-29T14:20:00","date_gmt":"2025-05-29T17:20:00","guid":{"rendered":"https:\/\/www.gaveanews.com\/?p=268003"},"modified":"2025-05-29T13:28:29","modified_gmt":"2025-05-29T16:28:29","slug":"a-declaracao-de-abel-ferreira-apos-a-vitoria-do-palmeiras-4","status":"publish","type":"post","link":"https:\/\/www.gaveanews.com\/index.php\/2025\/05\/29\/a-declaracao-de-abel-ferreira-apos-a-vitoria-do-palmeiras-4\/","title":{"rendered":"A declara\u00e7\u00e3o de Abel Ferreira ap\u00f3s a vit\u00f3ria do Palmeiras"},"content":{"rendered":"\n<p>O Palmeiras passou por uma significativa reformula\u00e7\u00e3o no elenco para a temporada 2025. O clube contratou sete jogadores para fortalecer o grupo: Facundo Torres, Paulinho, Emiliano Mart\u00ednez, Bruno Fuchs, Micael, Vitor Roque e Lucas Evangelista. Em contrapartida, nomes como Gabriel Menino, Dudu, Rony, Z\u00e9 Rafael, Atuesta, entre outros, deixaram a equipe. Essa movimenta\u00e7\u00e3o no mercado fez parte do planejamento alviverde a fim de manter a competitividade em alto n\u00edvel.<\/p>\n\n\n\n<p>Atualmente, o Verd\u00e3o colhe os frutos dessas mudan\u00e7as. O time lidera o Campeonato Brasileiro e encerrou a fase de grupos da Libertadores com 100% de aproveitamento. Ali\u00e1s, a goleada por 6 a 0 sobre o Sporting Cristal, na quarta-feira (28), no Allianz Parque, serviu como demonstra\u00e7\u00e3o da for\u00e7a coletiva. O jogo tamb\u00e9m marcou a despedida de Est\u00eav\u00e3o diante da torcida.<\/p>\n\n\n\n<figure class=\"wp-block-image size-large\"><img loading=\"lazy\" decoding=\"async\" width=\"1024\" height=\"768\" src=\"http:\/\/www.gaveanews.com\/wp-content\/uploads\/Palmeiras-x-Sporting-Cristal-pela-Libertadores-1024x768.webp\" alt=\"\" class=\"wp-image-267898\" srcset=\"https:\/\/www.gaveanews.com\/wp-content\/uploads\/Palmeiras-x-Sporting-Cristal-pela-Libertadores-1024x768.webp 1024w, https:\/\/www.gaveanews.com\/wp-content\/uploads\/Palmeiras-x-Sporting-Cristal-pela-Libertadores-300x225.webp 300w, https:\/\/www.gaveanews.com\/wp-content\/uploads\/Palmeiras-x-Sporting-Cristal-pela-Libertadores-768x576.webp 768w, https:\/\/www.gaveanews.com\/wp-content\/uploads\/Palmeiras-x-Sporting-Cristal-pela-Libertadores-560x420.webp 560w, https:\/\/www.gaveanews.com\/wp-content\/uploads\/Palmeiras-x-Sporting-Cristal-pela-Libertadores-1120x840.webp 1120w, https:\/\/www.gaveanews.com\/wp-content\/uploads\/Palmeiras-x-Sporting-Cristal-pela-Libertadores-80x60.webp 80w, https:\/\/www.gaveanews.com\/wp-content\/uploads\/Palmeiras-x-Sporting-Cristal-pela-Libertadores-160x120.webp 160w, https:\/\/www.gaveanews.com\/wp-content\/uploads\/Palmeiras-x-Sporting-Cristal-pela-Libertadores-100x75.webp 100w, https:\/\/www.gaveanews.com\/wp-content\/uploads\/Palmeiras-x-Sporting-Cristal-pela-Libertadores-200x150.webp 200w, https:\/\/www.gaveanews.com\/wp-content\/uploads\/Palmeiras-x-Sporting-Cristal-pela-Libertadores-180x135.webp 180w, https:\/\/www.gaveanews.com\/wp-content\/uploads\/Palmeiras-x-Sporting-Cristal-pela-Libertadores-360x270.webp 360w, https:\/\/www.gaveanews.com\/wp-content\/uploads\/Palmeiras-x-Sporting-Cristal-pela-Libertadores-238x178.webp 238w, https:\/\/www.gaveanews.com\/wp-content\/uploads\/Palmeiras-x-Sporting-Cristal-pela-Libertadores-476x356.webp 476w, https:\/\/www.gaveanews.com\/wp-content\/uploads\/Palmeiras-x-Sporting-Cristal-pela-Libertadores-640x480.webp 640w, https:\/\/www.gaveanews.com\/wp-content\/uploads\/Palmeiras-x-Sporting-Cristal-pela-Libertadores-681x511.webp 681w, https:\/\/www.gaveanews.com\/wp-content\/uploads\/Palmeiras-x-Sporting-Cristal-pela-Libertadores.webp 1200w\" sizes=\"auto, (max-width: 1024px) 100vw, 1024px\" \/><figcaption class=\"wp-element-caption\">Palmeiras x Sporting Cristal pela Libertadores (Foto: Divulga\u00e7\u00e3o\/Conmebol)<\/figcaption><\/figure>\n\n\n\n<p>Ap\u00f3s a vit\u00f3ria, Abel Ferreira comentou sobre o desempenho da equipe e valorizou a disputa interna por posi\u00e7\u00f5es. \u201cAcho que os jogadores percebem que o n\u00edvel da concorr\u00eancia aumentou e isso \u00e9 bom porque podemos trocar. N\u00f3s fomos buscar esses jogadores mesmo para isso, para que entendam que temos que estar sempre na m\u00e1xima for\u00e7a\u201d, afirmou o treinador.<\/p>\n\n\n\n<p>Em outro momento, o t\u00e9cnico portugu\u00eas destacou a import\u00e2ncia de manter o ritmo intenso e o elenco equilibrado. \u201cGostamos do ritmo alto, intenso, e para isso precisamos de concorr\u00eancia. Jogadores com essa frescura \u00e9 que d\u00e1 mais op\u00e7\u00f5es\u201d, acrescentou. Essas declara\u00e7\u00f5es evidenciam a estrat\u00e9gia de montar um elenco numeroso e vers\u00e1til, capaz de suportar as exig\u00eancias de um calend\u00e1rio recheado de compromissos.<\/p>\n\n\n\n<p>O pr\u00f3ximo desafio do Palmeiras ser\u00e1 contra o Cruzeiro, no domingo (01), \u00e0s 19h30 (hor\u00e1rio de Bras\u00edlia), no Mineir\u00e3o. O confronto \u00e9 direto pela lideran\u00e7a, visto que apenas dois pontos separam as equipes. O palco esportivo deve receber mais de 50 mil torcedores. Simultaneamente, Flamengo (21 pontos) e Red Bull Bragantino (20 pontos) tamb\u00e9m seguem na cola, alimentando a disputa pelo topo da tabela.<\/p>\n\n\n\n<p>Por fim, Abel Ferreira tamb\u00e9m aproveitou para cobrar a diretoria em rela\u00e7\u00e3o \u00e0 sa\u00edda de Est\u00eav\u00e3o. O t\u00e9cnico fez quest\u00e3o de ressaltar a for\u00e7a das categorias de base: \u201cA maioria treina conosco desde quando cheguei\u201d, pontuou. Contudo, deixou claro que espera reposi\u00e7\u00f5es \u00e0 altura para manter o padr\u00e3o competitivo da equipe.<\/p>\n","protected":false},"excerpt":{"rendered":"<p>O Palmeiras passou por uma significativa reformula\u00e7\u00e3o no elenco para a temporada 2025. O clube contratou sete jogadores para fortalecer o grupo: Facundo Torres, Paulinho, Emiliano Mart\u00ednez, Bruno Fuchs, Micael, Vitor Roque e Lucas Evangelista. Em contrapartida, nomes como Gabriel Menino, Dudu, Rony, Z\u00e9 Rafael, Atuesta, entre outros, deixaram a equipe. Essa movimenta\u00e7\u00e3o no mercado [&hellip;]<\/p>\n","protected":false},"author":27,"featured_media":142773,"comment_status":"open","ping_status":"closed","sticky":false,"template":"","format":"standard","meta":{"footnotes":""},"categories":[150],"tags":[],"class_list":["post-268003","post","type-post","status-publish","format-standard","has-post-thumbnail","hentry","category-palmeiras"],"yoast_head":"<!-- This site is optimized with the Yoast SEO Premium plugin v24.2 (Yoast SEO v26.9) - https:\/\/yoast.com\/product\/yoast-seo-premium-wordpress\/ -->\n<title>A declara\u00e7\u00e3o de Abel Ferreira ap\u00f3s a vit\u00f3ria do Palmeiras<\/title>\n<meta name=\"robots\" content=\"index, follow, max-snippet:-1, max-image-preview:large, max-video-preview:-1\" \/>\n<link rel=\"canonical\" href=\"https:\/\/www.gaveanews.com\/index.php\/2025\/05\/29\/a-declaracao-de-abel-ferreira-apos-a-vitoria-do-palmeiras-4\/\" \/>\n<meta property=\"og:locale\" content=\"pt_BR\" \/>\n<meta property=\"og:type\" content=\"article\" \/>\n<meta property=\"og:title\" content=\"A declara\u00e7\u00e3o de Abel Ferreira ap\u00f3s a vit\u00f3ria do Palmeiras\" \/>\n<meta property=\"og:description\" content=\"O Palmeiras passou por uma significativa reformula\u00e7\u00e3o no elenco para a temporada 2025. O clube contratou sete jogadores para fortalecer o grupo: Facundo Torres, Paulinho, Emiliano Mart\u00ednez, Bruno Fuchs, Micael, Vitor Roque e Lucas Evangelista. Em contrapartida, nomes como Gabriel Menino, Dudu, Rony, Z\u00e9 Rafael, Atuesta, entre outros, deixaram a equipe. Essa movimenta\u00e7\u00e3o no mercado [&hellip;]\" \/>\n<meta property=\"og:url\" content=\"https:\/\/www.gaveanews.com\/index.php\/2025\/05\/29\/a-declaracao-de-abel-ferreira-apos-a-vitoria-do-palmeiras-4\/\" \/>\n<meta property=\"og:site_name\" content=\"G\u00e1vea News\" \/>\n<meta property=\"article:publisher\" content=\"https:\/\/facebook.com\/gaveaNews\/\" \/>\n<meta property=\"article:published_time\" content=\"2025-05-29T17:20:00+00:00\" \/>\n<meta name=\"author\" content=\"Matheus Felipe\" \/>\n<meta name=\"twitter:card\" content=\"summary_large_image\" \/>\n<meta name=\"twitter:label1\" content=\"Escrito por\" \/>\n\t<meta name=\"twitter:data1\" content=\"Matheus Felipe\" \/>\n\t<meta name=\"twitter:label2\" content=\"Est. tempo de leitura\" \/>\n\t<meta name=\"twitter:data2\" content=\"3 minutos\" \/>\n<script type=\"application\/ld+json\" class=\"yoast-schema-graph\">{\"@context\":\"https:\/\/schema.org\",\"@graph\":[{\"@type\":\"NewsArticle\",\"@id\":\"https:\/\/www.gaveanews.com\/index.php\/2025\/05\/29\/a-declaracao-de-abel-ferreira-apos-a-vitoria-do-palmeiras-4\/#article\",\"isPartOf\":{\"@id\":\"https:\/\/www.gaveanews.com\/index.php\/2025\/05\/29\/a-declaracao-de-abel-ferreira-apos-a-vitoria-do-palmeiras-4\/\"},\"author\":{\"name\":\"Matheus Felipe\",\"@id\":\"https:\/\/www.gaveanews.com\/#\/schema\/person\/8207cd4627f56151707418bfc835b2fb\"},\"headline\":\"A declara\u00e7\u00e3o de Abel Ferreira ap\u00f3s a vit\u00f3ria do Palmeiras\",\"datePublished\":\"2025-05-29T17:20:00+00:00\",\"mainEntityOfPage\":{\"@id\":\"https:\/\/www.gaveanews.com\/index.php\/2025\/05\/29\/a-declaracao-de-abel-ferreira-apos-a-vitoria-do-palmeiras-4\/\"},\"wordCount\":419,\"commentCount\":0,\"image\":{\"@id\":\"https:\/\/www.gaveanews.com\/index.php\/2025\/05\/29\/a-declaracao-de-abel-ferreira-apos-a-vitoria-do-palmeiras-4\/#primaryimage\"},\"thumbnailUrl\":\"https:\/\/www.gaveanews.com\/wp-content\/uploads\/rib2564.avif\",\"articleSection\":[\"Palmeiras\"],\"inLanguage\":\"pt-BR\",\"potentialAction\":[{\"@type\":\"CommentAction\",\"name\":\"Comment\",\"target\":[\"https:\/\/www.gaveanews.com\/index.php\/2025\/05\/29\/a-declaracao-de-abel-ferreira-apos-a-vitoria-do-palmeiras-4\/#respond\"]}],\"copyrightYear\":\"2025\",\"copyrightHolder\":{\"@id\":\"https:\/\/www.gaveanews.com\/#organization\"}},{\"@type\":\"WebPage\",\"@id\":\"https:\/\/www.gaveanews.com\/index.php\/2025\/05\/29\/a-declaracao-de-abel-ferreira-apos-a-vitoria-do-palmeiras-4\/\",\"url\":\"https:\/\/www.gaveanews.com\/index.php\/2025\/05\/29\/a-declaracao-de-abel-ferreira-apos-a-vitoria-do-palmeiras-4\/\",\"name\":\"A declara\u00e7\u00e3o de Abel Ferreira ap\u00f3s a vit\u00f3ria do Palmeiras\",\"isPartOf\":{\"@id\":\"https:\/\/www.gaveanews.com\/#website\"},\"primaryImageOfPage\":{\"@id\":\"https:\/\/www.gaveanews.com\/index.php\/2025\/05\/29\/a-declaracao-de-abel-ferreira-apos-a-vitoria-do-palmeiras-4\/#primaryimage\"},\"image\":{\"@id\":\"https:\/\/www.gaveanews.com\/index.php\/2025\/05\/29\/a-declaracao-de-abel-ferreira-apos-a-vitoria-do-palmeiras-4\/#primaryimage\"},\"thumbnailUrl\":\"https:\/\/www.gaveanews.com\/wp-content\/uploads\/rib2564.avif\",\"datePublished\":\"2025-05-29T17:20:00+00:00\",\"author\":{\"@id\":\"https:\/\/www.gaveanews.com\/#\/schema\/person\/8207cd4627f56151707418bfc835b2fb\"},\"breadcrumb\":{\"@id\":\"https:\/\/www.gaveanews.com\/index.php\/2025\/05\/29\/a-declaracao-de-abel-ferreira-apos-a-vitoria-do-palmeiras-4\/#breadcrumb\"},\"inLanguage\":\"pt-BR\",\"potentialAction\":[{\"@type\":\"ReadAction\",\"target\":[\"https:\/\/www.gaveanews.com\/index.php\/2025\/05\/29\/a-declaracao-de-abel-ferreira-apos-a-vitoria-do-palmeiras-4\/\"]}]},{\"@type\":\"ImageObject\",\"inLanguage\":\"pt-BR\",\"@id\":\"https:\/\/www.gaveanews.com\/index.php\/2025\/05\/29\/a-declaracao-de-abel-ferreira-apos-a-vitoria-do-palmeiras-4\/#primaryimage\",\"url\":\"https:\/\/www.gaveanews.com\/wp-content\/uploads\/rib2564.avif\",\"contentUrl\":\"https:\/\/www.gaveanews.com\/wp-content\/uploads\/rib2564.avif\",\"width\":984,\"height\":677,\"caption\":\"Abel Ferreira em Palmeiras x Athletico \u2014 Foto: Marcos Ribolli\"},{\"@type\":\"BreadcrumbList\",\"@id\":\"https:\/\/www.gaveanews.com\/index.php\/2025\/05\/29\/a-declaracao-de-abel-ferreira-apos-a-vitoria-do-palmeiras-4\/#breadcrumb\",\"itemListElement\":[{\"@type\":\"ListItem\",\"position\":1,\"name\":\"Home\",\"item\":\"https:\/\/www.gaveanews.com\/\"},{\"@type\":\"ListItem\",\"position\":2,\"name\":\"A declara\u00e7\u00e3o de Abel Ferreira ap\u00f3s a vit\u00f3ria do Palmeiras\"}]},{\"@type\":\"WebSite\",\"@id\":\"https:\/\/www.gaveanews.com\/#website\",\"url\":\"https:\/\/www.gaveanews.com\/\",\"name\":\"G\u00e1vea News\",\"description\":\"Veja todas as not\u00edcias sobre o Flamengo: Contrata\u00e7\u00f5es, categorias de base, resultados das partidas, tabela de classifica\u00e7\u00e3o, pr\u00f3ximos jogos!\",\"potentialAction\":[{\"@type\":\"SearchAction\",\"target\":{\"@type\":\"EntryPoint\",\"urlTemplate\":\"https:\/\/www.gaveanews.com\/?s={search_term_string}\"},\"query-input\":{\"@type\":\"PropertyValueSpecification\",\"valueRequired\":true,\"valueName\":\"search_term_string\"}}],\"inLanguage\":\"pt-BR\"},{\"@type\":\"Person\",\"@id\":\"https:\/\/www.gaveanews.com\/#\/schema\/person\/8207cd4627f56151707418bfc835b2fb\",\"name\":\"Matheus Felipe\",\"image\":{\"@type\":\"ImageObject\",\"inLanguage\":\"pt-BR\",\"@id\":\"https:\/\/www.gaveanews.com\/#\/schema\/person\/image\/\",\"url\":\"https:\/\/secure.gravatar.com\/avatar\/a452ffbed9130f726358b298bb3a99ce4bd3c5338411f8440e87e14d74c7c087?s=96&d=mm&r=g\",\"contentUrl\":\"https:\/\/secure.gravatar.com\/avatar\/a452ffbed9130f726358b298bb3a99ce4bd3c5338411f8440e87e14d74c7c087?s=96&d=mm&r=g\",\"caption\":\"Matheus Felipe\"}}]}<\/script>\n<!-- \/ Yoast SEO Premium plugin. -->","yoast_head_json":{"title":"A declara\u00e7\u00e3o de Abel Ferreira ap\u00f3s a vit\u00f3ria do Palmeiras","robots":{"index":"index","follow":"follow","max-snippet":"max-snippet:-1","max-image-preview":"max-image-preview:large","max-video-preview":"max-video-preview:-1"},"canonical":"https:\/\/www.gaveanews.com\/index.php\/2025\/05\/29\/a-declaracao-de-abel-ferreira-apos-a-vitoria-do-palmeiras-4\/","og_locale":"pt_BR","og_type":"article","og_title":"A declara\u00e7\u00e3o de Abel Ferreira ap\u00f3s a vit\u00f3ria do Palmeiras","og_description":"O Palmeiras passou por uma significativa reformula\u00e7\u00e3o no elenco para a temporada 2025. O clube contratou sete jogadores para fortalecer o grupo: Facundo Torres, Paulinho, Emiliano Mart\u00ednez, Bruno Fuchs, Micael, Vitor Roque e Lucas Evangelista. Em contrapartida, nomes como Gabriel Menino, Dudu, Rony, Z\u00e9 Rafael, Atuesta, entre outros, deixaram a equipe. Essa movimenta\u00e7\u00e3o no mercado [&hellip;]","og_url":"https:\/\/www.gaveanews.com\/index.php\/2025\/05\/29\/a-declaracao-de-abel-ferreira-apos-a-vitoria-do-palmeiras-4\/","og_site_name":"G\u00e1vea News","article_publisher":"https:\/\/facebook.com\/gaveaNews\/","article_published_time":"2025-05-29T17:20:00+00:00","author":"Matheus Felipe","twitter_card":"summary_large_image","twitter_misc":{"Escrito por":"Matheus Felipe","Est. tempo de leitura":"3 minutos"},"schema":{"@context":"https:\/\/schema.org","@graph":[{"@type":"NewsArticle","@id":"https:\/\/www.gaveanews.com\/index.php\/2025\/05\/29\/a-declaracao-de-abel-ferreira-apos-a-vitoria-do-palmeiras-4\/#article","isPartOf":{"@id":"https:\/\/www.gaveanews.com\/index.php\/2025\/05\/29\/a-declaracao-de-abel-ferreira-apos-a-vitoria-do-palmeiras-4\/"},"author":{"name":"Matheus Felipe","@id":"https:\/\/www.gaveanews.com\/#\/schema\/person\/8207cd4627f56151707418bfc835b2fb"},"headline":"A declara\u00e7\u00e3o de Abel Ferreira ap\u00f3s a vit\u00f3ria do Palmeiras","datePublished":"2025-05-29T17:20:00+00:00","mainEntityOfPage":{"@id":"https:\/\/www.gaveanews.com\/index.php\/2025\/05\/29\/a-declaracao-de-abel-ferreira-apos-a-vitoria-do-palmeiras-4\/"},"wordCount":419,"commentCount":0,"image":{"@id":"https:\/\/www.gaveanews.com\/index.php\/2025\/05\/29\/a-declaracao-de-abel-ferreira-apos-a-vitoria-do-palmeiras-4\/#primaryimage"},"thumbnailUrl":"https:\/\/www.gaveanews.com\/wp-content\/uploads\/rib2564.avif","articleSection":["Palmeiras"],"inLanguage":"pt-BR","potentialAction":[{"@type":"CommentAction","name":"Comment","target":["https:\/\/www.gaveanews.com\/index.php\/2025\/05\/29\/a-declaracao-de-abel-ferreira-apos-a-vitoria-do-palmeiras-4\/#respond"]}],"copyrightYear":"2025","copyrightHolder":{"@id":"https:\/\/www.gaveanews.com\/#organization"}},{"@type":"WebPage","@id":"https:\/\/www.gaveanews.com\/index.php\/2025\/05\/29\/a-declaracao-de-abel-ferreira-apos-a-vitoria-do-palmeiras-4\/","url":"https:\/\/www.gaveanews.com\/index.php\/2025\/05\/29\/a-declaracao-de-abel-ferreira-apos-a-vitoria-do-palmeiras-4\/","name":"A declara\u00e7\u00e3o de Abel Ferreira ap\u00f3s a vit\u00f3ria do Palmeiras","isPartOf":{"@id":"https:\/\/www.gaveanews.com\/#website"},"primaryImageOfPage":{"@id":"https:\/\/www.gaveanews.com\/index.php\/2025\/05\/29\/a-declaracao-de-abel-ferreira-apos-a-vitoria-do-palmeiras-4\/#primaryimage"},"image":{"@id":"https:\/\/www.gaveanews.com\/index.php\/2025\/05\/29\/a-declaracao-de-abel-ferreira-apos-a-vitoria-do-palmeiras-4\/#primaryimage"},"thumbnailUrl":"https:\/\/www.gaveanews.com\/wp-content\/uploads\/rib2564.avif","datePublished":"2025-05-29T17:20:00+00:00","author":{"@id":"https:\/\/www.gaveanews.com\/#\/schema\/person\/8207cd4627f56151707418bfc835b2fb"},"breadcrumb":{"@id":"https:\/\/www.gaveanews.com\/index.php\/2025\/05\/29\/a-declaracao-de-abel-ferreira-apos-a-vitoria-do-palmeiras-4\/#breadcrumb"},"inLanguage":"pt-BR","potentialAction":[{"@type":"ReadAction","target":["https:\/\/www.gaveanews.com\/index.php\/2025\/05\/29\/a-declaracao-de-abel-ferreira-apos-a-vitoria-do-palmeiras-4\/"]}]},{"@type":"ImageObject","inLanguage":"pt-BR","@id":"https:\/\/www.gaveanews.com\/index.php\/2025\/05\/29\/a-declaracao-de-abel-ferreira-apos-a-vitoria-do-palmeiras-4\/#primaryimage","url":"https:\/\/www.gaveanews.com\/wp-content\/uploads\/rib2564.avif","contentUrl":"https:\/\/www.gaveanews.com\/wp-content\/uploads\/rib2564.avif","width":984,"height":677,"caption":"Abel Ferreira em Palmeiras x Athletico \u2014 Foto: Marcos Ribolli"},{"@type":"BreadcrumbList","@id":"https:\/\/www.gaveanews.com\/index.php\/2025\/05\/29\/a-declaracao-de-abel-ferreira-apos-a-vitoria-do-palmeiras-4\/#breadcrumb","itemListElement":[{"@type":"ListItem","position":1,"name":"Home","item":"https:\/\/www.gaveanews.com\/"},{"@type":"ListItem","position":2,"name":"A declara\u00e7\u00e3o de Abel Ferreira ap\u00f3s a vit\u00f3ria do Palmeiras"}]},{"@type":"WebSite","@id":"https:\/\/www.gaveanews.com\/#website","url":"https:\/\/www.gaveanews.com\/","name":"G\u00e1vea News","description":"Veja todas as not\u00edcias sobre o Flamengo: Contrata\u00e7\u00f5es, categorias de base, resultados das partidas, tabela de classifica\u00e7\u00e3o, pr\u00f3ximos jogos!","potentialAction":[{"@type":"SearchAction","target":{"@type":"EntryPoint","urlTemplate":"https:\/\/www.gaveanews.com\/?s={search_term_string}"},"query-input":{"@type":"PropertyValueSpecification","valueRequired":true,"valueName":"search_term_string"}}],"inLanguage":"pt-BR"},{"@type":"Person","@id":"https:\/\/www.gaveanews.com\/#\/schema\/person\/8207cd4627f56151707418bfc835b2fb","name":"Matheus Felipe","image":{"@type":"ImageObject","inLanguage":"pt-BR","@id":"https:\/\/www.gaveanews.com\/#\/schema\/person\/image\/","url":"https:\/\/secure.gravatar.com\/avatar\/a452ffbed9130f726358b298bb3a99ce4bd3c5338411f8440e87e14d74c7c087?s=96&d=mm&r=g","contentUrl":"https:\/\/secure.gravatar.com\/avatar\/a452ffbed9130f726358b298bb3a99ce4bd3c5338411f8440e87e14d74c7c087?s=96&d=mm&r=g","caption":"Matheus Felipe"}}]}},"_links":{"self":[{"href":"https:\/\/www.gaveanews.com\/index.php\/wp-json\/wp\/v2\/posts\/268003","targetHints":{"allow":["GET"]}}],"collection":[{"href":"https:\/\/www.gaveanews.com\/index.php\/wp-json\/wp\/v2\/posts"}],"about":[{"href":"https:\/\/www.gaveanews.com\/index.php\/wp-json\/wp\/v2\/types\/post"}],"author":[{"embeddable":true,"href":"https:\/\/www.gaveanews.com\/index.php\/wp-json\/wp\/v2\/users\/27"}],"replies":[{"embeddable":true,"href":"https:\/\/www.gaveanews.com\/index.php\/wp-json\/wp\/v2\/comments?post=268003"}],"version-history":[{"count":1,"href":"https:\/\/www.gaveanews.com\/index.php\/wp-json\/wp\/v2\/posts\/268003\/revisions"}],"predecessor-version":[{"id":268005,"href":"https:\/\/www.gaveanews.com\/index.php\/wp-json\/wp\/v2\/posts\/268003\/revisions\/268005"}],"wp:featuredmedia":[{"embeddable":true,"href":"https:\/\/www.gaveanews.com\/index.php\/wp-json\/wp\/v2\/media\/142773"}],"wp:attachment":[{"href":"https:\/\/www.gaveanews.com\/index.php\/wp-json\/wp\/v2\/media?parent=268003"}],"wp:term":[{"taxonomy":"category","embeddable":true,"href":"https:\/\/www.gaveanews.com\/index.php\/wp-json\/wp\/v2\/categories?post=268003"},{"taxonomy":"post_tag","embeddable":true,"href":"https:\/\/www.gaveanews.com\/index.php\/wp-json\/wp\/v2\/tags?post=268003"}],"curies":[{"name":"wp","href":"https:\/\/api.w.org\/{rel}","templated":true}]}}