{"id":268015,"date":"2025-05-29T14:50:00","date_gmt":"2025-05-29T17:50:00","guid":{"rendered":"https:\/\/www.gaveanews.com\/?p=268015"},"modified":"2025-05-29T13:52:08","modified_gmt":"2025-05-29T16:52:08","slug":"ele-vai-trocar-o-cruzeiro-pelo-santos-de-neymar","status":"publish","type":"post","link":"https:\/\/www.gaveanews.com\/index.php\/2025\/05\/29\/ele-vai-trocar-o-cruzeiro-pelo-santos-de-neymar\/","title":{"rendered":"Ele vai trocar o Cruzeiro pelo Santos de Neymar"},"content":{"rendered":"\n<p>O Santos est\u00e1 prestes a oficializar a contrata\u00e7\u00e3o de Alexandre Mattos, que deve assumir o cargo de CEO do clube ainda nesta semana. A diretoria santista intensificou as tratativas nos \u00faltimos dias e j\u00e1 recebeu uma sinaliza\u00e7\u00e3o positiva por parte do dirigente, atualmente no Cruzeiro. A chegada de Mattos \u00e9 considerada estrat\u00e9gica para tentar reestruturar o departamento de futebol, sobretudo em meio \u00e0 press\u00e3o crescente que recai sobre a presid\u00eancia de Marcelo Teixeira.<\/p>\n\n\n\n<p>A negocia\u00e7\u00e3o ganhou for\u00e7a ap\u00f3s a insist\u00eancia de Marcelinho Teixeira Filho, que indicou Alexandre Mattos como o nome ideal para o novo projeto. \u201cEle est\u00e1 convencendo o pai a fazer essa contrata\u00e7\u00e3o\u201d, revelou o jornalista Vagner Frederico. O dirigente, por sua vez, j\u00e1 aceitou os termos propostos pelo clube e demonstrou interesse em iniciar sua trajet\u00f3ria na Vila Belmiro a partir de s\u00e1bado (01 de junho), embora o clube tenha estipulado a sexta-feira (30 de maio) como prazo para o desligamento oficial do Cruzeiro.<\/p>\n\n\n\n<figure class=\"wp-block-image size-full\"><img loading=\"lazy\" decoding=\"async\" width=\"573\" height=\"588\" src=\"http:\/\/www.gaveanews.com\/wp-content\/uploads\/Alexandre-Mattos-CEO-do-Cruzeiro.webp\" alt=\"\" class=\"wp-image-214785\" srcset=\"https:\/\/www.gaveanews.com\/wp-content\/uploads\/Alexandre-Mattos-CEO-do-Cruzeiro.webp 573w, https:\/\/www.gaveanews.com\/wp-content\/uploads\/Alexandre-Mattos-CEO-do-Cruzeiro-292x300.webp 292w, https:\/\/www.gaveanews.com\/wp-content\/uploads\/Alexandre-Mattos-CEO-do-Cruzeiro-409x420.webp 409w, https:\/\/www.gaveanews.com\/wp-content\/uploads\/Alexandre-Mattos-CEO-do-Cruzeiro-100x103.webp 100w\" sizes=\"auto, (max-width: 573px) 100vw, 573px\" \/><figcaption class=\"wp-element-caption\">Alexandre Mattos, CEO do Cruzeiro (Foto: Reprodu\u00e7\u00e3o\/Instagram)<\/figcaption><\/figure>\n\n\n\n<p>O momento vivido pelo Santos exige mudan\u00e7as estruturais. Afinal, o time ocupa uma posi\u00e7\u00e3o inc\u00f4moda no Campeonato Brasileiro e j\u00e1 se despediu da Copa Betano do Brasil. A campanha abaixo das expectativas tem gerado forte insatisfa\u00e7\u00e3o por parte da torcida, que cobra provid\u00eancias imediatas por parte da diretoria. Assim tamb\u00e9m, aliados do pr\u00f3prio presidente Marcelo Teixeira t\u00eam manifestado preocupa\u00e7\u00e3o com o atual planejamento do clube.<\/p>\n\n\n\n<p>A nomea\u00e7\u00e3o de Alexandre Mattos surge como uma tentativa de dar novo rumo \u00e0 gest\u00e3o. A diretoria alvinegra pretende anunciar oficialmente o dirigente nos pr\u00f3ximos dias, caso ele consiga se desligar do Cruzeiro no prazo estabelecido. \u201cO Santos j\u00e1 conversou com Mattos. Alexandre Mattos j\u00e1 topou vir para o Santos\u201d, revelou Frederico, refor\u00e7ando a urg\u00eancia com que o clube quer resolver a situa\u00e7\u00e3o.<\/p>\n\n\n\n<p>Enquanto a chegada de Mattos se desenha, outro assunto movimenta os bastidores da Vila Belmiro: a poss\u00edvel sa\u00edda de Yeferson Soteldo. O atacante venezuelano pode ser negociado na janela de transfer\u00eancias do meio do ano, j\u00e1 que seu rendimento recente tem sido abaixo do esperado, al\u00e9m de contar com um sal\u00e1rio elevado. Eventualmente, isso pode abrir espa\u00e7o para novas contrata\u00e7\u00f5es ou ajustes no elenco.<\/p>\n\n\n\n<p>Ali\u00e1s, em meio \u00e0s especula\u00e7\u00f5es sobre mudan\u00e7as, uma informa\u00e7\u00e3o foi desmentida de forma veemente: Neymar, revelado pelas categorias de base do clube, negou qualquer conversa para deixar o Santos rumo ao Flamengo. Essa negativa traz certo al\u00edvio ao torcedor, ao menos no que diz respeito a um dos principais nomes vinculados emocionalmente ao clube.<\/p>\n","protected":false},"excerpt":{"rendered":"<p>O Santos est\u00e1 prestes a oficializar a contrata\u00e7\u00e3o de Alexandre Mattos, que deve assumir o cargo de CEO do clube ainda nesta semana. A diretoria santista intensificou as tratativas nos \u00faltimos dias e j\u00e1 recebeu uma sinaliza\u00e7\u00e3o positiva por parte do dirigente, atualmente no Cruzeiro. A chegada de Mattos \u00e9 considerada estrat\u00e9gica para tentar reestruturar [&hellip;]<\/p>\n","protected":false},"author":27,"featured_media":221593,"comment_status":"open","ping_status":"closed","sticky":false,"template":"","format":"standard","meta":{"footnotes":""},"categories":[143,139],"tags":[],"class_list":["post-268015","post","type-post","status-publish","format-standard","has-post-thumbnail","hentry","category-cruzeiro","category-santos"],"yoast_head":"<!-- This site is optimized with the Yoast SEO Premium plugin v24.2 (Yoast SEO v26.9) - https:\/\/yoast.com\/product\/yoast-seo-premium-wordpress\/ -->\n<title>Ele vai trocar o Cruzeiro pelo Santos de Neymar<\/title>\n<meta name=\"robots\" content=\"index, follow, max-snippet:-1, max-image-preview:large, max-video-preview:-1\" \/>\n<link rel=\"canonical\" href=\"https:\/\/www.gaveanews.com\/index.php\/2025\/05\/29\/ele-vai-trocar-o-cruzeiro-pelo-santos-de-neymar\/\" \/>\n<meta property=\"og:locale\" content=\"pt_BR\" \/>\n<meta property=\"og:type\" content=\"article\" \/>\n<meta property=\"og:title\" content=\"Ele vai trocar o Cruzeiro pelo Santos de Neymar\" \/>\n<meta property=\"og:description\" content=\"O Santos est\u00e1 prestes a oficializar a contrata\u00e7\u00e3o de Alexandre Mattos, que deve assumir o cargo de CEO do clube ainda nesta semana. A diretoria santista intensificou as tratativas nos \u00faltimos dias e j\u00e1 recebeu uma sinaliza\u00e7\u00e3o positiva por parte do dirigente, atualmente no Cruzeiro. A chegada de Mattos \u00e9 considerada estrat\u00e9gica para tentar reestruturar [&hellip;]\" \/>\n<meta property=\"og:url\" content=\"https:\/\/www.gaveanews.com\/index.php\/2025\/05\/29\/ele-vai-trocar-o-cruzeiro-pelo-santos-de-neymar\/\" \/>\n<meta property=\"og:site_name\" content=\"G\u00e1vea News\" \/>\n<meta property=\"article:publisher\" content=\"https:\/\/facebook.com\/gaveaNews\/\" \/>\n<meta property=\"article:published_time\" content=\"2025-05-29T17:50:00+00:00\" \/>\n<meta property=\"og:image\" content=\"https:\/\/www.gaveanews.com\/wp-content\/uploads\/Neymar-volta-ao-Santos.webp\" \/>\n\t<meta property=\"og:image:width\" content=\"573\" \/>\n\t<meta property=\"og:image:height\" content=\"636\" \/>\n\t<meta property=\"og:image:type\" content=\"image\/jpeg\" \/>\n<meta name=\"author\" content=\"Matheus Felipe\" \/>\n<meta name=\"twitter:card\" content=\"summary_large_image\" \/>\n<meta name=\"twitter:label1\" content=\"Escrito por\" \/>\n\t<meta name=\"twitter:data1\" content=\"Matheus Felipe\" \/>\n\t<meta name=\"twitter:label2\" content=\"Est. tempo de leitura\" \/>\n\t<meta name=\"twitter:data2\" content=\"3 minutos\" \/>\n<script type=\"application\/ld+json\" class=\"yoast-schema-graph\">{\"@context\":\"https:\/\/schema.org\",\"@graph\":[{\"@type\":\"NewsArticle\",\"@id\":\"https:\/\/www.gaveanews.com\/index.php\/2025\/05\/29\/ele-vai-trocar-o-cruzeiro-pelo-santos-de-neymar\/#article\",\"isPartOf\":{\"@id\":\"https:\/\/www.gaveanews.com\/index.php\/2025\/05\/29\/ele-vai-trocar-o-cruzeiro-pelo-santos-de-neymar\/\"},\"author\":{\"name\":\"Matheus Felipe\",\"@id\":\"https:\/\/www.gaveanews.com\/#\/schema\/person\/8207cd4627f56151707418bfc835b2fb\"},\"headline\":\"Ele vai trocar o Cruzeiro pelo Santos de Neymar\",\"datePublished\":\"2025-05-29T17:50:00+00:00\",\"mainEntityOfPage\":{\"@id\":\"https:\/\/www.gaveanews.com\/index.php\/2025\/05\/29\/ele-vai-trocar-o-cruzeiro-pelo-santos-de-neymar\/\"},\"wordCount\":455,\"commentCount\":0,\"image\":{\"@id\":\"https:\/\/www.gaveanews.com\/index.php\/2025\/05\/29\/ele-vai-trocar-o-cruzeiro-pelo-santos-de-neymar\/#primaryimage\"},\"thumbnailUrl\":\"https:\/\/www.gaveanews.com\/wp-content\/uploads\/Neymar-volta-ao-Santos.webp\",\"articleSection\":[\"Cruzeiro\",\"Santos\"],\"inLanguage\":\"pt-BR\",\"potentialAction\":[{\"@type\":\"CommentAction\",\"name\":\"Comment\",\"target\":[\"https:\/\/www.gaveanews.com\/index.php\/2025\/05\/29\/ele-vai-trocar-o-cruzeiro-pelo-santos-de-neymar\/#respond\"]}],\"copyrightYear\":\"2025\",\"copyrightHolder\":{\"@id\":\"https:\/\/www.gaveanews.com\/#organization\"}},{\"@type\":\"WebPage\",\"@id\":\"https:\/\/www.gaveanews.com\/index.php\/2025\/05\/29\/ele-vai-trocar-o-cruzeiro-pelo-santos-de-neymar\/\",\"url\":\"https:\/\/www.gaveanews.com\/index.php\/2025\/05\/29\/ele-vai-trocar-o-cruzeiro-pelo-santos-de-neymar\/\",\"name\":\"Ele vai trocar o Cruzeiro pelo Santos de Neymar\",\"isPartOf\":{\"@id\":\"https:\/\/www.gaveanews.com\/#website\"},\"primaryImageOfPage\":{\"@id\":\"https:\/\/www.gaveanews.com\/index.php\/2025\/05\/29\/ele-vai-trocar-o-cruzeiro-pelo-santos-de-neymar\/#primaryimage\"},\"image\":{\"@id\":\"https:\/\/www.gaveanews.com\/index.php\/2025\/05\/29\/ele-vai-trocar-o-cruzeiro-pelo-santos-de-neymar\/#primaryimage\"},\"thumbnailUrl\":\"https:\/\/www.gaveanews.com\/wp-content\/uploads\/Neymar-volta-ao-Santos.webp\",\"datePublished\":\"2025-05-29T17:50:00+00:00\",\"author\":{\"@id\":\"https:\/\/www.gaveanews.com\/#\/schema\/person\/8207cd4627f56151707418bfc835b2fb\"},\"breadcrumb\":{\"@id\":\"https:\/\/www.gaveanews.com\/index.php\/2025\/05\/29\/ele-vai-trocar-o-cruzeiro-pelo-santos-de-neymar\/#breadcrumb\"},\"inLanguage\":\"pt-BR\",\"potentialAction\":[{\"@type\":\"ReadAction\",\"target\":[\"https:\/\/www.gaveanews.com\/index.php\/2025\/05\/29\/ele-vai-trocar-o-cruzeiro-pelo-santos-de-neymar\/\"]}]},{\"@type\":\"ImageObject\",\"inLanguage\":\"pt-BR\",\"@id\":\"https:\/\/www.gaveanews.com\/index.php\/2025\/05\/29\/ele-vai-trocar-o-cruzeiro-pelo-santos-de-neymar\/#primaryimage\",\"url\":\"https:\/\/www.gaveanews.com\/wp-content\/uploads\/Neymar-volta-ao-Santos.webp\",\"contentUrl\":\"https:\/\/www.gaveanews.com\/wp-content\/uploads\/Neymar-volta-ao-Santos.webp\",\"width\":573,\"height\":636,\"caption\":\"Neymar volta ao Santos (Foto: GuilhermeKastner \/ Santos FC)\"},{\"@type\":\"BreadcrumbList\",\"@id\":\"https:\/\/www.gaveanews.com\/index.php\/2025\/05\/29\/ele-vai-trocar-o-cruzeiro-pelo-santos-de-neymar\/#breadcrumb\",\"itemListElement\":[{\"@type\":\"ListItem\",\"position\":1,\"name\":\"Home\",\"item\":\"https:\/\/www.gaveanews.com\/\"},{\"@type\":\"ListItem\",\"position\":2,\"name\":\"Ele vai trocar o Cruzeiro pelo Santos de Neymar\"}]},{\"@type\":\"WebSite\",\"@id\":\"https:\/\/www.gaveanews.com\/#website\",\"url\":\"https:\/\/www.gaveanews.com\/\",\"name\":\"G\u00e1vea News\",\"description\":\"Veja todas as not\u00edcias sobre o Flamengo: Contrata\u00e7\u00f5es, categorias de base, resultados das partidas, tabela de classifica\u00e7\u00e3o, pr\u00f3ximos jogos!\",\"potentialAction\":[{\"@type\":\"SearchAction\",\"target\":{\"@type\":\"EntryPoint\",\"urlTemplate\":\"https:\/\/www.gaveanews.com\/?s={search_term_string}\"},\"query-input\":{\"@type\":\"PropertyValueSpecification\",\"valueRequired\":true,\"valueName\":\"search_term_string\"}}],\"inLanguage\":\"pt-BR\"},{\"@type\":\"Person\",\"@id\":\"https:\/\/www.gaveanews.com\/#\/schema\/person\/8207cd4627f56151707418bfc835b2fb\",\"name\":\"Matheus Felipe\",\"image\":{\"@type\":\"ImageObject\",\"inLanguage\":\"pt-BR\",\"@id\":\"https:\/\/www.gaveanews.com\/#\/schema\/person\/image\/\",\"url\":\"https:\/\/secure.gravatar.com\/avatar\/a452ffbed9130f726358b298bb3a99ce4bd3c5338411f8440e87e14d74c7c087?s=96&d=mm&r=g\",\"contentUrl\":\"https:\/\/secure.gravatar.com\/avatar\/a452ffbed9130f726358b298bb3a99ce4bd3c5338411f8440e87e14d74c7c087?s=96&d=mm&r=g\",\"caption\":\"Matheus Felipe\"}}]}<\/script>\n<!-- \/ Yoast SEO Premium plugin. -->","yoast_head_json":{"title":"Ele vai trocar o Cruzeiro pelo Santos de Neymar","robots":{"index":"index","follow":"follow","max-snippet":"max-snippet:-1","max-image-preview":"max-image-preview:large","max-video-preview":"max-video-preview:-1"},"canonical":"https:\/\/www.gaveanews.com\/index.php\/2025\/05\/29\/ele-vai-trocar-o-cruzeiro-pelo-santos-de-neymar\/","og_locale":"pt_BR","og_type":"article","og_title":"Ele vai trocar o Cruzeiro pelo Santos de Neymar","og_description":"O Santos est\u00e1 prestes a oficializar a contrata\u00e7\u00e3o de Alexandre Mattos, que deve assumir o cargo de CEO do clube ainda nesta semana. A diretoria santista intensificou as tratativas nos \u00faltimos dias e j\u00e1 recebeu uma sinaliza\u00e7\u00e3o positiva por parte do dirigente, atualmente no Cruzeiro. A chegada de Mattos \u00e9 considerada estrat\u00e9gica para tentar reestruturar [&hellip;]","og_url":"https:\/\/www.gaveanews.com\/index.php\/2025\/05\/29\/ele-vai-trocar-o-cruzeiro-pelo-santos-de-neymar\/","og_site_name":"G\u00e1vea News","article_publisher":"https:\/\/facebook.com\/gaveaNews\/","article_published_time":"2025-05-29T17:50:00+00:00","og_image":[{"width":573,"height":636,"url":"https:\/\/www.gaveanews.com\/wp-content\/uploads\/Neymar-volta-ao-Santos.webp","type":"image\/jpeg"}],"author":"Matheus Felipe","twitter_card":"summary_large_image","twitter_misc":{"Escrito por":"Matheus Felipe","Est. tempo de leitura":"3 minutos"},"schema":{"@context":"https:\/\/schema.org","@graph":[{"@type":"NewsArticle","@id":"https:\/\/www.gaveanews.com\/index.php\/2025\/05\/29\/ele-vai-trocar-o-cruzeiro-pelo-santos-de-neymar\/#article","isPartOf":{"@id":"https:\/\/www.gaveanews.com\/index.php\/2025\/05\/29\/ele-vai-trocar-o-cruzeiro-pelo-santos-de-neymar\/"},"author":{"name":"Matheus Felipe","@id":"https:\/\/www.gaveanews.com\/#\/schema\/person\/8207cd4627f56151707418bfc835b2fb"},"headline":"Ele vai trocar o Cruzeiro pelo Santos de Neymar","datePublished":"2025-05-29T17:50:00+00:00","mainEntityOfPage":{"@id":"https:\/\/www.gaveanews.com\/index.php\/2025\/05\/29\/ele-vai-trocar-o-cruzeiro-pelo-santos-de-neymar\/"},"wordCount":455,"commentCount":0,"image":{"@id":"https:\/\/www.gaveanews.com\/index.php\/2025\/05\/29\/ele-vai-trocar-o-cruzeiro-pelo-santos-de-neymar\/#primaryimage"},"thumbnailUrl":"https:\/\/www.gaveanews.com\/wp-content\/uploads\/Neymar-volta-ao-Santos.webp","articleSection":["Cruzeiro","Santos"],"inLanguage":"pt-BR","potentialAction":[{"@type":"CommentAction","name":"Comment","target":["https:\/\/www.gaveanews.com\/index.php\/2025\/05\/29\/ele-vai-trocar-o-cruzeiro-pelo-santos-de-neymar\/#respond"]}],"copyrightYear":"2025","copyrightHolder":{"@id":"https:\/\/www.gaveanews.com\/#organization"}},{"@type":"WebPage","@id":"https:\/\/www.gaveanews.com\/index.php\/2025\/05\/29\/ele-vai-trocar-o-cruzeiro-pelo-santos-de-neymar\/","url":"https:\/\/www.gaveanews.com\/index.php\/2025\/05\/29\/ele-vai-trocar-o-cruzeiro-pelo-santos-de-neymar\/","name":"Ele vai trocar o Cruzeiro pelo Santos de Neymar","isPartOf":{"@id":"https:\/\/www.gaveanews.com\/#website"},"primaryImageOfPage":{"@id":"https:\/\/www.gaveanews.com\/index.php\/2025\/05\/29\/ele-vai-trocar-o-cruzeiro-pelo-santos-de-neymar\/#primaryimage"},"image":{"@id":"https:\/\/www.gaveanews.com\/index.php\/2025\/05\/29\/ele-vai-trocar-o-cruzeiro-pelo-santos-de-neymar\/#primaryimage"},"thumbnailUrl":"https:\/\/www.gaveanews.com\/wp-content\/uploads\/Neymar-volta-ao-Santos.webp","datePublished":"2025-05-29T17:50:00+00:00","author":{"@id":"https:\/\/www.gaveanews.com\/#\/schema\/person\/8207cd4627f56151707418bfc835b2fb"},"breadcrumb":{"@id":"https:\/\/www.gaveanews.com\/index.php\/2025\/05\/29\/ele-vai-trocar-o-cruzeiro-pelo-santos-de-neymar\/#breadcrumb"},"inLanguage":"pt-BR","potentialAction":[{"@type":"ReadAction","target":["https:\/\/www.gaveanews.com\/index.php\/2025\/05\/29\/ele-vai-trocar-o-cruzeiro-pelo-santos-de-neymar\/"]}]},{"@type":"ImageObject","inLanguage":"pt-BR","@id":"https:\/\/www.gaveanews.com\/index.php\/2025\/05\/29\/ele-vai-trocar-o-cruzeiro-pelo-santos-de-neymar\/#primaryimage","url":"https:\/\/www.gaveanews.com\/wp-content\/uploads\/Neymar-volta-ao-Santos.webp","contentUrl":"https:\/\/www.gaveanews.com\/wp-content\/uploads\/Neymar-volta-ao-Santos.webp","width":573,"height":636,"caption":"Neymar volta ao Santos (Foto: GuilhermeKastner \/ Santos FC)"},{"@type":"BreadcrumbList","@id":"https:\/\/www.gaveanews.com\/index.php\/2025\/05\/29\/ele-vai-trocar-o-cruzeiro-pelo-santos-de-neymar\/#breadcrumb","itemListElement":[{"@type":"ListItem","position":1,"name":"Home","item":"https:\/\/www.gaveanews.com\/"},{"@type":"ListItem","position":2,"name":"Ele vai trocar o Cruzeiro pelo Santos de Neymar"}]},{"@type":"WebSite","@id":"https:\/\/www.gaveanews.com\/#website","url":"https:\/\/www.gaveanews.com\/","name":"G\u00e1vea News","description":"Veja todas as not\u00edcias sobre o Flamengo: Contrata\u00e7\u00f5es, categorias de base, resultados das partidas, tabela de classifica\u00e7\u00e3o, pr\u00f3ximos jogos!","potentialAction":[{"@type":"SearchAction","target":{"@type":"EntryPoint","urlTemplate":"https:\/\/www.gaveanews.com\/?s={search_term_string}"},"query-input":{"@type":"PropertyValueSpecification","valueRequired":true,"valueName":"search_term_string"}}],"inLanguage":"pt-BR"},{"@type":"Person","@id":"https:\/\/www.gaveanews.com\/#\/schema\/person\/8207cd4627f56151707418bfc835b2fb","name":"Matheus Felipe","image":{"@type":"ImageObject","inLanguage":"pt-BR","@id":"https:\/\/www.gaveanews.com\/#\/schema\/person\/image\/","url":"https:\/\/secure.gravatar.com\/avatar\/a452ffbed9130f726358b298bb3a99ce4bd3c5338411f8440e87e14d74c7c087?s=96&d=mm&r=g","contentUrl":"https:\/\/secure.gravatar.com\/avatar\/a452ffbed9130f726358b298bb3a99ce4bd3c5338411f8440e87e14d74c7c087?s=96&d=mm&r=g","caption":"Matheus Felipe"}}]}},"_links":{"self":[{"href":"https:\/\/www.gaveanews.com\/index.php\/wp-json\/wp\/v2\/posts\/268015","targetHints":{"allow":["GET"]}}],"collection":[{"href":"https:\/\/www.gaveanews.com\/index.php\/wp-json\/wp\/v2\/posts"}],"about":[{"href":"https:\/\/www.gaveanews.com\/index.php\/wp-json\/wp\/v2\/types\/post"}],"author":[{"embeddable":true,"href":"https:\/\/www.gaveanews.com\/index.php\/wp-json\/wp\/v2\/users\/27"}],"replies":[{"embeddable":true,"href":"https:\/\/www.gaveanews.com\/index.php\/wp-json\/wp\/v2\/comments?post=268015"}],"version-history":[{"count":1,"href":"https:\/\/www.gaveanews.com\/index.php\/wp-json\/wp\/v2\/posts\/268015\/revisions"}],"predecessor-version":[{"id":268016,"href":"https:\/\/www.gaveanews.com\/index.php\/wp-json\/wp\/v2\/posts\/268015\/revisions\/268016"}],"wp:featuredmedia":[{"embeddable":true,"href":"https:\/\/www.gaveanews.com\/index.php\/wp-json\/wp\/v2\/media\/221593"}],"wp:attachment":[{"href":"https:\/\/www.gaveanews.com\/index.php\/wp-json\/wp\/v2\/media?parent=268015"}],"wp:term":[{"taxonomy":"category","embeddable":true,"href":"https:\/\/www.gaveanews.com\/index.php\/wp-json\/wp\/v2\/categories?post=268015"},{"taxonomy":"post_tag","embeddable":true,"href":"https:\/\/www.gaveanews.com\/index.php\/wp-json\/wp\/v2\/tags?post=268015"}],"curies":[{"name":"wp","href":"https:\/\/api.w.org\/{rel}","templated":true}]}}