{"id":268018,"date":"2025-05-29T14:55:00","date_gmt":"2025-05-29T17:55:00","guid":{"rendered":"https:\/\/www.gaveanews.com\/?p=268018"},"modified":"2025-05-29T13:55:53","modified_gmt":"2025-05-29T16:55:53","slug":"a-declaracao-de-rivellino-direcionada-a-pedro-do-flamengo","status":"publish","type":"post","link":"https:\/\/www.gaveanews.com\/index.php\/2025\/05\/29\/a-declaracao-de-rivellino-direcionada-a-pedro-do-flamengo\/","title":{"rendered":"A declara\u00e7\u00e3o de Rivellino direcionada a Pedro, do Flamengo"},"content":{"rendered":"\n<p>A n\u00e3o convoca\u00e7\u00e3o de Pedro para a Sele\u00e7\u00e3o Brasileira gerou rea\u00e7\u00f5es imediatas, principalmente entre ex-jogadores com forte identifica\u00e7\u00e3o com o futebol nacional. Um dos que se manifestaram com veem\u00eancia foi Rivellino, que classificou a aus\u00eancia do atacante do Flamengo como um erro estrat\u00e9gico diante do atual cen\u00e1rio ofensivo do Brasil.<\/p>\n\n\n\n<p>Para o ex-jogador, Pedro \u00e9, <em>inegavelmente<\/em>, o centroavante mais qualificado em atividade no futebol brasileiro. Embora tenha reconhecido que o jogador ainda busca atingir sua melhor forma f\u00edsica, Rivellino defendeu que ele possui condi\u00e7\u00f5es de atuar pelo menos parte dos jogos das Eliminat\u00f3rias. \u201cEu acho que ele tem condi\u00e7\u00e3o de jogar 30 minutos e ser \u00fatil\u201d, afirmou, refor\u00e7ando sua confian\u00e7a no camisa 9 rubro-negro.<\/p>\n\n\n\n<figure class=\"wp-block-image size-full\"><img loading=\"lazy\" decoding=\"async\" width=\"640\" height=\"360\" src=\"http:\/\/www.gaveanews.com\/wp-content\/uploads\/Pedro-em-acao-pela-Selecao-Olimpica.webp\" alt=\"\" class=\"wp-image-62638\" srcset=\"https:\/\/www.gaveanews.com\/wp-content\/uploads\/Pedro-em-acao-pela-Selecao-Olimpica.webp 640w, https:\/\/www.gaveanews.com\/wp-content\/uploads\/Pedro-em-acao-pela-Selecao-Olimpica-300x169.webp 300w, https:\/\/www.gaveanews.com\/wp-content\/uploads\/Pedro-em-acao-pela-Selecao-Olimpica-100x56.webp 100w\" sizes=\"auto, (max-width: 640px) 100vw, 640px\" \/><figcaption class=\"wp-element-caption\">Pedro em a\u00e7\u00e3o pela Sele\u00e7\u00e3o Ol\u00edmpica (Foto: Divulga\u00e7\u00e3o\/CBF)<\/figcaption><\/figure>\n\n\n\n<p>Carlo Ancelotti, entretanto, optou por n\u00e3o incluir Pedro na lista. Conforme explicou em coletiva, o crit\u00e9rio adotado priorizou atletas em plena condi\u00e7\u00e3o f\u00edsica. \u201cTemos muitos jogadores que sofrem les\u00f5es e n\u00e3o podem estar na sele\u00e7\u00e3o\u201d, justificou o t\u00e9cnico, que igualmente deixou Neymar fora da convoca\u00e7\u00e3o. Assim sendo, Matheus Cunha e Richarlison surgem como principais refer\u00eancias para o setor ofensivo.<\/p>\n\n\n\n<p>Al\u00e9m dos dois centroavantes, o treinador italiano tamb\u00e9m chamou atacantes de lado como Est\u00eav\u00e3o, Raphinha, Gabriel Martinelli, Antony e Vin\u00edcius J\u00fanior. <em>Portanto<\/em>, h\u00e1 uma possibilidade de Ancelotti adotar um esquema com falso 9, recurso que tem sido explorado por v\u00e1rias sele\u00e7\u00f5es ao redor do mundo, embora essa escolha gere discuss\u00f5es entre os torcedores.<\/p>\n\n\n\n<p>Rivellino ainda aproveitou para comentar sobre a atua\u00e7\u00e3o de Igor Jesus, do Botafogo, na vit\u00f3ria sobre a Universidad de Chile pela Libertadores. Segundo ele, o desempenho do jogador diante dos olhos de Ancelotti foi animador. \u201cQuem sabe, fazendo uma grande partida, pode lembrar, sem d\u00favida alguma\u201d, declarou, referindo-se \u00e0 possibilidade de futuras convoca\u00e7\u00f5es.<\/p>\n\n\n\n<p><em>Em s\u00edntese<\/em>, a exclus\u00e3o de Pedro reacende um debate recorrente no futebol brasileiro: a escassez de centroavantes em alto n\u00edvel. Embora crit\u00e9rios f\u00edsicos tenham sido levados em conta, a opini\u00e3o de Rivellino levanta um ponto de reflex\u00e3o sobre a utilidade de um jogador decisivo mesmo sem estar em sua plenitude f\u00edsica.<\/p>\n","protected":false},"excerpt":{"rendered":"<p>A n\u00e3o convoca\u00e7\u00e3o de Pedro para a Sele\u00e7\u00e3o Brasileira gerou rea\u00e7\u00f5es imediatas, principalmente entre ex-jogadores com forte identifica\u00e7\u00e3o com o futebol nacional. Um dos que se manifestaram com veem\u00eancia foi Rivellino, que classificou a aus\u00eancia do atacante do Flamengo como um erro estrat\u00e9gico diante do atual cen\u00e1rio ofensivo do Brasil. Para o ex-jogador, Pedro \u00e9, [&hellip;]<\/p>\n","protected":false},"author":27,"featured_media":158916,"comment_status":"open","ping_status":"closed","sticky":false,"template":"","format":"standard","meta":{"footnotes":""},"categories":[1],"tags":[],"class_list":["post-268018","post","type-post","status-publish","format-standard","has-post-thumbnail","hentry","category-flamengo"],"yoast_head":"<!-- This site is optimized with the Yoast SEO Premium plugin v24.2 (Yoast SEO v26.9) - https:\/\/yoast.com\/product\/yoast-seo-premium-wordpress\/ -->\n<title>A declara\u00e7\u00e3o de Rivellino direcionada a Pedro, do Flamengo<\/title>\n<meta name=\"robots\" content=\"index, follow, max-snippet:-1, max-image-preview:large, max-video-preview:-1\" \/>\n<link rel=\"canonical\" href=\"https:\/\/www.gaveanews.com\/index.php\/2025\/05\/29\/a-declaracao-de-rivellino-direcionada-a-pedro-do-flamengo\/\" \/>\n<meta property=\"og:locale\" content=\"pt_BR\" \/>\n<meta property=\"og:type\" content=\"article\" \/>\n<meta property=\"og:title\" content=\"A declara\u00e7\u00e3o de Rivellino direcionada a Pedro, do Flamengo\" \/>\n<meta property=\"og:description\" content=\"A n\u00e3o convoca\u00e7\u00e3o de Pedro para a Sele\u00e7\u00e3o Brasileira gerou rea\u00e7\u00f5es imediatas, principalmente entre ex-jogadores com forte identifica\u00e7\u00e3o com o futebol nacional. Um dos que se manifestaram com veem\u00eancia foi Rivellino, que classificou a aus\u00eancia do atacante do Flamengo como um erro estrat\u00e9gico diante do atual cen\u00e1rio ofensivo do Brasil. Para o ex-jogador, Pedro \u00e9, [&hellip;]\" \/>\n<meta property=\"og:url\" content=\"https:\/\/www.gaveanews.com\/index.php\/2025\/05\/29\/a-declaracao-de-rivellino-direcionada-a-pedro-do-flamengo\/\" \/>\n<meta property=\"og:site_name\" content=\"G\u00e1vea News\" \/>\n<meta property=\"article:publisher\" content=\"https:\/\/facebook.com\/gaveaNews\/\" \/>\n<meta property=\"article:published_time\" content=\"2025-05-29T17:55:00+00:00\" \/>\n<meta property=\"og:image\" content=\"https:\/\/www.gaveanews.com\/wp-content\/uploads\/Pedro-em-acao-pelo-Flamengo.webp\" \/>\n\t<meta property=\"og:image:width\" content=\"1600\" \/>\n\t<meta property=\"og:image:height\" content=\"999\" \/>\n\t<meta property=\"og:image:type\" content=\"image\/jpeg\" \/>\n<meta name=\"author\" content=\"Matheus Felipe\" \/>\n<meta name=\"twitter:card\" content=\"summary_large_image\" \/>\n<meta name=\"twitter:label1\" content=\"Escrito por\" \/>\n\t<meta name=\"twitter:data1\" content=\"Matheus Felipe\" \/>\n\t<meta name=\"twitter:label2\" content=\"Est. tempo de leitura\" \/>\n\t<meta name=\"twitter:data2\" content=\"3 minutos\" \/>\n<script type=\"application\/ld+json\" class=\"yoast-schema-graph\">{\"@context\":\"https:\/\/schema.org\",\"@graph\":[{\"@type\":\"NewsArticle\",\"@id\":\"https:\/\/www.gaveanews.com\/index.php\/2025\/05\/29\/a-declaracao-de-rivellino-direcionada-a-pedro-do-flamengo\/#article\",\"isPartOf\":{\"@id\":\"https:\/\/www.gaveanews.com\/index.php\/2025\/05\/29\/a-declaracao-de-rivellino-direcionada-a-pedro-do-flamengo\/\"},\"author\":{\"name\":\"Matheus Felipe\",\"@id\":\"https:\/\/www.gaveanews.com\/#\/schema\/person\/8207cd4627f56151707418bfc835b2fb\"},\"headline\":\"A declara\u00e7\u00e3o de Rivellino direcionada a Pedro, do Flamengo\",\"datePublished\":\"2025-05-29T17:55:00+00:00\",\"mainEntityOfPage\":{\"@id\":\"https:\/\/www.gaveanews.com\/index.php\/2025\/05\/29\/a-declaracao-de-rivellino-direcionada-a-pedro-do-flamengo\/\"},\"wordCount\":394,\"commentCount\":0,\"image\":{\"@id\":\"https:\/\/www.gaveanews.com\/index.php\/2025\/05\/29\/a-declaracao-de-rivellino-direcionada-a-pedro-do-flamengo\/#primaryimage\"},\"thumbnailUrl\":\"https:\/\/www.gaveanews.com\/wp-content\/uploads\/Pedro-em-acao-pelo-Flamengo.webp\",\"articleSection\":[\"Flamengo\"],\"inLanguage\":\"pt-BR\",\"potentialAction\":[{\"@type\":\"CommentAction\",\"name\":\"Comment\",\"target\":[\"https:\/\/www.gaveanews.com\/index.php\/2025\/05\/29\/a-declaracao-de-rivellino-direcionada-a-pedro-do-flamengo\/#respond\"]}],\"copyrightYear\":\"2025\",\"copyrightHolder\":{\"@id\":\"https:\/\/www.gaveanews.com\/#organization\"}},{\"@type\":\"WebPage\",\"@id\":\"https:\/\/www.gaveanews.com\/index.php\/2025\/05\/29\/a-declaracao-de-rivellino-direcionada-a-pedro-do-flamengo\/\",\"url\":\"https:\/\/www.gaveanews.com\/index.php\/2025\/05\/29\/a-declaracao-de-rivellino-direcionada-a-pedro-do-flamengo\/\",\"name\":\"A declara\u00e7\u00e3o de Rivellino direcionada a Pedro, do Flamengo\",\"isPartOf\":{\"@id\":\"https:\/\/www.gaveanews.com\/#website\"},\"primaryImageOfPage\":{\"@id\":\"https:\/\/www.gaveanews.com\/index.php\/2025\/05\/29\/a-declaracao-de-rivellino-direcionada-a-pedro-do-flamengo\/#primaryimage\"},\"image\":{\"@id\":\"https:\/\/www.gaveanews.com\/index.php\/2025\/05\/29\/a-declaracao-de-rivellino-direcionada-a-pedro-do-flamengo\/#primaryimage\"},\"thumbnailUrl\":\"https:\/\/www.gaveanews.com\/wp-content\/uploads\/Pedro-em-acao-pelo-Flamengo.webp\",\"datePublished\":\"2025-05-29T17:55:00+00:00\",\"author\":{\"@id\":\"https:\/\/www.gaveanews.com\/#\/schema\/person\/8207cd4627f56151707418bfc835b2fb\"},\"breadcrumb\":{\"@id\":\"https:\/\/www.gaveanews.com\/index.php\/2025\/05\/29\/a-declaracao-de-rivellino-direcionada-a-pedro-do-flamengo\/#breadcrumb\"},\"inLanguage\":\"pt-BR\",\"potentialAction\":[{\"@type\":\"ReadAction\",\"target\":[\"https:\/\/www.gaveanews.com\/index.php\/2025\/05\/29\/a-declaracao-de-rivellino-direcionada-a-pedro-do-flamengo\/\"]}]},{\"@type\":\"ImageObject\",\"inLanguage\":\"pt-BR\",\"@id\":\"https:\/\/www.gaveanews.com\/index.php\/2025\/05\/29\/a-declaracao-de-rivellino-direcionada-a-pedro-do-flamengo\/#primaryimage\",\"url\":\"https:\/\/www.gaveanews.com\/wp-content\/uploads\/Pedro-em-acao-pelo-Flamengo.webp\",\"contentUrl\":\"https:\/\/www.gaveanews.com\/wp-content\/uploads\/Pedro-em-acao-pelo-Flamengo.webp\",\"width\":1600,\"height\":999,\"caption\":\"Pedro em a\u00e7\u00e3o pelo Flamengo (Foto: Divulga\u00e7\u00e3o\/Flamengo)\"},{\"@type\":\"BreadcrumbList\",\"@id\":\"https:\/\/www.gaveanews.com\/index.php\/2025\/05\/29\/a-declaracao-de-rivellino-direcionada-a-pedro-do-flamengo\/#breadcrumb\",\"itemListElement\":[{\"@type\":\"ListItem\",\"position\":1,\"name\":\"Home\",\"item\":\"https:\/\/www.gaveanews.com\/\"},{\"@type\":\"ListItem\",\"position\":2,\"name\":\"A declara\u00e7\u00e3o de Rivellino direcionada a Pedro, do Flamengo\"}]},{\"@type\":\"WebSite\",\"@id\":\"https:\/\/www.gaveanews.com\/#website\",\"url\":\"https:\/\/www.gaveanews.com\/\",\"name\":\"G\u00e1vea News\",\"description\":\"Veja todas as not\u00edcias sobre o Flamengo: Contrata\u00e7\u00f5es, categorias de base, resultados das partidas, tabela de classifica\u00e7\u00e3o, pr\u00f3ximos jogos!\",\"potentialAction\":[{\"@type\":\"SearchAction\",\"target\":{\"@type\":\"EntryPoint\",\"urlTemplate\":\"https:\/\/www.gaveanews.com\/?s={search_term_string}\"},\"query-input\":{\"@type\":\"PropertyValueSpecification\",\"valueRequired\":true,\"valueName\":\"search_term_string\"}}],\"inLanguage\":\"pt-BR\"},{\"@type\":\"Person\",\"@id\":\"https:\/\/www.gaveanews.com\/#\/schema\/person\/8207cd4627f56151707418bfc835b2fb\",\"name\":\"Matheus Felipe\",\"image\":{\"@type\":\"ImageObject\",\"inLanguage\":\"pt-BR\",\"@id\":\"https:\/\/www.gaveanews.com\/#\/schema\/person\/image\/\",\"url\":\"https:\/\/secure.gravatar.com\/avatar\/a452ffbed9130f726358b298bb3a99ce4bd3c5338411f8440e87e14d74c7c087?s=96&d=mm&r=g\",\"contentUrl\":\"https:\/\/secure.gravatar.com\/avatar\/a452ffbed9130f726358b298bb3a99ce4bd3c5338411f8440e87e14d74c7c087?s=96&d=mm&r=g\",\"caption\":\"Matheus Felipe\"}}]}<\/script>\n<!-- \/ Yoast SEO Premium plugin. -->","yoast_head_json":{"title":"A declara\u00e7\u00e3o de Rivellino direcionada a Pedro, do Flamengo","robots":{"index":"index","follow":"follow","max-snippet":"max-snippet:-1","max-image-preview":"max-image-preview:large","max-video-preview":"max-video-preview:-1"},"canonical":"https:\/\/www.gaveanews.com\/index.php\/2025\/05\/29\/a-declaracao-de-rivellino-direcionada-a-pedro-do-flamengo\/","og_locale":"pt_BR","og_type":"article","og_title":"A declara\u00e7\u00e3o de Rivellino direcionada a Pedro, do Flamengo","og_description":"A n\u00e3o convoca\u00e7\u00e3o de Pedro para a Sele\u00e7\u00e3o Brasileira gerou rea\u00e7\u00f5es imediatas, principalmente entre ex-jogadores com forte identifica\u00e7\u00e3o com o futebol nacional. Um dos que se manifestaram com veem\u00eancia foi Rivellino, que classificou a aus\u00eancia do atacante do Flamengo como um erro estrat\u00e9gico diante do atual cen\u00e1rio ofensivo do Brasil. Para o ex-jogador, Pedro \u00e9, [&hellip;]","og_url":"https:\/\/www.gaveanews.com\/index.php\/2025\/05\/29\/a-declaracao-de-rivellino-direcionada-a-pedro-do-flamengo\/","og_site_name":"G\u00e1vea News","article_publisher":"https:\/\/facebook.com\/gaveaNews\/","article_published_time":"2025-05-29T17:55:00+00:00","og_image":[{"width":1600,"height":999,"url":"https:\/\/www.gaveanews.com\/wp-content\/uploads\/Pedro-em-acao-pelo-Flamengo.webp","type":"image\/jpeg"}],"author":"Matheus Felipe","twitter_card":"summary_large_image","twitter_misc":{"Escrito por":"Matheus Felipe","Est. tempo de leitura":"3 minutos"},"schema":{"@context":"https:\/\/schema.org","@graph":[{"@type":"NewsArticle","@id":"https:\/\/www.gaveanews.com\/index.php\/2025\/05\/29\/a-declaracao-de-rivellino-direcionada-a-pedro-do-flamengo\/#article","isPartOf":{"@id":"https:\/\/www.gaveanews.com\/index.php\/2025\/05\/29\/a-declaracao-de-rivellino-direcionada-a-pedro-do-flamengo\/"},"author":{"name":"Matheus Felipe","@id":"https:\/\/www.gaveanews.com\/#\/schema\/person\/8207cd4627f56151707418bfc835b2fb"},"headline":"A declara\u00e7\u00e3o de Rivellino direcionada a Pedro, do Flamengo","datePublished":"2025-05-29T17:55:00+00:00","mainEntityOfPage":{"@id":"https:\/\/www.gaveanews.com\/index.php\/2025\/05\/29\/a-declaracao-de-rivellino-direcionada-a-pedro-do-flamengo\/"},"wordCount":394,"commentCount":0,"image":{"@id":"https:\/\/www.gaveanews.com\/index.php\/2025\/05\/29\/a-declaracao-de-rivellino-direcionada-a-pedro-do-flamengo\/#primaryimage"},"thumbnailUrl":"https:\/\/www.gaveanews.com\/wp-content\/uploads\/Pedro-em-acao-pelo-Flamengo.webp","articleSection":["Flamengo"],"inLanguage":"pt-BR","potentialAction":[{"@type":"CommentAction","name":"Comment","target":["https:\/\/www.gaveanews.com\/index.php\/2025\/05\/29\/a-declaracao-de-rivellino-direcionada-a-pedro-do-flamengo\/#respond"]}],"copyrightYear":"2025","copyrightHolder":{"@id":"https:\/\/www.gaveanews.com\/#organization"}},{"@type":"WebPage","@id":"https:\/\/www.gaveanews.com\/index.php\/2025\/05\/29\/a-declaracao-de-rivellino-direcionada-a-pedro-do-flamengo\/","url":"https:\/\/www.gaveanews.com\/index.php\/2025\/05\/29\/a-declaracao-de-rivellino-direcionada-a-pedro-do-flamengo\/","name":"A declara\u00e7\u00e3o de Rivellino direcionada a Pedro, do Flamengo","isPartOf":{"@id":"https:\/\/www.gaveanews.com\/#website"},"primaryImageOfPage":{"@id":"https:\/\/www.gaveanews.com\/index.php\/2025\/05\/29\/a-declaracao-de-rivellino-direcionada-a-pedro-do-flamengo\/#primaryimage"},"image":{"@id":"https:\/\/www.gaveanews.com\/index.php\/2025\/05\/29\/a-declaracao-de-rivellino-direcionada-a-pedro-do-flamengo\/#primaryimage"},"thumbnailUrl":"https:\/\/www.gaveanews.com\/wp-content\/uploads\/Pedro-em-acao-pelo-Flamengo.webp","datePublished":"2025-05-29T17:55:00+00:00","author":{"@id":"https:\/\/www.gaveanews.com\/#\/schema\/person\/8207cd4627f56151707418bfc835b2fb"},"breadcrumb":{"@id":"https:\/\/www.gaveanews.com\/index.php\/2025\/05\/29\/a-declaracao-de-rivellino-direcionada-a-pedro-do-flamengo\/#breadcrumb"},"inLanguage":"pt-BR","potentialAction":[{"@type":"ReadAction","target":["https:\/\/www.gaveanews.com\/index.php\/2025\/05\/29\/a-declaracao-de-rivellino-direcionada-a-pedro-do-flamengo\/"]}]},{"@type":"ImageObject","inLanguage":"pt-BR","@id":"https:\/\/www.gaveanews.com\/index.php\/2025\/05\/29\/a-declaracao-de-rivellino-direcionada-a-pedro-do-flamengo\/#primaryimage","url":"https:\/\/www.gaveanews.com\/wp-content\/uploads\/Pedro-em-acao-pelo-Flamengo.webp","contentUrl":"https:\/\/www.gaveanews.com\/wp-content\/uploads\/Pedro-em-acao-pelo-Flamengo.webp","width":1600,"height":999,"caption":"Pedro em a\u00e7\u00e3o pelo Flamengo (Foto: Divulga\u00e7\u00e3o\/Flamengo)"},{"@type":"BreadcrumbList","@id":"https:\/\/www.gaveanews.com\/index.php\/2025\/05\/29\/a-declaracao-de-rivellino-direcionada-a-pedro-do-flamengo\/#breadcrumb","itemListElement":[{"@type":"ListItem","position":1,"name":"Home","item":"https:\/\/www.gaveanews.com\/"},{"@type":"ListItem","position":2,"name":"A declara\u00e7\u00e3o de Rivellino direcionada a Pedro, do Flamengo"}]},{"@type":"WebSite","@id":"https:\/\/www.gaveanews.com\/#website","url":"https:\/\/www.gaveanews.com\/","name":"G\u00e1vea News","description":"Veja todas as not\u00edcias sobre o Flamengo: Contrata\u00e7\u00f5es, categorias de base, resultados das partidas, tabela de classifica\u00e7\u00e3o, pr\u00f3ximos jogos!","potentialAction":[{"@type":"SearchAction","target":{"@type":"EntryPoint","urlTemplate":"https:\/\/www.gaveanews.com\/?s={search_term_string}"},"query-input":{"@type":"PropertyValueSpecification","valueRequired":true,"valueName":"search_term_string"}}],"inLanguage":"pt-BR"},{"@type":"Person","@id":"https:\/\/www.gaveanews.com\/#\/schema\/person\/8207cd4627f56151707418bfc835b2fb","name":"Matheus Felipe","image":{"@type":"ImageObject","inLanguage":"pt-BR","@id":"https:\/\/www.gaveanews.com\/#\/schema\/person\/image\/","url":"https:\/\/secure.gravatar.com\/avatar\/a452ffbed9130f726358b298bb3a99ce4bd3c5338411f8440e87e14d74c7c087?s=96&d=mm&r=g","contentUrl":"https:\/\/secure.gravatar.com\/avatar\/a452ffbed9130f726358b298bb3a99ce4bd3c5338411f8440e87e14d74c7c087?s=96&d=mm&r=g","caption":"Matheus Felipe"}}]}},"_links":{"self":[{"href":"https:\/\/www.gaveanews.com\/index.php\/wp-json\/wp\/v2\/posts\/268018","targetHints":{"allow":["GET"]}}],"collection":[{"href":"https:\/\/www.gaveanews.com\/index.php\/wp-json\/wp\/v2\/posts"}],"about":[{"href":"https:\/\/www.gaveanews.com\/index.php\/wp-json\/wp\/v2\/types\/post"}],"author":[{"embeddable":true,"href":"https:\/\/www.gaveanews.com\/index.php\/wp-json\/wp\/v2\/users\/27"}],"replies":[{"embeddable":true,"href":"https:\/\/www.gaveanews.com\/index.php\/wp-json\/wp\/v2\/comments?post=268018"}],"version-history":[{"count":1,"href":"https:\/\/www.gaveanews.com\/index.php\/wp-json\/wp\/v2\/posts\/268018\/revisions"}],"predecessor-version":[{"id":268020,"href":"https:\/\/www.gaveanews.com\/index.php\/wp-json\/wp\/v2\/posts\/268018\/revisions\/268020"}],"wp:featuredmedia":[{"embeddable":true,"href":"https:\/\/www.gaveanews.com\/index.php\/wp-json\/wp\/v2\/media\/158916"}],"wp:attachment":[{"href":"https:\/\/www.gaveanews.com\/index.php\/wp-json\/wp\/v2\/media?parent=268018"}],"wp:term":[{"taxonomy":"category","embeddable":true,"href":"https:\/\/www.gaveanews.com\/index.php\/wp-json\/wp\/v2\/categories?post=268018"},{"taxonomy":"post_tag","embeddable":true,"href":"https:\/\/www.gaveanews.com\/index.php\/wp-json\/wp\/v2\/tags?post=268018"}],"curies":[{"name":"wp","href":"https:\/\/api.w.org\/{rel}","templated":true}]}}