{"id":268019,"date":"2025-05-29T15:00:00","date_gmt":"2025-05-29T18:00:00","guid":{"rendered":"https:\/\/www.gaveanews.com\/?p=268019"},"modified":"2025-05-29T14:05:50","modified_gmt":"2025-05-29T17:05:50","slug":"video-luxemburgo-e-casagrande-discutem-ao-vivo-por-causa-de-ancelotti","status":"publish","type":"post","link":"https:\/\/www.gaveanews.com\/index.php\/2025\/05\/29\/video-luxemburgo-e-casagrande-discutem-ao-vivo-por-causa-de-ancelotti\/","title":{"rendered":"V\u00eddeo: Luxemburgo e Casagrande discutem ao vivo por causa de Ancelotti"},"content":{"rendered":"\n<p>A confirma\u00e7\u00e3o de Carlo Ancelotti como novo t\u00e9cnico da Sele\u00e7\u00e3o Brasileira segue gerando intensos debates. Durante participa\u00e7\u00e3o no programa <em>Galv\u00e3o e Amigos<\/em>, exibido pela Band, os ex-jogadores Vanderlei Luxemburgo e Walter Casagrande protagonizaram uma discuss\u00e3o calorosa ao vivo, revelando vis\u00f5es opostas sobre a presen\u00e7a de estrangeiros no comando da equipe nacional.<\/p>\n\n\n\n<p>Primeiramente, Luxemburgo demonstrou insatisfa\u00e7\u00e3o com a escolha da CBF. Segundo ele, existe um processo cont\u00ednuo de desvaloriza\u00e7\u00e3o dos treinadores brasileiros, estimulado por setores da imprensa e amplificado pela opini\u00e3o p\u00fablica. \u201cFelip\u00e3o n\u00e3o presta mais, Dunga n\u00e3o presta mais, Mano n\u00e3o presta mais, Luxemburgo n\u00e3o presta mais&#8230;\u201d, afirmou o ex-t\u00e9cnico da Sele\u00e7\u00e3o, visivelmente exaltado. Para ele, a experi\u00eancia acumulada por profissionais brasileiros tem sido ignorada de forma injusta.<\/p>\n\n\n\n<figure class=\"wp-block-image size-large\"><img loading=\"lazy\" decoding=\"async\" width=\"1024\" height=\"683\" src=\"http:\/\/www.gaveanews.com\/wp-content\/uploads\/Carlo-Ancelotti-como-tecnico-da-Selecao-Brasileira-de-Futebol-1024x683.webp\" alt=\"\" class=\"wp-image-266849\" srcset=\"https:\/\/www.gaveanews.com\/wp-content\/uploads\/Carlo-Ancelotti-como-tecnico-da-Selecao-Brasileira-de-Futebol-1024x683.webp 1024w, https:\/\/www.gaveanews.com\/wp-content\/uploads\/Carlo-Ancelotti-como-tecnico-da-Selecao-Brasileira-de-Futebol-300x200.webp 300w, https:\/\/www.gaveanews.com\/wp-content\/uploads\/Carlo-Ancelotti-como-tecnico-da-Selecao-Brasileira-de-Futebol-768x512.webp 768w, https:\/\/www.gaveanews.com\/wp-content\/uploads\/Carlo-Ancelotti-como-tecnico-da-Selecao-Brasileira-de-Futebol-630x420.webp 630w, https:\/\/www.gaveanews.com\/wp-content\/uploads\/Carlo-Ancelotti-como-tecnico-da-Selecao-Brasileira-de-Futebol-640x427.webp 640w, https:\/\/www.gaveanews.com\/wp-content\/uploads\/Carlo-Ancelotti-como-tecnico-da-Selecao-Brasileira-de-Futebol-681x454.webp 681w, https:\/\/www.gaveanews.com\/wp-content\/uploads\/Carlo-Ancelotti-como-tecnico-da-Selecao-Brasileira-de-Futebol-100x67.webp 100w, https:\/\/www.gaveanews.com\/wp-content\/uploads\/Carlo-Ancelotti-como-tecnico-da-Selecao-Brasileira-de-Futebol.webp 1200w\" sizes=\"auto, (max-width: 1024px) 100vw, 1024px\" \/><figcaption class=\"wp-element-caption\">Carlo Ancelotti como t\u00e9cnico da Sele\u00e7\u00e3o Brasileira de Futebol (Foto: CBF\/Rafael Ribeiro)<\/figcaption><\/figure>\n\n\n\n<p>Casagrande, por outro lado, sustentou que a op\u00e7\u00e3o por Ancelotti \u00e9 reflexo direto do desempenho recente dos treinadores nacionais. Ele citou os trabalhos de Fernando Diniz e Dorival J\u00fanior, que n\u00e3o conseguiram obter bons resultados \u00e0 frente da Sele\u00e7\u00e3o. \u201cPerdemos com treinador brasileiro! Estamos num fiasco por causa de treinador brasileiro!\u201d, pontuou o comentarista esportivo, destacando que a mudan\u00e7a \u00e9 uma tentativa de solu\u00e7\u00e3o diante da falta de sucesso nas \u00faltimas campanhas.<\/p>\n\n\n\n<p>O ponto mais tenso da discuss\u00e3o surgiu quando Luxemburgo questionou o valor dado aos profissionais brasileiros. \u201cN\u00f3s aqui n\u00e3o prestamos, e os de fora v\u00eam aqui e prestam muito mais. N\u00e3o tenho nada contra ele (Ancelotti), mas n\u00f3s somos cachorros vira-latas\u201d, declarou. A frase provocou rea\u00e7\u00e3o imediata de Casagrande, que respondeu: \u201cVoc\u00ea n\u00e3o poderia usar esse discurso de vira-latas. \u00c9 o primeiro treinador estrangeiro que veio!\u201d<\/p>\n\n\n\n<p>Afinal, a diverg\u00eancia entre os dois refor\u00e7a um dilema recorrente no futebol nacional: a confian\u00e7a nos profissionais locais versus a expectativa por resultados imediatos com figuras internacionais. Embora ambos reconhe\u00e7am as dificuldades enfrentadas pela Sele\u00e7\u00e3o nos \u00faltimos anos, as solu\u00e7\u00f5es propostas caminham por trilhas distintas.<\/p>\n\n\n\n<p>Enquanto Luxemburgo clama por mais valoriza\u00e7\u00e3o e continuidade dos t\u00e9cnicos brasileiros, Casagrande aposta em uma abordagem mais pragm\u00e1tica, em busca de alternativas externas diante do fracasso interno. O debate escancarou, enfim, uma quest\u00e3o mais ampla sobre identidade, m\u00e9rito e planejamento a longo prazo na estrutura do futebol brasileiro.<\/p>\n","protected":false},"excerpt":{"rendered":"<p>A confirma\u00e7\u00e3o de Carlo Ancelotti como novo t\u00e9cnico da Sele\u00e7\u00e3o Brasileira segue gerando intensos debates. Durante participa\u00e7\u00e3o no programa Galv\u00e3o e Amigos, exibido pela Band, os ex-jogadores Vanderlei Luxemburgo e Walter Casagrande protagonizaram uma discuss\u00e3o calorosa ao vivo, revelando vis\u00f5es opostas sobre a presen\u00e7a de estrangeiros no comando da equipe nacional. Primeiramente, Luxemburgo demonstrou insatisfa\u00e7\u00e3o [&hellip;]<\/p>\n","protected":false},"author":27,"featured_media":33887,"comment_status":"open","ping_status":"closed","sticky":false,"template":"","format":"standard","meta":{"footnotes":""},"categories":[478],"tags":[],"class_list":["post-268019","post","type-post","status-publish","format-standard","has-post-thumbnail","hentry","category-brasil"],"yoast_head":"<!-- This site is optimized with the Yoast SEO Premium plugin v24.2 (Yoast SEO v26.9) - https:\/\/yoast.com\/product\/yoast-seo-premium-wordpress\/ -->\n<title>V\u00eddeo: Luxemburgo e Casagrande discutem ao vivo por causa de Ancelotti<\/title>\n<meta name=\"robots\" content=\"index, follow, max-snippet:-1, max-image-preview:large, max-video-preview:-1\" \/>\n<link rel=\"canonical\" href=\"https:\/\/www.gaveanews.com\/index.php\/2025\/05\/29\/video-luxemburgo-e-casagrande-discutem-ao-vivo-por-causa-de-ancelotti\/\" \/>\n<meta property=\"og:locale\" content=\"pt_BR\" \/>\n<meta property=\"og:type\" content=\"article\" \/>\n<meta property=\"og:title\" content=\"V\u00eddeo: Luxemburgo e Casagrande discutem ao vivo por causa de Ancelotti\" \/>\n<meta property=\"og:description\" content=\"A confirma\u00e7\u00e3o de Carlo Ancelotti como novo t\u00e9cnico da Sele\u00e7\u00e3o Brasileira segue gerando intensos debates. Durante participa\u00e7\u00e3o no programa Galv\u00e3o e Amigos, exibido pela Band, os ex-jogadores Vanderlei Luxemburgo e Walter Casagrande protagonizaram uma discuss\u00e3o calorosa ao vivo, revelando vis\u00f5es opostas sobre a presen\u00e7a de estrangeiros no comando da equipe nacional. Primeiramente, Luxemburgo demonstrou insatisfa\u00e7\u00e3o [&hellip;]\" \/>\n<meta property=\"og:url\" content=\"https:\/\/www.gaveanews.com\/index.php\/2025\/05\/29\/video-luxemburgo-e-casagrande-discutem-ao-vivo-por-causa-de-ancelotti\/\" \/>\n<meta property=\"og:site_name\" content=\"G\u00e1vea News\" \/>\n<meta property=\"article:publisher\" content=\"https:\/\/facebook.com\/gaveaNews\/\" \/>\n<meta property=\"article:published_time\" content=\"2025-05-29T18:00:00+00:00\" \/>\n<meta property=\"og:image\" content=\"https:\/\/www.gaveanews.com\/wp-content\/uploads\/esporte-vanderlei-luxemburgo-28092015-001-scaled.webp\" \/>\n\t<meta property=\"og:image:width\" content=\"2560\" \/>\n\t<meta property=\"og:image:height\" content=\"1707\" \/>\n\t<meta property=\"og:image:type\" content=\"image\/jpeg\" \/>\n<meta name=\"author\" content=\"Matheus Felipe\" \/>\n<meta name=\"twitter:card\" content=\"summary_large_image\" \/>\n<meta name=\"twitter:label1\" content=\"Escrito por\" \/>\n\t<meta name=\"twitter:data1\" content=\"Matheus Felipe\" \/>\n\t<meta name=\"twitter:label2\" content=\"Est. tempo de leitura\" \/>\n\t<meta name=\"twitter:data2\" content=\"3 minutos\" \/>\n<script type=\"application\/ld+json\" class=\"yoast-schema-graph\">{\"@context\":\"https:\/\/schema.org\",\"@graph\":[{\"@type\":\"NewsArticle\",\"@id\":\"https:\/\/www.gaveanews.com\/index.php\/2025\/05\/29\/video-luxemburgo-e-casagrande-discutem-ao-vivo-por-causa-de-ancelotti\/#article\",\"isPartOf\":{\"@id\":\"https:\/\/www.gaveanews.com\/index.php\/2025\/05\/29\/video-luxemburgo-e-casagrande-discutem-ao-vivo-por-causa-de-ancelotti\/\"},\"author\":{\"name\":\"Matheus Felipe\",\"@id\":\"https:\/\/www.gaveanews.com\/#\/schema\/person\/8207cd4627f56151707418bfc835b2fb\"},\"headline\":\"V\u00eddeo: Luxemburgo e Casagrande discutem ao vivo por causa de Ancelotti\",\"datePublished\":\"2025-05-29T18:00:00+00:00\",\"mainEntityOfPage\":{\"@id\":\"https:\/\/www.gaveanews.com\/index.php\/2025\/05\/29\/video-luxemburgo-e-casagrande-discutem-ao-vivo-por-causa-de-ancelotti\/\"},\"wordCount\":418,\"commentCount\":0,\"image\":{\"@id\":\"https:\/\/www.gaveanews.com\/index.php\/2025\/05\/29\/video-luxemburgo-e-casagrande-discutem-ao-vivo-por-causa-de-ancelotti\/#primaryimage\"},\"thumbnailUrl\":\"https:\/\/www.gaveanews.com\/wp-content\/uploads\/esporte-vanderlei-luxemburgo-28092015-001-scaled.webp\",\"articleSection\":[\"Brasil\"],\"inLanguage\":\"pt-BR\",\"potentialAction\":[{\"@type\":\"CommentAction\",\"name\":\"Comment\",\"target\":[\"https:\/\/www.gaveanews.com\/index.php\/2025\/05\/29\/video-luxemburgo-e-casagrande-discutem-ao-vivo-por-causa-de-ancelotti\/#respond\"]}],\"copyrightYear\":\"2025\",\"copyrightHolder\":{\"@id\":\"https:\/\/www.gaveanews.com\/#organization\"}},{\"@type\":\"WebPage\",\"@id\":\"https:\/\/www.gaveanews.com\/index.php\/2025\/05\/29\/video-luxemburgo-e-casagrande-discutem-ao-vivo-por-causa-de-ancelotti\/\",\"url\":\"https:\/\/www.gaveanews.com\/index.php\/2025\/05\/29\/video-luxemburgo-e-casagrande-discutem-ao-vivo-por-causa-de-ancelotti\/\",\"name\":\"V\u00eddeo: Luxemburgo e Casagrande discutem ao vivo por causa de Ancelotti\",\"isPartOf\":{\"@id\":\"https:\/\/www.gaveanews.com\/#website\"},\"primaryImageOfPage\":{\"@id\":\"https:\/\/www.gaveanews.com\/index.php\/2025\/05\/29\/video-luxemburgo-e-casagrande-discutem-ao-vivo-por-causa-de-ancelotti\/#primaryimage\"},\"image\":{\"@id\":\"https:\/\/www.gaveanews.com\/index.php\/2025\/05\/29\/video-luxemburgo-e-casagrande-discutem-ao-vivo-por-causa-de-ancelotti\/#primaryimage\"},\"thumbnailUrl\":\"https:\/\/www.gaveanews.com\/wp-content\/uploads\/esporte-vanderlei-luxemburgo-28092015-001-scaled.webp\",\"datePublished\":\"2025-05-29T18:00:00+00:00\",\"author\":{\"@id\":\"https:\/\/www.gaveanews.com\/#\/schema\/person\/8207cd4627f56151707418bfc835b2fb\"},\"breadcrumb\":{\"@id\":\"https:\/\/www.gaveanews.com\/index.php\/2025\/05\/29\/video-luxemburgo-e-casagrande-discutem-ao-vivo-por-causa-de-ancelotti\/#breadcrumb\"},\"inLanguage\":\"pt-BR\",\"potentialAction\":[{\"@type\":\"ReadAction\",\"target\":[\"https:\/\/www.gaveanews.com\/index.php\/2025\/05\/29\/video-luxemburgo-e-casagrande-discutem-ao-vivo-por-causa-de-ancelotti\/\"]}]},{\"@type\":\"ImageObject\",\"inLanguage\":\"pt-BR\",\"@id\":\"https:\/\/www.gaveanews.com\/index.php\/2025\/05\/29\/video-luxemburgo-e-casagrande-discutem-ao-vivo-por-causa-de-ancelotti\/#primaryimage\",\"url\":\"https:\/\/www.gaveanews.com\/wp-content\/uploads\/esporte-vanderlei-luxemburgo-28092015-001-scaled.webp\",\"contentUrl\":\"https:\/\/www.gaveanews.com\/wp-content\/uploads\/esporte-vanderlei-luxemburgo-28092015-001-scaled.webp\",\"width\":2560,\"height\":1707,\"caption\":\"Vanderlei Luxemburgo (Photo by VCG\/VCG via Getty Images)\"},{\"@type\":\"BreadcrumbList\",\"@id\":\"https:\/\/www.gaveanews.com\/index.php\/2025\/05\/29\/video-luxemburgo-e-casagrande-discutem-ao-vivo-por-causa-de-ancelotti\/#breadcrumb\",\"itemListElement\":[{\"@type\":\"ListItem\",\"position\":1,\"name\":\"Home\",\"item\":\"https:\/\/www.gaveanews.com\/\"},{\"@type\":\"ListItem\",\"position\":2,\"name\":\"V\u00eddeo: Luxemburgo e Casagrande discutem ao vivo por causa de Ancelotti\"}]},{\"@type\":\"WebSite\",\"@id\":\"https:\/\/www.gaveanews.com\/#website\",\"url\":\"https:\/\/www.gaveanews.com\/\",\"name\":\"G\u00e1vea News\",\"description\":\"Veja todas as not\u00edcias sobre o Flamengo: Contrata\u00e7\u00f5es, categorias de base, resultados das partidas, tabela de classifica\u00e7\u00e3o, pr\u00f3ximos jogos!\",\"potentialAction\":[{\"@type\":\"SearchAction\",\"target\":{\"@type\":\"EntryPoint\",\"urlTemplate\":\"https:\/\/www.gaveanews.com\/?s={search_term_string}\"},\"query-input\":{\"@type\":\"PropertyValueSpecification\",\"valueRequired\":true,\"valueName\":\"search_term_string\"}}],\"inLanguage\":\"pt-BR\"},{\"@type\":\"Person\",\"@id\":\"https:\/\/www.gaveanews.com\/#\/schema\/person\/8207cd4627f56151707418bfc835b2fb\",\"name\":\"Matheus Felipe\",\"image\":{\"@type\":\"ImageObject\",\"inLanguage\":\"pt-BR\",\"@id\":\"https:\/\/www.gaveanews.com\/#\/schema\/person\/image\/\",\"url\":\"https:\/\/secure.gravatar.com\/avatar\/a452ffbed9130f726358b298bb3a99ce4bd3c5338411f8440e87e14d74c7c087?s=96&d=mm&r=g\",\"contentUrl\":\"https:\/\/secure.gravatar.com\/avatar\/a452ffbed9130f726358b298bb3a99ce4bd3c5338411f8440e87e14d74c7c087?s=96&d=mm&r=g\",\"caption\":\"Matheus Felipe\"}}]}<\/script>\n<!-- \/ Yoast SEO Premium plugin. -->","yoast_head_json":{"title":"V\u00eddeo: Luxemburgo e Casagrande discutem ao vivo por causa de Ancelotti","robots":{"index":"index","follow":"follow","max-snippet":"max-snippet:-1","max-image-preview":"max-image-preview:large","max-video-preview":"max-video-preview:-1"},"canonical":"https:\/\/www.gaveanews.com\/index.php\/2025\/05\/29\/video-luxemburgo-e-casagrande-discutem-ao-vivo-por-causa-de-ancelotti\/","og_locale":"pt_BR","og_type":"article","og_title":"V\u00eddeo: Luxemburgo e Casagrande discutem ao vivo por causa de Ancelotti","og_description":"A confirma\u00e7\u00e3o de Carlo Ancelotti como novo t\u00e9cnico da Sele\u00e7\u00e3o Brasileira segue gerando intensos debates. Durante participa\u00e7\u00e3o no programa Galv\u00e3o e Amigos, exibido pela Band, os ex-jogadores Vanderlei Luxemburgo e Walter Casagrande protagonizaram uma discuss\u00e3o calorosa ao vivo, revelando vis\u00f5es opostas sobre a presen\u00e7a de estrangeiros no comando da equipe nacional. Primeiramente, Luxemburgo demonstrou insatisfa\u00e7\u00e3o [&hellip;]","og_url":"https:\/\/www.gaveanews.com\/index.php\/2025\/05\/29\/video-luxemburgo-e-casagrande-discutem-ao-vivo-por-causa-de-ancelotti\/","og_site_name":"G\u00e1vea News","article_publisher":"https:\/\/facebook.com\/gaveaNews\/","article_published_time":"2025-05-29T18:00:00+00:00","og_image":[{"width":2560,"height":1707,"url":"https:\/\/www.gaveanews.com\/wp-content\/uploads\/esporte-vanderlei-luxemburgo-28092015-001-scaled.webp","type":"image\/jpeg"}],"author":"Matheus Felipe","twitter_card":"summary_large_image","twitter_misc":{"Escrito por":"Matheus Felipe","Est. tempo de leitura":"3 minutos"},"schema":{"@context":"https:\/\/schema.org","@graph":[{"@type":"NewsArticle","@id":"https:\/\/www.gaveanews.com\/index.php\/2025\/05\/29\/video-luxemburgo-e-casagrande-discutem-ao-vivo-por-causa-de-ancelotti\/#article","isPartOf":{"@id":"https:\/\/www.gaveanews.com\/index.php\/2025\/05\/29\/video-luxemburgo-e-casagrande-discutem-ao-vivo-por-causa-de-ancelotti\/"},"author":{"name":"Matheus Felipe","@id":"https:\/\/www.gaveanews.com\/#\/schema\/person\/8207cd4627f56151707418bfc835b2fb"},"headline":"V\u00eddeo: Luxemburgo e Casagrande discutem ao vivo por causa de Ancelotti","datePublished":"2025-05-29T18:00:00+00:00","mainEntityOfPage":{"@id":"https:\/\/www.gaveanews.com\/index.php\/2025\/05\/29\/video-luxemburgo-e-casagrande-discutem-ao-vivo-por-causa-de-ancelotti\/"},"wordCount":418,"commentCount":0,"image":{"@id":"https:\/\/www.gaveanews.com\/index.php\/2025\/05\/29\/video-luxemburgo-e-casagrande-discutem-ao-vivo-por-causa-de-ancelotti\/#primaryimage"},"thumbnailUrl":"https:\/\/www.gaveanews.com\/wp-content\/uploads\/esporte-vanderlei-luxemburgo-28092015-001-scaled.webp","articleSection":["Brasil"],"inLanguage":"pt-BR","potentialAction":[{"@type":"CommentAction","name":"Comment","target":["https:\/\/www.gaveanews.com\/index.php\/2025\/05\/29\/video-luxemburgo-e-casagrande-discutem-ao-vivo-por-causa-de-ancelotti\/#respond"]}],"copyrightYear":"2025","copyrightHolder":{"@id":"https:\/\/www.gaveanews.com\/#organization"}},{"@type":"WebPage","@id":"https:\/\/www.gaveanews.com\/index.php\/2025\/05\/29\/video-luxemburgo-e-casagrande-discutem-ao-vivo-por-causa-de-ancelotti\/","url":"https:\/\/www.gaveanews.com\/index.php\/2025\/05\/29\/video-luxemburgo-e-casagrande-discutem-ao-vivo-por-causa-de-ancelotti\/","name":"V\u00eddeo: Luxemburgo e Casagrande discutem ao vivo por causa de Ancelotti","isPartOf":{"@id":"https:\/\/www.gaveanews.com\/#website"},"primaryImageOfPage":{"@id":"https:\/\/www.gaveanews.com\/index.php\/2025\/05\/29\/video-luxemburgo-e-casagrande-discutem-ao-vivo-por-causa-de-ancelotti\/#primaryimage"},"image":{"@id":"https:\/\/www.gaveanews.com\/index.php\/2025\/05\/29\/video-luxemburgo-e-casagrande-discutem-ao-vivo-por-causa-de-ancelotti\/#primaryimage"},"thumbnailUrl":"https:\/\/www.gaveanews.com\/wp-content\/uploads\/esporte-vanderlei-luxemburgo-28092015-001-scaled.webp","datePublished":"2025-05-29T18:00:00+00:00","author":{"@id":"https:\/\/www.gaveanews.com\/#\/schema\/person\/8207cd4627f56151707418bfc835b2fb"},"breadcrumb":{"@id":"https:\/\/www.gaveanews.com\/index.php\/2025\/05\/29\/video-luxemburgo-e-casagrande-discutem-ao-vivo-por-causa-de-ancelotti\/#breadcrumb"},"inLanguage":"pt-BR","potentialAction":[{"@type":"ReadAction","target":["https:\/\/www.gaveanews.com\/index.php\/2025\/05\/29\/video-luxemburgo-e-casagrande-discutem-ao-vivo-por-causa-de-ancelotti\/"]}]},{"@type":"ImageObject","inLanguage":"pt-BR","@id":"https:\/\/www.gaveanews.com\/index.php\/2025\/05\/29\/video-luxemburgo-e-casagrande-discutem-ao-vivo-por-causa-de-ancelotti\/#primaryimage","url":"https:\/\/www.gaveanews.com\/wp-content\/uploads\/esporte-vanderlei-luxemburgo-28092015-001-scaled.webp","contentUrl":"https:\/\/www.gaveanews.com\/wp-content\/uploads\/esporte-vanderlei-luxemburgo-28092015-001-scaled.webp","width":2560,"height":1707,"caption":"Vanderlei Luxemburgo (Photo by VCG\/VCG via Getty Images)"},{"@type":"BreadcrumbList","@id":"https:\/\/www.gaveanews.com\/index.php\/2025\/05\/29\/video-luxemburgo-e-casagrande-discutem-ao-vivo-por-causa-de-ancelotti\/#breadcrumb","itemListElement":[{"@type":"ListItem","position":1,"name":"Home","item":"https:\/\/www.gaveanews.com\/"},{"@type":"ListItem","position":2,"name":"V\u00eddeo: Luxemburgo e Casagrande discutem ao vivo por causa de Ancelotti"}]},{"@type":"WebSite","@id":"https:\/\/www.gaveanews.com\/#website","url":"https:\/\/www.gaveanews.com\/","name":"G\u00e1vea News","description":"Veja todas as not\u00edcias sobre o Flamengo: Contrata\u00e7\u00f5es, categorias de base, resultados das partidas, tabela de classifica\u00e7\u00e3o, pr\u00f3ximos jogos!","potentialAction":[{"@type":"SearchAction","target":{"@type":"EntryPoint","urlTemplate":"https:\/\/www.gaveanews.com\/?s={search_term_string}"},"query-input":{"@type":"PropertyValueSpecification","valueRequired":true,"valueName":"search_term_string"}}],"inLanguage":"pt-BR"},{"@type":"Person","@id":"https:\/\/www.gaveanews.com\/#\/schema\/person\/8207cd4627f56151707418bfc835b2fb","name":"Matheus Felipe","image":{"@type":"ImageObject","inLanguage":"pt-BR","@id":"https:\/\/www.gaveanews.com\/#\/schema\/person\/image\/","url":"https:\/\/secure.gravatar.com\/avatar\/a452ffbed9130f726358b298bb3a99ce4bd3c5338411f8440e87e14d74c7c087?s=96&d=mm&r=g","contentUrl":"https:\/\/secure.gravatar.com\/avatar\/a452ffbed9130f726358b298bb3a99ce4bd3c5338411f8440e87e14d74c7c087?s=96&d=mm&r=g","caption":"Matheus Felipe"}}]}},"_links":{"self":[{"href":"https:\/\/www.gaveanews.com\/index.php\/wp-json\/wp\/v2\/posts\/268019","targetHints":{"allow":["GET"]}}],"collection":[{"href":"https:\/\/www.gaveanews.com\/index.php\/wp-json\/wp\/v2\/posts"}],"about":[{"href":"https:\/\/www.gaveanews.com\/index.php\/wp-json\/wp\/v2\/types\/post"}],"author":[{"embeddable":true,"href":"https:\/\/www.gaveanews.com\/index.php\/wp-json\/wp\/v2\/users\/27"}],"replies":[{"embeddable":true,"href":"https:\/\/www.gaveanews.com\/index.php\/wp-json\/wp\/v2\/comments?post=268019"}],"version-history":[{"count":1,"href":"https:\/\/www.gaveanews.com\/index.php\/wp-json\/wp\/v2\/posts\/268019\/revisions"}],"predecessor-version":[{"id":268022,"href":"https:\/\/www.gaveanews.com\/index.php\/wp-json\/wp\/v2\/posts\/268019\/revisions\/268022"}],"wp:featuredmedia":[{"embeddable":true,"href":"https:\/\/www.gaveanews.com\/index.php\/wp-json\/wp\/v2\/media\/33887"}],"wp:attachment":[{"href":"https:\/\/www.gaveanews.com\/index.php\/wp-json\/wp\/v2\/media?parent=268019"}],"wp:term":[{"taxonomy":"category","embeddable":true,"href":"https:\/\/www.gaveanews.com\/index.php\/wp-json\/wp\/v2\/categories?post=268019"},{"taxonomy":"post_tag","embeddable":true,"href":"https:\/\/www.gaveanews.com\/index.php\/wp-json\/wp\/v2\/tags?post=268019"}],"curies":[{"name":"wp","href":"https:\/\/api.w.org\/{rel}","templated":true}]}}