{"id":26805,"date":"2019-09-05T07:57:47","date_gmt":"2019-09-05T10:57:47","guid":{"rendered":"http:\/\/www.gaveanews.com\/?p=26805"},"modified":"2019-09-05T20:08:28","modified_gmt":"2019-09-05T23:08:28","slug":"empresario-tira-seis-atletas-do-corinthians-e-flamengo-surge-dentre-um-dos-destinos","status":"publish","type":"post","link":"https:\/\/www.gaveanews.com\/index.php\/2019\/09\/05\/empresario-tira-seis-atletas-do-corinthians-e-flamengo-surge-dentre-um-dos-destinos\/","title":{"rendered":"Empres\u00e1rio tira seis jogadores do Corinthians e Flamengo surge dentre um dos destinos"},"content":{"rendered":"\n<p>Dois meses ap\u00f3s firmarem acordo com o Corinthians, seis atletas das categorias de base acertaram suas sa\u00eddas do clube nesta ter\u00e7a-feira. Todos faziam parte do Cana\u00e3 Esporte Clube e foram trazidos por interm\u00e9dio de Will Dantas, empres\u00e1rio de Pedrinho.<\/p>\n\n\n\n<p>O atletas s\u00e3o: o zagueiro Guilherme Prates, o lateral-esquerdo Alanderson, os meias Iago Santana e \u00c2ngelo Mois\u00e9s e os atacantes Weslei Ribeiro e Paulo Henrique. As seis rescis\u00f5es j\u00e1 foram publicadas no Boletim Informativo Di\u00e1rio (BID) da CBF.<\/p>\n\n\n\n<p>Os jogadores chegaram ao Corinthians com v\u00ednculo at\u00e9 o final deste ano para atuar na equipe sub-20, mas, sem chances de entrar em campo, Will Dantas optou retir\u00e1-los do clube, visando a disputada da Copa S\u00e3o Paulo de Futebol J\u00fanior do pr\u00f3ximo ano. O Bahia aparece como o destino de quatro deles, enquanto Flamengo e Santos devem ficar com um cada.<\/p>\n\n\n\n<p>\u201cEu pedi a rescis\u00e3o amig\u00e1vel do contrato porque eles n\u00e3o estavam usando os garotos e o Flamengo, Santos e Bahia me pediram os atletas para disputar a copa S\u00e3o Paulo, n\u00e3o podia atrasar um ano na vida deles independente do clube que fosse\u201d, disse Dantas em contato com a reportagem da Gazeta Esportiva.<\/p>\n\n\n\n<p>Nenhum dos seis jovens sequer disputou alguma partida durante esse breve per\u00edodo em que treinaram no Corinthians.<\/p>\n\n\n\n<p>Retirado de: Fox Sports<\/p>\n\n\n","protected":false},"excerpt":{"rendered":"<p>Dois meses ap\u00f3s firmarem acordo com o Corinthians, seis atletas das categorias de base acertaram suas sa\u00eddas do clube nesta ter\u00e7a-feira. Todos faziam parte do Cana\u00e3 Esporte Clube e foram trazidos por interm\u00e9dio de Will Dantas, empres\u00e1rio de Pedrinho. O atletas s\u00e3o: o zagueiro Guilherme Prates, o lateral-esquerdo Alanderson, os meias Iago Santana e \u00c2ngelo [&hellip;]<\/p>\n","protected":false},"author":1,"featured_media":15184,"comment_status":"open","ping_status":"open","sticky":false,"template":"","format":"standard","meta":{"footnotes":""},"categories":[48],"tags":[],"class_list":["post-26805","post","type-post","status-publish","format-standard","has-post-thumbnail","hentry","category-negociacoes"],"yoast_head":"<!-- This site is optimized with the Yoast SEO Premium plugin v24.2 (Yoast SEO v26.9) - https:\/\/yoast.com\/product\/yoast-seo-premium-wordpress\/ -->\n<title>Empres\u00e1rio tira seis jogadores do Corinthians e Flamengo surge dentre um dos destinos<\/title>\n<meta name=\"robots\" content=\"index, follow, max-snippet:-1, max-image-preview:large, max-video-preview:-1\" \/>\n<link rel=\"canonical\" href=\"https:\/\/www.gaveanews.com\/index.php\/2019\/09\/05\/empresario-tira-seis-atletas-do-corinthians-e-flamengo-surge-dentre-um-dos-destinos\/\" \/>\n<meta property=\"og:locale\" content=\"pt_BR\" \/>\n<meta property=\"og:type\" content=\"article\" \/>\n<meta property=\"og:title\" content=\"Empres\u00e1rio tira seis jogadores do Corinthians e Flamengo surge dentre um dos destinos\" \/>\n<meta property=\"og:description\" content=\"Dois meses ap\u00f3s firmarem acordo com o Corinthians, seis atletas das categorias de base acertaram suas sa\u00eddas do clube nesta ter\u00e7a-feira. Todos faziam parte do Cana\u00e3 Esporte Clube e foram trazidos por interm\u00e9dio de Will Dantas, empres\u00e1rio de Pedrinho. O atletas s\u00e3o: o zagueiro Guilherme Prates, o lateral-esquerdo Alanderson, os meias Iago Santana e \u00c2ngelo [&hellip;]\" \/>\n<meta property=\"og:url\" content=\"https:\/\/www.gaveanews.com\/index.php\/2019\/09\/05\/empresario-tira-seis-atletas-do-corinthians-e-flamengo-surge-dentre-um-dos-destinos\/\" \/>\n<meta property=\"og:site_name\" content=\"G\u00e1vea News\" \/>\n<meta property=\"article:publisher\" content=\"https:\/\/facebook.com\/gaveaNews\/\" \/>\n<meta property=\"article:published_time\" content=\"2019-09-05T10:57:47+00:00\" \/>\n<meta property=\"article:modified_time\" content=\"2019-09-05T23:08:28+00:00\" \/>\n<meta property=\"og:image\" content=\"https:\/\/www.gaveanews.com\/wp-content\/uploads\/2019\/03\/Entrada-do-Ninho-do-Urubu.webp\" \/>\n\t<meta property=\"og:image:width\" content=\"846\" \/>\n\t<meta property=\"og:image:height\" content=\"564\" \/>\n\t<meta property=\"og:image:type\" content=\"image\/jpeg\" \/>\n<meta name=\"author\" content=\"Equipe G\u00e1vea News\" \/>\n<meta name=\"twitter:card\" content=\"summary_large_image\" \/>\n<meta name=\"twitter:label1\" content=\"Escrito por\" \/>\n\t<meta name=\"twitter:data1\" content=\"Equipe G\u00e1vea News\" \/>\n\t<meta name=\"twitter:label2\" content=\"Est. tempo de leitura\" \/>\n\t<meta name=\"twitter:data2\" content=\"1 minuto\" \/>\n<script type=\"application\/ld+json\" class=\"yoast-schema-graph\">{\"@context\":\"https:\/\/schema.org\",\"@graph\":[{\"@type\":\"NewsArticle\",\"@id\":\"https:\/\/www.gaveanews.com\/index.php\/2019\/09\/05\/empresario-tira-seis-atletas-do-corinthians-e-flamengo-surge-dentre-um-dos-destinos\/#article\",\"isPartOf\":{\"@id\":\"https:\/\/www.gaveanews.com\/index.php\/2019\/09\/05\/empresario-tira-seis-atletas-do-corinthians-e-flamengo-surge-dentre-um-dos-destinos\/\"},\"author\":{\"name\":\"Equipe G\u00e1vea News\",\"@id\":\"https:\/\/www.gaveanews.com\/#\/schema\/person\/2ec14f73fb96be2caf28f91afb14749d\"},\"headline\":\"Empres\u00e1rio tira seis jogadores do Corinthians e Flamengo surge dentre um dos destinos\",\"datePublished\":\"2019-09-05T10:57:47+00:00\",\"dateModified\":\"2019-09-05T23:08:28+00:00\",\"mainEntityOfPage\":{\"@id\":\"https:\/\/www.gaveanews.com\/index.php\/2019\/09\/05\/empresario-tira-seis-atletas-do-corinthians-e-flamengo-surge-dentre-um-dos-destinos\/\"},\"wordCount\":246,\"commentCount\":0,\"image\":{\"@id\":\"https:\/\/www.gaveanews.com\/index.php\/2019\/09\/05\/empresario-tira-seis-atletas-do-corinthians-e-flamengo-surge-dentre-um-dos-destinos\/#primaryimage\"},\"thumbnailUrl\":\"https:\/\/www.gaveanews.com\/wp-content\/uploads\/2019\/03\/Entrada-do-Ninho-do-Urubu.webp\",\"articleSection\":[\"Negocia\u00e7\u00f5es\"],\"inLanguage\":\"pt-BR\",\"potentialAction\":[{\"@type\":\"CommentAction\",\"name\":\"Comment\",\"target\":[\"https:\/\/www.gaveanews.com\/index.php\/2019\/09\/05\/empresario-tira-seis-atletas-do-corinthians-e-flamengo-surge-dentre-um-dos-destinos\/#respond\"]}],\"copyrightYear\":\"2019\",\"copyrightHolder\":{\"@id\":\"https:\/\/www.gaveanews.com\/#organization\"}},{\"@type\":\"WebPage\",\"@id\":\"https:\/\/www.gaveanews.com\/index.php\/2019\/09\/05\/empresario-tira-seis-atletas-do-corinthians-e-flamengo-surge-dentre-um-dos-destinos\/\",\"url\":\"https:\/\/www.gaveanews.com\/index.php\/2019\/09\/05\/empresario-tira-seis-atletas-do-corinthians-e-flamengo-surge-dentre-um-dos-destinos\/\",\"name\":\"Empres\u00e1rio tira seis jogadores do Corinthians e Flamengo surge dentre um dos destinos\",\"isPartOf\":{\"@id\":\"https:\/\/www.gaveanews.com\/#website\"},\"primaryImageOfPage\":{\"@id\":\"https:\/\/www.gaveanews.com\/index.php\/2019\/09\/05\/empresario-tira-seis-atletas-do-corinthians-e-flamengo-surge-dentre-um-dos-destinos\/#primaryimage\"},\"image\":{\"@id\":\"https:\/\/www.gaveanews.com\/index.php\/2019\/09\/05\/empresario-tira-seis-atletas-do-corinthians-e-flamengo-surge-dentre-um-dos-destinos\/#primaryimage\"},\"thumbnailUrl\":\"https:\/\/www.gaveanews.com\/wp-content\/uploads\/2019\/03\/Entrada-do-Ninho-do-Urubu.webp\",\"datePublished\":\"2019-09-05T10:57:47+00:00\",\"dateModified\":\"2019-09-05T23:08:28+00:00\",\"author\":{\"@id\":\"https:\/\/www.gaveanews.com\/#\/schema\/person\/2ec14f73fb96be2caf28f91afb14749d\"},\"breadcrumb\":{\"@id\":\"https:\/\/www.gaveanews.com\/index.php\/2019\/09\/05\/empresario-tira-seis-atletas-do-corinthians-e-flamengo-surge-dentre-um-dos-destinos\/#breadcrumb\"},\"inLanguage\":\"pt-BR\",\"potentialAction\":[{\"@type\":\"ReadAction\",\"target\":[\"https:\/\/www.gaveanews.com\/index.php\/2019\/09\/05\/empresario-tira-seis-atletas-do-corinthians-e-flamengo-surge-dentre-um-dos-destinos\/\"]}]},{\"@type\":\"ImageObject\",\"inLanguage\":\"pt-BR\",\"@id\":\"https:\/\/www.gaveanews.com\/index.php\/2019\/09\/05\/empresario-tira-seis-atletas-do-corinthians-e-flamengo-surge-dentre-um-dos-destinos\/#primaryimage\",\"url\":\"https:\/\/www.gaveanews.com\/wp-content\/uploads\/2019\/03\/Entrada-do-Ninho-do-Urubu.webp\",\"contentUrl\":\"https:\/\/www.gaveanews.com\/wp-content\/uploads\/2019\/03\/Entrada-do-Ninho-do-Urubu.webp\",\"width\":846,\"height\":564,\"caption\":\"Entrada do Ninho do Urubu (Foto: Gilvan de Souza\/Flamengo)\"},{\"@type\":\"BreadcrumbList\",\"@id\":\"https:\/\/www.gaveanews.com\/index.php\/2019\/09\/05\/empresario-tira-seis-atletas-do-corinthians-e-flamengo-surge-dentre-um-dos-destinos\/#breadcrumb\",\"itemListElement\":[{\"@type\":\"ListItem\",\"position\":1,\"name\":\"Home\",\"item\":\"https:\/\/www.gaveanews.com\/\"},{\"@type\":\"ListItem\",\"position\":2,\"name\":\"Empres\u00e1rio tira seis jogadores do Corinthians e Flamengo surge dentre um dos destinos\"}]},{\"@type\":\"WebSite\",\"@id\":\"https:\/\/www.gaveanews.com\/#website\",\"url\":\"https:\/\/www.gaveanews.com\/\",\"name\":\"G\u00e1vea News\",\"description\":\"Veja todas as not\u00edcias sobre o Flamengo: Contrata\u00e7\u00f5es, categorias de base, resultados das partidas, tabela de classifica\u00e7\u00e3o, pr\u00f3ximos jogos!\",\"potentialAction\":[{\"@type\":\"SearchAction\",\"target\":{\"@type\":\"EntryPoint\",\"urlTemplate\":\"https:\/\/www.gaveanews.com\/?s={search_term_string}\"},\"query-input\":{\"@type\":\"PropertyValueSpecification\",\"valueRequired\":true,\"valueName\":\"search_term_string\"}}],\"inLanguage\":\"pt-BR\"},{\"@type\":\"Person\",\"@id\":\"https:\/\/www.gaveanews.com\/#\/schema\/person\/2ec14f73fb96be2caf28f91afb14749d\",\"name\":\"Equipe G\u00e1vea News\",\"image\":{\"@type\":\"ImageObject\",\"inLanguage\":\"pt-BR\",\"@id\":\"https:\/\/www.gaveanews.com\/#\/schema\/person\/image\/\",\"url\":\"https:\/\/secure.gravatar.com\/avatar\/1e1956f1facbffd3f8fa53a326721950116b3b9dc9bd44939c01180fd4a745a9?s=96&d=mm&r=g\",\"contentUrl\":\"https:\/\/secure.gravatar.com\/avatar\/1e1956f1facbffd3f8fa53a326721950116b3b9dc9bd44939c01180fd4a745a9?s=96&d=mm&r=g\",\"caption\":\"Equipe G\u00e1vea News\"}}]}<\/script>\n<!-- \/ Yoast SEO Premium plugin. -->","yoast_head_json":{"title":"Empres\u00e1rio tira seis jogadores do Corinthians e Flamengo surge dentre um dos destinos","robots":{"index":"index","follow":"follow","max-snippet":"max-snippet:-1","max-image-preview":"max-image-preview:large","max-video-preview":"max-video-preview:-1"},"canonical":"https:\/\/www.gaveanews.com\/index.php\/2019\/09\/05\/empresario-tira-seis-atletas-do-corinthians-e-flamengo-surge-dentre-um-dos-destinos\/","og_locale":"pt_BR","og_type":"article","og_title":"Empres\u00e1rio tira seis jogadores do Corinthians e Flamengo surge dentre um dos destinos","og_description":"Dois meses ap\u00f3s firmarem acordo com o Corinthians, seis atletas das categorias de base acertaram suas sa\u00eddas do clube nesta ter\u00e7a-feira. Todos faziam parte do Cana\u00e3 Esporte Clube e foram trazidos por interm\u00e9dio de Will Dantas, empres\u00e1rio de Pedrinho. O atletas s\u00e3o: o zagueiro Guilherme Prates, o lateral-esquerdo Alanderson, os meias Iago Santana e \u00c2ngelo [&hellip;]","og_url":"https:\/\/www.gaveanews.com\/index.php\/2019\/09\/05\/empresario-tira-seis-atletas-do-corinthians-e-flamengo-surge-dentre-um-dos-destinos\/","og_site_name":"G\u00e1vea News","article_publisher":"https:\/\/facebook.com\/gaveaNews\/","article_published_time":"2019-09-05T10:57:47+00:00","article_modified_time":"2019-09-05T23:08:28+00:00","og_image":[{"width":846,"height":564,"url":"https:\/\/www.gaveanews.com\/wp-content\/uploads\/2019\/03\/Entrada-do-Ninho-do-Urubu.webp","type":"image\/jpeg"}],"author":"Equipe G\u00e1vea News","twitter_card":"summary_large_image","twitter_misc":{"Escrito por":"Equipe G\u00e1vea News","Est. tempo de leitura":"1 minuto"},"schema":{"@context":"https:\/\/schema.org","@graph":[{"@type":"NewsArticle","@id":"https:\/\/www.gaveanews.com\/index.php\/2019\/09\/05\/empresario-tira-seis-atletas-do-corinthians-e-flamengo-surge-dentre-um-dos-destinos\/#article","isPartOf":{"@id":"https:\/\/www.gaveanews.com\/index.php\/2019\/09\/05\/empresario-tira-seis-atletas-do-corinthians-e-flamengo-surge-dentre-um-dos-destinos\/"},"author":{"name":"Equipe G\u00e1vea News","@id":"https:\/\/www.gaveanews.com\/#\/schema\/person\/2ec14f73fb96be2caf28f91afb14749d"},"headline":"Empres\u00e1rio tira seis jogadores do Corinthians e Flamengo surge dentre um dos destinos","datePublished":"2019-09-05T10:57:47+00:00","dateModified":"2019-09-05T23:08:28+00:00","mainEntityOfPage":{"@id":"https:\/\/www.gaveanews.com\/index.php\/2019\/09\/05\/empresario-tira-seis-atletas-do-corinthians-e-flamengo-surge-dentre-um-dos-destinos\/"},"wordCount":246,"commentCount":0,"image":{"@id":"https:\/\/www.gaveanews.com\/index.php\/2019\/09\/05\/empresario-tira-seis-atletas-do-corinthians-e-flamengo-surge-dentre-um-dos-destinos\/#primaryimage"},"thumbnailUrl":"https:\/\/www.gaveanews.com\/wp-content\/uploads\/2019\/03\/Entrada-do-Ninho-do-Urubu.webp","articleSection":["Negocia\u00e7\u00f5es"],"inLanguage":"pt-BR","potentialAction":[{"@type":"CommentAction","name":"Comment","target":["https:\/\/www.gaveanews.com\/index.php\/2019\/09\/05\/empresario-tira-seis-atletas-do-corinthians-e-flamengo-surge-dentre-um-dos-destinos\/#respond"]}],"copyrightYear":"2019","copyrightHolder":{"@id":"https:\/\/www.gaveanews.com\/#organization"}},{"@type":"WebPage","@id":"https:\/\/www.gaveanews.com\/index.php\/2019\/09\/05\/empresario-tira-seis-atletas-do-corinthians-e-flamengo-surge-dentre-um-dos-destinos\/","url":"https:\/\/www.gaveanews.com\/index.php\/2019\/09\/05\/empresario-tira-seis-atletas-do-corinthians-e-flamengo-surge-dentre-um-dos-destinos\/","name":"Empres\u00e1rio tira seis jogadores do Corinthians e Flamengo surge dentre um dos destinos","isPartOf":{"@id":"https:\/\/www.gaveanews.com\/#website"},"primaryImageOfPage":{"@id":"https:\/\/www.gaveanews.com\/index.php\/2019\/09\/05\/empresario-tira-seis-atletas-do-corinthians-e-flamengo-surge-dentre-um-dos-destinos\/#primaryimage"},"image":{"@id":"https:\/\/www.gaveanews.com\/index.php\/2019\/09\/05\/empresario-tira-seis-atletas-do-corinthians-e-flamengo-surge-dentre-um-dos-destinos\/#primaryimage"},"thumbnailUrl":"https:\/\/www.gaveanews.com\/wp-content\/uploads\/2019\/03\/Entrada-do-Ninho-do-Urubu.webp","datePublished":"2019-09-05T10:57:47+00:00","dateModified":"2019-09-05T23:08:28+00:00","author":{"@id":"https:\/\/www.gaveanews.com\/#\/schema\/person\/2ec14f73fb96be2caf28f91afb14749d"},"breadcrumb":{"@id":"https:\/\/www.gaveanews.com\/index.php\/2019\/09\/05\/empresario-tira-seis-atletas-do-corinthians-e-flamengo-surge-dentre-um-dos-destinos\/#breadcrumb"},"inLanguage":"pt-BR","potentialAction":[{"@type":"ReadAction","target":["https:\/\/www.gaveanews.com\/index.php\/2019\/09\/05\/empresario-tira-seis-atletas-do-corinthians-e-flamengo-surge-dentre-um-dos-destinos\/"]}]},{"@type":"ImageObject","inLanguage":"pt-BR","@id":"https:\/\/www.gaveanews.com\/index.php\/2019\/09\/05\/empresario-tira-seis-atletas-do-corinthians-e-flamengo-surge-dentre-um-dos-destinos\/#primaryimage","url":"https:\/\/www.gaveanews.com\/wp-content\/uploads\/2019\/03\/Entrada-do-Ninho-do-Urubu.webp","contentUrl":"https:\/\/www.gaveanews.com\/wp-content\/uploads\/2019\/03\/Entrada-do-Ninho-do-Urubu.webp","width":846,"height":564,"caption":"Entrada do Ninho do Urubu (Foto: Gilvan de Souza\/Flamengo)"},{"@type":"BreadcrumbList","@id":"https:\/\/www.gaveanews.com\/index.php\/2019\/09\/05\/empresario-tira-seis-atletas-do-corinthians-e-flamengo-surge-dentre-um-dos-destinos\/#breadcrumb","itemListElement":[{"@type":"ListItem","position":1,"name":"Home","item":"https:\/\/www.gaveanews.com\/"},{"@type":"ListItem","position":2,"name":"Empres\u00e1rio tira seis jogadores do Corinthians e Flamengo surge dentre um dos destinos"}]},{"@type":"WebSite","@id":"https:\/\/www.gaveanews.com\/#website","url":"https:\/\/www.gaveanews.com\/","name":"G\u00e1vea News","description":"Veja todas as not\u00edcias sobre o Flamengo: Contrata\u00e7\u00f5es, categorias de base, resultados das partidas, tabela de classifica\u00e7\u00e3o, pr\u00f3ximos jogos!","potentialAction":[{"@type":"SearchAction","target":{"@type":"EntryPoint","urlTemplate":"https:\/\/www.gaveanews.com\/?s={search_term_string}"},"query-input":{"@type":"PropertyValueSpecification","valueRequired":true,"valueName":"search_term_string"}}],"inLanguage":"pt-BR"},{"@type":"Person","@id":"https:\/\/www.gaveanews.com\/#\/schema\/person\/2ec14f73fb96be2caf28f91afb14749d","name":"Equipe G\u00e1vea News","image":{"@type":"ImageObject","inLanguage":"pt-BR","@id":"https:\/\/www.gaveanews.com\/#\/schema\/person\/image\/","url":"https:\/\/secure.gravatar.com\/avatar\/1e1956f1facbffd3f8fa53a326721950116b3b9dc9bd44939c01180fd4a745a9?s=96&d=mm&r=g","contentUrl":"https:\/\/secure.gravatar.com\/avatar\/1e1956f1facbffd3f8fa53a326721950116b3b9dc9bd44939c01180fd4a745a9?s=96&d=mm&r=g","caption":"Equipe G\u00e1vea News"}}]}},"_links":{"self":[{"href":"https:\/\/www.gaveanews.com\/index.php\/wp-json\/wp\/v2\/posts\/26805","targetHints":{"allow":["GET"]}}],"collection":[{"href":"https:\/\/www.gaveanews.com\/index.php\/wp-json\/wp\/v2\/posts"}],"about":[{"href":"https:\/\/www.gaveanews.com\/index.php\/wp-json\/wp\/v2\/types\/post"}],"author":[{"embeddable":true,"href":"https:\/\/www.gaveanews.com\/index.php\/wp-json\/wp\/v2\/users\/1"}],"replies":[{"embeddable":true,"href":"https:\/\/www.gaveanews.com\/index.php\/wp-json\/wp\/v2\/comments?post=26805"}],"version-history":[{"count":0,"href":"https:\/\/www.gaveanews.com\/index.php\/wp-json\/wp\/v2\/posts\/26805\/revisions"}],"wp:featuredmedia":[{"embeddable":true,"href":"https:\/\/www.gaveanews.com\/index.php\/wp-json\/wp\/v2\/media\/15184"}],"wp:attachment":[{"href":"https:\/\/www.gaveanews.com\/index.php\/wp-json\/wp\/v2\/media?parent=26805"}],"wp:term":[{"taxonomy":"category","embeddable":true,"href":"https:\/\/www.gaveanews.com\/index.php\/wp-json\/wp\/v2\/categories?post=26805"},{"taxonomy":"post_tag","embeddable":true,"href":"https:\/\/www.gaveanews.com\/index.php\/wp-json\/wp\/v2\/tags?post=26805"}],"curies":[{"name":"wp","href":"https:\/\/api.w.org\/{rel}","templated":true}]}}