{"id":268103,"date":"2025-05-29T18:10:00","date_gmt":"2025-05-29T21:10:00","guid":{"rendered":"https:\/\/www.gaveanews.com\/?p=268103"},"modified":"2025-05-29T17:18:00","modified_gmt":"2025-05-29T20:18:00","slug":"flamengo-x-tachira-faz-rede-globo-bater-recorde-de-audiencia","status":"publish","type":"post","link":"https:\/\/www.gaveanews.com\/index.php\/2025\/05\/29\/flamengo-x-tachira-faz-rede-globo-bater-recorde-de-audiencia\/","title":{"rendered":"Flamengo x T\u00e1chira faz Rede Globo bater recorde de audi\u00eancia"},"content":{"rendered":"\n<p>Na noite de ter\u00e7a-feira (28), o Flamengo superou o Deportivo T\u00e1chira por 1 a 0, em confronto decisivo pela fase de grupos da Copa Libertadores da Am\u00e9rica. O resultado garantiu a classifica\u00e7\u00e3o da equipe carioca para as oitavas de final da competi\u00e7\u00e3o continental. O jogo, realizado no Maracan\u00e3, teve um desfecho tenso, com emo\u00e7\u00e3o at\u00e9 os instantes finais, o que contribuiu para elevar o interesse dos torcedores.<\/p>\n\n\n\n<h3 class=\"wp-block-heading\" id=\"h-transmissao-alcanca-numeros-historicos\">Transmiss\u00e3o alcan\u00e7a n\u00fameros hist\u00f3ricos<\/h3>\n\n\n\n<p>A cobertura ao vivo da partida pela TV Globo gerou o maior \u00edndice de audi\u00eancia do ano de 2025 no Rio de Janeiro. Conforme dados consolidados da Kantar Ibope Media, a transmiss\u00e3o atingiu 35 pontos de audi\u00eancia, com 55% dos televisores ligados durante o hor\u00e1rio da exibi\u00e7\u00e3o sintonizados no canal. <\/p>\n\n\n\n<p>Esse desempenho representa um acr\u00e9scimo de 25% em rela\u00e7\u00e3o \u00e0 m\u00e9dia da Libertadores na capital fluminense nesta temporada.<\/p>\n\n\n\n<h3 class=\"wp-block-heading\" id=\"h-comparacoes-e-recordes-anteriores\">Compara\u00e7\u00f5es e recordes anteriores<\/h3>\n\n\n\n<p>Esse \u00edndice tamb\u00e9m superou em sete pontos a m\u00e9dia da emissora para os jogos do torneio. Al\u00e9m disso, trata-se do maior n\u00famero registrado pela Globo desde 30 de novembro de 2024, quando Atl\u00e9tico-MG e Botafogo se enfrentaram na final do mesmo torneio sul-americano. <\/p>\n\n\n\n<p>Portanto, o duelo entre Flamengo e T\u00e1chira tornou-se um marco recente da televis\u00e3o aberta no Brasil, sobretudo pelo forte apelo popular que envolve os compromissos do clube rubro-negro.<\/p>\n\n\n\n<h3 class=\"wp-block-heading\" id=\"h-enredo-favoreceu-audiencia-elevada\">Enredo favoreceu audi\u00eancia elevada<\/h3>\n\n\n\n<p>A narrativa do confronto, com uma vit\u00f3ria conquistada com dificuldades, contribuiu diretamente para manter o p\u00fablico atento at\u00e9 o apito final. A partida foi narrada por Luis Roberto, que conduziu a transmiss\u00e3o de forma en\u00e9rgica, acompanhando o ritmo intenso do embate. Inegavelmente, a expectativa pela classifica\u00e7\u00e3o e o peso da competi\u00e7\u00e3o impulsionaram os n\u00fameros expressivos registrados.<\/p>\n\n\n\n<h3 class=\"wp-block-heading\" id=\"h-impacto-na-programacao-esportiva\">Impacto na programa\u00e7\u00e3o esportiva<\/h3>\n\n\n\n<p>O desempenho do Flamengo em campo e o retorno em audi\u00eancia refor\u00e7am a relev\u00e2ncia das transmiss\u00f5es esportivas ao vivo para a grade da televis\u00e3o aberta. Ainda que os jogos da Libertadores envolvam diferentes pra\u00e7as e hor\u00e1rios, \u00e9 percept\u00edvel que confrontos com grandes clubes brasileiros, principalmente em momentos decisivos, seguem sendo produtos de forte apelo junto ao p\u00fablico. <\/p>\n","protected":false},"excerpt":{"rendered":"<p>Na noite de ter\u00e7a-feira (28), o Flamengo superou o Deportivo T\u00e1chira por 1 a 0, em confronto decisivo pela fase de grupos da Copa Libertadores da Am\u00e9rica. O resultado garantiu a classifica\u00e7\u00e3o da equipe carioca para as oitavas de final da competi\u00e7\u00e3o continental. O jogo, realizado no Maracan\u00e3, teve um desfecho tenso, com emo\u00e7\u00e3o at\u00e9 [&hellip;]<\/p>\n","protected":false},"author":30,"featured_media":267899,"comment_status":"open","ping_status":"closed","sticky":false,"template":"","format":"standard","meta":{"footnotes":""},"categories":[478,433,1],"tags":[],"class_list":["post-268103","post","type-post","status-publish","format-standard","has-post-thumbnail","hentry","category-brasil","category-entretenimento","category-flamengo"],"yoast_head":"<!-- This site is optimized with the Yoast SEO Premium plugin v24.2 (Yoast SEO v26.9) - https:\/\/yoast.com\/product\/yoast-seo-premium-wordpress\/ -->\n<title>Flamengo x T\u00e1chira faz Rede Globo bater recorde de audi\u00eancia<\/title>\n<meta name=\"robots\" content=\"index, follow, max-snippet:-1, max-image-preview:large, max-video-preview:-1\" \/>\n<link rel=\"canonical\" href=\"https:\/\/www.gaveanews.com\/index.php\/2025\/05\/29\/flamengo-x-tachira-faz-rede-globo-bater-recorde-de-audiencia\/\" \/>\n<meta property=\"og:locale\" content=\"pt_BR\" \/>\n<meta property=\"og:type\" content=\"article\" \/>\n<meta property=\"og:title\" content=\"Flamengo x T\u00e1chira faz Rede Globo bater recorde de audi\u00eancia\" \/>\n<meta property=\"og:description\" content=\"Na noite de ter\u00e7a-feira (28), o Flamengo superou o Deportivo T\u00e1chira por 1 a 0, em confronto decisivo pela fase de grupos da Copa Libertadores da Am\u00e9rica. O resultado garantiu a classifica\u00e7\u00e3o da equipe carioca para as oitavas de final da competi\u00e7\u00e3o continental. O jogo, realizado no Maracan\u00e3, teve um desfecho tenso, com emo\u00e7\u00e3o at\u00e9 [&hellip;]\" \/>\n<meta property=\"og:url\" content=\"https:\/\/www.gaveanews.com\/index.php\/2025\/05\/29\/flamengo-x-tachira-faz-rede-globo-bater-recorde-de-audiencia\/\" \/>\n<meta property=\"og:site_name\" content=\"G\u00e1vea News\" \/>\n<meta property=\"article:publisher\" content=\"https:\/\/facebook.com\/gaveaNews\/\" \/>\n<meta property=\"article:published_time\" content=\"2025-05-29T21:10:00+00:00\" \/>\n<meta property=\"og:image\" content=\"https:\/\/www.gaveanews.com\/wp-content\/uploads\/Flamengo-x-Deportivo-Tachira-pela-Libertadores.webp\" \/>\n\t<meta property=\"og:image:width\" content=\"1200\" \/>\n\t<meta property=\"og:image:height\" content=\"900\" \/>\n\t<meta property=\"og:image:type\" content=\"image\/webp\" \/>\n<meta name=\"author\" content=\"Ana Teixeira\" \/>\n<meta name=\"twitter:card\" content=\"summary_large_image\" \/>\n<meta name=\"twitter:label1\" content=\"Escrito por\" \/>\n\t<meta name=\"twitter:data1\" content=\"Ana Teixeira\" \/>\n\t<meta name=\"twitter:label2\" content=\"Est. tempo de leitura\" \/>\n\t<meta name=\"twitter:data2\" content=\"3 minutos\" \/>\n<script type=\"application\/ld+json\" class=\"yoast-schema-graph\">{\"@context\":\"https:\/\/schema.org\",\"@graph\":[{\"@type\":\"NewsArticle\",\"@id\":\"https:\/\/www.gaveanews.com\/index.php\/2025\/05\/29\/flamengo-x-tachira-faz-rede-globo-bater-recorde-de-audiencia\/#article\",\"isPartOf\":{\"@id\":\"https:\/\/www.gaveanews.com\/index.php\/2025\/05\/29\/flamengo-x-tachira-faz-rede-globo-bater-recorde-de-audiencia\/\"},\"author\":{\"name\":\"Ana Teixeira\",\"@id\":\"https:\/\/www.gaveanews.com\/#\/schema\/person\/3b19f7288b0ce20372991275e4f2e6c2\"},\"headline\":\"Flamengo x T\u00e1chira faz Rede Globo bater recorde de audi\u00eancia\",\"datePublished\":\"2025-05-29T21:10:00+00:00\",\"mainEntityOfPage\":{\"@id\":\"https:\/\/www.gaveanews.com\/index.php\/2025\/05\/29\/flamengo-x-tachira-faz-rede-globo-bater-recorde-de-audiencia\/\"},\"wordCount\":380,\"commentCount\":0,\"image\":{\"@id\":\"https:\/\/www.gaveanews.com\/index.php\/2025\/05\/29\/flamengo-x-tachira-faz-rede-globo-bater-recorde-de-audiencia\/#primaryimage\"},\"thumbnailUrl\":\"https:\/\/www.gaveanews.com\/wp-content\/uploads\/Flamengo-x-Deportivo-Tachira-pela-Libertadores.webp\",\"articleSection\":[\"Brasil\",\"Entretenimento\",\"Flamengo\"],\"inLanguage\":\"pt-BR\",\"potentialAction\":[{\"@type\":\"CommentAction\",\"name\":\"Comment\",\"target\":[\"https:\/\/www.gaveanews.com\/index.php\/2025\/05\/29\/flamengo-x-tachira-faz-rede-globo-bater-recorde-de-audiencia\/#respond\"]}],\"copyrightYear\":\"2025\",\"copyrightHolder\":{\"@id\":\"https:\/\/www.gaveanews.com\/#organization\"}},{\"@type\":\"WebPage\",\"@id\":\"https:\/\/www.gaveanews.com\/index.php\/2025\/05\/29\/flamengo-x-tachira-faz-rede-globo-bater-recorde-de-audiencia\/\",\"url\":\"https:\/\/www.gaveanews.com\/index.php\/2025\/05\/29\/flamengo-x-tachira-faz-rede-globo-bater-recorde-de-audiencia\/\",\"name\":\"Flamengo x T\u00e1chira faz Rede Globo bater recorde de audi\u00eancia\",\"isPartOf\":{\"@id\":\"https:\/\/www.gaveanews.com\/#website\"},\"primaryImageOfPage\":{\"@id\":\"https:\/\/www.gaveanews.com\/index.php\/2025\/05\/29\/flamengo-x-tachira-faz-rede-globo-bater-recorde-de-audiencia\/#primaryimage\"},\"image\":{\"@id\":\"https:\/\/www.gaveanews.com\/index.php\/2025\/05\/29\/flamengo-x-tachira-faz-rede-globo-bater-recorde-de-audiencia\/#primaryimage\"},\"thumbnailUrl\":\"https:\/\/www.gaveanews.com\/wp-content\/uploads\/Flamengo-x-Deportivo-Tachira-pela-Libertadores.webp\",\"datePublished\":\"2025-05-29T21:10:00+00:00\",\"author\":{\"@id\":\"https:\/\/www.gaveanews.com\/#\/schema\/person\/3b19f7288b0ce20372991275e4f2e6c2\"},\"breadcrumb\":{\"@id\":\"https:\/\/www.gaveanews.com\/index.php\/2025\/05\/29\/flamengo-x-tachira-faz-rede-globo-bater-recorde-de-audiencia\/#breadcrumb\"},\"inLanguage\":\"pt-BR\",\"potentialAction\":[{\"@type\":\"ReadAction\",\"target\":[\"https:\/\/www.gaveanews.com\/index.php\/2025\/05\/29\/flamengo-x-tachira-faz-rede-globo-bater-recorde-de-audiencia\/\"]}]},{\"@type\":\"ImageObject\",\"inLanguage\":\"pt-BR\",\"@id\":\"https:\/\/www.gaveanews.com\/index.php\/2025\/05\/29\/flamengo-x-tachira-faz-rede-globo-bater-recorde-de-audiencia\/#primaryimage\",\"url\":\"https:\/\/www.gaveanews.com\/wp-content\/uploads\/Flamengo-x-Deportivo-Tachira-pela-Libertadores.webp\",\"contentUrl\":\"https:\/\/www.gaveanews.com\/wp-content\/uploads\/Flamengo-x-Deportivo-Tachira-pela-Libertadores.webp\",\"width\":1200,\"height\":900,\"caption\":\"Flamengo x Deportivo T\u00e1chira pela Libertadores (Foto: Divulga\u00e7\u00e3o\/Conmebol)\"},{\"@type\":\"BreadcrumbList\",\"@id\":\"https:\/\/www.gaveanews.com\/index.php\/2025\/05\/29\/flamengo-x-tachira-faz-rede-globo-bater-recorde-de-audiencia\/#breadcrumb\",\"itemListElement\":[{\"@type\":\"ListItem\",\"position\":1,\"name\":\"Home\",\"item\":\"https:\/\/www.gaveanews.com\/\"},{\"@type\":\"ListItem\",\"position\":2,\"name\":\"Flamengo x T\u00e1chira faz Rede Globo bater recorde de audi\u00eancia\"}]},{\"@type\":\"WebSite\",\"@id\":\"https:\/\/www.gaveanews.com\/#website\",\"url\":\"https:\/\/www.gaveanews.com\/\",\"name\":\"G\u00e1vea News\",\"description\":\"Veja todas as not\u00edcias sobre o Flamengo: Contrata\u00e7\u00f5es, categorias de base, resultados das partidas, tabela de classifica\u00e7\u00e3o, pr\u00f3ximos jogos!\",\"potentialAction\":[{\"@type\":\"SearchAction\",\"target\":{\"@type\":\"EntryPoint\",\"urlTemplate\":\"https:\/\/www.gaveanews.com\/?s={search_term_string}\"},\"query-input\":{\"@type\":\"PropertyValueSpecification\",\"valueRequired\":true,\"valueName\":\"search_term_string\"}}],\"inLanguage\":\"pt-BR\"},{\"@type\":\"Person\",\"@id\":\"https:\/\/www.gaveanews.com\/#\/schema\/person\/3b19f7288b0ce20372991275e4f2e6c2\",\"name\":\"Ana Teixeira\",\"image\":{\"@type\":\"ImageObject\",\"inLanguage\":\"pt-BR\",\"@id\":\"https:\/\/www.gaveanews.com\/#\/schema\/person\/image\/\",\"url\":\"https:\/\/secure.gravatar.com\/avatar\/0a73f5a5258f3fed37fc2fa641892f3f7a4748456d4d4792f9bc550e6c19e06c?s=96&d=mm&r=g\",\"contentUrl\":\"https:\/\/secure.gravatar.com\/avatar\/0a73f5a5258f3fed37fc2fa641892f3f7a4748456d4d4792f9bc550e6c19e06c?s=96&d=mm&r=g\",\"caption\":\"Ana Teixeira\"}}]}<\/script>\n<!-- \/ Yoast SEO Premium plugin. -->","yoast_head_json":{"title":"Flamengo x T\u00e1chira faz Rede Globo bater recorde de audi\u00eancia","robots":{"index":"index","follow":"follow","max-snippet":"max-snippet:-1","max-image-preview":"max-image-preview:large","max-video-preview":"max-video-preview:-1"},"canonical":"https:\/\/www.gaveanews.com\/index.php\/2025\/05\/29\/flamengo-x-tachira-faz-rede-globo-bater-recorde-de-audiencia\/","og_locale":"pt_BR","og_type":"article","og_title":"Flamengo x T\u00e1chira faz Rede Globo bater recorde de audi\u00eancia","og_description":"Na noite de ter\u00e7a-feira (28), o Flamengo superou o Deportivo T\u00e1chira por 1 a 0, em confronto decisivo pela fase de grupos da Copa Libertadores da Am\u00e9rica. O resultado garantiu a classifica\u00e7\u00e3o da equipe carioca para as oitavas de final da competi\u00e7\u00e3o continental. O jogo, realizado no Maracan\u00e3, teve um desfecho tenso, com emo\u00e7\u00e3o at\u00e9 [&hellip;]","og_url":"https:\/\/www.gaveanews.com\/index.php\/2025\/05\/29\/flamengo-x-tachira-faz-rede-globo-bater-recorde-de-audiencia\/","og_site_name":"G\u00e1vea News","article_publisher":"https:\/\/facebook.com\/gaveaNews\/","article_published_time":"2025-05-29T21:10:00+00:00","og_image":[{"width":1200,"height":900,"url":"https:\/\/www.gaveanews.com\/wp-content\/uploads\/Flamengo-x-Deportivo-Tachira-pela-Libertadores.webp","type":"image\/webp"}],"author":"Ana Teixeira","twitter_card":"summary_large_image","twitter_misc":{"Escrito por":"Ana Teixeira","Est. tempo de leitura":"3 minutos"},"schema":{"@context":"https:\/\/schema.org","@graph":[{"@type":"NewsArticle","@id":"https:\/\/www.gaveanews.com\/index.php\/2025\/05\/29\/flamengo-x-tachira-faz-rede-globo-bater-recorde-de-audiencia\/#article","isPartOf":{"@id":"https:\/\/www.gaveanews.com\/index.php\/2025\/05\/29\/flamengo-x-tachira-faz-rede-globo-bater-recorde-de-audiencia\/"},"author":{"name":"Ana Teixeira","@id":"https:\/\/www.gaveanews.com\/#\/schema\/person\/3b19f7288b0ce20372991275e4f2e6c2"},"headline":"Flamengo x T\u00e1chira faz Rede Globo bater recorde de audi\u00eancia","datePublished":"2025-05-29T21:10:00+00:00","mainEntityOfPage":{"@id":"https:\/\/www.gaveanews.com\/index.php\/2025\/05\/29\/flamengo-x-tachira-faz-rede-globo-bater-recorde-de-audiencia\/"},"wordCount":380,"commentCount":0,"image":{"@id":"https:\/\/www.gaveanews.com\/index.php\/2025\/05\/29\/flamengo-x-tachira-faz-rede-globo-bater-recorde-de-audiencia\/#primaryimage"},"thumbnailUrl":"https:\/\/www.gaveanews.com\/wp-content\/uploads\/Flamengo-x-Deportivo-Tachira-pela-Libertadores.webp","articleSection":["Brasil","Entretenimento","Flamengo"],"inLanguage":"pt-BR","potentialAction":[{"@type":"CommentAction","name":"Comment","target":["https:\/\/www.gaveanews.com\/index.php\/2025\/05\/29\/flamengo-x-tachira-faz-rede-globo-bater-recorde-de-audiencia\/#respond"]}],"copyrightYear":"2025","copyrightHolder":{"@id":"https:\/\/www.gaveanews.com\/#organization"}},{"@type":"WebPage","@id":"https:\/\/www.gaveanews.com\/index.php\/2025\/05\/29\/flamengo-x-tachira-faz-rede-globo-bater-recorde-de-audiencia\/","url":"https:\/\/www.gaveanews.com\/index.php\/2025\/05\/29\/flamengo-x-tachira-faz-rede-globo-bater-recorde-de-audiencia\/","name":"Flamengo x T\u00e1chira faz Rede Globo bater recorde de audi\u00eancia","isPartOf":{"@id":"https:\/\/www.gaveanews.com\/#website"},"primaryImageOfPage":{"@id":"https:\/\/www.gaveanews.com\/index.php\/2025\/05\/29\/flamengo-x-tachira-faz-rede-globo-bater-recorde-de-audiencia\/#primaryimage"},"image":{"@id":"https:\/\/www.gaveanews.com\/index.php\/2025\/05\/29\/flamengo-x-tachira-faz-rede-globo-bater-recorde-de-audiencia\/#primaryimage"},"thumbnailUrl":"https:\/\/www.gaveanews.com\/wp-content\/uploads\/Flamengo-x-Deportivo-Tachira-pela-Libertadores.webp","datePublished":"2025-05-29T21:10:00+00:00","author":{"@id":"https:\/\/www.gaveanews.com\/#\/schema\/person\/3b19f7288b0ce20372991275e4f2e6c2"},"breadcrumb":{"@id":"https:\/\/www.gaveanews.com\/index.php\/2025\/05\/29\/flamengo-x-tachira-faz-rede-globo-bater-recorde-de-audiencia\/#breadcrumb"},"inLanguage":"pt-BR","potentialAction":[{"@type":"ReadAction","target":["https:\/\/www.gaveanews.com\/index.php\/2025\/05\/29\/flamengo-x-tachira-faz-rede-globo-bater-recorde-de-audiencia\/"]}]},{"@type":"ImageObject","inLanguage":"pt-BR","@id":"https:\/\/www.gaveanews.com\/index.php\/2025\/05\/29\/flamengo-x-tachira-faz-rede-globo-bater-recorde-de-audiencia\/#primaryimage","url":"https:\/\/www.gaveanews.com\/wp-content\/uploads\/Flamengo-x-Deportivo-Tachira-pela-Libertadores.webp","contentUrl":"https:\/\/www.gaveanews.com\/wp-content\/uploads\/Flamengo-x-Deportivo-Tachira-pela-Libertadores.webp","width":1200,"height":900,"caption":"Flamengo x Deportivo T\u00e1chira pela Libertadores (Foto: Divulga\u00e7\u00e3o\/Conmebol)"},{"@type":"BreadcrumbList","@id":"https:\/\/www.gaveanews.com\/index.php\/2025\/05\/29\/flamengo-x-tachira-faz-rede-globo-bater-recorde-de-audiencia\/#breadcrumb","itemListElement":[{"@type":"ListItem","position":1,"name":"Home","item":"https:\/\/www.gaveanews.com\/"},{"@type":"ListItem","position":2,"name":"Flamengo x T\u00e1chira faz Rede Globo bater recorde de audi\u00eancia"}]},{"@type":"WebSite","@id":"https:\/\/www.gaveanews.com\/#website","url":"https:\/\/www.gaveanews.com\/","name":"G\u00e1vea News","description":"Veja todas as not\u00edcias sobre o Flamengo: Contrata\u00e7\u00f5es, categorias de base, resultados das partidas, tabela de classifica\u00e7\u00e3o, pr\u00f3ximos jogos!","potentialAction":[{"@type":"SearchAction","target":{"@type":"EntryPoint","urlTemplate":"https:\/\/www.gaveanews.com\/?s={search_term_string}"},"query-input":{"@type":"PropertyValueSpecification","valueRequired":true,"valueName":"search_term_string"}}],"inLanguage":"pt-BR"},{"@type":"Person","@id":"https:\/\/www.gaveanews.com\/#\/schema\/person\/3b19f7288b0ce20372991275e4f2e6c2","name":"Ana Teixeira","image":{"@type":"ImageObject","inLanguage":"pt-BR","@id":"https:\/\/www.gaveanews.com\/#\/schema\/person\/image\/","url":"https:\/\/secure.gravatar.com\/avatar\/0a73f5a5258f3fed37fc2fa641892f3f7a4748456d4d4792f9bc550e6c19e06c?s=96&d=mm&r=g","contentUrl":"https:\/\/secure.gravatar.com\/avatar\/0a73f5a5258f3fed37fc2fa641892f3f7a4748456d4d4792f9bc550e6c19e06c?s=96&d=mm&r=g","caption":"Ana Teixeira"}}]}},"_links":{"self":[{"href":"https:\/\/www.gaveanews.com\/index.php\/wp-json\/wp\/v2\/posts\/268103","targetHints":{"allow":["GET"]}}],"collection":[{"href":"https:\/\/www.gaveanews.com\/index.php\/wp-json\/wp\/v2\/posts"}],"about":[{"href":"https:\/\/www.gaveanews.com\/index.php\/wp-json\/wp\/v2\/types\/post"}],"author":[{"embeddable":true,"href":"https:\/\/www.gaveanews.com\/index.php\/wp-json\/wp\/v2\/users\/30"}],"replies":[{"embeddable":true,"href":"https:\/\/www.gaveanews.com\/index.php\/wp-json\/wp\/v2\/comments?post=268103"}],"version-history":[{"count":1,"href":"https:\/\/www.gaveanews.com\/index.php\/wp-json\/wp\/v2\/posts\/268103\/revisions"}],"predecessor-version":[{"id":268109,"href":"https:\/\/www.gaveanews.com\/index.php\/wp-json\/wp\/v2\/posts\/268103\/revisions\/268109"}],"wp:featuredmedia":[{"embeddable":true,"href":"https:\/\/www.gaveanews.com\/index.php\/wp-json\/wp\/v2\/media\/267899"}],"wp:attachment":[{"href":"https:\/\/www.gaveanews.com\/index.php\/wp-json\/wp\/v2\/media?parent=268103"}],"wp:term":[{"taxonomy":"category","embeddable":true,"href":"https:\/\/www.gaveanews.com\/index.php\/wp-json\/wp\/v2\/categories?post=268103"},{"taxonomy":"post_tag","embeddable":true,"href":"https:\/\/www.gaveanews.com\/index.php\/wp-json\/wp\/v2\/tags?post=268103"}],"curies":[{"name":"wp","href":"https:\/\/api.w.org\/{rel}","templated":true}]}}