{"id":26811,"date":"2019-09-05T09:50:37","date_gmt":"2019-09-05T12:50:37","guid":{"rendered":"http:\/\/www.gaveanews.com\/?p=26811"},"modified":"2019-09-05T09:50:38","modified_gmt":"2019-09-05T12:50:38","slug":"de-saida-reserva-desde-a-chegada-de-jorge-jesus-zagueiro-do-flamengo-entra-na-mira-do-fluminense","status":"publish","type":"post","link":"https:\/\/www.gaveanews.com\/index.php\/2019\/09\/05\/de-saida-reserva-desde-a-chegada-de-jorge-jesus-zagueiro-do-flamengo-entra-na-mira-do-fluminense\/","title":{"rendered":"De sa\u00edda? Reserva desde a chegada de Jorge Jesus, zagueiro do Flamengo entra na mira do Fluminense"},"content":{"rendered":"\n<p>Terceiro time mais vazado do Campeonato Brasileiro, o Fluminense est\u00e1 no mercado para refor\u00e7ar a defesa. O alvo principal \u00e9 um zagueiro, e o time Tricolor trabalha com dois nomes. Um deles \u00e9 Rhodolfo, na reserva do rival Flamengo e que j\u00e1 foi especulado nas Laranjeiras anteriormente. O Flu, entretanto, v\u00ea neg\u00f3cio dif\u00edcil com o Rubro-Negro.<\/p>\n\n\n\n<p>Quando as sondagens come\u00e7aram, Rhodolfo ainda estava no &#8220;fim da fila&#8221; no Fla, voltando de les\u00e3o. Ainda chegando ao clube, Jorge Jesus pediu tempo para analisar o elenco e esfriou negocia\u00e7\u00f5es com o zagueiro, que tamb\u00e9m esteve na mira do Athletico.<\/p>\n\n\n\n<p>Ap\u00f3s a negocia\u00e7\u00e3o de L\u00e9o Duarte com o Milan, entretanto, o Flamengo n\u00e3o pretende se desfazer do reserva, considerado importante para a caminhada rubro-negra no Brasileir\u00e3o e na Libertadores. Com isso, o neg\u00f3cio ficou longe de um denominador comum.<\/p>\n\n\n\n<hr class=\"wp-block-separator is-style-dots\"\/>\n\n\n\n<p onclick=\"myFunction()\"><strong>Na sua opini\u00e3o, o zagueiro Rhodolfo deve permanecer no Flamengo ou deve ser negociado? Clique aqui e deixe o seu coment\u00e1rio!<\/strong><\/p>\n<script>\nfunction myFunction() {\n  var elmnt = document.getElementById(\"disqus_thread\");\n  elmnt.scrollIntoView();\n}\n<\/script>\n\n\n\n<p>Retirado de: UOL<\/p>\n\n\n","protected":false},"excerpt":{"rendered":"<p>Terceiro time mais vazado do Campeonato Brasileiro, o Fluminense est\u00e1 no mercado para refor\u00e7ar a defesa. O alvo principal \u00e9 um zagueiro, e o time Tricolor trabalha com dois nomes. Um deles \u00e9 Rhodolfo, na reserva do rival Flamengo e que j\u00e1 foi especulado nas Laranjeiras anteriormente. O Flu, entretanto, v\u00ea neg\u00f3cio dif\u00edcil com o [&hellip;]<\/p>\n","protected":false},"author":1,"featured_media":14948,"comment_status":"open","ping_status":"open","sticky":false,"template":"","format":"standard","meta":{"footnotes":""},"categories":[48],"tags":[],"class_list":["post-26811","post","type-post","status-publish","format-standard","has-post-thumbnail","hentry","category-negociacoes"],"yoast_head":"<!-- This site is optimized with the Yoast SEO Premium plugin v24.2 (Yoast SEO v26.9) - https:\/\/yoast.com\/product\/yoast-seo-premium-wordpress\/ -->\n<title>De sa\u00edda? Reserva desde a chegada de Jorge Jesus, zagueiro do Flamengo entra na mira do Fluminense<\/title>\n<meta name=\"robots\" content=\"index, follow, max-snippet:-1, max-image-preview:large, max-video-preview:-1\" \/>\n<link rel=\"canonical\" href=\"https:\/\/www.gaveanews.com\/index.php\/2019\/09\/05\/de-saida-reserva-desde-a-chegada-de-jorge-jesus-zagueiro-do-flamengo-entra-na-mira-do-fluminense\/\" \/>\n<meta property=\"og:locale\" content=\"pt_BR\" \/>\n<meta property=\"og:type\" content=\"article\" \/>\n<meta property=\"og:title\" content=\"De sa\u00edda? Reserva desde a chegada de Jorge Jesus, zagueiro do Flamengo entra na mira do Fluminense\" \/>\n<meta property=\"og:description\" content=\"Terceiro time mais vazado do Campeonato Brasileiro, o Fluminense est\u00e1 no mercado para refor\u00e7ar a defesa. O alvo principal \u00e9 um zagueiro, e o time Tricolor trabalha com dois nomes. Um deles \u00e9 Rhodolfo, na reserva do rival Flamengo e que j\u00e1 foi especulado nas Laranjeiras anteriormente. O Flu, entretanto, v\u00ea neg\u00f3cio dif\u00edcil com o [&hellip;]\" \/>\n<meta property=\"og:url\" content=\"https:\/\/www.gaveanews.com\/index.php\/2019\/09\/05\/de-saida-reserva-desde-a-chegada-de-jorge-jesus-zagueiro-do-flamengo-entra-na-mira-do-fluminense\/\" \/>\n<meta property=\"og:site_name\" content=\"G\u00e1vea News\" \/>\n<meta property=\"article:publisher\" content=\"https:\/\/facebook.com\/gaveaNews\/\" \/>\n<meta property=\"article:published_time\" content=\"2019-09-05T12:50:37+00:00\" \/>\n<meta property=\"article:modified_time\" content=\"2019-09-05T12:50:38+00:00\" \/>\n<meta property=\"og:image\" content=\"https:\/\/www.gaveanews.com\/wp-content\/uploads\/2019\/03\/Rhodolfo-durante-treinamento-do-Flamengo-no-Ninho-do-Urubu.webp\" \/>\n\t<meta property=\"og:image:width\" content=\"810\" \/>\n\t<meta property=\"og:image:height\" content=\"471\" \/>\n\t<meta property=\"og:image:type\" content=\"image\/jpeg\" \/>\n<meta name=\"author\" content=\"Equipe G\u00e1vea News\" \/>\n<meta name=\"twitter:card\" content=\"summary_large_image\" \/>\n<meta name=\"twitter:label1\" content=\"Escrito por\" \/>\n\t<meta name=\"twitter:data1\" content=\"Equipe G\u00e1vea News\" \/>\n\t<meta name=\"twitter:label2\" content=\"Est. tempo de leitura\" \/>\n\t<meta name=\"twitter:data2\" content=\"1 minuto\" \/>\n<script type=\"application\/ld+json\" class=\"yoast-schema-graph\">{\"@context\":\"https:\/\/schema.org\",\"@graph\":[{\"@type\":\"NewsArticle\",\"@id\":\"https:\/\/www.gaveanews.com\/index.php\/2019\/09\/05\/de-saida-reserva-desde-a-chegada-de-jorge-jesus-zagueiro-do-flamengo-entra-na-mira-do-fluminense\/#article\",\"isPartOf\":{\"@id\":\"https:\/\/www.gaveanews.com\/index.php\/2019\/09\/05\/de-saida-reserva-desde-a-chegada-de-jorge-jesus-zagueiro-do-flamengo-entra-na-mira-do-fluminense\/\"},\"author\":{\"name\":\"Equipe G\u00e1vea News\",\"@id\":\"https:\/\/www.gaveanews.com\/#\/schema\/person\/2ec14f73fb96be2caf28f91afb14749d\"},\"headline\":\"De sa\u00edda? Reserva desde a chegada de Jorge Jesus, zagueiro do Flamengo entra na mira do Fluminense\",\"datePublished\":\"2019-09-05T12:50:37+00:00\",\"dateModified\":\"2019-09-05T12:50:38+00:00\",\"mainEntityOfPage\":{\"@id\":\"https:\/\/www.gaveanews.com\/index.php\/2019\/09\/05\/de-saida-reserva-desde-a-chegada-de-jorge-jesus-zagueiro-do-flamengo-entra-na-mira-do-fluminense\/\"},\"wordCount\":191,\"commentCount\":0,\"image\":{\"@id\":\"https:\/\/www.gaveanews.com\/index.php\/2019\/09\/05\/de-saida-reserva-desde-a-chegada-de-jorge-jesus-zagueiro-do-flamengo-entra-na-mira-do-fluminense\/#primaryimage\"},\"thumbnailUrl\":\"https:\/\/www.gaveanews.com\/wp-content\/uploads\/2019\/03\/Rhodolfo-durante-treinamento-do-Flamengo-no-Ninho-do-Urubu.webp\",\"articleSection\":[\"Negocia\u00e7\u00f5es\"],\"inLanguage\":\"pt-BR\",\"potentialAction\":[{\"@type\":\"CommentAction\",\"name\":\"Comment\",\"target\":[\"https:\/\/www.gaveanews.com\/index.php\/2019\/09\/05\/de-saida-reserva-desde-a-chegada-de-jorge-jesus-zagueiro-do-flamengo-entra-na-mira-do-fluminense\/#respond\"]}],\"copyrightYear\":\"2019\",\"copyrightHolder\":{\"@id\":\"https:\/\/www.gaveanews.com\/#organization\"}},{\"@type\":\"WebPage\",\"@id\":\"https:\/\/www.gaveanews.com\/index.php\/2019\/09\/05\/de-saida-reserva-desde-a-chegada-de-jorge-jesus-zagueiro-do-flamengo-entra-na-mira-do-fluminense\/\",\"url\":\"https:\/\/www.gaveanews.com\/index.php\/2019\/09\/05\/de-saida-reserva-desde-a-chegada-de-jorge-jesus-zagueiro-do-flamengo-entra-na-mira-do-fluminense\/\",\"name\":\"De sa\u00edda? Reserva desde a chegada de Jorge Jesus, zagueiro do Flamengo entra na mira do Fluminense\",\"isPartOf\":{\"@id\":\"https:\/\/www.gaveanews.com\/#website\"},\"primaryImageOfPage\":{\"@id\":\"https:\/\/www.gaveanews.com\/index.php\/2019\/09\/05\/de-saida-reserva-desde-a-chegada-de-jorge-jesus-zagueiro-do-flamengo-entra-na-mira-do-fluminense\/#primaryimage\"},\"image\":{\"@id\":\"https:\/\/www.gaveanews.com\/index.php\/2019\/09\/05\/de-saida-reserva-desde-a-chegada-de-jorge-jesus-zagueiro-do-flamengo-entra-na-mira-do-fluminense\/#primaryimage\"},\"thumbnailUrl\":\"https:\/\/www.gaveanews.com\/wp-content\/uploads\/2019\/03\/Rhodolfo-durante-treinamento-do-Flamengo-no-Ninho-do-Urubu.webp\",\"datePublished\":\"2019-09-05T12:50:37+00:00\",\"dateModified\":\"2019-09-05T12:50:38+00:00\",\"author\":{\"@id\":\"https:\/\/www.gaveanews.com\/#\/schema\/person\/2ec14f73fb96be2caf28f91afb14749d\"},\"breadcrumb\":{\"@id\":\"https:\/\/www.gaveanews.com\/index.php\/2019\/09\/05\/de-saida-reserva-desde-a-chegada-de-jorge-jesus-zagueiro-do-flamengo-entra-na-mira-do-fluminense\/#breadcrumb\"},\"inLanguage\":\"pt-BR\",\"potentialAction\":[{\"@type\":\"ReadAction\",\"target\":[\"https:\/\/www.gaveanews.com\/index.php\/2019\/09\/05\/de-saida-reserva-desde-a-chegada-de-jorge-jesus-zagueiro-do-flamengo-entra-na-mira-do-fluminense\/\"]}]},{\"@type\":\"ImageObject\",\"inLanguage\":\"pt-BR\",\"@id\":\"https:\/\/www.gaveanews.com\/index.php\/2019\/09\/05\/de-saida-reserva-desde-a-chegada-de-jorge-jesus-zagueiro-do-flamengo-entra-na-mira-do-fluminense\/#primaryimage\",\"url\":\"https:\/\/www.gaveanews.com\/wp-content\/uploads\/2019\/03\/Rhodolfo-durante-treinamento-do-Flamengo-no-Ninho-do-Urubu.webp\",\"contentUrl\":\"https:\/\/www.gaveanews.com\/wp-content\/uploads\/2019\/03\/Rhodolfo-durante-treinamento-do-Flamengo-no-Ninho-do-Urubu.webp\",\"width\":810,\"height\":471,\"caption\":\"Rhodolfo durante treinamento do Flamengo, no Ninho do Urubu (Foto: Alexandre Vidal\/Flamengo)\"},{\"@type\":\"BreadcrumbList\",\"@id\":\"https:\/\/www.gaveanews.com\/index.php\/2019\/09\/05\/de-saida-reserva-desde-a-chegada-de-jorge-jesus-zagueiro-do-flamengo-entra-na-mira-do-fluminense\/#breadcrumb\",\"itemListElement\":[{\"@type\":\"ListItem\",\"position\":1,\"name\":\"Home\",\"item\":\"https:\/\/www.gaveanews.com\/\"},{\"@type\":\"ListItem\",\"position\":2,\"name\":\"De sa\u00edda? Reserva desde a chegada de Jorge Jesus, zagueiro do Flamengo entra na mira do Fluminense\"}]},{\"@type\":\"WebSite\",\"@id\":\"https:\/\/www.gaveanews.com\/#website\",\"url\":\"https:\/\/www.gaveanews.com\/\",\"name\":\"G\u00e1vea News\",\"description\":\"Veja todas as not\u00edcias sobre o Flamengo: Contrata\u00e7\u00f5es, categorias de base, resultados das partidas, tabela de classifica\u00e7\u00e3o, pr\u00f3ximos jogos!\",\"potentialAction\":[{\"@type\":\"SearchAction\",\"target\":{\"@type\":\"EntryPoint\",\"urlTemplate\":\"https:\/\/www.gaveanews.com\/?s={search_term_string}\"},\"query-input\":{\"@type\":\"PropertyValueSpecification\",\"valueRequired\":true,\"valueName\":\"search_term_string\"}}],\"inLanguage\":\"pt-BR\"},{\"@type\":\"Person\",\"@id\":\"https:\/\/www.gaveanews.com\/#\/schema\/person\/2ec14f73fb96be2caf28f91afb14749d\",\"name\":\"Equipe G\u00e1vea News\",\"image\":{\"@type\":\"ImageObject\",\"inLanguage\":\"pt-BR\",\"@id\":\"https:\/\/www.gaveanews.com\/#\/schema\/person\/image\/\",\"url\":\"https:\/\/secure.gravatar.com\/avatar\/1e1956f1facbffd3f8fa53a326721950116b3b9dc9bd44939c01180fd4a745a9?s=96&d=mm&r=g\",\"contentUrl\":\"https:\/\/secure.gravatar.com\/avatar\/1e1956f1facbffd3f8fa53a326721950116b3b9dc9bd44939c01180fd4a745a9?s=96&d=mm&r=g\",\"caption\":\"Equipe G\u00e1vea News\"}}]}<\/script>\n<!-- \/ Yoast SEO Premium plugin. -->","yoast_head_json":{"title":"De sa\u00edda? Reserva desde a chegada de Jorge Jesus, zagueiro do Flamengo entra na mira do Fluminense","robots":{"index":"index","follow":"follow","max-snippet":"max-snippet:-1","max-image-preview":"max-image-preview:large","max-video-preview":"max-video-preview:-1"},"canonical":"https:\/\/www.gaveanews.com\/index.php\/2019\/09\/05\/de-saida-reserva-desde-a-chegada-de-jorge-jesus-zagueiro-do-flamengo-entra-na-mira-do-fluminense\/","og_locale":"pt_BR","og_type":"article","og_title":"De sa\u00edda? Reserva desde a chegada de Jorge Jesus, zagueiro do Flamengo entra na mira do Fluminense","og_description":"Terceiro time mais vazado do Campeonato Brasileiro, o Fluminense est\u00e1 no mercado para refor\u00e7ar a defesa. O alvo principal \u00e9 um zagueiro, e o time Tricolor trabalha com dois nomes. Um deles \u00e9 Rhodolfo, na reserva do rival Flamengo e que j\u00e1 foi especulado nas Laranjeiras anteriormente. O Flu, entretanto, v\u00ea neg\u00f3cio dif\u00edcil com o [&hellip;]","og_url":"https:\/\/www.gaveanews.com\/index.php\/2019\/09\/05\/de-saida-reserva-desde-a-chegada-de-jorge-jesus-zagueiro-do-flamengo-entra-na-mira-do-fluminense\/","og_site_name":"G\u00e1vea News","article_publisher":"https:\/\/facebook.com\/gaveaNews\/","article_published_time":"2019-09-05T12:50:37+00:00","article_modified_time":"2019-09-05T12:50:38+00:00","og_image":[{"width":810,"height":471,"url":"https:\/\/www.gaveanews.com\/wp-content\/uploads\/2019\/03\/Rhodolfo-durante-treinamento-do-Flamengo-no-Ninho-do-Urubu.webp","type":"image\/jpeg"}],"author":"Equipe G\u00e1vea News","twitter_card":"summary_large_image","twitter_misc":{"Escrito por":"Equipe G\u00e1vea News","Est. tempo de leitura":"1 minuto"},"schema":{"@context":"https:\/\/schema.org","@graph":[{"@type":"NewsArticle","@id":"https:\/\/www.gaveanews.com\/index.php\/2019\/09\/05\/de-saida-reserva-desde-a-chegada-de-jorge-jesus-zagueiro-do-flamengo-entra-na-mira-do-fluminense\/#article","isPartOf":{"@id":"https:\/\/www.gaveanews.com\/index.php\/2019\/09\/05\/de-saida-reserva-desde-a-chegada-de-jorge-jesus-zagueiro-do-flamengo-entra-na-mira-do-fluminense\/"},"author":{"name":"Equipe G\u00e1vea News","@id":"https:\/\/www.gaveanews.com\/#\/schema\/person\/2ec14f73fb96be2caf28f91afb14749d"},"headline":"De sa\u00edda? Reserva desde a chegada de Jorge Jesus, zagueiro do Flamengo entra na mira do Fluminense","datePublished":"2019-09-05T12:50:37+00:00","dateModified":"2019-09-05T12:50:38+00:00","mainEntityOfPage":{"@id":"https:\/\/www.gaveanews.com\/index.php\/2019\/09\/05\/de-saida-reserva-desde-a-chegada-de-jorge-jesus-zagueiro-do-flamengo-entra-na-mira-do-fluminense\/"},"wordCount":191,"commentCount":0,"image":{"@id":"https:\/\/www.gaveanews.com\/index.php\/2019\/09\/05\/de-saida-reserva-desde-a-chegada-de-jorge-jesus-zagueiro-do-flamengo-entra-na-mira-do-fluminense\/#primaryimage"},"thumbnailUrl":"https:\/\/www.gaveanews.com\/wp-content\/uploads\/2019\/03\/Rhodolfo-durante-treinamento-do-Flamengo-no-Ninho-do-Urubu.webp","articleSection":["Negocia\u00e7\u00f5es"],"inLanguage":"pt-BR","potentialAction":[{"@type":"CommentAction","name":"Comment","target":["https:\/\/www.gaveanews.com\/index.php\/2019\/09\/05\/de-saida-reserva-desde-a-chegada-de-jorge-jesus-zagueiro-do-flamengo-entra-na-mira-do-fluminense\/#respond"]}],"copyrightYear":"2019","copyrightHolder":{"@id":"https:\/\/www.gaveanews.com\/#organization"}},{"@type":"WebPage","@id":"https:\/\/www.gaveanews.com\/index.php\/2019\/09\/05\/de-saida-reserva-desde-a-chegada-de-jorge-jesus-zagueiro-do-flamengo-entra-na-mira-do-fluminense\/","url":"https:\/\/www.gaveanews.com\/index.php\/2019\/09\/05\/de-saida-reserva-desde-a-chegada-de-jorge-jesus-zagueiro-do-flamengo-entra-na-mira-do-fluminense\/","name":"De sa\u00edda? Reserva desde a chegada de Jorge Jesus, zagueiro do Flamengo entra na mira do Fluminense","isPartOf":{"@id":"https:\/\/www.gaveanews.com\/#website"},"primaryImageOfPage":{"@id":"https:\/\/www.gaveanews.com\/index.php\/2019\/09\/05\/de-saida-reserva-desde-a-chegada-de-jorge-jesus-zagueiro-do-flamengo-entra-na-mira-do-fluminense\/#primaryimage"},"image":{"@id":"https:\/\/www.gaveanews.com\/index.php\/2019\/09\/05\/de-saida-reserva-desde-a-chegada-de-jorge-jesus-zagueiro-do-flamengo-entra-na-mira-do-fluminense\/#primaryimage"},"thumbnailUrl":"https:\/\/www.gaveanews.com\/wp-content\/uploads\/2019\/03\/Rhodolfo-durante-treinamento-do-Flamengo-no-Ninho-do-Urubu.webp","datePublished":"2019-09-05T12:50:37+00:00","dateModified":"2019-09-05T12:50:38+00:00","author":{"@id":"https:\/\/www.gaveanews.com\/#\/schema\/person\/2ec14f73fb96be2caf28f91afb14749d"},"breadcrumb":{"@id":"https:\/\/www.gaveanews.com\/index.php\/2019\/09\/05\/de-saida-reserva-desde-a-chegada-de-jorge-jesus-zagueiro-do-flamengo-entra-na-mira-do-fluminense\/#breadcrumb"},"inLanguage":"pt-BR","potentialAction":[{"@type":"ReadAction","target":["https:\/\/www.gaveanews.com\/index.php\/2019\/09\/05\/de-saida-reserva-desde-a-chegada-de-jorge-jesus-zagueiro-do-flamengo-entra-na-mira-do-fluminense\/"]}]},{"@type":"ImageObject","inLanguage":"pt-BR","@id":"https:\/\/www.gaveanews.com\/index.php\/2019\/09\/05\/de-saida-reserva-desde-a-chegada-de-jorge-jesus-zagueiro-do-flamengo-entra-na-mira-do-fluminense\/#primaryimage","url":"https:\/\/www.gaveanews.com\/wp-content\/uploads\/2019\/03\/Rhodolfo-durante-treinamento-do-Flamengo-no-Ninho-do-Urubu.webp","contentUrl":"https:\/\/www.gaveanews.com\/wp-content\/uploads\/2019\/03\/Rhodolfo-durante-treinamento-do-Flamengo-no-Ninho-do-Urubu.webp","width":810,"height":471,"caption":"Rhodolfo durante treinamento do Flamengo, no Ninho do Urubu (Foto: Alexandre Vidal\/Flamengo)"},{"@type":"BreadcrumbList","@id":"https:\/\/www.gaveanews.com\/index.php\/2019\/09\/05\/de-saida-reserva-desde-a-chegada-de-jorge-jesus-zagueiro-do-flamengo-entra-na-mira-do-fluminense\/#breadcrumb","itemListElement":[{"@type":"ListItem","position":1,"name":"Home","item":"https:\/\/www.gaveanews.com\/"},{"@type":"ListItem","position":2,"name":"De sa\u00edda? Reserva desde a chegada de Jorge Jesus, zagueiro do Flamengo entra na mira do Fluminense"}]},{"@type":"WebSite","@id":"https:\/\/www.gaveanews.com\/#website","url":"https:\/\/www.gaveanews.com\/","name":"G\u00e1vea News","description":"Veja todas as not\u00edcias sobre o Flamengo: Contrata\u00e7\u00f5es, categorias de base, resultados das partidas, tabela de classifica\u00e7\u00e3o, pr\u00f3ximos jogos!","potentialAction":[{"@type":"SearchAction","target":{"@type":"EntryPoint","urlTemplate":"https:\/\/www.gaveanews.com\/?s={search_term_string}"},"query-input":{"@type":"PropertyValueSpecification","valueRequired":true,"valueName":"search_term_string"}}],"inLanguage":"pt-BR"},{"@type":"Person","@id":"https:\/\/www.gaveanews.com\/#\/schema\/person\/2ec14f73fb96be2caf28f91afb14749d","name":"Equipe G\u00e1vea News","image":{"@type":"ImageObject","inLanguage":"pt-BR","@id":"https:\/\/www.gaveanews.com\/#\/schema\/person\/image\/","url":"https:\/\/secure.gravatar.com\/avatar\/1e1956f1facbffd3f8fa53a326721950116b3b9dc9bd44939c01180fd4a745a9?s=96&d=mm&r=g","contentUrl":"https:\/\/secure.gravatar.com\/avatar\/1e1956f1facbffd3f8fa53a326721950116b3b9dc9bd44939c01180fd4a745a9?s=96&d=mm&r=g","caption":"Equipe G\u00e1vea News"}}]}},"_links":{"self":[{"href":"https:\/\/www.gaveanews.com\/index.php\/wp-json\/wp\/v2\/posts\/26811","targetHints":{"allow":["GET"]}}],"collection":[{"href":"https:\/\/www.gaveanews.com\/index.php\/wp-json\/wp\/v2\/posts"}],"about":[{"href":"https:\/\/www.gaveanews.com\/index.php\/wp-json\/wp\/v2\/types\/post"}],"author":[{"embeddable":true,"href":"https:\/\/www.gaveanews.com\/index.php\/wp-json\/wp\/v2\/users\/1"}],"replies":[{"embeddable":true,"href":"https:\/\/www.gaveanews.com\/index.php\/wp-json\/wp\/v2\/comments?post=26811"}],"version-history":[{"count":0,"href":"https:\/\/www.gaveanews.com\/index.php\/wp-json\/wp\/v2\/posts\/26811\/revisions"}],"wp:featuredmedia":[{"embeddable":true,"href":"https:\/\/www.gaveanews.com\/index.php\/wp-json\/wp\/v2\/media\/14948"}],"wp:attachment":[{"href":"https:\/\/www.gaveanews.com\/index.php\/wp-json\/wp\/v2\/media?parent=26811"}],"wp:term":[{"taxonomy":"category","embeddable":true,"href":"https:\/\/www.gaveanews.com\/index.php\/wp-json\/wp\/v2\/categories?post=26811"},{"taxonomy":"post_tag","embeddable":true,"href":"https:\/\/www.gaveanews.com\/index.php\/wp-json\/wp\/v2\/tags?post=26811"}],"curies":[{"name":"wp","href":"https:\/\/api.w.org\/{rel}","templated":true}]}}