{"id":268159,"date":"2025-05-29T20:00:00","date_gmt":"2025-05-29T23:00:00","guid":{"rendered":"https:\/\/www.gaveanews.com\/?p=268159"},"modified":"2025-05-29T19:31:47","modified_gmt":"2025-05-29T22:31:47","slug":"vini-jr-recebe-homenagem-no-rio-de-janeiro","status":"publish","type":"post","link":"https:\/\/www.gaveanews.com\/index.php\/2025\/05\/29\/vini-jr-recebe-homenagem-no-rio-de-janeiro\/","title":{"rendered":"Vini Jr. recebe homenagem no Rio de Janeiro"},"content":{"rendered":"\n<p>Na noite de quarta-feira (28), o c\u00e9u de S\u00e3o Gon\u00e7alo, no Rio de Janeiro, foi palco de um espet\u00e1culo de luzes promovido por drones. A a\u00e7\u00e3o homenageou Vin\u00edcius J\u00fanior, atacante do Real Madrid e da Sele\u00e7\u00e3o Brasileira, com imagens formadas por centenas de drones. <\/p>\n\n\n\n<p>Entre as proje\u00e7\u00f5es estavam o rosto do jogador, uma chuteira e o logotipo da fornecedora de material esportivo Nike \u2014 organizadora do evento \u2014, al\u00e9m de elementos que remetem \u00e0 sua hist\u00f3ria esportiva.<\/p>\n\n\n\n<p>O show ocorreu no bairro Antonina e chamou a aten\u00e7\u00e3o n\u00e3o apenas pela tecnologia envolvida, mas pelo simbolismo da homenagem. Afinal, o atleta mant\u00e9m uma rela\u00e7\u00e3o afetiva e constante com sua cidade natal, onde foi criado, mais precisamente no bairro Porto do Rosa.<\/p>\n\n\n\n<h4 class=\"wp-block-heading\" id=\"h-presenca-marcante-e-raizes-fortes\">Presen\u00e7a marcante e ra\u00edzes fortes<\/h4>\n\n\n\n<p>Enquanto drones encantavam os c\u00e9us, Vin\u00edcius J\u00fanior acompanhava no Maracan\u00e3 o duelo entre Flamengo e Deportivo T\u00e1chira, v\u00e1lido pela Libertadores da Am\u00e9rica. O confronto terminou com vit\u00f3ria carioca por 1 a 0. <\/p>\n\n\n\n<p>O jogador esteve no est\u00e1dio ao lado do t\u00e9cnico da Sele\u00e7\u00e3o, Carlo Ancelotti, refor\u00e7ando sua proximidade com o futebol brasileiro, apesar da carreira consolidada na Europa.<\/p>\n\n\n\n<p>Ao mesmo tempo, em S\u00e3o Gon\u00e7alo, um mural est\u00e1 em fase de constru\u00e7\u00e3o em homenagem ao atleta. A arte inclui imagens marcantes de sua jornada: uma com o escudo do Flamengo ao fundo, outra vestindo o uniforme da Sele\u00e7\u00e3o e uma terceira com a camisa do Real Madrid. <\/p>\n\n\n\n<h4 class=\"wp-block-heading\" id=\"h-compromisso-social-e-reconhecimento-internacional\">Compromisso social e reconhecimento internacional<\/h4>\n\n\n\n<p>Al\u00e9m das conquistas esportivas, Vin\u00edcius J\u00fanior tamb\u00e9m se destaca pelo trabalho social. Ele foi recentemente agraciado com o Pr\u00eamio S\u00f3crates, entregue durante a cerim\u00f4nia da Bola de Ouro. A honraria reconheceu o impacto do Instituto Vinicius J\u00fanior, que promove a\u00e7\u00f5es voltadas \u00e0 educa\u00e7\u00e3o e ao esporte para jovens de comunidades carentes.<\/p>\n\n\n\n<p>A organiza\u00e7\u00e3o j\u00e1 atua em diversas escolas municipais, como a Escola Municipal Paulo Reglus Neves Freire, onde o atacante estudou. Esse v\u00ednculo com a educa\u00e7\u00e3o b\u00e1sica e com a transforma\u00e7\u00e3o social em sua regi\u00e3o de origem foi, inclusive, ressaltado durante a homenagem a\u00e9rea.<\/p>\n\n\n\n<h4 class=\"wp-block-heading\" id=\"h-conexao-afetiva-com-a-cidade-natal\">Conex\u00e3o afetiva com a cidade natal<\/h4>\n\n\n\n<p>Vin\u00edcius \u00e9 frequentemente visto em S\u00e3o Gon\u00e7alo, onde participa de a\u00e7\u00f5es comunit\u00e1rias. Em 2019, por exemplo, protagonizou uma cena simb\u00f3lica ao soltar pipa com moradores locais, gesto que emocionou a popula\u00e7\u00e3o. Esse tipo de atitude reafirma sua identifica\u00e7\u00e3o com o munic\u00edpio e a import\u00e2ncia de sua figura p\u00fablica como inspira\u00e7\u00e3o para jovens da regi\u00e3o.<\/p>\n\n\n\n<p>A homenagem promovida pela Nike, portanto, teve um significado que vai al\u00e9m da est\u00e9tica visual. Representou o reconhecimento de uma trajet\u00f3ria de supera\u00e7\u00e3o e de cont\u00ednua contribui\u00e7\u00e3o social. Conforme demonstrado, o impacto do jogador ultrapassa os limites dos gramados, alcan\u00e7ando a vida de muitos que compartilham das mesmas origens e desafios.<\/p>\n","protected":false},"excerpt":{"rendered":"<p>Na noite de quarta-feira (28), o c\u00e9u de S\u00e3o Gon\u00e7alo, no Rio de Janeiro, foi palco de um espet\u00e1culo de luzes promovido por drones. A a\u00e7\u00e3o homenageou Vin\u00edcius J\u00fanior, atacante do Real Madrid e da Sele\u00e7\u00e3o Brasileira, com imagens formadas por centenas de drones. Entre as proje\u00e7\u00f5es estavam o rosto do jogador, uma chuteira e [&hellip;]<\/p>\n","protected":false},"author":30,"featured_media":268186,"comment_status":"open","ping_status":"closed","sticky":false,"template":"","format":"standard","meta":{"footnotes":""},"categories":[478,81,433,1],"tags":[],"class_list":["post-268159","post","type-post","status-publish","format-standard","has-post-thumbnail","hentry","category-brasil","category-celebridades","category-entretenimento","category-flamengo"],"yoast_head":"<!-- This site is optimized with the Yoast SEO Premium plugin v24.2 (Yoast SEO v26.9) - https:\/\/yoast.com\/product\/yoast-seo-premium-wordpress\/ -->\n<title>Vini Jr. recebe homenagem no Rio de Janeiro<\/title>\n<meta name=\"robots\" content=\"index, follow, max-snippet:-1, max-image-preview:large, max-video-preview:-1\" \/>\n<link rel=\"canonical\" href=\"https:\/\/www.gaveanews.com\/index.php\/2025\/05\/29\/vini-jr-recebe-homenagem-no-rio-de-janeiro\/\" \/>\n<meta property=\"og:locale\" content=\"pt_BR\" \/>\n<meta property=\"og:type\" content=\"article\" \/>\n<meta property=\"og:title\" content=\"Vini Jr. recebe homenagem no Rio de Janeiro\" \/>\n<meta property=\"og:description\" content=\"Na noite de quarta-feira (28), o c\u00e9u de S\u00e3o Gon\u00e7alo, no Rio de Janeiro, foi palco de um espet\u00e1culo de luzes promovido por drones. A a\u00e7\u00e3o homenageou Vin\u00edcius J\u00fanior, atacante do Real Madrid e da Sele\u00e7\u00e3o Brasileira, com imagens formadas por centenas de drones. Entre as proje\u00e7\u00f5es estavam o rosto do jogador, uma chuteira e [&hellip;]\" \/>\n<meta property=\"og:url\" content=\"https:\/\/www.gaveanews.com\/index.php\/2025\/05\/29\/vini-jr-recebe-homenagem-no-rio-de-janeiro\/\" \/>\n<meta property=\"og:site_name\" content=\"G\u00e1vea News\" \/>\n<meta property=\"article:publisher\" content=\"https:\/\/facebook.com\/gaveaNews\/\" \/>\n<meta property=\"article:published_time\" content=\"2025-05-29T23:00:00+00:00\" \/>\n<meta property=\"og:image\" content=\"https:\/\/www.gaveanews.com\/wp-content\/uploads\/Vinicius-Junior-comparece-no-Maracana-em-classificacao-do-Flamengo.webp\" \/>\n\t<meta property=\"og:image:width\" content=\"1200\" \/>\n\t<meta property=\"og:image:height\" content=\"900\" \/>\n\t<meta property=\"og:image:type\" content=\"image\/webp\" \/>\n<meta name=\"author\" content=\"Ana Teixeira\" \/>\n<meta name=\"twitter:card\" content=\"summary_large_image\" \/>\n<meta name=\"twitter:label1\" content=\"Escrito por\" \/>\n\t<meta name=\"twitter:data1\" content=\"Ana Teixeira\" \/>\n\t<meta name=\"twitter:label2\" content=\"Est. tempo de leitura\" \/>\n\t<meta name=\"twitter:data2\" content=\"3 minutos\" \/>\n<script type=\"application\/ld+json\" class=\"yoast-schema-graph\">{\"@context\":\"https:\/\/schema.org\",\"@graph\":[{\"@type\":\"NewsArticle\",\"@id\":\"https:\/\/www.gaveanews.com\/index.php\/2025\/05\/29\/vini-jr-recebe-homenagem-no-rio-de-janeiro\/#article\",\"isPartOf\":{\"@id\":\"https:\/\/www.gaveanews.com\/index.php\/2025\/05\/29\/vini-jr-recebe-homenagem-no-rio-de-janeiro\/\"},\"author\":{\"name\":\"Ana Teixeira\",\"@id\":\"https:\/\/www.gaveanews.com\/#\/schema\/person\/3b19f7288b0ce20372991275e4f2e6c2\"},\"headline\":\"Vini Jr. recebe homenagem no Rio de Janeiro\",\"datePublished\":\"2025-05-29T23:00:00+00:00\",\"mainEntityOfPage\":{\"@id\":\"https:\/\/www.gaveanews.com\/index.php\/2025\/05\/29\/vini-jr-recebe-homenagem-no-rio-de-janeiro\/\"},\"wordCount\":510,\"commentCount\":0,\"image\":{\"@id\":\"https:\/\/www.gaveanews.com\/index.php\/2025\/05\/29\/vini-jr-recebe-homenagem-no-rio-de-janeiro\/#primaryimage\"},\"thumbnailUrl\":\"https:\/\/www.gaveanews.com\/wp-content\/uploads\/Vinicius-Junior-comparece-no-Maracana-em-classificacao-do-Flamengo.webp\",\"articleSection\":[\"Brasil\",\"Celebridades\",\"Entretenimento\",\"Flamengo\"],\"inLanguage\":\"pt-BR\",\"potentialAction\":[{\"@type\":\"CommentAction\",\"name\":\"Comment\",\"target\":[\"https:\/\/www.gaveanews.com\/index.php\/2025\/05\/29\/vini-jr-recebe-homenagem-no-rio-de-janeiro\/#respond\"]}],\"copyrightYear\":\"2025\",\"copyrightHolder\":{\"@id\":\"https:\/\/www.gaveanews.com\/#organization\"}},{\"@type\":\"WebPage\",\"@id\":\"https:\/\/www.gaveanews.com\/index.php\/2025\/05\/29\/vini-jr-recebe-homenagem-no-rio-de-janeiro\/\",\"url\":\"https:\/\/www.gaveanews.com\/index.php\/2025\/05\/29\/vini-jr-recebe-homenagem-no-rio-de-janeiro\/\",\"name\":\"Vini Jr. recebe homenagem no Rio de Janeiro\",\"isPartOf\":{\"@id\":\"https:\/\/www.gaveanews.com\/#website\"},\"primaryImageOfPage\":{\"@id\":\"https:\/\/www.gaveanews.com\/index.php\/2025\/05\/29\/vini-jr-recebe-homenagem-no-rio-de-janeiro\/#primaryimage\"},\"image\":{\"@id\":\"https:\/\/www.gaveanews.com\/index.php\/2025\/05\/29\/vini-jr-recebe-homenagem-no-rio-de-janeiro\/#primaryimage\"},\"thumbnailUrl\":\"https:\/\/www.gaveanews.com\/wp-content\/uploads\/Vinicius-Junior-comparece-no-Maracana-em-classificacao-do-Flamengo.webp\",\"datePublished\":\"2025-05-29T23:00:00+00:00\",\"author\":{\"@id\":\"https:\/\/www.gaveanews.com\/#\/schema\/person\/3b19f7288b0ce20372991275e4f2e6c2\"},\"breadcrumb\":{\"@id\":\"https:\/\/www.gaveanews.com\/index.php\/2025\/05\/29\/vini-jr-recebe-homenagem-no-rio-de-janeiro\/#breadcrumb\"},\"inLanguage\":\"pt-BR\",\"potentialAction\":[{\"@type\":\"ReadAction\",\"target\":[\"https:\/\/www.gaveanews.com\/index.php\/2025\/05\/29\/vini-jr-recebe-homenagem-no-rio-de-janeiro\/\"]}]},{\"@type\":\"ImageObject\",\"inLanguage\":\"pt-BR\",\"@id\":\"https:\/\/www.gaveanews.com\/index.php\/2025\/05\/29\/vini-jr-recebe-homenagem-no-rio-de-janeiro\/#primaryimage\",\"url\":\"https:\/\/www.gaveanews.com\/wp-content\/uploads\/Vinicius-Junior-comparece-no-Maracana-em-classificacao-do-Flamengo.webp\",\"contentUrl\":\"https:\/\/www.gaveanews.com\/wp-content\/uploads\/Vinicius-Junior-comparece-no-Maracana-em-classificacao-do-Flamengo.webp\",\"width\":1200,\"height\":900,\"caption\":\"Foto: Gilvan de Souza\/Flamengo\"},{\"@type\":\"BreadcrumbList\",\"@id\":\"https:\/\/www.gaveanews.com\/index.php\/2025\/05\/29\/vini-jr-recebe-homenagem-no-rio-de-janeiro\/#breadcrumb\",\"itemListElement\":[{\"@type\":\"ListItem\",\"position\":1,\"name\":\"Home\",\"item\":\"https:\/\/www.gaveanews.com\/\"},{\"@type\":\"ListItem\",\"position\":2,\"name\":\"Vini Jr. recebe homenagem no Rio de Janeiro\"}]},{\"@type\":\"WebSite\",\"@id\":\"https:\/\/www.gaveanews.com\/#website\",\"url\":\"https:\/\/www.gaveanews.com\/\",\"name\":\"G\u00e1vea News\",\"description\":\"Veja todas as not\u00edcias sobre o Flamengo: Contrata\u00e7\u00f5es, categorias de base, resultados das partidas, tabela de classifica\u00e7\u00e3o, pr\u00f3ximos jogos!\",\"potentialAction\":[{\"@type\":\"SearchAction\",\"target\":{\"@type\":\"EntryPoint\",\"urlTemplate\":\"https:\/\/www.gaveanews.com\/?s={search_term_string}\"},\"query-input\":{\"@type\":\"PropertyValueSpecification\",\"valueRequired\":true,\"valueName\":\"search_term_string\"}}],\"inLanguage\":\"pt-BR\"},{\"@type\":\"Person\",\"@id\":\"https:\/\/www.gaveanews.com\/#\/schema\/person\/3b19f7288b0ce20372991275e4f2e6c2\",\"name\":\"Ana Teixeira\",\"image\":{\"@type\":\"ImageObject\",\"inLanguage\":\"pt-BR\",\"@id\":\"https:\/\/www.gaveanews.com\/#\/schema\/person\/image\/\",\"url\":\"https:\/\/secure.gravatar.com\/avatar\/0a73f5a5258f3fed37fc2fa641892f3f7a4748456d4d4792f9bc550e6c19e06c?s=96&d=mm&r=g\",\"contentUrl\":\"https:\/\/secure.gravatar.com\/avatar\/0a73f5a5258f3fed37fc2fa641892f3f7a4748456d4d4792f9bc550e6c19e06c?s=96&d=mm&r=g\",\"caption\":\"Ana Teixeira\"}}]}<\/script>\n<!-- \/ Yoast SEO Premium plugin. -->","yoast_head_json":{"title":"Vini Jr. recebe homenagem no Rio de Janeiro","robots":{"index":"index","follow":"follow","max-snippet":"max-snippet:-1","max-image-preview":"max-image-preview:large","max-video-preview":"max-video-preview:-1"},"canonical":"https:\/\/www.gaveanews.com\/index.php\/2025\/05\/29\/vini-jr-recebe-homenagem-no-rio-de-janeiro\/","og_locale":"pt_BR","og_type":"article","og_title":"Vini Jr. recebe homenagem no Rio de Janeiro","og_description":"Na noite de quarta-feira (28), o c\u00e9u de S\u00e3o Gon\u00e7alo, no Rio de Janeiro, foi palco de um espet\u00e1culo de luzes promovido por drones. A a\u00e7\u00e3o homenageou Vin\u00edcius J\u00fanior, atacante do Real Madrid e da Sele\u00e7\u00e3o Brasileira, com imagens formadas por centenas de drones. Entre as proje\u00e7\u00f5es estavam o rosto do jogador, uma chuteira e [&hellip;]","og_url":"https:\/\/www.gaveanews.com\/index.php\/2025\/05\/29\/vini-jr-recebe-homenagem-no-rio-de-janeiro\/","og_site_name":"G\u00e1vea News","article_publisher":"https:\/\/facebook.com\/gaveaNews\/","article_published_time":"2025-05-29T23:00:00+00:00","og_image":[{"width":1200,"height":900,"url":"https:\/\/www.gaveanews.com\/wp-content\/uploads\/Vinicius-Junior-comparece-no-Maracana-em-classificacao-do-Flamengo.webp","type":"image\/webp"}],"author":"Ana Teixeira","twitter_card":"summary_large_image","twitter_misc":{"Escrito por":"Ana Teixeira","Est. tempo de leitura":"3 minutos"},"schema":{"@context":"https:\/\/schema.org","@graph":[{"@type":"NewsArticle","@id":"https:\/\/www.gaveanews.com\/index.php\/2025\/05\/29\/vini-jr-recebe-homenagem-no-rio-de-janeiro\/#article","isPartOf":{"@id":"https:\/\/www.gaveanews.com\/index.php\/2025\/05\/29\/vini-jr-recebe-homenagem-no-rio-de-janeiro\/"},"author":{"name":"Ana Teixeira","@id":"https:\/\/www.gaveanews.com\/#\/schema\/person\/3b19f7288b0ce20372991275e4f2e6c2"},"headline":"Vini Jr. recebe homenagem no Rio de Janeiro","datePublished":"2025-05-29T23:00:00+00:00","mainEntityOfPage":{"@id":"https:\/\/www.gaveanews.com\/index.php\/2025\/05\/29\/vini-jr-recebe-homenagem-no-rio-de-janeiro\/"},"wordCount":510,"commentCount":0,"image":{"@id":"https:\/\/www.gaveanews.com\/index.php\/2025\/05\/29\/vini-jr-recebe-homenagem-no-rio-de-janeiro\/#primaryimage"},"thumbnailUrl":"https:\/\/www.gaveanews.com\/wp-content\/uploads\/Vinicius-Junior-comparece-no-Maracana-em-classificacao-do-Flamengo.webp","articleSection":["Brasil","Celebridades","Entretenimento","Flamengo"],"inLanguage":"pt-BR","potentialAction":[{"@type":"CommentAction","name":"Comment","target":["https:\/\/www.gaveanews.com\/index.php\/2025\/05\/29\/vini-jr-recebe-homenagem-no-rio-de-janeiro\/#respond"]}],"copyrightYear":"2025","copyrightHolder":{"@id":"https:\/\/www.gaveanews.com\/#organization"}},{"@type":"WebPage","@id":"https:\/\/www.gaveanews.com\/index.php\/2025\/05\/29\/vini-jr-recebe-homenagem-no-rio-de-janeiro\/","url":"https:\/\/www.gaveanews.com\/index.php\/2025\/05\/29\/vini-jr-recebe-homenagem-no-rio-de-janeiro\/","name":"Vini Jr. recebe homenagem no Rio de Janeiro","isPartOf":{"@id":"https:\/\/www.gaveanews.com\/#website"},"primaryImageOfPage":{"@id":"https:\/\/www.gaveanews.com\/index.php\/2025\/05\/29\/vini-jr-recebe-homenagem-no-rio-de-janeiro\/#primaryimage"},"image":{"@id":"https:\/\/www.gaveanews.com\/index.php\/2025\/05\/29\/vini-jr-recebe-homenagem-no-rio-de-janeiro\/#primaryimage"},"thumbnailUrl":"https:\/\/www.gaveanews.com\/wp-content\/uploads\/Vinicius-Junior-comparece-no-Maracana-em-classificacao-do-Flamengo.webp","datePublished":"2025-05-29T23:00:00+00:00","author":{"@id":"https:\/\/www.gaveanews.com\/#\/schema\/person\/3b19f7288b0ce20372991275e4f2e6c2"},"breadcrumb":{"@id":"https:\/\/www.gaveanews.com\/index.php\/2025\/05\/29\/vini-jr-recebe-homenagem-no-rio-de-janeiro\/#breadcrumb"},"inLanguage":"pt-BR","potentialAction":[{"@type":"ReadAction","target":["https:\/\/www.gaveanews.com\/index.php\/2025\/05\/29\/vini-jr-recebe-homenagem-no-rio-de-janeiro\/"]}]},{"@type":"ImageObject","inLanguage":"pt-BR","@id":"https:\/\/www.gaveanews.com\/index.php\/2025\/05\/29\/vini-jr-recebe-homenagem-no-rio-de-janeiro\/#primaryimage","url":"https:\/\/www.gaveanews.com\/wp-content\/uploads\/Vinicius-Junior-comparece-no-Maracana-em-classificacao-do-Flamengo.webp","contentUrl":"https:\/\/www.gaveanews.com\/wp-content\/uploads\/Vinicius-Junior-comparece-no-Maracana-em-classificacao-do-Flamengo.webp","width":1200,"height":900,"caption":"Foto: Gilvan de Souza\/Flamengo"},{"@type":"BreadcrumbList","@id":"https:\/\/www.gaveanews.com\/index.php\/2025\/05\/29\/vini-jr-recebe-homenagem-no-rio-de-janeiro\/#breadcrumb","itemListElement":[{"@type":"ListItem","position":1,"name":"Home","item":"https:\/\/www.gaveanews.com\/"},{"@type":"ListItem","position":2,"name":"Vini Jr. recebe homenagem no Rio de Janeiro"}]},{"@type":"WebSite","@id":"https:\/\/www.gaveanews.com\/#website","url":"https:\/\/www.gaveanews.com\/","name":"G\u00e1vea News","description":"Veja todas as not\u00edcias sobre o Flamengo: Contrata\u00e7\u00f5es, categorias de base, resultados das partidas, tabela de classifica\u00e7\u00e3o, pr\u00f3ximos jogos!","potentialAction":[{"@type":"SearchAction","target":{"@type":"EntryPoint","urlTemplate":"https:\/\/www.gaveanews.com\/?s={search_term_string}"},"query-input":{"@type":"PropertyValueSpecification","valueRequired":true,"valueName":"search_term_string"}}],"inLanguage":"pt-BR"},{"@type":"Person","@id":"https:\/\/www.gaveanews.com\/#\/schema\/person\/3b19f7288b0ce20372991275e4f2e6c2","name":"Ana Teixeira","image":{"@type":"ImageObject","inLanguage":"pt-BR","@id":"https:\/\/www.gaveanews.com\/#\/schema\/person\/image\/","url":"https:\/\/secure.gravatar.com\/avatar\/0a73f5a5258f3fed37fc2fa641892f3f7a4748456d4d4792f9bc550e6c19e06c?s=96&d=mm&r=g","contentUrl":"https:\/\/secure.gravatar.com\/avatar\/0a73f5a5258f3fed37fc2fa641892f3f7a4748456d4d4792f9bc550e6c19e06c?s=96&d=mm&r=g","caption":"Ana Teixeira"}}]}},"_links":{"self":[{"href":"https:\/\/www.gaveanews.com\/index.php\/wp-json\/wp\/v2\/posts\/268159","targetHints":{"allow":["GET"]}}],"collection":[{"href":"https:\/\/www.gaveanews.com\/index.php\/wp-json\/wp\/v2\/posts"}],"about":[{"href":"https:\/\/www.gaveanews.com\/index.php\/wp-json\/wp\/v2\/types\/post"}],"author":[{"embeddable":true,"href":"https:\/\/www.gaveanews.com\/index.php\/wp-json\/wp\/v2\/users\/30"}],"replies":[{"embeddable":true,"href":"https:\/\/www.gaveanews.com\/index.php\/wp-json\/wp\/v2\/comments?post=268159"}],"version-history":[{"count":1,"href":"https:\/\/www.gaveanews.com\/index.php\/wp-json\/wp\/v2\/posts\/268159\/revisions"}],"predecessor-version":[{"id":268191,"href":"https:\/\/www.gaveanews.com\/index.php\/wp-json\/wp\/v2\/posts\/268159\/revisions\/268191"}],"wp:featuredmedia":[{"embeddable":true,"href":"https:\/\/www.gaveanews.com\/index.php\/wp-json\/wp\/v2\/media\/268186"}],"wp:attachment":[{"href":"https:\/\/www.gaveanews.com\/index.php\/wp-json\/wp\/v2\/media?parent=268159"}],"wp:term":[{"taxonomy":"category","embeddable":true,"href":"https:\/\/www.gaveanews.com\/index.php\/wp-json\/wp\/v2\/categories?post=268159"},{"taxonomy":"post_tag","embeddable":true,"href":"https:\/\/www.gaveanews.com\/index.php\/wp-json\/wp\/v2\/tags?post=268159"}],"curies":[{"name":"wp","href":"https:\/\/api.w.org\/{rel}","templated":true}]}}