{"id":268467,"date":"2025-05-30T15:50:00","date_gmt":"2025-05-30T18:50:00","guid":{"rendered":"https:\/\/www.gaveanews.com\/?p=268467"},"modified":"2025-05-30T14:52:41","modified_gmt":"2025-05-30T17:52:41","slug":"atualizacao-sobre-a-venda-de-igor-jesus-do-botafogo-para-europa","status":"publish","type":"post","link":"https:\/\/www.gaveanews.com\/index.php\/2025\/05\/30\/atualizacao-sobre-a-venda-de-igor-jesus-do-botafogo-para-europa\/","title":{"rendered":"Atualiza\u00e7\u00e3o sobre a venda de Igor Jesus, do Botafogo, para Europa"},"content":{"rendered":"\n<p>A poss\u00edvel transfer\u00eancia de Igor Jesus para o futebol europeu movimenta os bastidores do Botafogo e tamb\u00e9m a torcida alvinegra nas redes sociais. Al\u00e9m disso, a diretoria do clube, juntamente com a holding Eagle Football, tem uma estrat\u00e9gia bem definida: mais do que o valor da primeira negocia\u00e7\u00e3o, o foco est\u00e1 em garantir um bom percentual para lucrar em uma futura venda.<\/p>\n\n\n\n<h2 class=\"wp-block-heading\" id=\"h-premier-league-e-prioridade-mas-outras-ligas-tambem-interessam\">Premier League \u00e9 prioridade, mas outras ligas tamb\u00e9m interessam<\/h2>\n\n\n\n<p>A diretoria do Botafogo tem uma prefer\u00eancia clara: negociar o centroavante com um clube da Premier League. Isso porque, segundo apura\u00e7\u00e3o do Boletim do C.E, equipes como Nottingham Forest, Arsenal e Fulham demonstraram forte interesse, sendo o Forest o mais avan\u00e7ado nas conversas.<\/p>\n\n\n\n<p>No entanto, caso n\u00e3o haja acordo com clubes ingleses, a Eagle Football n\u00e3o pretende abrir m\u00e3o de fechar com algum time das principais ligas do continente europeu, como Espanha, It\u00e1lia ou Alemanha. Sendo assim, o objetivo \u00e9 que Igor atue em um campeonato de alta visibilidade.<\/p>\n\n\n\n<h2 class=\"wp-block-heading\" id=\"h-percentual-mantido-e-ponto-chave-para-o-botafogo\">Percentual mantido \u00e9 ponto-chave para o Botafogo<\/h2>\n\n\n\n<p>Vale destacar que, mais do que o clube de destino, o mais importante para a diretoria \u00e9 manter parte dos direitos econ\u00f4micos do atacante. Por isso, mesmo que o primeiro passo seja um time intermedi\u00e1rio da Premier League, como o Nottingham Forest ou o Fulham, a expectativa est\u00e1 voltada para uma futura transfer\u00eancia para gigantes como Real Madrid, Barcelona, Milan, Inter de Mil\u00e3o ou Bayern de Munique.<\/p>\n\n\n\n<p>\u201cOs clubes da Premier League est\u00e3o se destacando, mas alguns s\u00e3o mais r\u00e1pidos que os outros\u201c, revelou uma fonte ligada ao Botafogo ao portal Fog\u00e3oNET.<\/p>\n\n\n\n<p>Desse jeito, o Botafogo demonstra confian\u00e7a no talento de Igor Jesus, que j\u00e1 vestiu a camisa da Sele\u00e7\u00e3o Brasileira e pode al\u00e7ar voos ainda maiores. Com isso, o clube carioca espera transformar a venda em uma opera\u00e7\u00e3o altamente lucrativa no longo prazo. Portanto, o foco n\u00e3o est\u00e1 apenas no presente, mas em garantir um retorno financeiro robusto no futuro.<\/p>\n","protected":false},"excerpt":{"rendered":"<p>A poss\u00edvel transfer\u00eancia de Igor Jesus para o futebol europeu movimenta os bastidores do Botafogo e tamb\u00e9m a torcida alvinegra nas redes sociais. Al\u00e9m disso, a diretoria do clube, juntamente com a holding Eagle Football, tem uma estrat\u00e9gia bem definida: mais do que o valor da primeira negocia\u00e7\u00e3o, o foco est\u00e1 em garantir um bom [&hellip;]<\/p>\n","protected":false},"author":25,"featured_media":263886,"comment_status":"open","ping_status":"closed","sticky":false,"template":"","format":"standard","meta":{"footnotes":""},"categories":[138],"tags":[],"class_list":["post-268467","post","type-post","status-publish","format-standard","has-post-thumbnail","hentry","category-botafogo"],"yoast_head":"<!-- This site is optimized with the Yoast SEO Premium plugin v24.2 (Yoast SEO v26.9) - https:\/\/yoast.com\/product\/yoast-seo-premium-wordpress\/ -->\n<title>Atualiza\u00e7\u00e3o sobre a venda de Igor Jesus, do Botafogo, para Europa<\/title>\n<meta name=\"robots\" content=\"index, follow, max-snippet:-1, max-image-preview:large, max-video-preview:-1\" \/>\n<link rel=\"canonical\" href=\"https:\/\/www.gaveanews.com\/index.php\/2025\/05\/30\/atualizacao-sobre-a-venda-de-igor-jesus-do-botafogo-para-europa\/\" \/>\n<meta property=\"og:locale\" content=\"pt_BR\" \/>\n<meta property=\"og:type\" content=\"article\" \/>\n<meta property=\"og:title\" content=\"Atualiza\u00e7\u00e3o sobre a venda de Igor Jesus, do Botafogo, para Europa\" \/>\n<meta property=\"og:description\" content=\"A poss\u00edvel transfer\u00eancia de Igor Jesus para o futebol europeu movimenta os bastidores do Botafogo e tamb\u00e9m a torcida alvinegra nas redes sociais. Al\u00e9m disso, a diretoria do clube, juntamente com a holding Eagle Football, tem uma estrat\u00e9gia bem definida: mais do que o valor da primeira negocia\u00e7\u00e3o, o foco est\u00e1 em garantir um bom [&hellip;]\" \/>\n<meta property=\"og:url\" content=\"https:\/\/www.gaveanews.com\/index.php\/2025\/05\/30\/atualizacao-sobre-a-venda-de-igor-jesus-do-botafogo-para-europa\/\" \/>\n<meta property=\"og:site_name\" content=\"G\u00e1vea News\" \/>\n<meta property=\"article:publisher\" content=\"https:\/\/facebook.com\/gaveaNews\/\" \/>\n<meta property=\"article:published_time\" content=\"2025-05-30T18:50:00+00:00\" \/>\n<meta property=\"og:image\" content=\"https:\/\/www.gaveanews.com\/wp-content\/uploads\/Igor-Jesus-do-Botafogo-pela-Libertadores-1.webp\" \/>\n\t<meta property=\"og:image:width\" content=\"1200\" \/>\n\t<meta property=\"og:image:height\" content=\"900\" \/>\n\t<meta property=\"og:image:type\" content=\"image\/webp\" \/>\n<meta name=\"author\" content=\"Rafaela Ladeira\" \/>\n<meta name=\"twitter:card\" content=\"summary_large_image\" \/>\n<meta name=\"twitter:label1\" content=\"Escrito por\" \/>\n\t<meta name=\"twitter:data1\" content=\"Rafaela Ladeira\" \/>\n\t<meta name=\"twitter:label2\" content=\"Est. tempo de leitura\" \/>\n\t<meta name=\"twitter:data2\" content=\"2 minutos\" \/>\n<script type=\"application\/ld+json\" class=\"yoast-schema-graph\">{\"@context\":\"https:\/\/schema.org\",\"@graph\":[{\"@type\":\"NewsArticle\",\"@id\":\"https:\/\/www.gaveanews.com\/index.php\/2025\/05\/30\/atualizacao-sobre-a-venda-de-igor-jesus-do-botafogo-para-europa\/#article\",\"isPartOf\":{\"@id\":\"https:\/\/www.gaveanews.com\/index.php\/2025\/05\/30\/atualizacao-sobre-a-venda-de-igor-jesus-do-botafogo-para-europa\/\"},\"author\":{\"name\":\"Rafaela Ladeira\",\"@id\":\"https:\/\/www.gaveanews.com\/#\/schema\/person\/0eb3e3fe1754f0205218538adbe8f5ed\"},\"headline\":\"Atualiza\u00e7\u00e3o sobre a venda de Igor Jesus, do Botafogo, para Europa\",\"datePublished\":\"2025-05-30T18:50:00+00:00\",\"mainEntityOfPage\":{\"@id\":\"https:\/\/www.gaveanews.com\/index.php\/2025\/05\/30\/atualizacao-sobre-a-venda-de-igor-jesus-do-botafogo-para-europa\/\"},\"wordCount\":354,\"commentCount\":0,\"image\":{\"@id\":\"https:\/\/www.gaveanews.com\/index.php\/2025\/05\/30\/atualizacao-sobre-a-venda-de-igor-jesus-do-botafogo-para-europa\/#primaryimage\"},\"thumbnailUrl\":\"https:\/\/www.gaveanews.com\/wp-content\/uploads\/Igor-Jesus-do-Botafogo-pela-Libertadores-1.webp\",\"articleSection\":[\"Botafogo\"],\"inLanguage\":\"pt-BR\",\"potentialAction\":[{\"@type\":\"CommentAction\",\"name\":\"Comment\",\"target\":[\"https:\/\/www.gaveanews.com\/index.php\/2025\/05\/30\/atualizacao-sobre-a-venda-de-igor-jesus-do-botafogo-para-europa\/#respond\"]}],\"copyrightYear\":\"2025\",\"copyrightHolder\":{\"@id\":\"https:\/\/www.gaveanews.com\/#organization\"}},{\"@type\":\"WebPage\",\"@id\":\"https:\/\/www.gaveanews.com\/index.php\/2025\/05\/30\/atualizacao-sobre-a-venda-de-igor-jesus-do-botafogo-para-europa\/\",\"url\":\"https:\/\/www.gaveanews.com\/index.php\/2025\/05\/30\/atualizacao-sobre-a-venda-de-igor-jesus-do-botafogo-para-europa\/\",\"name\":\"Atualiza\u00e7\u00e3o sobre a venda de Igor Jesus, do Botafogo, para Europa\",\"isPartOf\":{\"@id\":\"https:\/\/www.gaveanews.com\/#website\"},\"primaryImageOfPage\":{\"@id\":\"https:\/\/www.gaveanews.com\/index.php\/2025\/05\/30\/atualizacao-sobre-a-venda-de-igor-jesus-do-botafogo-para-europa\/#primaryimage\"},\"image\":{\"@id\":\"https:\/\/www.gaveanews.com\/index.php\/2025\/05\/30\/atualizacao-sobre-a-venda-de-igor-jesus-do-botafogo-para-europa\/#primaryimage\"},\"thumbnailUrl\":\"https:\/\/www.gaveanews.com\/wp-content\/uploads\/Igor-Jesus-do-Botafogo-pela-Libertadores-1.webp\",\"datePublished\":\"2025-05-30T18:50:00+00:00\",\"author\":{\"@id\":\"https:\/\/www.gaveanews.com\/#\/schema\/person\/0eb3e3fe1754f0205218538adbe8f5ed\"},\"breadcrumb\":{\"@id\":\"https:\/\/www.gaveanews.com\/index.php\/2025\/05\/30\/atualizacao-sobre-a-venda-de-igor-jesus-do-botafogo-para-europa\/#breadcrumb\"},\"inLanguage\":\"pt-BR\",\"potentialAction\":[{\"@type\":\"ReadAction\",\"target\":[\"https:\/\/www.gaveanews.com\/index.php\/2025\/05\/30\/atualizacao-sobre-a-venda-de-igor-jesus-do-botafogo-para-europa\/\"]}]},{\"@type\":\"ImageObject\",\"inLanguage\":\"pt-BR\",\"@id\":\"https:\/\/www.gaveanews.com\/index.php\/2025\/05\/30\/atualizacao-sobre-a-venda-de-igor-jesus-do-botafogo-para-europa\/#primaryimage\",\"url\":\"https:\/\/www.gaveanews.com\/wp-content\/uploads\/Igor-Jesus-do-Botafogo-pela-Libertadores-1.webp\",\"contentUrl\":\"https:\/\/www.gaveanews.com\/wp-content\/uploads\/Igor-Jesus-do-Botafogo-pela-Libertadores-1.webp\",\"width\":1200,\"height\":900,\"caption\":\"Igor Jesus, do Botafogo, pela Libertadores (1) (Foto: Reprodu\u00e7\u00e3o\/Conmebol)\"},{\"@type\":\"BreadcrumbList\",\"@id\":\"https:\/\/www.gaveanews.com\/index.php\/2025\/05\/30\/atualizacao-sobre-a-venda-de-igor-jesus-do-botafogo-para-europa\/#breadcrumb\",\"itemListElement\":[{\"@type\":\"ListItem\",\"position\":1,\"name\":\"Home\",\"item\":\"https:\/\/www.gaveanews.com\/\"},{\"@type\":\"ListItem\",\"position\":2,\"name\":\"Atualiza\u00e7\u00e3o sobre a venda de Igor Jesus, do Botafogo, para Europa\"}]},{\"@type\":\"WebSite\",\"@id\":\"https:\/\/www.gaveanews.com\/#website\",\"url\":\"https:\/\/www.gaveanews.com\/\",\"name\":\"G\u00e1vea News\",\"description\":\"Veja todas as not\u00edcias sobre o Flamengo: Contrata\u00e7\u00f5es, categorias de base, resultados das partidas, tabela de classifica\u00e7\u00e3o, pr\u00f3ximos jogos!\",\"potentialAction\":[{\"@type\":\"SearchAction\",\"target\":{\"@type\":\"EntryPoint\",\"urlTemplate\":\"https:\/\/www.gaveanews.com\/?s={search_term_string}\"},\"query-input\":{\"@type\":\"PropertyValueSpecification\",\"valueRequired\":true,\"valueName\":\"search_term_string\"}}],\"inLanguage\":\"pt-BR\"},{\"@type\":\"Person\",\"@id\":\"https:\/\/www.gaveanews.com\/#\/schema\/person\/0eb3e3fe1754f0205218538adbe8f5ed\",\"name\":\"Rafaela Ladeira\",\"image\":{\"@type\":\"ImageObject\",\"inLanguage\":\"pt-BR\",\"@id\":\"https:\/\/www.gaveanews.com\/#\/schema\/person\/image\/\",\"url\":\"https:\/\/secure.gravatar.com\/avatar\/c31f513acffd85eacab5730cbdfdbbf59f21ba5aeada8cd890acea879fbb2455?s=96&d=mm&r=g\",\"contentUrl\":\"https:\/\/secure.gravatar.com\/avatar\/c31f513acffd85eacab5730cbdfdbbf59f21ba5aeada8cd890acea879fbb2455?s=96&d=mm&r=g\",\"caption\":\"Rafaela Ladeira\"}}]}<\/script>\n<!-- \/ Yoast SEO Premium plugin. -->","yoast_head_json":{"title":"Atualiza\u00e7\u00e3o sobre a venda de Igor Jesus, do Botafogo, para Europa","robots":{"index":"index","follow":"follow","max-snippet":"max-snippet:-1","max-image-preview":"max-image-preview:large","max-video-preview":"max-video-preview:-1"},"canonical":"https:\/\/www.gaveanews.com\/index.php\/2025\/05\/30\/atualizacao-sobre-a-venda-de-igor-jesus-do-botafogo-para-europa\/","og_locale":"pt_BR","og_type":"article","og_title":"Atualiza\u00e7\u00e3o sobre a venda de Igor Jesus, do Botafogo, para Europa","og_description":"A poss\u00edvel transfer\u00eancia de Igor Jesus para o futebol europeu movimenta os bastidores do Botafogo e tamb\u00e9m a torcida alvinegra nas redes sociais. Al\u00e9m disso, a diretoria do clube, juntamente com a holding Eagle Football, tem uma estrat\u00e9gia bem definida: mais do que o valor da primeira negocia\u00e7\u00e3o, o foco est\u00e1 em garantir um bom [&hellip;]","og_url":"https:\/\/www.gaveanews.com\/index.php\/2025\/05\/30\/atualizacao-sobre-a-venda-de-igor-jesus-do-botafogo-para-europa\/","og_site_name":"G\u00e1vea News","article_publisher":"https:\/\/facebook.com\/gaveaNews\/","article_published_time":"2025-05-30T18:50:00+00:00","og_image":[{"width":1200,"height":900,"url":"https:\/\/www.gaveanews.com\/wp-content\/uploads\/Igor-Jesus-do-Botafogo-pela-Libertadores-1.webp","type":"image\/webp"}],"author":"Rafaela Ladeira","twitter_card":"summary_large_image","twitter_misc":{"Escrito por":"Rafaela Ladeira","Est. tempo de leitura":"2 minutos"},"schema":{"@context":"https:\/\/schema.org","@graph":[{"@type":"NewsArticle","@id":"https:\/\/www.gaveanews.com\/index.php\/2025\/05\/30\/atualizacao-sobre-a-venda-de-igor-jesus-do-botafogo-para-europa\/#article","isPartOf":{"@id":"https:\/\/www.gaveanews.com\/index.php\/2025\/05\/30\/atualizacao-sobre-a-venda-de-igor-jesus-do-botafogo-para-europa\/"},"author":{"name":"Rafaela Ladeira","@id":"https:\/\/www.gaveanews.com\/#\/schema\/person\/0eb3e3fe1754f0205218538adbe8f5ed"},"headline":"Atualiza\u00e7\u00e3o sobre a venda de Igor Jesus, do Botafogo, para Europa","datePublished":"2025-05-30T18:50:00+00:00","mainEntityOfPage":{"@id":"https:\/\/www.gaveanews.com\/index.php\/2025\/05\/30\/atualizacao-sobre-a-venda-de-igor-jesus-do-botafogo-para-europa\/"},"wordCount":354,"commentCount":0,"image":{"@id":"https:\/\/www.gaveanews.com\/index.php\/2025\/05\/30\/atualizacao-sobre-a-venda-de-igor-jesus-do-botafogo-para-europa\/#primaryimage"},"thumbnailUrl":"https:\/\/www.gaveanews.com\/wp-content\/uploads\/Igor-Jesus-do-Botafogo-pela-Libertadores-1.webp","articleSection":["Botafogo"],"inLanguage":"pt-BR","potentialAction":[{"@type":"CommentAction","name":"Comment","target":["https:\/\/www.gaveanews.com\/index.php\/2025\/05\/30\/atualizacao-sobre-a-venda-de-igor-jesus-do-botafogo-para-europa\/#respond"]}],"copyrightYear":"2025","copyrightHolder":{"@id":"https:\/\/www.gaveanews.com\/#organization"}},{"@type":"WebPage","@id":"https:\/\/www.gaveanews.com\/index.php\/2025\/05\/30\/atualizacao-sobre-a-venda-de-igor-jesus-do-botafogo-para-europa\/","url":"https:\/\/www.gaveanews.com\/index.php\/2025\/05\/30\/atualizacao-sobre-a-venda-de-igor-jesus-do-botafogo-para-europa\/","name":"Atualiza\u00e7\u00e3o sobre a venda de Igor Jesus, do Botafogo, para Europa","isPartOf":{"@id":"https:\/\/www.gaveanews.com\/#website"},"primaryImageOfPage":{"@id":"https:\/\/www.gaveanews.com\/index.php\/2025\/05\/30\/atualizacao-sobre-a-venda-de-igor-jesus-do-botafogo-para-europa\/#primaryimage"},"image":{"@id":"https:\/\/www.gaveanews.com\/index.php\/2025\/05\/30\/atualizacao-sobre-a-venda-de-igor-jesus-do-botafogo-para-europa\/#primaryimage"},"thumbnailUrl":"https:\/\/www.gaveanews.com\/wp-content\/uploads\/Igor-Jesus-do-Botafogo-pela-Libertadores-1.webp","datePublished":"2025-05-30T18:50:00+00:00","author":{"@id":"https:\/\/www.gaveanews.com\/#\/schema\/person\/0eb3e3fe1754f0205218538adbe8f5ed"},"breadcrumb":{"@id":"https:\/\/www.gaveanews.com\/index.php\/2025\/05\/30\/atualizacao-sobre-a-venda-de-igor-jesus-do-botafogo-para-europa\/#breadcrumb"},"inLanguage":"pt-BR","potentialAction":[{"@type":"ReadAction","target":["https:\/\/www.gaveanews.com\/index.php\/2025\/05\/30\/atualizacao-sobre-a-venda-de-igor-jesus-do-botafogo-para-europa\/"]}]},{"@type":"ImageObject","inLanguage":"pt-BR","@id":"https:\/\/www.gaveanews.com\/index.php\/2025\/05\/30\/atualizacao-sobre-a-venda-de-igor-jesus-do-botafogo-para-europa\/#primaryimage","url":"https:\/\/www.gaveanews.com\/wp-content\/uploads\/Igor-Jesus-do-Botafogo-pela-Libertadores-1.webp","contentUrl":"https:\/\/www.gaveanews.com\/wp-content\/uploads\/Igor-Jesus-do-Botafogo-pela-Libertadores-1.webp","width":1200,"height":900,"caption":"Igor Jesus, do Botafogo, pela Libertadores (1) (Foto: Reprodu\u00e7\u00e3o\/Conmebol)"},{"@type":"BreadcrumbList","@id":"https:\/\/www.gaveanews.com\/index.php\/2025\/05\/30\/atualizacao-sobre-a-venda-de-igor-jesus-do-botafogo-para-europa\/#breadcrumb","itemListElement":[{"@type":"ListItem","position":1,"name":"Home","item":"https:\/\/www.gaveanews.com\/"},{"@type":"ListItem","position":2,"name":"Atualiza\u00e7\u00e3o sobre a venda de Igor Jesus, do Botafogo, para Europa"}]},{"@type":"WebSite","@id":"https:\/\/www.gaveanews.com\/#website","url":"https:\/\/www.gaveanews.com\/","name":"G\u00e1vea News","description":"Veja todas as not\u00edcias sobre o Flamengo: Contrata\u00e7\u00f5es, categorias de base, resultados das partidas, tabela de classifica\u00e7\u00e3o, pr\u00f3ximos jogos!","potentialAction":[{"@type":"SearchAction","target":{"@type":"EntryPoint","urlTemplate":"https:\/\/www.gaveanews.com\/?s={search_term_string}"},"query-input":{"@type":"PropertyValueSpecification","valueRequired":true,"valueName":"search_term_string"}}],"inLanguage":"pt-BR"},{"@type":"Person","@id":"https:\/\/www.gaveanews.com\/#\/schema\/person\/0eb3e3fe1754f0205218538adbe8f5ed","name":"Rafaela Ladeira","image":{"@type":"ImageObject","inLanguage":"pt-BR","@id":"https:\/\/www.gaveanews.com\/#\/schema\/person\/image\/","url":"https:\/\/secure.gravatar.com\/avatar\/c31f513acffd85eacab5730cbdfdbbf59f21ba5aeada8cd890acea879fbb2455?s=96&d=mm&r=g","contentUrl":"https:\/\/secure.gravatar.com\/avatar\/c31f513acffd85eacab5730cbdfdbbf59f21ba5aeada8cd890acea879fbb2455?s=96&d=mm&r=g","caption":"Rafaela Ladeira"}}]}},"_links":{"self":[{"href":"https:\/\/www.gaveanews.com\/index.php\/wp-json\/wp\/v2\/posts\/268467","targetHints":{"allow":["GET"]}}],"collection":[{"href":"https:\/\/www.gaveanews.com\/index.php\/wp-json\/wp\/v2\/posts"}],"about":[{"href":"https:\/\/www.gaveanews.com\/index.php\/wp-json\/wp\/v2\/types\/post"}],"author":[{"embeddable":true,"href":"https:\/\/www.gaveanews.com\/index.php\/wp-json\/wp\/v2\/users\/25"}],"replies":[{"embeddable":true,"href":"https:\/\/www.gaveanews.com\/index.php\/wp-json\/wp\/v2\/comments?post=268467"}],"version-history":[{"count":1,"href":"https:\/\/www.gaveanews.com\/index.php\/wp-json\/wp\/v2\/posts\/268467\/revisions"}],"predecessor-version":[{"id":268468,"href":"https:\/\/www.gaveanews.com\/index.php\/wp-json\/wp\/v2\/posts\/268467\/revisions\/268468"}],"wp:featuredmedia":[{"embeddable":true,"href":"https:\/\/www.gaveanews.com\/index.php\/wp-json\/wp\/v2\/media\/263886"}],"wp:attachment":[{"href":"https:\/\/www.gaveanews.com\/index.php\/wp-json\/wp\/v2\/media?parent=268467"}],"wp:term":[{"taxonomy":"category","embeddable":true,"href":"https:\/\/www.gaveanews.com\/index.php\/wp-json\/wp\/v2\/categories?post=268467"},{"taxonomy":"post_tag","embeddable":true,"href":"https:\/\/www.gaveanews.com\/index.php\/wp-json\/wp\/v2\/tags?post=268467"}],"curies":[{"name":"wp","href":"https:\/\/api.w.org\/{rel}","templated":true}]}}