{"id":268469,"date":"2025-05-30T15:55:00","date_gmt":"2025-05-30T18:55:00","guid":{"rendered":"https:\/\/www.gaveanews.com\/?p=268469"},"modified":"2025-05-30T14:59:21","modified_gmt":"2025-05-30T17:59:21","slug":"botafogo-desiste-de-contratar-zagueiro","status":"publish","type":"post","link":"https:\/\/www.gaveanews.com\/index.php\/2025\/05\/30\/botafogo-desiste-de-contratar-zagueiro\/","title":{"rendered":"Botafogo desiste de contratar zagueiro"},"content":{"rendered":"\n<p>O Botafogo decidiu encerrar as negocia\u00e7\u00f5es pela contrata\u00e7\u00e3o do zagueiro Abner, do Juventude, ap\u00f3s uma reviravolta nos termos do acordo financeiro. A informa\u00e7\u00e3o foi divulgada na manh\u00e3 desta sexta-feira (30\/5) pelo portal GE, e gerou repercuss\u00e3o nos bastidores alvinegros.<\/p>\n\n\n\n<h2 class=\"wp-block-heading\" id=\"h-exigencia-inesperada-trava-a-negociacao\">Exig\u00eancia inesperada trava a negocia\u00e7\u00e3o<\/h2>\n\n\n\n<p>Havia um entendimento anterior entre as partes: o Botafogo pagaria US$ 2,5 milh\u00f5es (aproximadamente R$ 14 milh\u00f5es) por 90% dos direitos econ\u00f4micos do jogador. No entanto, o Juventude alterou as condi\u00e7\u00f5es de pagamento e passou a exigir o valor \u00e0 vista ou garantias financeiras, o que causou o rompimento das tratativas.<\/p>\n\n\n\n<p>Por isso, o Glorioso deu um ultimato aos ga\u00fachos, estipulando a quinta-feira (29) como prazo final para a aceita\u00e7\u00e3o da proposta original. Como n\u00e3o houve resposta positiva dentro do per\u00edodo acordado, o clube carioca encerrou oficialmente as conversas.<\/p>\n\n\n\n<h2 class=\"wp-block-heading\" id=\"h-exigencia-considerada-absurda-nos-bastidores\">Exig\u00eancia considerada &#8220;absurda&#8221; nos bastidores<\/h2>\n\n\n\n<p>De acordo com a jornalista Joanna de Assis, o Juventude solicitou garantias banc\u00e1rias ou da pr\u00f3pria Liga como condi\u00e7\u00e3o para fechar o neg\u00f3cio. Isso porque, segundo o clube ga\u00facho, havia preocupa\u00e7\u00e3o com a seguran\u00e7a financeira da opera\u00e7\u00e3o.<\/p>\n\n\n\n<p>Vale destacar que o Botafogo viu essa exig\u00eancia como um exagero e n\u00e3o aceitou ceder \u00e0s novas demandas. Sendo assim, preferiu desistir da contrata\u00e7\u00e3o e j\u00e1 iniciou a busca por outras op\u00e7\u00f5es para refor\u00e7ar o setor defensivo no segundo semestre de 2025.<\/p>\n\n\n\n<h2 class=\"wp-block-heading\" id=\"h-caminho-livre-para-novos-alvos\">Caminho livre para novos alvos<\/h2>\n\n\n\n<p>Com isso, o nome de Abner est\u00e1 fora dos planos do Botafogo, ao menos por agora. Cabe ressaltar que a diretoria alvinegra segue no mercado em busca de refor\u00e7os pontuais, especialmente ap\u00f3s a necessidade de qualificar o elenco para a sequ\u00eancia do Brasileir\u00e3o e poss\u00edveis compromissos internacionais.<\/p>\n\n\n\n<p>Al\u00e9m disso, o epis\u00f3dio refor\u00e7a a postura firme da SAF alvinegra nas negocia\u00e7\u00f5es: cumprir compromissos financeiros com responsabilidade e evitar comprometer o planejamento or\u00e7ament\u00e1rio. Dessa maneira, o clube segue atento, mas sem abrir m\u00e3o de sua pol\u00edtica financeira. Desse jeito, o Botafogo evita riscos e mant\u00e9m o foco na solidez a longo prazo.<\/p>\n","protected":false},"excerpt":{"rendered":"<p>O Botafogo decidiu encerrar as negocia\u00e7\u00f5es pela contrata\u00e7\u00e3o do zagueiro Abner, do Juventude, ap\u00f3s uma reviravolta nos termos do acordo financeiro. A informa\u00e7\u00e3o foi divulgada na manh\u00e3 desta sexta-feira (30\/5) pelo portal GE, e gerou repercuss\u00e3o nos bastidores alvinegros. Exig\u00eancia inesperada trava a negocia\u00e7\u00e3o Havia um entendimento anterior entre as partes: o Botafogo pagaria US$ [&hellip;]<\/p>\n","protected":false},"author":25,"featured_media":120619,"comment_status":"open","ping_status":"closed","sticky":false,"template":"","format":"standard","meta":{"footnotes":""},"categories":[138,149],"tags":[],"class_list":["post-268469","post","type-post","status-publish","format-standard","has-post-thumbnail","hentry","category-botafogo","category-juventude"],"yoast_head":"<!-- This site is optimized with the Yoast SEO Premium plugin v24.2 (Yoast SEO v26.9) - https:\/\/yoast.com\/product\/yoast-seo-premium-wordpress\/ -->\n<title>Botafogo desiste de contratar zagueiro<\/title>\n<meta name=\"robots\" content=\"index, follow, max-snippet:-1, max-image-preview:large, max-video-preview:-1\" \/>\n<link rel=\"canonical\" href=\"https:\/\/www.gaveanews.com\/index.php\/2025\/05\/30\/botafogo-desiste-de-contratar-zagueiro\/\" \/>\n<meta property=\"og:locale\" content=\"pt_BR\" \/>\n<meta property=\"og:type\" content=\"article\" \/>\n<meta property=\"og:title\" content=\"Botafogo desiste de contratar zagueiro\" \/>\n<meta property=\"og:description\" content=\"O Botafogo decidiu encerrar as negocia\u00e7\u00f5es pela contrata\u00e7\u00e3o do zagueiro Abner, do Juventude, ap\u00f3s uma reviravolta nos termos do acordo financeiro. A informa\u00e7\u00e3o foi divulgada na manh\u00e3 desta sexta-feira (30\/5) pelo portal GE, e gerou repercuss\u00e3o nos bastidores alvinegros. Exig\u00eancia inesperada trava a negocia\u00e7\u00e3o Havia um entendimento anterior entre as partes: o Botafogo pagaria US$ [&hellip;]\" \/>\n<meta property=\"og:url\" content=\"https:\/\/www.gaveanews.com\/index.php\/2025\/05\/30\/botafogo-desiste-de-contratar-zagueiro\/\" \/>\n<meta property=\"og:site_name\" content=\"G\u00e1vea News\" \/>\n<meta property=\"article:publisher\" content=\"https:\/\/facebook.com\/gaveaNews\/\" \/>\n<meta property=\"article:published_time\" content=\"2025-05-30T18:55:00+00:00\" \/>\n<meta property=\"og:image\" content=\"https:\/\/www.gaveanews.com\/wp-content\/uploads\/botafogoescudo.webp\" \/>\n\t<meta property=\"og:image:width\" content=\"900\" \/>\n\t<meta property=\"og:image:height\" content=\"600\" \/>\n\t<meta property=\"og:image:type\" content=\"image\/webp\" \/>\n<meta name=\"author\" content=\"Rafaela Ladeira\" \/>\n<meta name=\"twitter:card\" content=\"summary_large_image\" \/>\n<meta name=\"twitter:label1\" content=\"Escrito por\" \/>\n\t<meta name=\"twitter:data1\" content=\"Rafaela Ladeira\" \/>\n\t<meta name=\"twitter:label2\" content=\"Est. tempo de leitura\" \/>\n\t<meta name=\"twitter:data2\" content=\"2 minutos\" \/>\n<script type=\"application\/ld+json\" class=\"yoast-schema-graph\">{\"@context\":\"https:\/\/schema.org\",\"@graph\":[{\"@type\":\"NewsArticle\",\"@id\":\"https:\/\/www.gaveanews.com\/index.php\/2025\/05\/30\/botafogo-desiste-de-contratar-zagueiro\/#article\",\"isPartOf\":{\"@id\":\"https:\/\/www.gaveanews.com\/index.php\/2025\/05\/30\/botafogo-desiste-de-contratar-zagueiro\/\"},\"author\":{\"name\":\"Rafaela Ladeira\",\"@id\":\"https:\/\/www.gaveanews.com\/#\/schema\/person\/0eb3e3fe1754f0205218538adbe8f5ed\"},\"headline\":\"Botafogo desiste de contratar zagueiro\",\"datePublished\":\"2025-05-30T18:55:00+00:00\",\"mainEntityOfPage\":{\"@id\":\"https:\/\/www.gaveanews.com\/index.php\/2025\/05\/30\/botafogo-desiste-de-contratar-zagueiro\/\"},\"wordCount\":363,\"commentCount\":0,\"image\":{\"@id\":\"https:\/\/www.gaveanews.com\/index.php\/2025\/05\/30\/botafogo-desiste-de-contratar-zagueiro\/#primaryimage\"},\"thumbnailUrl\":\"https:\/\/www.gaveanews.com\/wp-content\/uploads\/botafogoescudo.webp\",\"articleSection\":[\"Botafogo\",\"Juventude\"],\"inLanguage\":\"pt-BR\",\"potentialAction\":[{\"@type\":\"CommentAction\",\"name\":\"Comment\",\"target\":[\"https:\/\/www.gaveanews.com\/index.php\/2025\/05\/30\/botafogo-desiste-de-contratar-zagueiro\/#respond\"]}],\"copyrightYear\":\"2025\",\"copyrightHolder\":{\"@id\":\"https:\/\/www.gaveanews.com\/#organization\"}},{\"@type\":\"WebPage\",\"@id\":\"https:\/\/www.gaveanews.com\/index.php\/2025\/05\/30\/botafogo-desiste-de-contratar-zagueiro\/\",\"url\":\"https:\/\/www.gaveanews.com\/index.php\/2025\/05\/30\/botafogo-desiste-de-contratar-zagueiro\/\",\"name\":\"Botafogo desiste de contratar zagueiro\",\"isPartOf\":{\"@id\":\"https:\/\/www.gaveanews.com\/#website\"},\"primaryImageOfPage\":{\"@id\":\"https:\/\/www.gaveanews.com\/index.php\/2025\/05\/30\/botafogo-desiste-de-contratar-zagueiro\/#primaryimage\"},\"image\":{\"@id\":\"https:\/\/www.gaveanews.com\/index.php\/2025\/05\/30\/botafogo-desiste-de-contratar-zagueiro\/#primaryimage\"},\"thumbnailUrl\":\"https:\/\/www.gaveanews.com\/wp-content\/uploads\/botafogoescudo.webp\",\"datePublished\":\"2025-05-30T18:55:00+00:00\",\"author\":{\"@id\":\"https:\/\/www.gaveanews.com\/#\/schema\/person\/0eb3e3fe1754f0205218538adbe8f5ed\"},\"breadcrumb\":{\"@id\":\"https:\/\/www.gaveanews.com\/index.php\/2025\/05\/30\/botafogo-desiste-de-contratar-zagueiro\/#breadcrumb\"},\"inLanguage\":\"pt-BR\",\"potentialAction\":[{\"@type\":\"ReadAction\",\"target\":[\"https:\/\/www.gaveanews.com\/index.php\/2025\/05\/30\/botafogo-desiste-de-contratar-zagueiro\/\"]}]},{\"@type\":\"ImageObject\",\"inLanguage\":\"pt-BR\",\"@id\":\"https:\/\/www.gaveanews.com\/index.php\/2025\/05\/30\/botafogo-desiste-de-contratar-zagueiro\/#primaryimage\",\"url\":\"https:\/\/www.gaveanews.com\/wp-content\/uploads\/botafogoescudo.webp\",\"contentUrl\":\"https:\/\/www.gaveanews.com\/wp-content\/uploads\/botafogoescudo.webp\",\"width\":900,\"height\":600,\"caption\":\"Escudo do Botafogo (Foto: Reprodu\u00e7\u00e3o)\"},{\"@type\":\"BreadcrumbList\",\"@id\":\"https:\/\/www.gaveanews.com\/index.php\/2025\/05\/30\/botafogo-desiste-de-contratar-zagueiro\/#breadcrumb\",\"itemListElement\":[{\"@type\":\"ListItem\",\"position\":1,\"name\":\"Home\",\"item\":\"https:\/\/www.gaveanews.com\/\"},{\"@type\":\"ListItem\",\"position\":2,\"name\":\"Botafogo desiste de contratar zagueiro\"}]},{\"@type\":\"WebSite\",\"@id\":\"https:\/\/www.gaveanews.com\/#website\",\"url\":\"https:\/\/www.gaveanews.com\/\",\"name\":\"G\u00e1vea News\",\"description\":\"Veja todas as not\u00edcias sobre o Flamengo: Contrata\u00e7\u00f5es, categorias de base, resultados das partidas, tabela de classifica\u00e7\u00e3o, pr\u00f3ximos jogos!\",\"potentialAction\":[{\"@type\":\"SearchAction\",\"target\":{\"@type\":\"EntryPoint\",\"urlTemplate\":\"https:\/\/www.gaveanews.com\/?s={search_term_string}\"},\"query-input\":{\"@type\":\"PropertyValueSpecification\",\"valueRequired\":true,\"valueName\":\"search_term_string\"}}],\"inLanguage\":\"pt-BR\"},{\"@type\":\"Person\",\"@id\":\"https:\/\/www.gaveanews.com\/#\/schema\/person\/0eb3e3fe1754f0205218538adbe8f5ed\",\"name\":\"Rafaela Ladeira\",\"image\":{\"@type\":\"ImageObject\",\"inLanguage\":\"pt-BR\",\"@id\":\"https:\/\/www.gaveanews.com\/#\/schema\/person\/image\/\",\"url\":\"https:\/\/secure.gravatar.com\/avatar\/c31f513acffd85eacab5730cbdfdbbf59f21ba5aeada8cd890acea879fbb2455?s=96&d=mm&r=g\",\"contentUrl\":\"https:\/\/secure.gravatar.com\/avatar\/c31f513acffd85eacab5730cbdfdbbf59f21ba5aeada8cd890acea879fbb2455?s=96&d=mm&r=g\",\"caption\":\"Rafaela Ladeira\"}}]}<\/script>\n<!-- \/ Yoast SEO Premium plugin. -->","yoast_head_json":{"title":"Botafogo desiste de contratar zagueiro","robots":{"index":"index","follow":"follow","max-snippet":"max-snippet:-1","max-image-preview":"max-image-preview:large","max-video-preview":"max-video-preview:-1"},"canonical":"https:\/\/www.gaveanews.com\/index.php\/2025\/05\/30\/botafogo-desiste-de-contratar-zagueiro\/","og_locale":"pt_BR","og_type":"article","og_title":"Botafogo desiste de contratar zagueiro","og_description":"O Botafogo decidiu encerrar as negocia\u00e7\u00f5es pela contrata\u00e7\u00e3o do zagueiro Abner, do Juventude, ap\u00f3s uma reviravolta nos termos do acordo financeiro. A informa\u00e7\u00e3o foi divulgada na manh\u00e3 desta sexta-feira (30\/5) pelo portal GE, e gerou repercuss\u00e3o nos bastidores alvinegros. Exig\u00eancia inesperada trava a negocia\u00e7\u00e3o Havia um entendimento anterior entre as partes: o Botafogo pagaria US$ [&hellip;]","og_url":"https:\/\/www.gaveanews.com\/index.php\/2025\/05\/30\/botafogo-desiste-de-contratar-zagueiro\/","og_site_name":"G\u00e1vea News","article_publisher":"https:\/\/facebook.com\/gaveaNews\/","article_published_time":"2025-05-30T18:55:00+00:00","og_image":[{"width":900,"height":600,"url":"https:\/\/www.gaveanews.com\/wp-content\/uploads\/botafogoescudo.webp","type":"image\/webp"}],"author":"Rafaela Ladeira","twitter_card":"summary_large_image","twitter_misc":{"Escrito por":"Rafaela Ladeira","Est. tempo de leitura":"2 minutos"},"schema":{"@context":"https:\/\/schema.org","@graph":[{"@type":"NewsArticle","@id":"https:\/\/www.gaveanews.com\/index.php\/2025\/05\/30\/botafogo-desiste-de-contratar-zagueiro\/#article","isPartOf":{"@id":"https:\/\/www.gaveanews.com\/index.php\/2025\/05\/30\/botafogo-desiste-de-contratar-zagueiro\/"},"author":{"name":"Rafaela Ladeira","@id":"https:\/\/www.gaveanews.com\/#\/schema\/person\/0eb3e3fe1754f0205218538adbe8f5ed"},"headline":"Botafogo desiste de contratar zagueiro","datePublished":"2025-05-30T18:55:00+00:00","mainEntityOfPage":{"@id":"https:\/\/www.gaveanews.com\/index.php\/2025\/05\/30\/botafogo-desiste-de-contratar-zagueiro\/"},"wordCount":363,"commentCount":0,"image":{"@id":"https:\/\/www.gaveanews.com\/index.php\/2025\/05\/30\/botafogo-desiste-de-contratar-zagueiro\/#primaryimage"},"thumbnailUrl":"https:\/\/www.gaveanews.com\/wp-content\/uploads\/botafogoescudo.webp","articleSection":["Botafogo","Juventude"],"inLanguage":"pt-BR","potentialAction":[{"@type":"CommentAction","name":"Comment","target":["https:\/\/www.gaveanews.com\/index.php\/2025\/05\/30\/botafogo-desiste-de-contratar-zagueiro\/#respond"]}],"copyrightYear":"2025","copyrightHolder":{"@id":"https:\/\/www.gaveanews.com\/#organization"}},{"@type":"WebPage","@id":"https:\/\/www.gaveanews.com\/index.php\/2025\/05\/30\/botafogo-desiste-de-contratar-zagueiro\/","url":"https:\/\/www.gaveanews.com\/index.php\/2025\/05\/30\/botafogo-desiste-de-contratar-zagueiro\/","name":"Botafogo desiste de contratar zagueiro","isPartOf":{"@id":"https:\/\/www.gaveanews.com\/#website"},"primaryImageOfPage":{"@id":"https:\/\/www.gaveanews.com\/index.php\/2025\/05\/30\/botafogo-desiste-de-contratar-zagueiro\/#primaryimage"},"image":{"@id":"https:\/\/www.gaveanews.com\/index.php\/2025\/05\/30\/botafogo-desiste-de-contratar-zagueiro\/#primaryimage"},"thumbnailUrl":"https:\/\/www.gaveanews.com\/wp-content\/uploads\/botafogoescudo.webp","datePublished":"2025-05-30T18:55:00+00:00","author":{"@id":"https:\/\/www.gaveanews.com\/#\/schema\/person\/0eb3e3fe1754f0205218538adbe8f5ed"},"breadcrumb":{"@id":"https:\/\/www.gaveanews.com\/index.php\/2025\/05\/30\/botafogo-desiste-de-contratar-zagueiro\/#breadcrumb"},"inLanguage":"pt-BR","potentialAction":[{"@type":"ReadAction","target":["https:\/\/www.gaveanews.com\/index.php\/2025\/05\/30\/botafogo-desiste-de-contratar-zagueiro\/"]}]},{"@type":"ImageObject","inLanguage":"pt-BR","@id":"https:\/\/www.gaveanews.com\/index.php\/2025\/05\/30\/botafogo-desiste-de-contratar-zagueiro\/#primaryimage","url":"https:\/\/www.gaveanews.com\/wp-content\/uploads\/botafogoescudo.webp","contentUrl":"https:\/\/www.gaveanews.com\/wp-content\/uploads\/botafogoescudo.webp","width":900,"height":600,"caption":"Escudo do Botafogo (Foto: Reprodu\u00e7\u00e3o)"},{"@type":"BreadcrumbList","@id":"https:\/\/www.gaveanews.com\/index.php\/2025\/05\/30\/botafogo-desiste-de-contratar-zagueiro\/#breadcrumb","itemListElement":[{"@type":"ListItem","position":1,"name":"Home","item":"https:\/\/www.gaveanews.com\/"},{"@type":"ListItem","position":2,"name":"Botafogo desiste de contratar zagueiro"}]},{"@type":"WebSite","@id":"https:\/\/www.gaveanews.com\/#website","url":"https:\/\/www.gaveanews.com\/","name":"G\u00e1vea News","description":"Veja todas as not\u00edcias sobre o Flamengo: Contrata\u00e7\u00f5es, categorias de base, resultados das partidas, tabela de classifica\u00e7\u00e3o, pr\u00f3ximos jogos!","potentialAction":[{"@type":"SearchAction","target":{"@type":"EntryPoint","urlTemplate":"https:\/\/www.gaveanews.com\/?s={search_term_string}"},"query-input":{"@type":"PropertyValueSpecification","valueRequired":true,"valueName":"search_term_string"}}],"inLanguage":"pt-BR"},{"@type":"Person","@id":"https:\/\/www.gaveanews.com\/#\/schema\/person\/0eb3e3fe1754f0205218538adbe8f5ed","name":"Rafaela Ladeira","image":{"@type":"ImageObject","inLanguage":"pt-BR","@id":"https:\/\/www.gaveanews.com\/#\/schema\/person\/image\/","url":"https:\/\/secure.gravatar.com\/avatar\/c31f513acffd85eacab5730cbdfdbbf59f21ba5aeada8cd890acea879fbb2455?s=96&d=mm&r=g","contentUrl":"https:\/\/secure.gravatar.com\/avatar\/c31f513acffd85eacab5730cbdfdbbf59f21ba5aeada8cd890acea879fbb2455?s=96&d=mm&r=g","caption":"Rafaela Ladeira"}}]}},"_links":{"self":[{"href":"https:\/\/www.gaveanews.com\/index.php\/wp-json\/wp\/v2\/posts\/268469","targetHints":{"allow":["GET"]}}],"collection":[{"href":"https:\/\/www.gaveanews.com\/index.php\/wp-json\/wp\/v2\/posts"}],"about":[{"href":"https:\/\/www.gaveanews.com\/index.php\/wp-json\/wp\/v2\/types\/post"}],"author":[{"embeddable":true,"href":"https:\/\/www.gaveanews.com\/index.php\/wp-json\/wp\/v2\/users\/25"}],"replies":[{"embeddable":true,"href":"https:\/\/www.gaveanews.com\/index.php\/wp-json\/wp\/v2\/comments?post=268469"}],"version-history":[{"count":1,"href":"https:\/\/www.gaveanews.com\/index.php\/wp-json\/wp\/v2\/posts\/268469\/revisions"}],"predecessor-version":[{"id":268470,"href":"https:\/\/www.gaveanews.com\/index.php\/wp-json\/wp\/v2\/posts\/268469\/revisions\/268470"}],"wp:featuredmedia":[{"embeddable":true,"href":"https:\/\/www.gaveanews.com\/index.php\/wp-json\/wp\/v2\/media\/120619"}],"wp:attachment":[{"href":"https:\/\/www.gaveanews.com\/index.php\/wp-json\/wp\/v2\/media?parent=268469"}],"wp:term":[{"taxonomy":"category","embeddable":true,"href":"https:\/\/www.gaveanews.com\/index.php\/wp-json\/wp\/v2\/categories?post=268469"},{"taxonomy":"post_tag","embeddable":true,"href":"https:\/\/www.gaveanews.com\/index.php\/wp-json\/wp\/v2\/tags?post=268469"}],"curies":[{"name":"wp","href":"https:\/\/api.w.org\/{rel}","templated":true}]}}