{"id":26864,"date":"2019-09-05T20:56:05","date_gmt":"2019-09-05T23:56:05","guid":{"rendered":"http:\/\/www.gaveanews.com\/?p=26864"},"modified":"2019-09-05T20:57:23","modified_gmt":"2019-09-05T23:57:23","slug":"gabigol-volta-a-se-declarar-ao-flamengo-e-diz-nao-ter-pressa-em-sair-do-clube-estou-muito-feliz-aqui","status":"publish","type":"post","link":"https:\/\/www.gaveanews.com\/index.php\/2019\/09\/05\/gabigol-volta-a-se-declarar-ao-flamengo-e-diz-nao-ter-pressa-em-sair-do-clube-estou-muito-feliz-aqui\/","title":{"rendered":"V\u00eddeo: Gabigol volta a se declarar ao Flamengo e diz n\u00e3o ter pressa em sair do clube: \u201cEstou muito feliz aqui\u201d"},"content":{"rendered":"\n<p>Decisivo e goleador, o atacante Gabigol tem vivido uma verdadeira lua de mel com a torcida do Flamengo. Emprestado pela Inter de Mil\u00e3o,  \u00e9 o \u00fanico do atual elenco que n\u00e3o tem contrato para a temporada seguinte. Por\u00e9m, em entrevista concedida ao canal \u201cDe Sola\u201c (assista no final desta mat\u00e9ria), o camisa 9 garantiu n\u00e3o ter pressa para retornar ao futebol europeu.<\/p>\n\n\n\n<p>\u2014 \u00c9 o sonho de qualquer jogador (jogar em um gigante europeu), mas estou muito feliz no Flamengo. Eu n\u00e3o tenho pressa em sair do Flamengo, estou muito feliz aqui. O Flamengo tem a metade do meu cora\u00e7\u00e3o e a outra metade \u00e9 a do Santos, que \u00e9 o clube que tamb\u00e9m tenho muita gratid\u00e3o -, disse o jogador, rasgando ainda mais elogios ao Rubro-Negro:<\/p>\n\n\n\n<p>\u2014 Quando eu sa\u00ed do Santos, o presidente n\u00e3o me procurou para fazer proposta para eu ficar. Ent\u00e3o eu meio que fiquei livre, apesar de ter contrato com a Inter de Mil\u00e3o. Sempre tive o sonho de jogar no Flamengo e foi uma das melhores coisas que aconteceram na minha vida -, completou.<\/p>\n\n\n\n<p>Gabigol \u00e9 o artilheiro do Flamengo na temporada e tamb\u00e9m do Brasileir\u00e3o, al\u00e9m de ser o jogador no Brasil que mais balan\u00e7ou as redes em 2019. Foram 28 gols do atacante em 38 jogos com a camisa rubro-negra, superando a sua melhor marca na carreira, obtida em 2018 com o Santos. <\/p>\n\n\n\n<p>O camisa 9 ter\u00e1 a chance de ampliar os seus n\u00fameros no pr\u00f3ximo s\u00e1bado (07), data em que a equipe da G\u00e1vea enfrenta o Ava\u00ed, pela 18\u00aa rodada do Campeonato Brasileiro.<\/p>\n\n\n\n<h3 class=\"wp-block-heading\"><strong>Entrevista completa:<\/strong><\/h3>\n\n\n\n<figure class=\"wp-block-embed-youtube wp-block-embed is-type-video is-provider-youtube wp-embed-aspect-16-9 wp-has-aspect-ratio\"><div class=\"wp-block-embed__wrapper\">\n<iframe loading=\"lazy\" title=\"GABIGOL: &quot;N\u00c3O tenho pressa em SAIR DO FLAMENGO&quot; - Al\u00ea Oliveira Responde #103\" width=\"640\" height=\"360\" src=\"https:\/\/www.youtube.com\/embed\/h8YDDErBM8A?feature=oembed\" frameborder=\"0\" allow=\"accelerometer; autoplay; clipboard-write; encrypted-media; gyroscope; picture-in-picture; web-share\" referrerpolicy=\"strict-origin-when-cross-origin\" allowfullscreen><\/iframe>\n<\/div><\/figure>\n\n\n\n<p>Adaptado de: Coluna do Fla<\/p>\n\n\n","protected":false},"excerpt":{"rendered":"<p>Decisivo e goleador, o atacante Gabigol tem vivido uma verdadeira lua de mel com a torcida do Flamengo. Emprestado pela Inter de Mil\u00e3o, \u00e9 o \u00fanico do atual elenco que n\u00e3o tem contrato para a temporada seguinte. Por\u00e9m, em entrevista concedida ao canal \u201cDe Sola\u201c (assista no final desta mat\u00e9ria), o camisa 9 garantiu n\u00e3o [&hellip;]<\/p>\n","protected":false},"author":1,"featured_media":14775,"comment_status":"open","ping_status":"open","sticky":false,"template":"","format":"standard","meta":{"footnotes":""},"categories":[40],"tags":[],"class_list":["post-26864","post","type-post","status-publish","format-standard","has-post-thumbnail","hentry","category-video"],"yoast_head":"<!-- This site is optimized with the Yoast SEO Premium plugin v24.2 (Yoast SEO v26.9) - https:\/\/yoast.com\/product\/yoast-seo-premium-wordpress\/ -->\n<title>V\u00eddeo: Gabigol volta a se declarar ao Flamengo e diz n\u00e3o ter pressa em sair do clube: \u201cEstou muito feliz aqui\u201d<\/title>\n<meta name=\"robots\" content=\"index, follow, max-snippet:-1, max-image-preview:large, max-video-preview:-1\" \/>\n<link rel=\"canonical\" href=\"https:\/\/www.gaveanews.com\/index.php\/2019\/09\/05\/gabigol-volta-a-se-declarar-ao-flamengo-e-diz-nao-ter-pressa-em-sair-do-clube-estou-muito-feliz-aqui\/\" \/>\n<meta property=\"og:locale\" content=\"pt_BR\" \/>\n<meta property=\"og:type\" content=\"article\" \/>\n<meta property=\"og:title\" content=\"V\u00eddeo: Gabigol volta a se declarar ao Flamengo e diz n\u00e3o ter pressa em sair do clube: \u201cEstou muito feliz aqui\u201d\" \/>\n<meta property=\"og:description\" content=\"Decisivo e goleador, o atacante Gabigol tem vivido uma verdadeira lua de mel com a torcida do Flamengo. Emprestado pela Inter de Mil\u00e3o, \u00e9 o \u00fanico do atual elenco que n\u00e3o tem contrato para a temporada seguinte. Por\u00e9m, em entrevista concedida ao canal \u201cDe Sola\u201c (assista no final desta mat\u00e9ria), o camisa 9 garantiu n\u00e3o [&hellip;]\" \/>\n<meta property=\"og:url\" content=\"https:\/\/www.gaveanews.com\/index.php\/2019\/09\/05\/gabigol-volta-a-se-declarar-ao-flamengo-e-diz-nao-ter-pressa-em-sair-do-clube-estou-muito-feliz-aqui\/\" \/>\n<meta property=\"og:site_name\" content=\"G\u00e1vea News\" \/>\n<meta property=\"article:publisher\" content=\"https:\/\/facebook.com\/gaveaNews\/\" \/>\n<meta property=\"article:published_time\" content=\"2019-09-05T23:56:05+00:00\" \/>\n<meta property=\"article:modified_time\" content=\"2019-09-05T23:57:23+00:00\" \/>\n<meta property=\"og:image\" content=\"https:\/\/www.gaveanews.com\/wp-content\/uploads\/2019\/03\/Gabigol-em-acao-pelo-Flamengo-na-partida-de-estreia-da-Libertadores-de-2019.webp\" \/>\n\t<meta property=\"og:image:width\" content=\"1\" \/>\n\t<meta property=\"og:image:height\" content=\"1\" \/>\n\t<meta property=\"og:image:type\" content=\"image\/jpeg\" \/>\n<meta name=\"author\" content=\"Equipe G\u00e1vea News\" \/>\n<meta name=\"twitter:card\" content=\"summary_large_image\" \/>\n<meta name=\"twitter:label1\" content=\"Escrito por\" \/>\n\t<meta name=\"twitter:data1\" content=\"Equipe G\u00e1vea News\" \/>\n\t<meta name=\"twitter:label2\" content=\"Est. tempo de leitura\" \/>\n\t<meta name=\"twitter:data2\" content=\"1 minuto\" \/>\n<script type=\"application\/ld+json\" class=\"yoast-schema-graph\">{\"@context\":\"https:\/\/schema.org\",\"@graph\":[{\"@type\":\"NewsArticle\",\"@id\":\"https:\/\/www.gaveanews.com\/index.php\/2019\/09\/05\/gabigol-volta-a-se-declarar-ao-flamengo-e-diz-nao-ter-pressa-em-sair-do-clube-estou-muito-feliz-aqui\/#article\",\"isPartOf\":{\"@id\":\"https:\/\/www.gaveanews.com\/index.php\/2019\/09\/05\/gabigol-volta-a-se-declarar-ao-flamengo-e-diz-nao-ter-pressa-em-sair-do-clube-estou-muito-feliz-aqui\/\"},\"author\":{\"name\":\"Equipe G\u00e1vea News\",\"@id\":\"https:\/\/www.gaveanews.com\/#\/schema\/person\/2ec14f73fb96be2caf28f91afb14749d\"},\"headline\":\"V\u00eddeo: Gabigol volta a se declarar ao Flamengo e diz n\u00e3o ter pressa em sair do clube: \u201cEstou muito feliz aqui\u201d\",\"datePublished\":\"2019-09-05T23:56:05+00:00\",\"dateModified\":\"2019-09-05T23:57:23+00:00\",\"mainEntityOfPage\":{\"@id\":\"https:\/\/www.gaveanews.com\/index.php\/2019\/09\/05\/gabigol-volta-a-se-declarar-ao-flamengo-e-diz-nao-ter-pressa-em-sair-do-clube-estou-muito-feliz-aqui\/\"},\"wordCount\":306,\"commentCount\":0,\"image\":{\"@id\":\"https:\/\/www.gaveanews.com\/index.php\/2019\/09\/05\/gabigol-volta-a-se-declarar-ao-flamengo-e-diz-nao-ter-pressa-em-sair-do-clube-estou-muito-feliz-aqui\/#primaryimage\"},\"thumbnailUrl\":\"https:\/\/www.gaveanews.com\/wp-content\/uploads\/2019\/03\/Gabigol-em-acao-pelo-Flamengo-na-partida-de-estreia-da-Libertadores-de-2019.webp\",\"articleSection\":[\"V\u00eddeos\"],\"inLanguage\":\"pt-BR\",\"potentialAction\":[{\"@type\":\"CommentAction\",\"name\":\"Comment\",\"target\":[\"https:\/\/www.gaveanews.com\/index.php\/2019\/09\/05\/gabigol-volta-a-se-declarar-ao-flamengo-e-diz-nao-ter-pressa-em-sair-do-clube-estou-muito-feliz-aqui\/#respond\"]}],\"copyrightYear\":\"2019\",\"copyrightHolder\":{\"@id\":\"https:\/\/www.gaveanews.com\/#organization\"}},{\"@type\":\"WebPage\",\"@id\":\"https:\/\/www.gaveanews.com\/index.php\/2019\/09\/05\/gabigol-volta-a-se-declarar-ao-flamengo-e-diz-nao-ter-pressa-em-sair-do-clube-estou-muito-feliz-aqui\/\",\"url\":\"https:\/\/www.gaveanews.com\/index.php\/2019\/09\/05\/gabigol-volta-a-se-declarar-ao-flamengo-e-diz-nao-ter-pressa-em-sair-do-clube-estou-muito-feliz-aqui\/\",\"name\":\"V\u00eddeo: Gabigol volta a se declarar ao Flamengo e diz n\u00e3o ter pressa em sair do clube: \u201cEstou muito feliz aqui\u201d\",\"isPartOf\":{\"@id\":\"https:\/\/www.gaveanews.com\/#website\"},\"primaryImageOfPage\":{\"@id\":\"https:\/\/www.gaveanews.com\/index.php\/2019\/09\/05\/gabigol-volta-a-se-declarar-ao-flamengo-e-diz-nao-ter-pressa-em-sair-do-clube-estou-muito-feliz-aqui\/#primaryimage\"},\"image\":{\"@id\":\"https:\/\/www.gaveanews.com\/index.php\/2019\/09\/05\/gabigol-volta-a-se-declarar-ao-flamengo-e-diz-nao-ter-pressa-em-sair-do-clube-estou-muito-feliz-aqui\/#primaryimage\"},\"thumbnailUrl\":\"https:\/\/www.gaveanews.com\/wp-content\/uploads\/2019\/03\/Gabigol-em-acao-pelo-Flamengo-na-partida-de-estreia-da-Libertadores-de-2019.webp\",\"datePublished\":\"2019-09-05T23:56:05+00:00\",\"dateModified\":\"2019-09-05T23:57:23+00:00\",\"author\":{\"@id\":\"https:\/\/www.gaveanews.com\/#\/schema\/person\/2ec14f73fb96be2caf28f91afb14749d\"},\"breadcrumb\":{\"@id\":\"https:\/\/www.gaveanews.com\/index.php\/2019\/09\/05\/gabigol-volta-a-se-declarar-ao-flamengo-e-diz-nao-ter-pressa-em-sair-do-clube-estou-muito-feliz-aqui\/#breadcrumb\"},\"inLanguage\":\"pt-BR\",\"potentialAction\":[{\"@type\":\"ReadAction\",\"target\":[\"https:\/\/www.gaveanews.com\/index.php\/2019\/09\/05\/gabigol-volta-a-se-declarar-ao-flamengo-e-diz-nao-ter-pressa-em-sair-do-clube-estou-muito-feliz-aqui\/\"]}]},{\"@type\":\"ImageObject\",\"inLanguage\":\"pt-BR\",\"@id\":\"https:\/\/www.gaveanews.com\/index.php\/2019\/09\/05\/gabigol-volta-a-se-declarar-ao-flamengo-e-diz-nao-ter-pressa-em-sair-do-clube-estou-muito-feliz-aqui\/#primaryimage\",\"url\":\"https:\/\/www.gaveanews.com\/wp-content\/uploads\/2019\/03\/Gabigol-em-acao-pelo-Flamengo-na-partida-de-estreia-da-Libertadores-de-2019.webp\",\"contentUrl\":\"https:\/\/www.gaveanews.com\/wp-content\/uploads\/2019\/03\/Gabigol-em-acao-pelo-Flamengo-na-partida-de-estreia-da-Libertadores-de-2019.webp\",\"caption\":\"Gabigol em a\u00e7\u00e3o pelo Flamengo na partida de estreia da Libertadores de 2019 (Foto: Alexandre Vidal\/Flamengo)\"},{\"@type\":\"BreadcrumbList\",\"@id\":\"https:\/\/www.gaveanews.com\/index.php\/2019\/09\/05\/gabigol-volta-a-se-declarar-ao-flamengo-e-diz-nao-ter-pressa-em-sair-do-clube-estou-muito-feliz-aqui\/#breadcrumb\",\"itemListElement\":[{\"@type\":\"ListItem\",\"position\":1,\"name\":\"Home\",\"item\":\"https:\/\/www.gaveanews.com\/\"},{\"@type\":\"ListItem\",\"position\":2,\"name\":\"V\u00eddeo: Gabigol volta a se declarar ao Flamengo e diz n\u00e3o ter pressa em sair do clube: \u201cEstou muito feliz aqui\u201d\"}]},{\"@type\":\"WebSite\",\"@id\":\"https:\/\/www.gaveanews.com\/#website\",\"url\":\"https:\/\/www.gaveanews.com\/\",\"name\":\"G\u00e1vea News\",\"description\":\"Veja todas as not\u00edcias sobre o Flamengo: Contrata\u00e7\u00f5es, categorias de base, resultados das partidas, tabela de classifica\u00e7\u00e3o, pr\u00f3ximos jogos!\",\"potentialAction\":[{\"@type\":\"SearchAction\",\"target\":{\"@type\":\"EntryPoint\",\"urlTemplate\":\"https:\/\/www.gaveanews.com\/?s={search_term_string}\"},\"query-input\":{\"@type\":\"PropertyValueSpecification\",\"valueRequired\":true,\"valueName\":\"search_term_string\"}}],\"inLanguage\":\"pt-BR\"},{\"@type\":\"Person\",\"@id\":\"https:\/\/www.gaveanews.com\/#\/schema\/person\/2ec14f73fb96be2caf28f91afb14749d\",\"name\":\"Equipe G\u00e1vea News\",\"image\":{\"@type\":\"ImageObject\",\"inLanguage\":\"pt-BR\",\"@id\":\"https:\/\/www.gaveanews.com\/#\/schema\/person\/image\/\",\"url\":\"https:\/\/secure.gravatar.com\/avatar\/1e1956f1facbffd3f8fa53a326721950116b3b9dc9bd44939c01180fd4a745a9?s=96&d=mm&r=g\",\"contentUrl\":\"https:\/\/secure.gravatar.com\/avatar\/1e1956f1facbffd3f8fa53a326721950116b3b9dc9bd44939c01180fd4a745a9?s=96&d=mm&r=g\",\"caption\":\"Equipe G\u00e1vea News\"}}]}<\/script>\n<!-- \/ Yoast SEO Premium plugin. -->","yoast_head_json":{"title":"V\u00eddeo: Gabigol volta a se declarar ao Flamengo e diz n\u00e3o ter pressa em sair do clube: \u201cEstou muito feliz aqui\u201d","robots":{"index":"index","follow":"follow","max-snippet":"max-snippet:-1","max-image-preview":"max-image-preview:large","max-video-preview":"max-video-preview:-1"},"canonical":"https:\/\/www.gaveanews.com\/index.php\/2019\/09\/05\/gabigol-volta-a-se-declarar-ao-flamengo-e-diz-nao-ter-pressa-em-sair-do-clube-estou-muito-feliz-aqui\/","og_locale":"pt_BR","og_type":"article","og_title":"V\u00eddeo: Gabigol volta a se declarar ao Flamengo e diz n\u00e3o ter pressa em sair do clube: \u201cEstou muito feliz aqui\u201d","og_description":"Decisivo e goleador, o atacante Gabigol tem vivido uma verdadeira lua de mel com a torcida do Flamengo. Emprestado pela Inter de Mil\u00e3o, \u00e9 o \u00fanico do atual elenco que n\u00e3o tem contrato para a temporada seguinte. Por\u00e9m, em entrevista concedida ao canal \u201cDe Sola\u201c (assista no final desta mat\u00e9ria), o camisa 9 garantiu n\u00e3o [&hellip;]","og_url":"https:\/\/www.gaveanews.com\/index.php\/2019\/09\/05\/gabigol-volta-a-se-declarar-ao-flamengo-e-diz-nao-ter-pressa-em-sair-do-clube-estou-muito-feliz-aqui\/","og_site_name":"G\u00e1vea News","article_publisher":"https:\/\/facebook.com\/gaveaNews\/","article_published_time":"2019-09-05T23:56:05+00:00","article_modified_time":"2019-09-05T23:57:23+00:00","og_image":[{"url":"https:\/\/www.gaveanews.com\/wp-content\/uploads\/2019\/03\/Gabigol-em-acao-pelo-Flamengo-na-partida-de-estreia-da-Libertadores-de-2019.webp","width":1,"height":1,"type":"image\/jpeg"}],"author":"Equipe G\u00e1vea News","twitter_card":"summary_large_image","twitter_misc":{"Escrito por":"Equipe G\u00e1vea News","Est. tempo de leitura":"1 minuto"},"schema":{"@context":"https:\/\/schema.org","@graph":[{"@type":"NewsArticle","@id":"https:\/\/www.gaveanews.com\/index.php\/2019\/09\/05\/gabigol-volta-a-se-declarar-ao-flamengo-e-diz-nao-ter-pressa-em-sair-do-clube-estou-muito-feliz-aqui\/#article","isPartOf":{"@id":"https:\/\/www.gaveanews.com\/index.php\/2019\/09\/05\/gabigol-volta-a-se-declarar-ao-flamengo-e-diz-nao-ter-pressa-em-sair-do-clube-estou-muito-feliz-aqui\/"},"author":{"name":"Equipe G\u00e1vea News","@id":"https:\/\/www.gaveanews.com\/#\/schema\/person\/2ec14f73fb96be2caf28f91afb14749d"},"headline":"V\u00eddeo: Gabigol volta a se declarar ao Flamengo e diz n\u00e3o ter pressa em sair do clube: \u201cEstou muito feliz aqui\u201d","datePublished":"2019-09-05T23:56:05+00:00","dateModified":"2019-09-05T23:57:23+00:00","mainEntityOfPage":{"@id":"https:\/\/www.gaveanews.com\/index.php\/2019\/09\/05\/gabigol-volta-a-se-declarar-ao-flamengo-e-diz-nao-ter-pressa-em-sair-do-clube-estou-muito-feliz-aqui\/"},"wordCount":306,"commentCount":0,"image":{"@id":"https:\/\/www.gaveanews.com\/index.php\/2019\/09\/05\/gabigol-volta-a-se-declarar-ao-flamengo-e-diz-nao-ter-pressa-em-sair-do-clube-estou-muito-feliz-aqui\/#primaryimage"},"thumbnailUrl":"https:\/\/www.gaveanews.com\/wp-content\/uploads\/2019\/03\/Gabigol-em-acao-pelo-Flamengo-na-partida-de-estreia-da-Libertadores-de-2019.webp","articleSection":["V\u00eddeos"],"inLanguage":"pt-BR","potentialAction":[{"@type":"CommentAction","name":"Comment","target":["https:\/\/www.gaveanews.com\/index.php\/2019\/09\/05\/gabigol-volta-a-se-declarar-ao-flamengo-e-diz-nao-ter-pressa-em-sair-do-clube-estou-muito-feliz-aqui\/#respond"]}],"copyrightYear":"2019","copyrightHolder":{"@id":"https:\/\/www.gaveanews.com\/#organization"}},{"@type":"WebPage","@id":"https:\/\/www.gaveanews.com\/index.php\/2019\/09\/05\/gabigol-volta-a-se-declarar-ao-flamengo-e-diz-nao-ter-pressa-em-sair-do-clube-estou-muito-feliz-aqui\/","url":"https:\/\/www.gaveanews.com\/index.php\/2019\/09\/05\/gabigol-volta-a-se-declarar-ao-flamengo-e-diz-nao-ter-pressa-em-sair-do-clube-estou-muito-feliz-aqui\/","name":"V\u00eddeo: Gabigol volta a se declarar ao Flamengo e diz n\u00e3o ter pressa em sair do clube: \u201cEstou muito feliz aqui\u201d","isPartOf":{"@id":"https:\/\/www.gaveanews.com\/#website"},"primaryImageOfPage":{"@id":"https:\/\/www.gaveanews.com\/index.php\/2019\/09\/05\/gabigol-volta-a-se-declarar-ao-flamengo-e-diz-nao-ter-pressa-em-sair-do-clube-estou-muito-feliz-aqui\/#primaryimage"},"image":{"@id":"https:\/\/www.gaveanews.com\/index.php\/2019\/09\/05\/gabigol-volta-a-se-declarar-ao-flamengo-e-diz-nao-ter-pressa-em-sair-do-clube-estou-muito-feliz-aqui\/#primaryimage"},"thumbnailUrl":"https:\/\/www.gaveanews.com\/wp-content\/uploads\/2019\/03\/Gabigol-em-acao-pelo-Flamengo-na-partida-de-estreia-da-Libertadores-de-2019.webp","datePublished":"2019-09-05T23:56:05+00:00","dateModified":"2019-09-05T23:57:23+00:00","author":{"@id":"https:\/\/www.gaveanews.com\/#\/schema\/person\/2ec14f73fb96be2caf28f91afb14749d"},"breadcrumb":{"@id":"https:\/\/www.gaveanews.com\/index.php\/2019\/09\/05\/gabigol-volta-a-se-declarar-ao-flamengo-e-diz-nao-ter-pressa-em-sair-do-clube-estou-muito-feliz-aqui\/#breadcrumb"},"inLanguage":"pt-BR","potentialAction":[{"@type":"ReadAction","target":["https:\/\/www.gaveanews.com\/index.php\/2019\/09\/05\/gabigol-volta-a-se-declarar-ao-flamengo-e-diz-nao-ter-pressa-em-sair-do-clube-estou-muito-feliz-aqui\/"]}]},{"@type":"ImageObject","inLanguage":"pt-BR","@id":"https:\/\/www.gaveanews.com\/index.php\/2019\/09\/05\/gabigol-volta-a-se-declarar-ao-flamengo-e-diz-nao-ter-pressa-em-sair-do-clube-estou-muito-feliz-aqui\/#primaryimage","url":"https:\/\/www.gaveanews.com\/wp-content\/uploads\/2019\/03\/Gabigol-em-acao-pelo-Flamengo-na-partida-de-estreia-da-Libertadores-de-2019.webp","contentUrl":"https:\/\/www.gaveanews.com\/wp-content\/uploads\/2019\/03\/Gabigol-em-acao-pelo-Flamengo-na-partida-de-estreia-da-Libertadores-de-2019.webp","caption":"Gabigol em a\u00e7\u00e3o pelo Flamengo na partida de estreia da Libertadores de 2019 (Foto: Alexandre Vidal\/Flamengo)"},{"@type":"BreadcrumbList","@id":"https:\/\/www.gaveanews.com\/index.php\/2019\/09\/05\/gabigol-volta-a-se-declarar-ao-flamengo-e-diz-nao-ter-pressa-em-sair-do-clube-estou-muito-feliz-aqui\/#breadcrumb","itemListElement":[{"@type":"ListItem","position":1,"name":"Home","item":"https:\/\/www.gaveanews.com\/"},{"@type":"ListItem","position":2,"name":"V\u00eddeo: Gabigol volta a se declarar ao Flamengo e diz n\u00e3o ter pressa em sair do clube: \u201cEstou muito feliz aqui\u201d"}]},{"@type":"WebSite","@id":"https:\/\/www.gaveanews.com\/#website","url":"https:\/\/www.gaveanews.com\/","name":"G\u00e1vea News","description":"Veja todas as not\u00edcias sobre o Flamengo: Contrata\u00e7\u00f5es, categorias de base, resultados das partidas, tabela de classifica\u00e7\u00e3o, pr\u00f3ximos jogos!","potentialAction":[{"@type":"SearchAction","target":{"@type":"EntryPoint","urlTemplate":"https:\/\/www.gaveanews.com\/?s={search_term_string}"},"query-input":{"@type":"PropertyValueSpecification","valueRequired":true,"valueName":"search_term_string"}}],"inLanguage":"pt-BR"},{"@type":"Person","@id":"https:\/\/www.gaveanews.com\/#\/schema\/person\/2ec14f73fb96be2caf28f91afb14749d","name":"Equipe G\u00e1vea News","image":{"@type":"ImageObject","inLanguage":"pt-BR","@id":"https:\/\/www.gaveanews.com\/#\/schema\/person\/image\/","url":"https:\/\/secure.gravatar.com\/avatar\/1e1956f1facbffd3f8fa53a326721950116b3b9dc9bd44939c01180fd4a745a9?s=96&d=mm&r=g","contentUrl":"https:\/\/secure.gravatar.com\/avatar\/1e1956f1facbffd3f8fa53a326721950116b3b9dc9bd44939c01180fd4a745a9?s=96&d=mm&r=g","caption":"Equipe G\u00e1vea News"}}]}},"_links":{"self":[{"href":"https:\/\/www.gaveanews.com\/index.php\/wp-json\/wp\/v2\/posts\/26864","targetHints":{"allow":["GET"]}}],"collection":[{"href":"https:\/\/www.gaveanews.com\/index.php\/wp-json\/wp\/v2\/posts"}],"about":[{"href":"https:\/\/www.gaveanews.com\/index.php\/wp-json\/wp\/v2\/types\/post"}],"author":[{"embeddable":true,"href":"https:\/\/www.gaveanews.com\/index.php\/wp-json\/wp\/v2\/users\/1"}],"replies":[{"embeddable":true,"href":"https:\/\/www.gaveanews.com\/index.php\/wp-json\/wp\/v2\/comments?post=26864"}],"version-history":[{"count":0,"href":"https:\/\/www.gaveanews.com\/index.php\/wp-json\/wp\/v2\/posts\/26864\/revisions"}],"wp:featuredmedia":[{"embeddable":true,"href":"https:\/\/www.gaveanews.com\/index.php\/wp-json\/wp\/v2\/media\/14775"}],"wp:attachment":[{"href":"https:\/\/www.gaveanews.com\/index.php\/wp-json\/wp\/v2\/media?parent=26864"}],"wp:term":[{"taxonomy":"category","embeddable":true,"href":"https:\/\/www.gaveanews.com\/index.php\/wp-json\/wp\/v2\/categories?post=26864"},{"taxonomy":"post_tag","embeddable":true,"href":"https:\/\/www.gaveanews.com\/index.php\/wp-json\/wp\/v2\/tags?post=26864"}],"curies":[{"name":"wp","href":"https:\/\/api.w.org\/{rel}","templated":true}]}}