{"id":268720,"date":"2025-06-01T17:30:00","date_gmt":"2025-06-01T20:30:00","guid":{"rendered":"https:\/\/www.gaveanews.com\/?p=268720"},"modified":"2025-06-01T17:04:07","modified_gmt":"2025-06-01T20:04:07","slug":"vitoria-busca-feito-inedito-no-brasileirao-2025-diante-do-corinthians","status":"publish","type":"post","link":"https:\/\/www.gaveanews.com\/index.php\/2025\/06\/01\/vitoria-busca-feito-inedito-no-brasileirao-2025-diante-do-corinthians\/","title":{"rendered":"Vit\u00f3ria busca feito in\u00e9dito no Brasileir\u00e3o 2025 diante do Corinthians"},"content":{"rendered":"\n<p>Neste domingo (01), \u00e0s 18h30, o Vit\u00f3ria visita o Corinthians, na Neo Qu\u00edmica Arena, pela 11\u00aa rodada do Campeonato Brasileiro. O duelo marca mais uma tentativa da equipe baiana de conquistar o primeiro triunfo fora de casa na atual edi\u00e7\u00e3o da S\u00e9rie A, ap\u00f3s um in\u00edcio de temporada marcado por dificuldades.<\/p>\n\n\n\n<p>O Rubro-Negro atravessa uma fase negativa, com tr\u00eas derrotas consecutivas na competi\u00e7\u00e3o. Atualmente na zona de rebaixamento e eliminado da Copa Sul-Americana, o clube tenta resgatar o desempenho que o salvou do descenso em 2024. <\/p>\n\n\n\n<p>Na temporada passada, o aproveitamento como visitante foi um dos pilares da campanha de recupera\u00e7\u00e3o: foram 20 pontos em 19 partidas longe de Salvador, desempenho que s\u00f3 foi superado por seis equipes que se classificaram \u00e0 Libertadores.<\/p>\n\n\n\n<h3 class=\"wp-block-heading\" id=\"h-coincidencias-inspiradoras-e-retrospecto-historico\">Coincid\u00eancias inspiradoras e retrospecto hist\u00f3rico<\/h3>\n\n\n\n<p>Surpreendentemente, h\u00e1 uma semelhan\u00e7a entre o momento atual e o cen\u00e1rio vivido em 2024. Naquele ano, o Vit\u00f3ria venceu sua primeira partida fora de casa justamente no sexto compromisso como visitante, superando o Fluminense no Maracan\u00e3 por 1 a 0. <\/p>\n\n\n\n<p>O gol foi marcado por Janderson aos 44 minutos do segundo tempo. Na ocasi\u00e3o, o time havia vencido apenas dois jogos antes desse resultado, ambos em Salvador. Em 2025, a hist\u00f3ria se repete: o clube baiano triunfou apenas contra Fortaleza e Vasco, tamb\u00e9m atuando no Barrad\u00e3o.<\/p>\n\n\n\n<p>Assim sendo, o encontro com o Corinthians pode representar um novo ponto de virada, principalmente por reviver esse padr\u00e3o. Afinal, embora ainda n\u00e3o tenha somado pontos fora de casa, a equipe comandada por Thiago Carpini aposta na mem\u00f3ria recente para retomar o f\u00f4lego no campeonato.<\/p>\n\n\n\n<h3 class=\"wp-block-heading\" id=\"h-escalacao-e-desfalques\">Escala\u00e7\u00e3o e desfalques<\/h3>\n\n\n\n<p>Para o compromisso em S\u00e3o Paulo, o treinador conta com o retorno de Renato Kayzer, que ficou de fora da \u00faltima partida por n\u00e3o estar inscrito na Sul-Americana. O atacante foi determinante na vit\u00f3ria sobre o Vasco, marcando os dois gols da virada. <\/p>\n\n\n\n<p>\u201cRenato foi fundamental naquele jogo e \u00e9 uma pe\u00e7a que faz diferen\u00e7a no ataque\u201d, destacou um membro da comiss\u00e3o t\u00e9cnica.<\/p>\n\n\n\n<p>Por outro lado, o t\u00e9cnico n\u00e3o ter\u00e1 \u00e0 disposi\u00e7\u00e3o Matheuzinho, suspenso, al\u00e9m dos lesionados Willian Oliveira, Hugo, Ra\u00fal C\u00e1ceres e Neris. O atacante Osvaldo, que deixou o campo com dores musculares na \u00faltima partida, \u00e9 d\u00favida para o confronto.<\/p>\n\n\n\n<p>A prov\u00e1vel escala\u00e7\u00e3o do Vit\u00f3ria traz: <strong>Lucas Arcanjo; Claudinho (ou Edu), Lucas Halter, Z\u00e9 Marcos e Jamerson; Ricardo Ryller, Baralhas e Ronald; Gustavo Mosquito (ou Wellington Rato), Lucas Braga (ou Janderson) e Renato Kayzer<\/strong>.<\/p>\n\n\n\n<h3 class=\"wp-block-heading\" id=\"h-arbitragem-e-pendurados\">Arbitragem e pendurados<\/h3>\n\n\n\n<p>O \u00e1rbitro principal ser\u00e1 Felipe Fernandes de Lima (MG), com os assistentes Guilherme Dias Camilo (MG) e Fernanda Nandrea Gomes Antunes (MG). O \u00e1rbitro de v\u00eddeo (VAR) ser\u00e1 Caio Max Augusto Vieira. Est\u00e3o pendurados: Ricardo Ryller, Baralhas, Lucas Halter, Ronald e Janderson.<\/p>\n\n\n\n<p><\/p>\n","protected":false},"excerpt":{"rendered":"<p>Neste domingo (01), \u00e0s 18h30, o Vit\u00f3ria visita o Corinthians, na Neo Qu\u00edmica Arena, pela 11\u00aa rodada do Campeonato Brasileiro. O duelo marca mais uma tentativa da equipe baiana de conquistar o primeiro triunfo fora de casa na atual edi\u00e7\u00e3o da S\u00e9rie A, ap\u00f3s um in\u00edcio de temporada marcado por dificuldades. O Rubro-Negro atravessa uma [&hellip;]<\/p>\n","protected":false},"author":30,"featured_media":260115,"comment_status":"open","ping_status":"closed","sticky":false,"template":"","format":"standard","meta":{"footnotes":""},"categories":[133,141,153],"tags":[],"class_list":["post-268720","post","type-post","status-publish","format-standard","has-post-thumbnail","hentry","category-brasileirao","category-corinthians","category-vitoria"],"yoast_head":"<!-- This site is optimized with the Yoast SEO Premium plugin v24.2 (Yoast SEO v26.9) - https:\/\/yoast.com\/product\/yoast-seo-premium-wordpress\/ -->\n<title>Vit\u00f3ria busca feito in\u00e9dito no Brasileir\u00e3o 2025 diante do Corinthians<\/title>\n<meta name=\"robots\" content=\"index, follow, max-snippet:-1, max-image-preview:large, max-video-preview:-1\" \/>\n<link rel=\"canonical\" href=\"https:\/\/www.gaveanews.com\/index.php\/2025\/06\/01\/vitoria-busca-feito-inedito-no-brasileirao-2025-diante-do-corinthians\/\" \/>\n<meta property=\"og:locale\" content=\"pt_BR\" \/>\n<meta property=\"og:type\" content=\"article\" \/>\n<meta property=\"og:title\" content=\"Vit\u00f3ria busca feito in\u00e9dito no Brasileir\u00e3o 2025 diante do Corinthians\" \/>\n<meta property=\"og:description\" content=\"Neste domingo (01), \u00e0s 18h30, o Vit\u00f3ria visita o Corinthians, na Neo Qu\u00edmica Arena, pela 11\u00aa rodada do Campeonato Brasileiro. O duelo marca mais uma tentativa da equipe baiana de conquistar o primeiro triunfo fora de casa na atual edi\u00e7\u00e3o da S\u00e9rie A, ap\u00f3s um in\u00edcio de temporada marcado por dificuldades. O Rubro-Negro atravessa uma [&hellip;]\" \/>\n<meta property=\"og:url\" content=\"https:\/\/www.gaveanews.com\/index.php\/2025\/06\/01\/vitoria-busca-feito-inedito-no-brasileirao-2025-diante-do-corinthians\/\" \/>\n<meta property=\"og:site_name\" content=\"G\u00e1vea News\" \/>\n<meta property=\"article:publisher\" content=\"https:\/\/facebook.com\/gaveaNews\/\" \/>\n<meta property=\"article:published_time\" content=\"2025-06-01T20:30:00+00:00\" \/>\n<meta property=\"og:image\" content=\"https:\/\/www.gaveanews.com\/wp-content\/uploads\/Campeonato-Brasileiro-Serie-A.webp\" \/>\n\t<meta property=\"og:image:width\" content=\"1200\" \/>\n\t<meta property=\"og:image:height\" content=\"900\" \/>\n\t<meta property=\"og:image:type\" content=\"image\/webp\" \/>\n<meta name=\"author\" content=\"Ana Teixeira\" \/>\n<meta name=\"twitter:card\" content=\"summary_large_image\" \/>\n<meta name=\"twitter:label1\" content=\"Escrito por\" \/>\n\t<meta name=\"twitter:data1\" content=\"Ana Teixeira\" \/>\n\t<meta name=\"twitter:label2\" content=\"Est. tempo de leitura\" \/>\n\t<meta name=\"twitter:data2\" content=\"3 minutos\" \/>\n<script type=\"application\/ld+json\" class=\"yoast-schema-graph\">{\"@context\":\"https:\/\/schema.org\",\"@graph\":[{\"@type\":\"NewsArticle\",\"@id\":\"https:\/\/www.gaveanews.com\/index.php\/2025\/06\/01\/vitoria-busca-feito-inedito-no-brasileirao-2025-diante-do-corinthians\/#article\",\"isPartOf\":{\"@id\":\"https:\/\/www.gaveanews.com\/index.php\/2025\/06\/01\/vitoria-busca-feito-inedito-no-brasileirao-2025-diante-do-corinthians\/\"},\"author\":{\"name\":\"Ana Teixeira\",\"@id\":\"https:\/\/www.gaveanews.com\/#\/schema\/person\/3b19f7288b0ce20372991275e4f2e6c2\"},\"headline\":\"Vit\u00f3ria busca feito in\u00e9dito no Brasileir\u00e3o 2025 diante do Corinthians\",\"datePublished\":\"2025-06-01T20:30:00+00:00\",\"mainEntityOfPage\":{\"@id\":\"https:\/\/www.gaveanews.com\/index.php\/2025\/06\/01\/vitoria-busca-feito-inedito-no-brasileirao-2025-diante-do-corinthians\/\"},\"wordCount\":483,\"commentCount\":0,\"image\":{\"@id\":\"https:\/\/www.gaveanews.com\/index.php\/2025\/06\/01\/vitoria-busca-feito-inedito-no-brasileirao-2025-diante-do-corinthians\/#primaryimage\"},\"thumbnailUrl\":\"https:\/\/www.gaveanews.com\/wp-content\/uploads\/Campeonato-Brasileiro-Serie-A.webp\",\"articleSection\":[\"Brasileir\u00e3o\",\"Corinthians\",\"Vit\u00f3ria\"],\"inLanguage\":\"pt-BR\",\"potentialAction\":[{\"@type\":\"CommentAction\",\"name\":\"Comment\",\"target\":[\"https:\/\/www.gaveanews.com\/index.php\/2025\/06\/01\/vitoria-busca-feito-inedito-no-brasileirao-2025-diante-do-corinthians\/#respond\"]}],\"copyrightYear\":\"2025\",\"copyrightHolder\":{\"@id\":\"https:\/\/www.gaveanews.com\/#organization\"}},{\"@type\":\"WebPage\",\"@id\":\"https:\/\/www.gaveanews.com\/index.php\/2025\/06\/01\/vitoria-busca-feito-inedito-no-brasileirao-2025-diante-do-corinthians\/\",\"url\":\"https:\/\/www.gaveanews.com\/index.php\/2025\/06\/01\/vitoria-busca-feito-inedito-no-brasileirao-2025-diante-do-corinthians\/\",\"name\":\"Vit\u00f3ria busca feito in\u00e9dito no Brasileir\u00e3o 2025 diante do Corinthians\",\"isPartOf\":{\"@id\":\"https:\/\/www.gaveanews.com\/#website\"},\"primaryImageOfPage\":{\"@id\":\"https:\/\/www.gaveanews.com\/index.php\/2025\/06\/01\/vitoria-busca-feito-inedito-no-brasileirao-2025-diante-do-corinthians\/#primaryimage\"},\"image\":{\"@id\":\"https:\/\/www.gaveanews.com\/index.php\/2025\/06\/01\/vitoria-busca-feito-inedito-no-brasileirao-2025-diante-do-corinthians\/#primaryimage\"},\"thumbnailUrl\":\"https:\/\/www.gaveanews.com\/wp-content\/uploads\/Campeonato-Brasileiro-Serie-A.webp\",\"datePublished\":\"2025-06-01T20:30:00+00:00\",\"author\":{\"@id\":\"https:\/\/www.gaveanews.com\/#\/schema\/person\/3b19f7288b0ce20372991275e4f2e6c2\"},\"breadcrumb\":{\"@id\":\"https:\/\/www.gaveanews.com\/index.php\/2025\/06\/01\/vitoria-busca-feito-inedito-no-brasileirao-2025-diante-do-corinthians\/#breadcrumb\"},\"inLanguage\":\"pt-BR\",\"potentialAction\":[{\"@type\":\"ReadAction\",\"target\":[\"https:\/\/www.gaveanews.com\/index.php\/2025\/06\/01\/vitoria-busca-feito-inedito-no-brasileirao-2025-diante-do-corinthians\/\"]}]},{\"@type\":\"ImageObject\",\"inLanguage\":\"pt-BR\",\"@id\":\"https:\/\/www.gaveanews.com\/index.php\/2025\/06\/01\/vitoria-busca-feito-inedito-no-brasileirao-2025-diante-do-corinthians\/#primaryimage\",\"url\":\"https:\/\/www.gaveanews.com\/wp-content\/uploads\/Campeonato-Brasileiro-Serie-A.webp\",\"contentUrl\":\"https:\/\/www.gaveanews.com\/wp-content\/uploads\/Campeonato-Brasileiro-Serie-A.webp\",\"width\":1200,\"height\":900},{\"@type\":\"BreadcrumbList\",\"@id\":\"https:\/\/www.gaveanews.com\/index.php\/2025\/06\/01\/vitoria-busca-feito-inedito-no-brasileirao-2025-diante-do-corinthians\/#breadcrumb\",\"itemListElement\":[{\"@type\":\"ListItem\",\"position\":1,\"name\":\"Home\",\"item\":\"https:\/\/www.gaveanews.com\/\"},{\"@type\":\"ListItem\",\"position\":2,\"name\":\"Vit\u00f3ria busca feito in\u00e9dito no Brasileir\u00e3o 2025 diante do Corinthians\"}]},{\"@type\":\"WebSite\",\"@id\":\"https:\/\/www.gaveanews.com\/#website\",\"url\":\"https:\/\/www.gaveanews.com\/\",\"name\":\"G\u00e1vea News\",\"description\":\"Veja todas as not\u00edcias sobre o Flamengo: Contrata\u00e7\u00f5es, categorias de base, resultados das partidas, tabela de classifica\u00e7\u00e3o, pr\u00f3ximos jogos!\",\"potentialAction\":[{\"@type\":\"SearchAction\",\"target\":{\"@type\":\"EntryPoint\",\"urlTemplate\":\"https:\/\/www.gaveanews.com\/?s={search_term_string}\"},\"query-input\":{\"@type\":\"PropertyValueSpecification\",\"valueRequired\":true,\"valueName\":\"search_term_string\"}}],\"inLanguage\":\"pt-BR\"},{\"@type\":\"Person\",\"@id\":\"https:\/\/www.gaveanews.com\/#\/schema\/person\/3b19f7288b0ce20372991275e4f2e6c2\",\"name\":\"Ana Teixeira\",\"image\":{\"@type\":\"ImageObject\",\"inLanguage\":\"pt-BR\",\"@id\":\"https:\/\/www.gaveanews.com\/#\/schema\/person\/image\/\",\"url\":\"https:\/\/secure.gravatar.com\/avatar\/0a73f5a5258f3fed37fc2fa641892f3f7a4748456d4d4792f9bc550e6c19e06c?s=96&d=mm&r=g\",\"contentUrl\":\"https:\/\/secure.gravatar.com\/avatar\/0a73f5a5258f3fed37fc2fa641892f3f7a4748456d4d4792f9bc550e6c19e06c?s=96&d=mm&r=g\",\"caption\":\"Ana Teixeira\"}}]}<\/script>\n<!-- \/ Yoast SEO Premium plugin. -->","yoast_head_json":{"title":"Vit\u00f3ria busca feito in\u00e9dito no Brasileir\u00e3o 2025 diante do Corinthians","robots":{"index":"index","follow":"follow","max-snippet":"max-snippet:-1","max-image-preview":"max-image-preview:large","max-video-preview":"max-video-preview:-1"},"canonical":"https:\/\/www.gaveanews.com\/index.php\/2025\/06\/01\/vitoria-busca-feito-inedito-no-brasileirao-2025-diante-do-corinthians\/","og_locale":"pt_BR","og_type":"article","og_title":"Vit\u00f3ria busca feito in\u00e9dito no Brasileir\u00e3o 2025 diante do Corinthians","og_description":"Neste domingo (01), \u00e0s 18h30, o Vit\u00f3ria visita o Corinthians, na Neo Qu\u00edmica Arena, pela 11\u00aa rodada do Campeonato Brasileiro. O duelo marca mais uma tentativa da equipe baiana de conquistar o primeiro triunfo fora de casa na atual edi\u00e7\u00e3o da S\u00e9rie A, ap\u00f3s um in\u00edcio de temporada marcado por dificuldades. O Rubro-Negro atravessa uma [&hellip;]","og_url":"https:\/\/www.gaveanews.com\/index.php\/2025\/06\/01\/vitoria-busca-feito-inedito-no-brasileirao-2025-diante-do-corinthians\/","og_site_name":"G\u00e1vea News","article_publisher":"https:\/\/facebook.com\/gaveaNews\/","article_published_time":"2025-06-01T20:30:00+00:00","og_image":[{"width":1200,"height":900,"url":"https:\/\/www.gaveanews.com\/wp-content\/uploads\/Campeonato-Brasileiro-Serie-A.webp","type":"image\/webp"}],"author":"Ana Teixeira","twitter_card":"summary_large_image","twitter_misc":{"Escrito por":"Ana Teixeira","Est. tempo de leitura":"3 minutos"},"schema":{"@context":"https:\/\/schema.org","@graph":[{"@type":"NewsArticle","@id":"https:\/\/www.gaveanews.com\/index.php\/2025\/06\/01\/vitoria-busca-feito-inedito-no-brasileirao-2025-diante-do-corinthians\/#article","isPartOf":{"@id":"https:\/\/www.gaveanews.com\/index.php\/2025\/06\/01\/vitoria-busca-feito-inedito-no-brasileirao-2025-diante-do-corinthians\/"},"author":{"name":"Ana Teixeira","@id":"https:\/\/www.gaveanews.com\/#\/schema\/person\/3b19f7288b0ce20372991275e4f2e6c2"},"headline":"Vit\u00f3ria busca feito in\u00e9dito no Brasileir\u00e3o 2025 diante do Corinthians","datePublished":"2025-06-01T20:30:00+00:00","mainEntityOfPage":{"@id":"https:\/\/www.gaveanews.com\/index.php\/2025\/06\/01\/vitoria-busca-feito-inedito-no-brasileirao-2025-diante-do-corinthians\/"},"wordCount":483,"commentCount":0,"image":{"@id":"https:\/\/www.gaveanews.com\/index.php\/2025\/06\/01\/vitoria-busca-feito-inedito-no-brasileirao-2025-diante-do-corinthians\/#primaryimage"},"thumbnailUrl":"https:\/\/www.gaveanews.com\/wp-content\/uploads\/Campeonato-Brasileiro-Serie-A.webp","articleSection":["Brasileir\u00e3o","Corinthians","Vit\u00f3ria"],"inLanguage":"pt-BR","potentialAction":[{"@type":"CommentAction","name":"Comment","target":["https:\/\/www.gaveanews.com\/index.php\/2025\/06\/01\/vitoria-busca-feito-inedito-no-brasileirao-2025-diante-do-corinthians\/#respond"]}],"copyrightYear":"2025","copyrightHolder":{"@id":"https:\/\/www.gaveanews.com\/#organization"}},{"@type":"WebPage","@id":"https:\/\/www.gaveanews.com\/index.php\/2025\/06\/01\/vitoria-busca-feito-inedito-no-brasileirao-2025-diante-do-corinthians\/","url":"https:\/\/www.gaveanews.com\/index.php\/2025\/06\/01\/vitoria-busca-feito-inedito-no-brasileirao-2025-diante-do-corinthians\/","name":"Vit\u00f3ria busca feito in\u00e9dito no Brasileir\u00e3o 2025 diante do Corinthians","isPartOf":{"@id":"https:\/\/www.gaveanews.com\/#website"},"primaryImageOfPage":{"@id":"https:\/\/www.gaveanews.com\/index.php\/2025\/06\/01\/vitoria-busca-feito-inedito-no-brasileirao-2025-diante-do-corinthians\/#primaryimage"},"image":{"@id":"https:\/\/www.gaveanews.com\/index.php\/2025\/06\/01\/vitoria-busca-feito-inedito-no-brasileirao-2025-diante-do-corinthians\/#primaryimage"},"thumbnailUrl":"https:\/\/www.gaveanews.com\/wp-content\/uploads\/Campeonato-Brasileiro-Serie-A.webp","datePublished":"2025-06-01T20:30:00+00:00","author":{"@id":"https:\/\/www.gaveanews.com\/#\/schema\/person\/3b19f7288b0ce20372991275e4f2e6c2"},"breadcrumb":{"@id":"https:\/\/www.gaveanews.com\/index.php\/2025\/06\/01\/vitoria-busca-feito-inedito-no-brasileirao-2025-diante-do-corinthians\/#breadcrumb"},"inLanguage":"pt-BR","potentialAction":[{"@type":"ReadAction","target":["https:\/\/www.gaveanews.com\/index.php\/2025\/06\/01\/vitoria-busca-feito-inedito-no-brasileirao-2025-diante-do-corinthians\/"]}]},{"@type":"ImageObject","inLanguage":"pt-BR","@id":"https:\/\/www.gaveanews.com\/index.php\/2025\/06\/01\/vitoria-busca-feito-inedito-no-brasileirao-2025-diante-do-corinthians\/#primaryimage","url":"https:\/\/www.gaveanews.com\/wp-content\/uploads\/Campeonato-Brasileiro-Serie-A.webp","contentUrl":"https:\/\/www.gaveanews.com\/wp-content\/uploads\/Campeonato-Brasileiro-Serie-A.webp","width":1200,"height":900},{"@type":"BreadcrumbList","@id":"https:\/\/www.gaveanews.com\/index.php\/2025\/06\/01\/vitoria-busca-feito-inedito-no-brasileirao-2025-diante-do-corinthians\/#breadcrumb","itemListElement":[{"@type":"ListItem","position":1,"name":"Home","item":"https:\/\/www.gaveanews.com\/"},{"@type":"ListItem","position":2,"name":"Vit\u00f3ria busca feito in\u00e9dito no Brasileir\u00e3o 2025 diante do Corinthians"}]},{"@type":"WebSite","@id":"https:\/\/www.gaveanews.com\/#website","url":"https:\/\/www.gaveanews.com\/","name":"G\u00e1vea News","description":"Veja todas as not\u00edcias sobre o Flamengo: Contrata\u00e7\u00f5es, categorias de base, resultados das partidas, tabela de classifica\u00e7\u00e3o, pr\u00f3ximos jogos!","potentialAction":[{"@type":"SearchAction","target":{"@type":"EntryPoint","urlTemplate":"https:\/\/www.gaveanews.com\/?s={search_term_string}"},"query-input":{"@type":"PropertyValueSpecification","valueRequired":true,"valueName":"search_term_string"}}],"inLanguage":"pt-BR"},{"@type":"Person","@id":"https:\/\/www.gaveanews.com\/#\/schema\/person\/3b19f7288b0ce20372991275e4f2e6c2","name":"Ana Teixeira","image":{"@type":"ImageObject","inLanguage":"pt-BR","@id":"https:\/\/www.gaveanews.com\/#\/schema\/person\/image\/","url":"https:\/\/secure.gravatar.com\/avatar\/0a73f5a5258f3fed37fc2fa641892f3f7a4748456d4d4792f9bc550e6c19e06c?s=96&d=mm&r=g","contentUrl":"https:\/\/secure.gravatar.com\/avatar\/0a73f5a5258f3fed37fc2fa641892f3f7a4748456d4d4792f9bc550e6c19e06c?s=96&d=mm&r=g","caption":"Ana Teixeira"}}]}},"_links":{"self":[{"href":"https:\/\/www.gaveanews.com\/index.php\/wp-json\/wp\/v2\/posts\/268720","targetHints":{"allow":["GET"]}}],"collection":[{"href":"https:\/\/www.gaveanews.com\/index.php\/wp-json\/wp\/v2\/posts"}],"about":[{"href":"https:\/\/www.gaveanews.com\/index.php\/wp-json\/wp\/v2\/types\/post"}],"author":[{"embeddable":true,"href":"https:\/\/www.gaveanews.com\/index.php\/wp-json\/wp\/v2\/users\/30"}],"replies":[{"embeddable":true,"href":"https:\/\/www.gaveanews.com\/index.php\/wp-json\/wp\/v2\/comments?post=268720"}],"version-history":[{"count":1,"href":"https:\/\/www.gaveanews.com\/index.php\/wp-json\/wp\/v2\/posts\/268720\/revisions"}],"predecessor-version":[{"id":268725,"href":"https:\/\/www.gaveanews.com\/index.php\/wp-json\/wp\/v2\/posts\/268720\/revisions\/268725"}],"wp:featuredmedia":[{"embeddable":true,"href":"https:\/\/www.gaveanews.com\/index.php\/wp-json\/wp\/v2\/media\/260115"}],"wp:attachment":[{"href":"https:\/\/www.gaveanews.com\/index.php\/wp-json\/wp\/v2\/media?parent=268720"}],"wp:term":[{"taxonomy":"category","embeddable":true,"href":"https:\/\/www.gaveanews.com\/index.php\/wp-json\/wp\/v2\/categories?post=268720"},{"taxonomy":"post_tag","embeddable":true,"href":"https:\/\/www.gaveanews.com\/index.php\/wp-json\/wp\/v2\/tags?post=268720"}],"curies":[{"name":"wp","href":"https:\/\/api.w.org\/{rel}","templated":true}]}}