{"id":268721,"date":"2025-06-01T17:35:00","date_gmt":"2025-06-01T20:35:00","guid":{"rendered":"https:\/\/www.gaveanews.com\/?p=268721"},"modified":"2025-06-01T17:04:19","modified_gmt":"2025-06-01T20:04:19","slug":"alcaraz-se-despede-do-flamengo","status":"publish","type":"post","link":"https:\/\/www.gaveanews.com\/index.php\/2025\/06\/01\/alcaraz-se-despede-do-flamengo\/","title":{"rendered":"Alcaraz se despede do Flamengo"},"content":{"rendered":"\n<p>Carlos Alcaraz deixou oficialmente o Flamengo ap\u00f3s apenas cinco meses de clube. A confirma\u00e7\u00e3o da compra pelo Everton, da Inglaterra, por 15 milh\u00f5es de euros (aproximadamente R$ 96 milh\u00f5es), encerrou de forma definitiva o v\u00ednculo do meia com o Rubro-Negro, marcando o fim de uma das contrata\u00e7\u00f5es mais caras e curtas da hist\u00f3ria da equipe carioca.<\/p>\n\n\n\n<p>Contratado em agosto de 2024 junto ao Southampton, o argentino custou ao Flamengo um total de R$ 125,4 milh\u00f5es, valor que incluiu luvas, impostos e comiss\u00f5es. Assim, superou os R$ 112,4 milh\u00f5es pagos por Pedro e se consolidou como a aquisi\u00e7\u00e3o mais onerosa j\u00e1 realizada pelo clube. <\/p>\n\n\n\n<p>Apesar disso, disputou apenas 20 partidas \u2014 metade delas como titular \u2014, marcou tr\u00eas gols e deu duas assist\u00eancias, contribuindo para as conquistas do Campeonato Carioca e da Copa do Brasil.<\/p>\n\n\n\n<h3 class=\"wp-block-heading\" id=\"h-problemas-de-adaptacao-e-perda-de-espaco\">Problemas de adapta\u00e7\u00e3o e perda de espa\u00e7o<\/h3>\n\n\n\n<p>Alcaraz chegou com a expectativa de ser uma alternativa a Arrascaeta, mas logo demonstrou prefer\u00eancia por atuar como segundo volante, posi\u00e7\u00e3o que exigia maior constru\u00e7\u00e3o a partir de tr\u00e1s. Ainda que tenha apresentado boas atua\u00e7\u00f5es iniciais, especialmente no per\u00edodo sob comando de Tite, n\u00e3o conseguiu se consolidar na equipe. Com Filipe Lu\u00eds, as oportunidades foram ainda mais escassas.<\/p>\n\n\n\n<p>\u201cFui sincero com ele. Disse: \u2018Voc\u00ea est\u00e1 atr\u00e1s dos outros na sua posi\u00e7\u00e3o\u2019. Ele poderia disputar com o Arrascaeta, mas tamb\u00e9m havia o Gerson. No meio, t\u00ednhamos quatro volantes. Ele entendeu, disse que brigaria por espa\u00e7o, mas depois decidiu sair\u201d, explicou o treinador, ressaltando que, apesar do talento, o jogador n\u00e3o conseguiu se destacar nos treinos e jogos.<\/p>\n\n\n\n<h3 class=\"wp-block-heading\" id=\"h-estatisticas-e-desempenho-discreto\">Estat\u00edsticas e desempenho discreto<\/h3>\n\n\n\n<p>Em n\u00fameros, a rela\u00e7\u00e3o entre investimento e desempenho do atleta chamou aten\u00e7\u00e3o. Somando suas cinco participa\u00e7\u00f5es diretas em gols \u2014 tr\u00eas tentos (dois de p\u00eanalti e um de cabe\u00e7a) e duas assist\u00eancias \u2014 cada uma delas custou, em m\u00e9dia, R$ 25 milh\u00f5es ao clube. <\/p>\n\n\n\n<p>J\u00e1 o custo por jogo disputado girou em torno de R$ 6,2 milh\u00f5es. Al\u00e9m disso, o jogador recebeu tr\u00eas cart\u00f5es em sua passagem: contra Corinthians, Juventude e Sampaio Corr\u00eaa.<\/p>\n\n\n\n<p>As assist\u00eancias ocorreram diante de Gr\u00eamio e Atl\u00e9tico-MG, enquanto seus gols foram marcados contra Bahia, Internacional e Sampaio Corr\u00eaa. Ainda assim, o estilo de jogo do argentino \u2014 mais baseado em condu\u00e7\u00f5es individuais do que em tabelas \u2014 n\u00e3o se encaixava no modelo coletivo proposto por Filipe Lu\u00eds.<\/p>\n\n\n\n<h3 class=\"wp-block-heading\" id=\"h-emprestimo-e-venda-ao-everton\">Empr\u00e9stimo e venda ao Everton<\/h3>\n\n\n\n<p>Com contrato v\u00e1lido at\u00e9 agosto de 2029, o meia foi emprestado ao Everton em janeiro deste ano com uma cl\u00e1usula de compra obrigat\u00f3ria caso fosse titular em nove jogos na Premier League. No entanto, atuou desde o in\u00edcio em apenas sete das 17 partidas pelo clube ingl\u00eas. <\/p>\n\n\n\n<p>Ainda assim, a equipe brit\u00e2nica optou por adquirir seus direitos em definitivo, o que poder\u00e1 render mais 3 milh\u00f5es de euros (R$ 19 milh\u00f5es) ao Flamengo em b\u00f4nus futuros.<\/p>\n\n\n\n<p>A transfer\u00eancia \u00e9 vista com ambival\u00eancia entre os torcedores: enquanto alguns lamentam a sa\u00edda precoce de um atleta promissor, outros enxergam a negocia\u00e7\u00e3o como uma oportunidade de abrir espa\u00e7o para novas contrata\u00e7\u00f5es. O clube, ali\u00e1s, j\u00e1 tem negocia\u00e7\u00f5es avan\u00e7adas com o volante Jorginho, do Arsenal, e busca mais um meia para compor o elenco.<\/p>\n","protected":false},"excerpt":{"rendered":"<p>Carlos Alcaraz deixou oficialmente o Flamengo ap\u00f3s apenas cinco meses de clube. A confirma\u00e7\u00e3o da compra pelo Everton, da Inglaterra, por 15 milh\u00f5es de euros (aproximadamente R$ 96 milh\u00f5es), encerrou de forma definitiva o v\u00ednculo do meia com o Rubro-Negro, marcando o fim de uma das contrata\u00e7\u00f5es mais caras e curtas da hist\u00f3ria da equipe [&hellip;]<\/p>\n","protected":false},"author":30,"featured_media":164688,"comment_status":"open","ping_status":"closed","sticky":false,"template":"","format":"standard","meta":{"footnotes":""},"categories":[1,78,85],"tags":[],"class_list":["post-268721","post","type-post","status-publish","format-standard","has-post-thumbnail","hentry","category-flamengo","category-futebol-internacional","category-premier-league"],"yoast_head":"<!-- This site is optimized with the Yoast SEO Premium plugin v24.2 (Yoast SEO v26.9) - https:\/\/yoast.com\/product\/yoast-seo-premium-wordpress\/ -->\n<title>Alcaraz se despede do Flamengo<\/title>\n<meta name=\"robots\" content=\"index, follow, max-snippet:-1, max-image-preview:large, max-video-preview:-1\" \/>\n<link rel=\"canonical\" href=\"https:\/\/www.gaveanews.com\/index.php\/2025\/06\/01\/alcaraz-se-despede-do-flamengo\/\" \/>\n<meta property=\"og:locale\" content=\"pt_BR\" \/>\n<meta property=\"og:type\" content=\"article\" \/>\n<meta property=\"og:title\" content=\"Alcaraz se despede do Flamengo\" \/>\n<meta property=\"og:description\" content=\"Carlos Alcaraz deixou oficialmente o Flamengo ap\u00f3s apenas cinco meses de clube. A confirma\u00e7\u00e3o da compra pelo Everton, da Inglaterra, por 15 milh\u00f5es de euros (aproximadamente R$ 96 milh\u00f5es), encerrou de forma definitiva o v\u00ednculo do meia com o Rubro-Negro, marcando o fim de uma das contrata\u00e7\u00f5es mais caras e curtas da hist\u00f3ria da equipe [&hellip;]\" \/>\n<meta property=\"og:url\" content=\"https:\/\/www.gaveanews.com\/index.php\/2025\/06\/01\/alcaraz-se-despede-do-flamengo\/\" \/>\n<meta property=\"og:site_name\" content=\"G\u00e1vea News\" \/>\n<meta property=\"article:publisher\" content=\"https:\/\/facebook.com\/gaveaNews\/\" \/>\n<meta property=\"article:published_time\" content=\"2025-06-01T20:35:00+00:00\" \/>\n<meta property=\"og:image\" content=\"https:\/\/www.gaveanews.com\/wp-content\/uploads\/Carlos-Alcaraz-antes-do-jogo-entre-Flamengo-e-Corinthians-pelo-Brasileirao-na-Neo-Quimica-Arena.webp\" \/>\n\t<meta property=\"og:image:width\" content=\"406\" \/>\n\t<meta property=\"og:image:height\" content=\"369\" \/>\n\t<meta property=\"og:image:type\" content=\"image\/jpeg\" \/>\n<meta name=\"author\" content=\"Ana Teixeira\" \/>\n<meta name=\"twitter:card\" content=\"summary_large_image\" \/>\n<meta name=\"twitter:label1\" content=\"Escrito por\" \/>\n\t<meta name=\"twitter:data1\" content=\"Ana Teixeira\" \/>\n\t<meta name=\"twitter:label2\" content=\"Est. tempo de leitura\" \/>\n\t<meta name=\"twitter:data2\" content=\"4 minutos\" \/>\n<script type=\"application\/ld+json\" class=\"yoast-schema-graph\">{\"@context\":\"https:\/\/schema.org\",\"@graph\":[{\"@type\":\"NewsArticle\",\"@id\":\"https:\/\/www.gaveanews.com\/index.php\/2025\/06\/01\/alcaraz-se-despede-do-flamengo\/#article\",\"isPartOf\":{\"@id\":\"https:\/\/www.gaveanews.com\/index.php\/2025\/06\/01\/alcaraz-se-despede-do-flamengo\/\"},\"author\":{\"name\":\"Ana Teixeira\",\"@id\":\"https:\/\/www.gaveanews.com\/#\/schema\/person\/3b19f7288b0ce20372991275e4f2e6c2\"},\"headline\":\"Alcaraz se despede do Flamengo\",\"datePublished\":\"2025-06-01T20:35:00+00:00\",\"mainEntityOfPage\":{\"@id\":\"https:\/\/www.gaveanews.com\/index.php\/2025\/06\/01\/alcaraz-se-despede-do-flamengo\/\"},\"wordCount\":574,\"commentCount\":0,\"image\":{\"@id\":\"https:\/\/www.gaveanews.com\/index.php\/2025\/06\/01\/alcaraz-se-despede-do-flamengo\/#primaryimage\"},\"thumbnailUrl\":\"https:\/\/www.gaveanews.com\/wp-content\/uploads\/Carlos-Alcaraz-antes-do-jogo-entre-Flamengo-e-Corinthians-pelo-Brasileirao-na-Neo-Quimica-Arena.webp\",\"articleSection\":[\"Flamengo\",\"Futebol Internacional\",\"Premier League\"],\"inLanguage\":\"pt-BR\",\"potentialAction\":[{\"@type\":\"CommentAction\",\"name\":\"Comment\",\"target\":[\"https:\/\/www.gaveanews.com\/index.php\/2025\/06\/01\/alcaraz-se-despede-do-flamengo\/#respond\"]}],\"copyrightYear\":\"2025\",\"copyrightHolder\":{\"@id\":\"https:\/\/www.gaveanews.com\/#organization\"}},{\"@type\":\"WebPage\",\"@id\":\"https:\/\/www.gaveanews.com\/index.php\/2025\/06\/01\/alcaraz-se-despede-do-flamengo\/\",\"url\":\"https:\/\/www.gaveanews.com\/index.php\/2025\/06\/01\/alcaraz-se-despede-do-flamengo\/\",\"name\":\"Alcaraz se despede do Flamengo\",\"isPartOf\":{\"@id\":\"https:\/\/www.gaveanews.com\/#website\"},\"primaryImageOfPage\":{\"@id\":\"https:\/\/www.gaveanews.com\/index.php\/2025\/06\/01\/alcaraz-se-despede-do-flamengo\/#primaryimage\"},\"image\":{\"@id\":\"https:\/\/www.gaveanews.com\/index.php\/2025\/06\/01\/alcaraz-se-despede-do-flamengo\/#primaryimage\"},\"thumbnailUrl\":\"https:\/\/www.gaveanews.com\/wp-content\/uploads\/Carlos-Alcaraz-antes-do-jogo-entre-Flamengo-e-Corinthians-pelo-Brasileirao-na-Neo-Quimica-Arena.webp\",\"datePublished\":\"2025-06-01T20:35:00+00:00\",\"author\":{\"@id\":\"https:\/\/www.gaveanews.com\/#\/schema\/person\/3b19f7288b0ce20372991275e4f2e6c2\"},\"breadcrumb\":{\"@id\":\"https:\/\/www.gaveanews.com\/index.php\/2025\/06\/01\/alcaraz-se-despede-do-flamengo\/#breadcrumb\"},\"inLanguage\":\"pt-BR\",\"potentialAction\":[{\"@type\":\"ReadAction\",\"target\":[\"https:\/\/www.gaveanews.com\/index.php\/2025\/06\/01\/alcaraz-se-despede-do-flamengo\/\"]}]},{\"@type\":\"ImageObject\",\"inLanguage\":\"pt-BR\",\"@id\":\"https:\/\/www.gaveanews.com\/index.php\/2025\/06\/01\/alcaraz-se-despede-do-flamengo\/#primaryimage\",\"url\":\"https:\/\/www.gaveanews.com\/wp-content\/uploads\/Carlos-Alcaraz-antes-do-jogo-entre-Flamengo-e-Corinthians-pelo-Brasileirao-na-Neo-Quimica-Arena.webp\",\"contentUrl\":\"https:\/\/www.gaveanews.com\/wp-content\/uploads\/Carlos-Alcaraz-antes-do-jogo-entre-Flamengo-e-Corinthians-pelo-Brasileirao-na-Neo-Quimica-Arena.webp\",\"width\":406,\"height\":369,\"caption\":\"Carlos Alcaraz antes do jogo entre Flamengo e Corinthians, pelo Brasileir\u00e3o, na Neo Qu\u00edmica Arena (Foto: Divulga\u00e7\u00e3o\/CRF)\"},{\"@type\":\"BreadcrumbList\",\"@id\":\"https:\/\/www.gaveanews.com\/index.php\/2025\/06\/01\/alcaraz-se-despede-do-flamengo\/#breadcrumb\",\"itemListElement\":[{\"@type\":\"ListItem\",\"position\":1,\"name\":\"Home\",\"item\":\"https:\/\/www.gaveanews.com\/\"},{\"@type\":\"ListItem\",\"position\":2,\"name\":\"Alcaraz se despede do Flamengo\"}]},{\"@type\":\"WebSite\",\"@id\":\"https:\/\/www.gaveanews.com\/#website\",\"url\":\"https:\/\/www.gaveanews.com\/\",\"name\":\"G\u00e1vea News\",\"description\":\"Veja todas as not\u00edcias sobre o Flamengo: Contrata\u00e7\u00f5es, categorias de base, resultados das partidas, tabela de classifica\u00e7\u00e3o, pr\u00f3ximos jogos!\",\"potentialAction\":[{\"@type\":\"SearchAction\",\"target\":{\"@type\":\"EntryPoint\",\"urlTemplate\":\"https:\/\/www.gaveanews.com\/?s={search_term_string}\"},\"query-input\":{\"@type\":\"PropertyValueSpecification\",\"valueRequired\":true,\"valueName\":\"search_term_string\"}}],\"inLanguage\":\"pt-BR\"},{\"@type\":\"Person\",\"@id\":\"https:\/\/www.gaveanews.com\/#\/schema\/person\/3b19f7288b0ce20372991275e4f2e6c2\",\"name\":\"Ana Teixeira\",\"image\":{\"@type\":\"ImageObject\",\"inLanguage\":\"pt-BR\",\"@id\":\"https:\/\/www.gaveanews.com\/#\/schema\/person\/image\/\",\"url\":\"https:\/\/secure.gravatar.com\/avatar\/0a73f5a5258f3fed37fc2fa641892f3f7a4748456d4d4792f9bc550e6c19e06c?s=96&d=mm&r=g\",\"contentUrl\":\"https:\/\/secure.gravatar.com\/avatar\/0a73f5a5258f3fed37fc2fa641892f3f7a4748456d4d4792f9bc550e6c19e06c?s=96&d=mm&r=g\",\"caption\":\"Ana Teixeira\"}}]}<\/script>\n<!-- \/ Yoast SEO Premium plugin. -->","yoast_head_json":{"title":"Alcaraz se despede do Flamengo","robots":{"index":"index","follow":"follow","max-snippet":"max-snippet:-1","max-image-preview":"max-image-preview:large","max-video-preview":"max-video-preview:-1"},"canonical":"https:\/\/www.gaveanews.com\/index.php\/2025\/06\/01\/alcaraz-se-despede-do-flamengo\/","og_locale":"pt_BR","og_type":"article","og_title":"Alcaraz se despede do Flamengo","og_description":"Carlos Alcaraz deixou oficialmente o Flamengo ap\u00f3s apenas cinco meses de clube. A confirma\u00e7\u00e3o da compra pelo Everton, da Inglaterra, por 15 milh\u00f5es de euros (aproximadamente R$ 96 milh\u00f5es), encerrou de forma definitiva o v\u00ednculo do meia com o Rubro-Negro, marcando o fim de uma das contrata\u00e7\u00f5es mais caras e curtas da hist\u00f3ria da equipe [&hellip;]","og_url":"https:\/\/www.gaveanews.com\/index.php\/2025\/06\/01\/alcaraz-se-despede-do-flamengo\/","og_site_name":"G\u00e1vea News","article_publisher":"https:\/\/facebook.com\/gaveaNews\/","article_published_time":"2025-06-01T20:35:00+00:00","og_image":[{"width":406,"height":369,"url":"https:\/\/www.gaveanews.com\/wp-content\/uploads\/Carlos-Alcaraz-antes-do-jogo-entre-Flamengo-e-Corinthians-pelo-Brasileirao-na-Neo-Quimica-Arena.webp","type":"image\/jpeg"}],"author":"Ana Teixeira","twitter_card":"summary_large_image","twitter_misc":{"Escrito por":"Ana Teixeira","Est. tempo de leitura":"4 minutos"},"schema":{"@context":"https:\/\/schema.org","@graph":[{"@type":"NewsArticle","@id":"https:\/\/www.gaveanews.com\/index.php\/2025\/06\/01\/alcaraz-se-despede-do-flamengo\/#article","isPartOf":{"@id":"https:\/\/www.gaveanews.com\/index.php\/2025\/06\/01\/alcaraz-se-despede-do-flamengo\/"},"author":{"name":"Ana Teixeira","@id":"https:\/\/www.gaveanews.com\/#\/schema\/person\/3b19f7288b0ce20372991275e4f2e6c2"},"headline":"Alcaraz se despede do Flamengo","datePublished":"2025-06-01T20:35:00+00:00","mainEntityOfPage":{"@id":"https:\/\/www.gaveanews.com\/index.php\/2025\/06\/01\/alcaraz-se-despede-do-flamengo\/"},"wordCount":574,"commentCount":0,"image":{"@id":"https:\/\/www.gaveanews.com\/index.php\/2025\/06\/01\/alcaraz-se-despede-do-flamengo\/#primaryimage"},"thumbnailUrl":"https:\/\/www.gaveanews.com\/wp-content\/uploads\/Carlos-Alcaraz-antes-do-jogo-entre-Flamengo-e-Corinthians-pelo-Brasileirao-na-Neo-Quimica-Arena.webp","articleSection":["Flamengo","Futebol Internacional","Premier League"],"inLanguage":"pt-BR","potentialAction":[{"@type":"CommentAction","name":"Comment","target":["https:\/\/www.gaveanews.com\/index.php\/2025\/06\/01\/alcaraz-se-despede-do-flamengo\/#respond"]}],"copyrightYear":"2025","copyrightHolder":{"@id":"https:\/\/www.gaveanews.com\/#organization"}},{"@type":"WebPage","@id":"https:\/\/www.gaveanews.com\/index.php\/2025\/06\/01\/alcaraz-se-despede-do-flamengo\/","url":"https:\/\/www.gaveanews.com\/index.php\/2025\/06\/01\/alcaraz-se-despede-do-flamengo\/","name":"Alcaraz se despede do Flamengo","isPartOf":{"@id":"https:\/\/www.gaveanews.com\/#website"},"primaryImageOfPage":{"@id":"https:\/\/www.gaveanews.com\/index.php\/2025\/06\/01\/alcaraz-se-despede-do-flamengo\/#primaryimage"},"image":{"@id":"https:\/\/www.gaveanews.com\/index.php\/2025\/06\/01\/alcaraz-se-despede-do-flamengo\/#primaryimage"},"thumbnailUrl":"https:\/\/www.gaveanews.com\/wp-content\/uploads\/Carlos-Alcaraz-antes-do-jogo-entre-Flamengo-e-Corinthians-pelo-Brasileirao-na-Neo-Quimica-Arena.webp","datePublished":"2025-06-01T20:35:00+00:00","author":{"@id":"https:\/\/www.gaveanews.com\/#\/schema\/person\/3b19f7288b0ce20372991275e4f2e6c2"},"breadcrumb":{"@id":"https:\/\/www.gaveanews.com\/index.php\/2025\/06\/01\/alcaraz-se-despede-do-flamengo\/#breadcrumb"},"inLanguage":"pt-BR","potentialAction":[{"@type":"ReadAction","target":["https:\/\/www.gaveanews.com\/index.php\/2025\/06\/01\/alcaraz-se-despede-do-flamengo\/"]}]},{"@type":"ImageObject","inLanguage":"pt-BR","@id":"https:\/\/www.gaveanews.com\/index.php\/2025\/06\/01\/alcaraz-se-despede-do-flamengo\/#primaryimage","url":"https:\/\/www.gaveanews.com\/wp-content\/uploads\/Carlos-Alcaraz-antes-do-jogo-entre-Flamengo-e-Corinthians-pelo-Brasileirao-na-Neo-Quimica-Arena.webp","contentUrl":"https:\/\/www.gaveanews.com\/wp-content\/uploads\/Carlos-Alcaraz-antes-do-jogo-entre-Flamengo-e-Corinthians-pelo-Brasileirao-na-Neo-Quimica-Arena.webp","width":406,"height":369,"caption":"Carlos Alcaraz antes do jogo entre Flamengo e Corinthians, pelo Brasileir\u00e3o, na Neo Qu\u00edmica Arena (Foto: Divulga\u00e7\u00e3o\/CRF)"},{"@type":"BreadcrumbList","@id":"https:\/\/www.gaveanews.com\/index.php\/2025\/06\/01\/alcaraz-se-despede-do-flamengo\/#breadcrumb","itemListElement":[{"@type":"ListItem","position":1,"name":"Home","item":"https:\/\/www.gaveanews.com\/"},{"@type":"ListItem","position":2,"name":"Alcaraz se despede do Flamengo"}]},{"@type":"WebSite","@id":"https:\/\/www.gaveanews.com\/#website","url":"https:\/\/www.gaveanews.com\/","name":"G\u00e1vea News","description":"Veja todas as not\u00edcias sobre o Flamengo: Contrata\u00e7\u00f5es, categorias de base, resultados das partidas, tabela de classifica\u00e7\u00e3o, pr\u00f3ximos jogos!","potentialAction":[{"@type":"SearchAction","target":{"@type":"EntryPoint","urlTemplate":"https:\/\/www.gaveanews.com\/?s={search_term_string}"},"query-input":{"@type":"PropertyValueSpecification","valueRequired":true,"valueName":"search_term_string"}}],"inLanguage":"pt-BR"},{"@type":"Person","@id":"https:\/\/www.gaveanews.com\/#\/schema\/person\/3b19f7288b0ce20372991275e4f2e6c2","name":"Ana Teixeira","image":{"@type":"ImageObject","inLanguage":"pt-BR","@id":"https:\/\/www.gaveanews.com\/#\/schema\/person\/image\/","url":"https:\/\/secure.gravatar.com\/avatar\/0a73f5a5258f3fed37fc2fa641892f3f7a4748456d4d4792f9bc550e6c19e06c?s=96&d=mm&r=g","contentUrl":"https:\/\/secure.gravatar.com\/avatar\/0a73f5a5258f3fed37fc2fa641892f3f7a4748456d4d4792f9bc550e6c19e06c?s=96&d=mm&r=g","caption":"Ana Teixeira"}}]}},"_links":{"self":[{"href":"https:\/\/www.gaveanews.com\/index.php\/wp-json\/wp\/v2\/posts\/268721","targetHints":{"allow":["GET"]}}],"collection":[{"href":"https:\/\/www.gaveanews.com\/index.php\/wp-json\/wp\/v2\/posts"}],"about":[{"href":"https:\/\/www.gaveanews.com\/index.php\/wp-json\/wp\/v2\/types\/post"}],"author":[{"embeddable":true,"href":"https:\/\/www.gaveanews.com\/index.php\/wp-json\/wp\/v2\/users\/30"}],"replies":[{"embeddable":true,"href":"https:\/\/www.gaveanews.com\/index.php\/wp-json\/wp\/v2\/comments?post=268721"}],"version-history":[{"count":1,"href":"https:\/\/www.gaveanews.com\/index.php\/wp-json\/wp\/v2\/posts\/268721\/revisions"}],"predecessor-version":[{"id":268726,"href":"https:\/\/www.gaveanews.com\/index.php\/wp-json\/wp\/v2\/posts\/268721\/revisions\/268726"}],"wp:featuredmedia":[{"embeddable":true,"href":"https:\/\/www.gaveanews.com\/index.php\/wp-json\/wp\/v2\/media\/164688"}],"wp:attachment":[{"href":"https:\/\/www.gaveanews.com\/index.php\/wp-json\/wp\/v2\/media?parent=268721"}],"wp:term":[{"taxonomy":"category","embeddable":true,"href":"https:\/\/www.gaveanews.com\/index.php\/wp-json\/wp\/v2\/categories?post=268721"},{"taxonomy":"post_tag","embeddable":true,"href":"https:\/\/www.gaveanews.com\/index.php\/wp-json\/wp\/v2\/tags?post=268721"}],"curies":[{"name":"wp","href":"https:\/\/api.w.org\/{rel}","templated":true}]}}