{"id":268722,"date":"2025-06-01T17:40:00","date_gmt":"2025-06-01T20:40:00","guid":{"rendered":"https:\/\/www.gaveanews.com\/?p=268722"},"modified":"2025-06-01T17:04:24","modified_gmt":"2025-06-01T20:04:24","slug":"ele-estimulou-a-disputa-por-posicao-no-fluminense","status":"publish","type":"post","link":"https:\/\/www.gaveanews.com\/index.php\/2025\/06\/01\/ele-estimulou-a-disputa-por-posicao-no-fluminense\/","title":{"rendered":"Ele estimulou a disputa por posi\u00e7\u00e3o no Fluminense"},"content":{"rendered":"\n<p>A aus\u00eancia simult\u00e2nea de Keno e Canobbio abriu espa\u00e7o para Kevin Serna se destacar. Inicialmente utilizado pelo lado direito, o colombiano aproveitou a chance como titular e respondeu com desempenho consistente. Sob o comando de Renato Ga\u00facho, foram quatro jogos consecutivos entre os onze iniciais, com tr\u00eas vit\u00f3rias e um empate nesse per\u00edodo.<\/p>\n\n\n\n<p>Ali\u00e1s, o momento foi coroado com um gol importante na vit\u00f3ria sobre o Once Caldas, que garantiu o Fluminense nas oitavas de final da Copa Sul-Americana. Serna soma, atualmente, seis gols em 2025 \u2014 igualando Canobbio e ficando atr\u00e1s apenas de Germ\u00e1n Cano, que lidera a artilharia do elenco com 14 gols.<\/p>\n\n\n\n<h3 class=\"wp-block-heading\" id=\"h-constancia-e-presenca-nas-partidas\">Const\u00e2ncia e presen\u00e7a nas partidas<\/h3>\n\n\n\n<p>Mesmo n\u00e3o sendo presen\u00e7a constante entre os titulares, Serna j\u00e1 participou de 30 jogos nesta temporada, igualando o n\u00famero de presen\u00e7as do goleiro F\u00e1bio. Esse dado \u00e9 significativo e demonstra o quanto ele se tornou pe\u00e7a valiosa, seja iniciando as partidas ou vindo do banco. Seu aproveitamento, portanto, \u00e9 destaque no atual elenco.<\/p>\n\n\n\n<p>Anteriormente, o atacante havia iniciado apenas 14 partidas, sendo duas delas com um time alternativo. Ainda assim, seu rendimento ofensivo se manteve regular. Essa const\u00e2ncia em campo o coloca entre os nomes mais relevantes do grupo tricolor no ano.<\/p>\n\n\n\n<h3 class=\"wp-block-heading\" id=\"h-historico-recente-e-reviravolta\">Hist\u00f3rico recente e reviravolta<\/h3>\n\n\n\n<p>Contratado durante a janela de transfer\u00eancias do meio do ano passado, Serna j\u00e1 havia mostrado potencial decisivo. Atuando pelo Alianza Lima, chamou aten\u00e7\u00e3o ao enfrentar o pr\u00f3prio Fluminense, o que culminou em sua chegada \u00e0s Laranjeiras. <\/p>\n\n\n\n<p>No Brasileir\u00e3o de 2024, participou diretamente da luta contra o rebaixamento, marcando gols fundamentais, como na vit\u00f3ria sobre o Cuiab\u00e1 e no triunfo diante do Palmeiras \u2014 que tamb\u00e9m foi o primeiro da equipe carioca no Allianz Parque.<\/p>\n\n\n\n<p>Contudo, o in\u00edcio de 2025 foi turbulento. O colombiano teve desentendimentos com Mano Menezes, sentindo-se constantemente pressionado. A rela\u00e7\u00e3o se desgastou a ponto de cogitar sua sa\u00edda. <\/p>\n\n\n\n<p>O \u00e1pice dessa tens\u00e3o ocorreu quando foi titular contra o Fortaleza, mas substitu\u00eddo com apenas 14 minutos ap\u00f3s um erro defensivo que n\u00e3o foi seu. Chorou no banco ao ser retirado do jogo.<\/p>\n\n\n\n<h3 class=\"wp-block-heading\" id=\"h-nova-fase-e-confianca-da-torcida\">Nova fase e confian\u00e7a da torcida<\/h3>\n\n\n\n<p>Apesar disso, Serna deu a volta por cima. Com o ambiente mais tranquilo e a confian\u00e7a do treinador atual, voltou a sorrir. Antes da estreia na Copa do Mundo de Clubes, boa parte da expectativa da torcida por gols recai sobre ele. <\/p>\n\n\n\n<p>Sua entrega, versatilidade e poder de decis\u00e3o passam a ser encarados como diferenciais importantes na sequ\u00eancia do ano.<\/p>\n\n\n\n<p>A disputa no ataque do Fluminense est\u00e1 mais acirrada. A recupera\u00e7\u00e3o de Keno e Canobbio vai impor novos desafios, mas o colombiano, inegavelmente, j\u00e1 ganhou pontos importantes na briga pela titularidade.<\/p>\n","protected":false},"excerpt":{"rendered":"<p>A aus\u00eancia simult\u00e2nea de Keno e Canobbio abriu espa\u00e7o para Kevin Serna se destacar. Inicialmente utilizado pelo lado direito, o colombiano aproveitou a chance como titular e respondeu com desempenho consistente. Sob o comando de Renato Ga\u00facho, foram quatro jogos consecutivos entre os onze iniciais, com tr\u00eas vit\u00f3rias e um empate nesse per\u00edodo. Ali\u00e1s, o [&hellip;]<\/p>\n","protected":false},"author":30,"featured_media":152558,"comment_status":"open","ping_status":"closed","sticky":false,"template":"","format":"standard","meta":{"footnotes":""},"categories":[145],"tags":[],"class_list":["post-268722","post","type-post","status-publish","format-standard","has-post-thumbnail","hentry","category-fluminense"],"yoast_head":"<!-- This site is optimized with the Yoast SEO Premium plugin v24.2 (Yoast SEO v26.9) - https:\/\/yoast.com\/product\/yoast-seo-premium-wordpress\/ -->\n<title>Ele estimulou a disputa por posi\u00e7\u00e3o no Fluminense<\/title>\n<meta name=\"robots\" content=\"index, follow, max-snippet:-1, max-image-preview:large, max-video-preview:-1\" \/>\n<link rel=\"canonical\" href=\"https:\/\/www.gaveanews.com\/index.php\/2025\/06\/01\/ele-estimulou-a-disputa-por-posicao-no-fluminense\/\" \/>\n<meta property=\"og:locale\" content=\"pt_BR\" \/>\n<meta property=\"og:type\" content=\"article\" \/>\n<meta property=\"og:title\" content=\"Ele estimulou a disputa por posi\u00e7\u00e3o no Fluminense\" \/>\n<meta property=\"og:description\" content=\"A aus\u00eancia simult\u00e2nea de Keno e Canobbio abriu espa\u00e7o para Kevin Serna se destacar. Inicialmente utilizado pelo lado direito, o colombiano aproveitou a chance como titular e respondeu com desempenho consistente. Sob o comando de Renato Ga\u00facho, foram quatro jogos consecutivos entre os onze iniciais, com tr\u00eas vit\u00f3rias e um empate nesse per\u00edodo. Ali\u00e1s, o [&hellip;]\" \/>\n<meta property=\"og:url\" content=\"https:\/\/www.gaveanews.com\/index.php\/2025\/06\/01\/ele-estimulou-a-disputa-por-posicao-no-fluminense\/\" \/>\n<meta property=\"og:site_name\" content=\"G\u00e1vea News\" \/>\n<meta property=\"article:publisher\" content=\"https:\/\/facebook.com\/gaveaNews\/\" \/>\n<meta property=\"article:published_time\" content=\"2025-06-01T20:40:00+00:00\" \/>\n<meta property=\"og:image\" content=\"https:\/\/www.gaveanews.com\/wp-content\/uploads\/Bandeira-do-Fluminense.webp\" \/>\n\t<meta property=\"og:image:width\" content=\"1440\" \/>\n\t<meta property=\"og:image:height\" content=\"1080\" \/>\n\t<meta property=\"og:image:type\" content=\"image\/webp\" \/>\n<meta name=\"author\" content=\"Ana Teixeira\" \/>\n<meta name=\"twitter:card\" content=\"summary_large_image\" \/>\n<meta name=\"twitter:label1\" content=\"Escrito por\" \/>\n\t<meta name=\"twitter:data1\" content=\"Ana Teixeira\" \/>\n\t<meta name=\"twitter:label2\" content=\"Est. tempo de leitura\" \/>\n\t<meta name=\"twitter:data2\" content=\"3 minutos\" \/>\n<script type=\"application\/ld+json\" class=\"yoast-schema-graph\">{\"@context\":\"https:\/\/schema.org\",\"@graph\":[{\"@type\":\"NewsArticle\",\"@id\":\"https:\/\/www.gaveanews.com\/index.php\/2025\/06\/01\/ele-estimulou-a-disputa-por-posicao-no-fluminense\/#article\",\"isPartOf\":{\"@id\":\"https:\/\/www.gaveanews.com\/index.php\/2025\/06\/01\/ele-estimulou-a-disputa-por-posicao-no-fluminense\/\"},\"author\":{\"name\":\"Ana Teixeira\",\"@id\":\"https:\/\/www.gaveanews.com\/#\/schema\/person\/3b19f7288b0ce20372991275e4f2e6c2\"},\"headline\":\"Ele estimulou a disputa por posi\u00e7\u00e3o no Fluminense\",\"datePublished\":\"2025-06-01T20:40:00+00:00\",\"mainEntityOfPage\":{\"@id\":\"https:\/\/www.gaveanews.com\/index.php\/2025\/06\/01\/ele-estimulou-a-disputa-por-posicao-no-fluminense\/\"},\"wordCount\":474,\"commentCount\":0,\"image\":{\"@id\":\"https:\/\/www.gaveanews.com\/index.php\/2025\/06\/01\/ele-estimulou-a-disputa-por-posicao-no-fluminense\/#primaryimage\"},\"thumbnailUrl\":\"https:\/\/www.gaveanews.com\/wp-content\/uploads\/Bandeira-do-Fluminense.webp\",\"articleSection\":[\"Fluminense\"],\"inLanguage\":\"pt-BR\",\"potentialAction\":[{\"@type\":\"CommentAction\",\"name\":\"Comment\",\"target\":[\"https:\/\/www.gaveanews.com\/index.php\/2025\/06\/01\/ele-estimulou-a-disputa-por-posicao-no-fluminense\/#respond\"]}],\"copyrightYear\":\"2025\",\"copyrightHolder\":{\"@id\":\"https:\/\/www.gaveanews.com\/#organization\"}},{\"@type\":\"WebPage\",\"@id\":\"https:\/\/www.gaveanews.com\/index.php\/2025\/06\/01\/ele-estimulou-a-disputa-por-posicao-no-fluminense\/\",\"url\":\"https:\/\/www.gaveanews.com\/index.php\/2025\/06\/01\/ele-estimulou-a-disputa-por-posicao-no-fluminense\/\",\"name\":\"Ele estimulou a disputa por posi\u00e7\u00e3o no Fluminense\",\"isPartOf\":{\"@id\":\"https:\/\/www.gaveanews.com\/#website\"},\"primaryImageOfPage\":{\"@id\":\"https:\/\/www.gaveanews.com\/index.php\/2025\/06\/01\/ele-estimulou-a-disputa-por-posicao-no-fluminense\/#primaryimage\"},\"image\":{\"@id\":\"https:\/\/www.gaveanews.com\/index.php\/2025\/06\/01\/ele-estimulou-a-disputa-por-posicao-no-fluminense\/#primaryimage\"},\"thumbnailUrl\":\"https:\/\/www.gaveanews.com\/wp-content\/uploads\/Bandeira-do-Fluminense.webp\",\"datePublished\":\"2025-06-01T20:40:00+00:00\",\"author\":{\"@id\":\"https:\/\/www.gaveanews.com\/#\/schema\/person\/3b19f7288b0ce20372991275e4f2e6c2\"},\"breadcrumb\":{\"@id\":\"https:\/\/www.gaveanews.com\/index.php\/2025\/06\/01\/ele-estimulou-a-disputa-por-posicao-no-fluminense\/#breadcrumb\"},\"inLanguage\":\"pt-BR\",\"potentialAction\":[{\"@type\":\"ReadAction\",\"target\":[\"https:\/\/www.gaveanews.com\/index.php\/2025\/06\/01\/ele-estimulou-a-disputa-por-posicao-no-fluminense\/\"]}]},{\"@type\":\"ImageObject\",\"inLanguage\":\"pt-BR\",\"@id\":\"https:\/\/www.gaveanews.com\/index.php\/2025\/06\/01\/ele-estimulou-a-disputa-por-posicao-no-fluminense\/#primaryimage\",\"url\":\"https:\/\/www.gaveanews.com\/wp-content\/uploads\/Bandeira-do-Fluminense.webp\",\"contentUrl\":\"https:\/\/www.gaveanews.com\/wp-content\/uploads\/Bandeira-do-Fluminense.webp\",\"width\":1440,\"height\":1080,\"caption\":\"Bandeira do Fluminense (Foto: Reprodu\u00e7\u00e3o\/Fluminense)\"},{\"@type\":\"BreadcrumbList\",\"@id\":\"https:\/\/www.gaveanews.com\/index.php\/2025\/06\/01\/ele-estimulou-a-disputa-por-posicao-no-fluminense\/#breadcrumb\",\"itemListElement\":[{\"@type\":\"ListItem\",\"position\":1,\"name\":\"Home\",\"item\":\"https:\/\/www.gaveanews.com\/\"},{\"@type\":\"ListItem\",\"position\":2,\"name\":\"Ele estimulou a disputa por posi\u00e7\u00e3o no Fluminense\"}]},{\"@type\":\"WebSite\",\"@id\":\"https:\/\/www.gaveanews.com\/#website\",\"url\":\"https:\/\/www.gaveanews.com\/\",\"name\":\"G\u00e1vea News\",\"description\":\"Veja todas as not\u00edcias sobre o Flamengo: Contrata\u00e7\u00f5es, categorias de base, resultados das partidas, tabela de classifica\u00e7\u00e3o, pr\u00f3ximos jogos!\",\"potentialAction\":[{\"@type\":\"SearchAction\",\"target\":{\"@type\":\"EntryPoint\",\"urlTemplate\":\"https:\/\/www.gaveanews.com\/?s={search_term_string}\"},\"query-input\":{\"@type\":\"PropertyValueSpecification\",\"valueRequired\":true,\"valueName\":\"search_term_string\"}}],\"inLanguage\":\"pt-BR\"},{\"@type\":\"Person\",\"@id\":\"https:\/\/www.gaveanews.com\/#\/schema\/person\/3b19f7288b0ce20372991275e4f2e6c2\",\"name\":\"Ana Teixeira\",\"image\":{\"@type\":\"ImageObject\",\"inLanguage\":\"pt-BR\",\"@id\":\"https:\/\/www.gaveanews.com\/#\/schema\/person\/image\/\",\"url\":\"https:\/\/secure.gravatar.com\/avatar\/0a73f5a5258f3fed37fc2fa641892f3f7a4748456d4d4792f9bc550e6c19e06c?s=96&d=mm&r=g\",\"contentUrl\":\"https:\/\/secure.gravatar.com\/avatar\/0a73f5a5258f3fed37fc2fa641892f3f7a4748456d4d4792f9bc550e6c19e06c?s=96&d=mm&r=g\",\"caption\":\"Ana Teixeira\"}}]}<\/script>\n<!-- \/ Yoast SEO Premium plugin. -->","yoast_head_json":{"title":"Ele estimulou a disputa por posi\u00e7\u00e3o no Fluminense","robots":{"index":"index","follow":"follow","max-snippet":"max-snippet:-1","max-image-preview":"max-image-preview:large","max-video-preview":"max-video-preview:-1"},"canonical":"https:\/\/www.gaveanews.com\/index.php\/2025\/06\/01\/ele-estimulou-a-disputa-por-posicao-no-fluminense\/","og_locale":"pt_BR","og_type":"article","og_title":"Ele estimulou a disputa por posi\u00e7\u00e3o no Fluminense","og_description":"A aus\u00eancia simult\u00e2nea de Keno e Canobbio abriu espa\u00e7o para Kevin Serna se destacar. Inicialmente utilizado pelo lado direito, o colombiano aproveitou a chance como titular e respondeu com desempenho consistente. Sob o comando de Renato Ga\u00facho, foram quatro jogos consecutivos entre os onze iniciais, com tr\u00eas vit\u00f3rias e um empate nesse per\u00edodo. Ali\u00e1s, o [&hellip;]","og_url":"https:\/\/www.gaveanews.com\/index.php\/2025\/06\/01\/ele-estimulou-a-disputa-por-posicao-no-fluminense\/","og_site_name":"G\u00e1vea News","article_publisher":"https:\/\/facebook.com\/gaveaNews\/","article_published_time":"2025-06-01T20:40:00+00:00","og_image":[{"width":1440,"height":1080,"url":"https:\/\/www.gaveanews.com\/wp-content\/uploads\/Bandeira-do-Fluminense.webp","type":"image\/webp"}],"author":"Ana Teixeira","twitter_card":"summary_large_image","twitter_misc":{"Escrito por":"Ana Teixeira","Est. tempo de leitura":"3 minutos"},"schema":{"@context":"https:\/\/schema.org","@graph":[{"@type":"NewsArticle","@id":"https:\/\/www.gaveanews.com\/index.php\/2025\/06\/01\/ele-estimulou-a-disputa-por-posicao-no-fluminense\/#article","isPartOf":{"@id":"https:\/\/www.gaveanews.com\/index.php\/2025\/06\/01\/ele-estimulou-a-disputa-por-posicao-no-fluminense\/"},"author":{"name":"Ana Teixeira","@id":"https:\/\/www.gaveanews.com\/#\/schema\/person\/3b19f7288b0ce20372991275e4f2e6c2"},"headline":"Ele estimulou a disputa por posi\u00e7\u00e3o no Fluminense","datePublished":"2025-06-01T20:40:00+00:00","mainEntityOfPage":{"@id":"https:\/\/www.gaveanews.com\/index.php\/2025\/06\/01\/ele-estimulou-a-disputa-por-posicao-no-fluminense\/"},"wordCount":474,"commentCount":0,"image":{"@id":"https:\/\/www.gaveanews.com\/index.php\/2025\/06\/01\/ele-estimulou-a-disputa-por-posicao-no-fluminense\/#primaryimage"},"thumbnailUrl":"https:\/\/www.gaveanews.com\/wp-content\/uploads\/Bandeira-do-Fluminense.webp","articleSection":["Fluminense"],"inLanguage":"pt-BR","potentialAction":[{"@type":"CommentAction","name":"Comment","target":["https:\/\/www.gaveanews.com\/index.php\/2025\/06\/01\/ele-estimulou-a-disputa-por-posicao-no-fluminense\/#respond"]}],"copyrightYear":"2025","copyrightHolder":{"@id":"https:\/\/www.gaveanews.com\/#organization"}},{"@type":"WebPage","@id":"https:\/\/www.gaveanews.com\/index.php\/2025\/06\/01\/ele-estimulou-a-disputa-por-posicao-no-fluminense\/","url":"https:\/\/www.gaveanews.com\/index.php\/2025\/06\/01\/ele-estimulou-a-disputa-por-posicao-no-fluminense\/","name":"Ele estimulou a disputa por posi\u00e7\u00e3o no Fluminense","isPartOf":{"@id":"https:\/\/www.gaveanews.com\/#website"},"primaryImageOfPage":{"@id":"https:\/\/www.gaveanews.com\/index.php\/2025\/06\/01\/ele-estimulou-a-disputa-por-posicao-no-fluminense\/#primaryimage"},"image":{"@id":"https:\/\/www.gaveanews.com\/index.php\/2025\/06\/01\/ele-estimulou-a-disputa-por-posicao-no-fluminense\/#primaryimage"},"thumbnailUrl":"https:\/\/www.gaveanews.com\/wp-content\/uploads\/Bandeira-do-Fluminense.webp","datePublished":"2025-06-01T20:40:00+00:00","author":{"@id":"https:\/\/www.gaveanews.com\/#\/schema\/person\/3b19f7288b0ce20372991275e4f2e6c2"},"breadcrumb":{"@id":"https:\/\/www.gaveanews.com\/index.php\/2025\/06\/01\/ele-estimulou-a-disputa-por-posicao-no-fluminense\/#breadcrumb"},"inLanguage":"pt-BR","potentialAction":[{"@type":"ReadAction","target":["https:\/\/www.gaveanews.com\/index.php\/2025\/06\/01\/ele-estimulou-a-disputa-por-posicao-no-fluminense\/"]}]},{"@type":"ImageObject","inLanguage":"pt-BR","@id":"https:\/\/www.gaveanews.com\/index.php\/2025\/06\/01\/ele-estimulou-a-disputa-por-posicao-no-fluminense\/#primaryimage","url":"https:\/\/www.gaveanews.com\/wp-content\/uploads\/Bandeira-do-Fluminense.webp","contentUrl":"https:\/\/www.gaveanews.com\/wp-content\/uploads\/Bandeira-do-Fluminense.webp","width":1440,"height":1080,"caption":"Bandeira do Fluminense (Foto: Reprodu\u00e7\u00e3o\/Fluminense)"},{"@type":"BreadcrumbList","@id":"https:\/\/www.gaveanews.com\/index.php\/2025\/06\/01\/ele-estimulou-a-disputa-por-posicao-no-fluminense\/#breadcrumb","itemListElement":[{"@type":"ListItem","position":1,"name":"Home","item":"https:\/\/www.gaveanews.com\/"},{"@type":"ListItem","position":2,"name":"Ele estimulou a disputa por posi\u00e7\u00e3o no Fluminense"}]},{"@type":"WebSite","@id":"https:\/\/www.gaveanews.com\/#website","url":"https:\/\/www.gaveanews.com\/","name":"G\u00e1vea News","description":"Veja todas as not\u00edcias sobre o Flamengo: Contrata\u00e7\u00f5es, categorias de base, resultados das partidas, tabela de classifica\u00e7\u00e3o, pr\u00f3ximos jogos!","potentialAction":[{"@type":"SearchAction","target":{"@type":"EntryPoint","urlTemplate":"https:\/\/www.gaveanews.com\/?s={search_term_string}"},"query-input":{"@type":"PropertyValueSpecification","valueRequired":true,"valueName":"search_term_string"}}],"inLanguage":"pt-BR"},{"@type":"Person","@id":"https:\/\/www.gaveanews.com\/#\/schema\/person\/3b19f7288b0ce20372991275e4f2e6c2","name":"Ana Teixeira","image":{"@type":"ImageObject","inLanguage":"pt-BR","@id":"https:\/\/www.gaveanews.com\/#\/schema\/person\/image\/","url":"https:\/\/secure.gravatar.com\/avatar\/0a73f5a5258f3fed37fc2fa641892f3f7a4748456d4d4792f9bc550e6c19e06c?s=96&d=mm&r=g","contentUrl":"https:\/\/secure.gravatar.com\/avatar\/0a73f5a5258f3fed37fc2fa641892f3f7a4748456d4d4792f9bc550e6c19e06c?s=96&d=mm&r=g","caption":"Ana Teixeira"}}]}},"_links":{"self":[{"href":"https:\/\/www.gaveanews.com\/index.php\/wp-json\/wp\/v2\/posts\/268722","targetHints":{"allow":["GET"]}}],"collection":[{"href":"https:\/\/www.gaveanews.com\/index.php\/wp-json\/wp\/v2\/posts"}],"about":[{"href":"https:\/\/www.gaveanews.com\/index.php\/wp-json\/wp\/v2\/types\/post"}],"author":[{"embeddable":true,"href":"https:\/\/www.gaveanews.com\/index.php\/wp-json\/wp\/v2\/users\/30"}],"replies":[{"embeddable":true,"href":"https:\/\/www.gaveanews.com\/index.php\/wp-json\/wp\/v2\/comments?post=268722"}],"version-history":[{"count":1,"href":"https:\/\/www.gaveanews.com\/index.php\/wp-json\/wp\/v2\/posts\/268722\/revisions"}],"predecessor-version":[{"id":268727,"href":"https:\/\/www.gaveanews.com\/index.php\/wp-json\/wp\/v2\/posts\/268722\/revisions\/268727"}],"wp:featuredmedia":[{"embeddable":true,"href":"https:\/\/www.gaveanews.com\/index.php\/wp-json\/wp\/v2\/media\/152558"}],"wp:attachment":[{"href":"https:\/\/www.gaveanews.com\/index.php\/wp-json\/wp\/v2\/media?parent=268722"}],"wp:term":[{"taxonomy":"category","embeddable":true,"href":"https:\/\/www.gaveanews.com\/index.php\/wp-json\/wp\/v2\/categories?post=268722"},{"taxonomy":"post_tag","embeddable":true,"href":"https:\/\/www.gaveanews.com\/index.php\/wp-json\/wp\/v2\/tags?post=268722"}],"curies":[{"name":"wp","href":"https:\/\/api.w.org\/{rel}","templated":true}]}}