{"id":268729,"date":"2025-06-01T18:00:00","date_gmt":"2025-06-01T21:00:00","guid":{"rendered":"https:\/\/www.gaveanews.com\/?p=268729"},"modified":"2025-06-01T17:34:54","modified_gmt":"2025-06-01T20:34:54","slug":"atualizacao-sobre-a-chegada-de-jorginho-ao-flamengo-3","status":"publish","type":"post","link":"https:\/\/www.gaveanews.com\/index.php\/2025\/06\/01\/atualizacao-sobre-a-chegada-de-jorginho-ao-flamengo-3\/","title":{"rendered":"Atualiza\u00e7\u00e3o sobre a chegada de Jorginho ao Flamengo"},"content":{"rendered":"\n<p>O volante \u00edtalo-brasileiro Jorginho decidiu abrir m\u00e3o de 800 mil libras (aproximadamente R$ 6,15 milh\u00f5es) que teria a receber do Arsenal para antecipar sua rescis\u00e3o contratual e, assim, estar dispon\u00edvel para o Flamengo na disputa da Copa do Mundo de Clubes. <\/p>\n\n\n\n<p>O v\u00ednculo com o clube ingl\u00eas se encerraria apenas no dia 30 de junho, o que inviabilizaria sua participa\u00e7\u00e3o no torneio, cuja estreia do Rubro-Negro est\u00e1 marcada para 16 de junho, contra o Esp\u00e9rance, da Tun\u00edsia.<\/p>\n\n\n\n<p>Inicialmente, a negocia\u00e7\u00e3o enfrentou um impasse. O Flamengo descartava a possibilidade de arcar com a compensa\u00e7\u00e3o financeira para liberar o jogador ainda neste m\u00eas. J\u00e1 Jorginho, por sua vez, demonstrava resist\u00eancia em abrir m\u00e3o do montante a que tinha direito por bonifica\u00e7\u00f5es contratuais. <\/p>\n\n\n\n<p>Contudo, ap\u00f3s conversas entre as partes, o atleta optou por abdicar da quantia e rescindir com o Arsenal por conta pr\u00f3pria.<\/p>\n\n\n\n<h3 class=\"wp-block-heading\" id=\"h-detalhes-da-assinatura-e-agenda-do-flamengo\">Detalhes da assinatura e agenda do Flamengo<\/h3>\n\n\n\n<p>As formalidades da contrata\u00e7\u00e3o ser\u00e3o conduzidas digitalmente, visto que o jogador encontra-se em Como, na It\u00e1lia, onde cumpre per\u00edodo de f\u00e9rias e tamb\u00e9m se prepara para oficializar seu casamento. Dessa forma, o acerto n\u00e3o sofrer\u00e1 atrasos e o nome do novo refor\u00e7o dever\u00e1 constar entre os relacionados para a estreia na competi\u00e7\u00e3o internacional.<\/p>\n\n\n\n<p>Al\u00e9m do duelo diante do time tunisiano, o Flamengo tamb\u00e9m enfrentar\u00e1 o Chelsea, da Inglaterra, na quinta-feira (20 de junho), e o Los Angeles FC, dos Estados Unidos, na segunda-feira (24 de junho). A antecipa\u00e7\u00e3o da chegada de Jorginho permite ao clube contar com um refor\u00e7o de peso desde o in\u00edcio da campanha.<\/p>\n\n\n\n<h3 class=\"wp-block-heading\" id=\"h-decisao-estrategica-e-postura-elogiada\">Decis\u00e3o estrat\u00e9gica e postura elogiada<\/h3>\n\n\n\n<p>A escolha do meio-campista foi vista como um gesto de comprometimento com o novo clube. \u201cO jogador abriu m\u00e3o do valor a receber do Arsenal, vai rescindir com o time ingl\u00eas e assinar com o Flamengo para poder jogar o Super Mundial em junho. As assinaturas ser\u00e3o digitais\u201d, informou o jornalista Ven\u00ea Casagrande em publica\u00e7\u00e3o nas redes sociais.<\/p>\n\n\n\n<p>Essa atitude, al\u00e9m de facilitar o planejamento da comiss\u00e3o t\u00e9cnica, tamb\u00e9m sinaliza uma clara inten\u00e7\u00e3o do atleta de se integrar rapidamente ao elenco carioca. <\/p>\n\n\n\n<p>Afinal, trata-se de um per\u00edodo decisivo na temporada e, conforme destacou a diretoria rubro-negra, era impens\u00e1vel fazer um investimento de milh\u00f5es por poucos dias de antecipa\u00e7\u00e3o, embora a presen\u00e7a do jogador j\u00e1 fosse esperada para o segundo semestre.<\/p>\n\n\n\n<h3 class=\"wp-block-heading\" id=\"h-contexto-contratual-e-repercussao\">Contexto contratual e repercuss\u00e3o<\/h3>\n\n\n\n<p>O contrato de Jorginho com o Arsenal tinha validade at\u00e9 o fim de junho. Salvo se houvesse a antecipa\u00e7\u00e3o por meio de rescis\u00e3o, ele n\u00e3o poderia defender outra equipe antes dessa data. Embora a quantia envolvida fosse expressiva, o desejo de atuar com a camisa do Flamengo no Mundial se mostrou mais relevante ao jogador.<\/p>\n\n\n\n<p>Assim sendo, a opera\u00e7\u00e3o foi finalizada sem custos ao clube da G\u00e1vea, o que agradou \u00e0 diretoria e refor\u00e7ou o planejamento do elenco para a competi\u00e7\u00e3o internacional. A movimenta\u00e7\u00e3o tamb\u00e9m foi bem recebida por torcedores, que aguardavam a confirma\u00e7\u00e3o de sua presen\u00e7a para o torneio.<\/p>\n","protected":false},"excerpt":{"rendered":"<p>O volante \u00edtalo-brasileiro Jorginho decidiu abrir m\u00e3o de 800 mil libras (aproximadamente R$ 6,15 milh\u00f5es) que teria a receber do Arsenal para antecipar sua rescis\u00e3o contratual e, assim, estar dispon\u00edvel para o Flamengo na disputa da Copa do Mundo de Clubes. O v\u00ednculo com o clube ingl\u00eas se encerraria apenas no dia 30 de junho, [&hellip;]<\/p>\n","protected":false},"author":30,"featured_media":257485,"comment_status":"open","ping_status":"closed","sticky":false,"template":"","format":"standard","meta":{"footnotes":""},"categories":[91,1,78],"tags":[],"class_list":["post-268729","post","type-post","status-publish","format-standard","has-post-thumbnail","hentry","category-arsenal","category-flamengo","category-futebol-internacional"],"yoast_head":"<!-- This site is optimized with the Yoast SEO Premium plugin v24.2 (Yoast SEO v26.9) - https:\/\/yoast.com\/product\/yoast-seo-premium-wordpress\/ -->\n<title>Atualiza\u00e7\u00e3o sobre a chegada de Jorginho ao Flamengo<\/title>\n<meta name=\"robots\" content=\"index, follow, max-snippet:-1, max-image-preview:large, max-video-preview:-1\" \/>\n<link rel=\"canonical\" href=\"https:\/\/www.gaveanews.com\/index.php\/2025\/06\/01\/atualizacao-sobre-a-chegada-de-jorginho-ao-flamengo-3\/\" \/>\n<meta property=\"og:locale\" content=\"pt_BR\" \/>\n<meta property=\"og:type\" content=\"article\" \/>\n<meta property=\"og:title\" content=\"Atualiza\u00e7\u00e3o sobre a chegada de Jorginho ao Flamengo\" \/>\n<meta property=\"og:description\" content=\"O volante \u00edtalo-brasileiro Jorginho decidiu abrir m\u00e3o de 800 mil libras (aproximadamente R$ 6,15 milh\u00f5es) que teria a receber do Arsenal para antecipar sua rescis\u00e3o contratual e, assim, estar dispon\u00edvel para o Flamengo na disputa da Copa do Mundo de Clubes. O v\u00ednculo com o clube ingl\u00eas se encerraria apenas no dia 30 de junho, [&hellip;]\" \/>\n<meta property=\"og:url\" content=\"https:\/\/www.gaveanews.com\/index.php\/2025\/06\/01\/atualizacao-sobre-a-chegada-de-jorginho-ao-flamengo-3\/\" \/>\n<meta property=\"og:site_name\" content=\"G\u00e1vea News\" \/>\n<meta property=\"article:publisher\" content=\"https:\/\/facebook.com\/gaveaNews\/\" \/>\n<meta property=\"article:published_time\" content=\"2025-06-01T21:00:00+00:00\" \/>\n<meta property=\"og:image\" content=\"https:\/\/www.gaveanews.com\/wp-content\/uploads\/Jorginho-destaque-do-Arsenal-esta-na-mira-do-Flamengo-para-2025.webp\" \/>\n\t<meta property=\"og:image:width\" content=\"1200\" \/>\n\t<meta property=\"og:image:height\" content=\"900\" \/>\n\t<meta property=\"og:image:type\" content=\"image\/webp\" \/>\n<meta name=\"author\" content=\"Ana Teixeira\" \/>\n<meta name=\"twitter:card\" content=\"summary_large_image\" \/>\n<meta name=\"twitter:label1\" content=\"Escrito por\" \/>\n\t<meta name=\"twitter:data1\" content=\"Ana Teixeira\" \/>\n\t<meta name=\"twitter:label2\" content=\"Est. tempo de leitura\" \/>\n\t<meta name=\"twitter:data2\" content=\"3 minutos\" \/>\n<script type=\"application\/ld+json\" class=\"yoast-schema-graph\">{\"@context\":\"https:\/\/schema.org\",\"@graph\":[{\"@type\":\"NewsArticle\",\"@id\":\"https:\/\/www.gaveanews.com\/index.php\/2025\/06\/01\/atualizacao-sobre-a-chegada-de-jorginho-ao-flamengo-3\/#article\",\"isPartOf\":{\"@id\":\"https:\/\/www.gaveanews.com\/index.php\/2025\/06\/01\/atualizacao-sobre-a-chegada-de-jorginho-ao-flamengo-3\/\"},\"author\":{\"name\":\"Ana Teixeira\",\"@id\":\"https:\/\/www.gaveanews.com\/#\/schema\/person\/3b19f7288b0ce20372991275e4f2e6c2\"},\"headline\":\"Atualiza\u00e7\u00e3o sobre a chegada de Jorginho ao Flamengo\",\"datePublished\":\"2025-06-01T21:00:00+00:00\",\"mainEntityOfPage\":{\"@id\":\"https:\/\/www.gaveanews.com\/index.php\/2025\/06\/01\/atualizacao-sobre-a-chegada-de-jorginho-ao-flamengo-3\/\"},\"wordCount\":544,\"commentCount\":0,\"image\":{\"@id\":\"https:\/\/www.gaveanews.com\/index.php\/2025\/06\/01\/atualizacao-sobre-a-chegada-de-jorginho-ao-flamengo-3\/#primaryimage\"},\"thumbnailUrl\":\"https:\/\/www.gaveanews.com\/wp-content\/uploads\/Jorginho-destaque-do-Arsenal-esta-na-mira-do-Flamengo-para-2025.webp\",\"articleSection\":[\"Arsenal\",\"Flamengo\",\"Futebol Internacional\"],\"inLanguage\":\"pt-BR\",\"potentialAction\":[{\"@type\":\"CommentAction\",\"name\":\"Comment\",\"target\":[\"https:\/\/www.gaveanews.com\/index.php\/2025\/06\/01\/atualizacao-sobre-a-chegada-de-jorginho-ao-flamengo-3\/#respond\"]}],\"copyrightYear\":\"2025\",\"copyrightHolder\":{\"@id\":\"https:\/\/www.gaveanews.com\/#organization\"}},{\"@type\":\"WebPage\",\"@id\":\"https:\/\/www.gaveanews.com\/index.php\/2025\/06\/01\/atualizacao-sobre-a-chegada-de-jorginho-ao-flamengo-3\/\",\"url\":\"https:\/\/www.gaveanews.com\/index.php\/2025\/06\/01\/atualizacao-sobre-a-chegada-de-jorginho-ao-flamengo-3\/\",\"name\":\"Atualiza\u00e7\u00e3o sobre a chegada de Jorginho ao Flamengo\",\"isPartOf\":{\"@id\":\"https:\/\/www.gaveanews.com\/#website\"},\"primaryImageOfPage\":{\"@id\":\"https:\/\/www.gaveanews.com\/index.php\/2025\/06\/01\/atualizacao-sobre-a-chegada-de-jorginho-ao-flamengo-3\/#primaryimage\"},\"image\":{\"@id\":\"https:\/\/www.gaveanews.com\/index.php\/2025\/06\/01\/atualizacao-sobre-a-chegada-de-jorginho-ao-flamengo-3\/#primaryimage\"},\"thumbnailUrl\":\"https:\/\/www.gaveanews.com\/wp-content\/uploads\/Jorginho-destaque-do-Arsenal-esta-na-mira-do-Flamengo-para-2025.webp\",\"datePublished\":\"2025-06-01T21:00:00+00:00\",\"author\":{\"@id\":\"https:\/\/www.gaveanews.com\/#\/schema\/person\/3b19f7288b0ce20372991275e4f2e6c2\"},\"breadcrumb\":{\"@id\":\"https:\/\/www.gaveanews.com\/index.php\/2025\/06\/01\/atualizacao-sobre-a-chegada-de-jorginho-ao-flamengo-3\/#breadcrumb\"},\"inLanguage\":\"pt-BR\",\"potentialAction\":[{\"@type\":\"ReadAction\",\"target\":[\"https:\/\/www.gaveanews.com\/index.php\/2025\/06\/01\/atualizacao-sobre-a-chegada-de-jorginho-ao-flamengo-3\/\"]}]},{\"@type\":\"ImageObject\",\"inLanguage\":\"pt-BR\",\"@id\":\"https:\/\/www.gaveanews.com\/index.php\/2025\/06\/01\/atualizacao-sobre-a-chegada-de-jorginho-ao-flamengo-3\/#primaryimage\",\"url\":\"https:\/\/www.gaveanews.com\/wp-content\/uploads\/Jorginho-destaque-do-Arsenal-esta-na-mira-do-Flamengo-para-2025.webp\",\"contentUrl\":\"https:\/\/www.gaveanews.com\/wp-content\/uploads\/Jorginho-destaque-do-Arsenal-esta-na-mira-do-Flamengo-para-2025.webp\",\"width\":1200,\"height\":900,\"caption\":\"Foto; Divulga\u00e7\u00e3o\/Arsenal\"},{\"@type\":\"BreadcrumbList\",\"@id\":\"https:\/\/www.gaveanews.com\/index.php\/2025\/06\/01\/atualizacao-sobre-a-chegada-de-jorginho-ao-flamengo-3\/#breadcrumb\",\"itemListElement\":[{\"@type\":\"ListItem\",\"position\":1,\"name\":\"Home\",\"item\":\"https:\/\/www.gaveanews.com\/\"},{\"@type\":\"ListItem\",\"position\":2,\"name\":\"Atualiza\u00e7\u00e3o sobre a chegada de Jorginho ao Flamengo\"}]},{\"@type\":\"WebSite\",\"@id\":\"https:\/\/www.gaveanews.com\/#website\",\"url\":\"https:\/\/www.gaveanews.com\/\",\"name\":\"G\u00e1vea News\",\"description\":\"Veja todas as not\u00edcias sobre o Flamengo: Contrata\u00e7\u00f5es, categorias de base, resultados das partidas, tabela de classifica\u00e7\u00e3o, pr\u00f3ximos jogos!\",\"potentialAction\":[{\"@type\":\"SearchAction\",\"target\":{\"@type\":\"EntryPoint\",\"urlTemplate\":\"https:\/\/www.gaveanews.com\/?s={search_term_string}\"},\"query-input\":{\"@type\":\"PropertyValueSpecification\",\"valueRequired\":true,\"valueName\":\"search_term_string\"}}],\"inLanguage\":\"pt-BR\"},{\"@type\":\"Person\",\"@id\":\"https:\/\/www.gaveanews.com\/#\/schema\/person\/3b19f7288b0ce20372991275e4f2e6c2\",\"name\":\"Ana Teixeira\",\"image\":{\"@type\":\"ImageObject\",\"inLanguage\":\"pt-BR\",\"@id\":\"https:\/\/www.gaveanews.com\/#\/schema\/person\/image\/\",\"url\":\"https:\/\/secure.gravatar.com\/avatar\/0a73f5a5258f3fed37fc2fa641892f3f7a4748456d4d4792f9bc550e6c19e06c?s=96&d=mm&r=g\",\"contentUrl\":\"https:\/\/secure.gravatar.com\/avatar\/0a73f5a5258f3fed37fc2fa641892f3f7a4748456d4d4792f9bc550e6c19e06c?s=96&d=mm&r=g\",\"caption\":\"Ana Teixeira\"}}]}<\/script>\n<!-- \/ Yoast SEO Premium plugin. -->","yoast_head_json":{"title":"Atualiza\u00e7\u00e3o sobre a chegada de Jorginho ao Flamengo","robots":{"index":"index","follow":"follow","max-snippet":"max-snippet:-1","max-image-preview":"max-image-preview:large","max-video-preview":"max-video-preview:-1"},"canonical":"https:\/\/www.gaveanews.com\/index.php\/2025\/06\/01\/atualizacao-sobre-a-chegada-de-jorginho-ao-flamengo-3\/","og_locale":"pt_BR","og_type":"article","og_title":"Atualiza\u00e7\u00e3o sobre a chegada de Jorginho ao Flamengo","og_description":"O volante \u00edtalo-brasileiro Jorginho decidiu abrir m\u00e3o de 800 mil libras (aproximadamente R$ 6,15 milh\u00f5es) que teria a receber do Arsenal para antecipar sua rescis\u00e3o contratual e, assim, estar dispon\u00edvel para o Flamengo na disputa da Copa do Mundo de Clubes. O v\u00ednculo com o clube ingl\u00eas se encerraria apenas no dia 30 de junho, [&hellip;]","og_url":"https:\/\/www.gaveanews.com\/index.php\/2025\/06\/01\/atualizacao-sobre-a-chegada-de-jorginho-ao-flamengo-3\/","og_site_name":"G\u00e1vea News","article_publisher":"https:\/\/facebook.com\/gaveaNews\/","article_published_time":"2025-06-01T21:00:00+00:00","og_image":[{"width":1200,"height":900,"url":"https:\/\/www.gaveanews.com\/wp-content\/uploads\/Jorginho-destaque-do-Arsenal-esta-na-mira-do-Flamengo-para-2025.webp","type":"image\/webp"}],"author":"Ana Teixeira","twitter_card":"summary_large_image","twitter_misc":{"Escrito por":"Ana Teixeira","Est. tempo de leitura":"3 minutos"},"schema":{"@context":"https:\/\/schema.org","@graph":[{"@type":"NewsArticle","@id":"https:\/\/www.gaveanews.com\/index.php\/2025\/06\/01\/atualizacao-sobre-a-chegada-de-jorginho-ao-flamengo-3\/#article","isPartOf":{"@id":"https:\/\/www.gaveanews.com\/index.php\/2025\/06\/01\/atualizacao-sobre-a-chegada-de-jorginho-ao-flamengo-3\/"},"author":{"name":"Ana Teixeira","@id":"https:\/\/www.gaveanews.com\/#\/schema\/person\/3b19f7288b0ce20372991275e4f2e6c2"},"headline":"Atualiza\u00e7\u00e3o sobre a chegada de Jorginho ao Flamengo","datePublished":"2025-06-01T21:00:00+00:00","mainEntityOfPage":{"@id":"https:\/\/www.gaveanews.com\/index.php\/2025\/06\/01\/atualizacao-sobre-a-chegada-de-jorginho-ao-flamengo-3\/"},"wordCount":544,"commentCount":0,"image":{"@id":"https:\/\/www.gaveanews.com\/index.php\/2025\/06\/01\/atualizacao-sobre-a-chegada-de-jorginho-ao-flamengo-3\/#primaryimage"},"thumbnailUrl":"https:\/\/www.gaveanews.com\/wp-content\/uploads\/Jorginho-destaque-do-Arsenal-esta-na-mira-do-Flamengo-para-2025.webp","articleSection":["Arsenal","Flamengo","Futebol Internacional"],"inLanguage":"pt-BR","potentialAction":[{"@type":"CommentAction","name":"Comment","target":["https:\/\/www.gaveanews.com\/index.php\/2025\/06\/01\/atualizacao-sobre-a-chegada-de-jorginho-ao-flamengo-3\/#respond"]}],"copyrightYear":"2025","copyrightHolder":{"@id":"https:\/\/www.gaveanews.com\/#organization"}},{"@type":"WebPage","@id":"https:\/\/www.gaveanews.com\/index.php\/2025\/06\/01\/atualizacao-sobre-a-chegada-de-jorginho-ao-flamengo-3\/","url":"https:\/\/www.gaveanews.com\/index.php\/2025\/06\/01\/atualizacao-sobre-a-chegada-de-jorginho-ao-flamengo-3\/","name":"Atualiza\u00e7\u00e3o sobre a chegada de Jorginho ao Flamengo","isPartOf":{"@id":"https:\/\/www.gaveanews.com\/#website"},"primaryImageOfPage":{"@id":"https:\/\/www.gaveanews.com\/index.php\/2025\/06\/01\/atualizacao-sobre-a-chegada-de-jorginho-ao-flamengo-3\/#primaryimage"},"image":{"@id":"https:\/\/www.gaveanews.com\/index.php\/2025\/06\/01\/atualizacao-sobre-a-chegada-de-jorginho-ao-flamengo-3\/#primaryimage"},"thumbnailUrl":"https:\/\/www.gaveanews.com\/wp-content\/uploads\/Jorginho-destaque-do-Arsenal-esta-na-mira-do-Flamengo-para-2025.webp","datePublished":"2025-06-01T21:00:00+00:00","author":{"@id":"https:\/\/www.gaveanews.com\/#\/schema\/person\/3b19f7288b0ce20372991275e4f2e6c2"},"breadcrumb":{"@id":"https:\/\/www.gaveanews.com\/index.php\/2025\/06\/01\/atualizacao-sobre-a-chegada-de-jorginho-ao-flamengo-3\/#breadcrumb"},"inLanguage":"pt-BR","potentialAction":[{"@type":"ReadAction","target":["https:\/\/www.gaveanews.com\/index.php\/2025\/06\/01\/atualizacao-sobre-a-chegada-de-jorginho-ao-flamengo-3\/"]}]},{"@type":"ImageObject","inLanguage":"pt-BR","@id":"https:\/\/www.gaveanews.com\/index.php\/2025\/06\/01\/atualizacao-sobre-a-chegada-de-jorginho-ao-flamengo-3\/#primaryimage","url":"https:\/\/www.gaveanews.com\/wp-content\/uploads\/Jorginho-destaque-do-Arsenal-esta-na-mira-do-Flamengo-para-2025.webp","contentUrl":"https:\/\/www.gaveanews.com\/wp-content\/uploads\/Jorginho-destaque-do-Arsenal-esta-na-mira-do-Flamengo-para-2025.webp","width":1200,"height":900,"caption":"Foto; Divulga\u00e7\u00e3o\/Arsenal"},{"@type":"BreadcrumbList","@id":"https:\/\/www.gaveanews.com\/index.php\/2025\/06\/01\/atualizacao-sobre-a-chegada-de-jorginho-ao-flamengo-3\/#breadcrumb","itemListElement":[{"@type":"ListItem","position":1,"name":"Home","item":"https:\/\/www.gaveanews.com\/"},{"@type":"ListItem","position":2,"name":"Atualiza\u00e7\u00e3o sobre a chegada de Jorginho ao Flamengo"}]},{"@type":"WebSite","@id":"https:\/\/www.gaveanews.com\/#website","url":"https:\/\/www.gaveanews.com\/","name":"G\u00e1vea News","description":"Veja todas as not\u00edcias sobre o Flamengo: Contrata\u00e7\u00f5es, categorias de base, resultados das partidas, tabela de classifica\u00e7\u00e3o, pr\u00f3ximos jogos!","potentialAction":[{"@type":"SearchAction","target":{"@type":"EntryPoint","urlTemplate":"https:\/\/www.gaveanews.com\/?s={search_term_string}"},"query-input":{"@type":"PropertyValueSpecification","valueRequired":true,"valueName":"search_term_string"}}],"inLanguage":"pt-BR"},{"@type":"Person","@id":"https:\/\/www.gaveanews.com\/#\/schema\/person\/3b19f7288b0ce20372991275e4f2e6c2","name":"Ana Teixeira","image":{"@type":"ImageObject","inLanguage":"pt-BR","@id":"https:\/\/www.gaveanews.com\/#\/schema\/person\/image\/","url":"https:\/\/secure.gravatar.com\/avatar\/0a73f5a5258f3fed37fc2fa641892f3f7a4748456d4d4792f9bc550e6c19e06c?s=96&d=mm&r=g","contentUrl":"https:\/\/secure.gravatar.com\/avatar\/0a73f5a5258f3fed37fc2fa641892f3f7a4748456d4d4792f9bc550e6c19e06c?s=96&d=mm&r=g","caption":"Ana Teixeira"}}]}},"_links":{"self":[{"href":"https:\/\/www.gaveanews.com\/index.php\/wp-json\/wp\/v2\/posts\/268729","targetHints":{"allow":["GET"]}}],"collection":[{"href":"https:\/\/www.gaveanews.com\/index.php\/wp-json\/wp\/v2\/posts"}],"about":[{"href":"https:\/\/www.gaveanews.com\/index.php\/wp-json\/wp\/v2\/types\/post"}],"author":[{"embeddable":true,"href":"https:\/\/www.gaveanews.com\/index.php\/wp-json\/wp\/v2\/users\/30"}],"replies":[{"embeddable":true,"href":"https:\/\/www.gaveanews.com\/index.php\/wp-json\/wp\/v2\/comments?post=268729"}],"version-history":[{"count":1,"href":"https:\/\/www.gaveanews.com\/index.php\/wp-json\/wp\/v2\/posts\/268729\/revisions"}],"predecessor-version":[{"id":268736,"href":"https:\/\/www.gaveanews.com\/index.php\/wp-json\/wp\/v2\/posts\/268729\/revisions\/268736"}],"wp:featuredmedia":[{"embeddable":true,"href":"https:\/\/www.gaveanews.com\/index.php\/wp-json\/wp\/v2\/media\/257485"}],"wp:attachment":[{"href":"https:\/\/www.gaveanews.com\/index.php\/wp-json\/wp\/v2\/media?parent=268729"}],"wp:term":[{"taxonomy":"category","embeddable":true,"href":"https:\/\/www.gaveanews.com\/index.php\/wp-json\/wp\/v2\/categories?post=268729"},{"taxonomy":"post_tag","embeddable":true,"href":"https:\/\/www.gaveanews.com\/index.php\/wp-json\/wp\/v2\/tags?post=268729"}],"curies":[{"name":"wp","href":"https:\/\/api.w.org\/{rel}","templated":true}]}}