{"id":268732,"date":"2025-06-01T17:45:00","date_gmt":"2025-06-01T20:45:00","guid":{"rendered":"https:\/\/www.gaveanews.com\/?p=268732"},"modified":"2025-06-01T17:32:26","modified_gmt":"2025-06-01T20:32:26","slug":"psg-pode-ser-prejudicado-pela-uefa-apos-titulo-da-champions-league","status":"publish","type":"post","link":"https:\/\/www.gaveanews.com\/index.php\/2025\/06\/01\/psg-pode-ser-prejudicado-pela-uefa-apos-titulo-da-champions-league\/","title":{"rendered":"PSG pode ser prejudicado pela UEFA ap\u00f3s t\u00edtulo da Champions League"},"content":{"rendered":"\n<p>A UEFA confirmou que abrir\u00e1 um processo disciplinar em decorr\u00eancia da invas\u00e3o de campo protagonizada por cerca de 100 torcedores do Paris Saint-Germain, no s\u00e1bado (31 de maio), logo ap\u00f3s a conquista in\u00e9dita da Liga dos Campe\u00f5es. O incidente ocorreu em Munique, na Allianz Arena, palco da goleada por 5 a 0 aplicada sobre o Borussia Dortmund.<\/p>\n\n\n\n<p>Conforme noticiado inicialmente pelo jornal franc\u00eas <em>L\u2019\u00c9quipe<\/em>, a manifesta\u00e7\u00e3o pol\u00edtica que acompanhou a invas\u00e3o do gramado \u00e9 um dos principais fatores que motivaram a decis\u00e3o da entidade europeia. Durante a comemora\u00e7\u00e3o, integrantes da principal torcida organizada do clube franc\u00eas, a Collectif Ultras Paris, exibiram uma faixa com a frase \u201cParem o genoc\u00eddio em Gaza\u201d. <\/p>\n\n\n\n<p>Simultaneamente, v\u00e1rios torcedores exibiram bandeiras da Palestina e utilizaram bombas de fuma\u00e7a.<\/p>\n\n\n\n<h4 class=\"wp-block-heading\" id=\"h-seguranca-contornada-e-gramado-danificado\">Seguran\u00e7a contornada e gramado danificado<\/h4>\n\n\n\n<p>Ainda que n\u00e3o tenha havido confrontos f\u00edsicos ou epis\u00f3dios de viol\u00eancia entre os envolvidos, o comportamento coletivo gerou forte desconforto entre os organizadores da competi\u00e7\u00e3o. Muitos dos invasores driblaram a seguran\u00e7a, rompendo a linha formada pelos comiss\u00e1rios encarregados de manter o p\u00fablico fora do campo. Alguns, inclusive, arrancaram peda\u00e7os do gramado, conforme apontado nos relatos.<\/p>\n\n\n\n<p>A faixa foi erguida nas arquibancadas logo ap\u00f3s o lateral Achraf Hakimi marcar o primeiro gol da partida. A exibi\u00e7\u00e3o ocorreu no setor posicionado atr\u00e1s do gol defendido por Gianluigi Donnarumma durante o primeiro tempo. Toda a movimenta\u00e7\u00e3o foi registrada por c\u00e2meras e amplamente divulgada nas redes sociais e na imprensa internacional.<\/p>\n\n\n\n<h4 class=\"wp-block-heading\" id=\"h-consequencias-possiveis-e-contexto-adicional\">Consequ\u00eancias poss\u00edveis e contexto adicional<\/h4>\n\n\n\n<p>A atitude dos torcedores, embora ligada a uma causa pol\u00edtica internacional, poder\u00e1 acarretar puni\u00e7\u00f5es severas ao PSG. A UEFA tradicionalmente veda manifesta\u00e7\u00f5es de car\u00e1ter pol\u00edtico ou ideol\u00f3gico em seus eventos. <\/p>\n\n\n\n<p>Assim sendo, a presen\u00e7a de mensagens com forte teor geopol\u00edtico em um evento transmitido mundialmente levanta questionamentos quanto \u00e0 responsabilidade do clube sobre a conduta de seus apoiadores.<\/p>\n\n\n\n<p>Ali\u00e1s, o fato de o epis\u00f3dio ter ocorrido imediatamente ap\u00f3s a conquista de um t\u00edtulo in\u00e9dito acentuou o impacto da a\u00e7\u00e3o. Mesmo em clima festivo, a postura dos torcedores foi considerada inapropriada sob o ponto de vista disciplinar.<\/p>\n\n\n\n<h4 class=\"wp-block-heading\" id=\"h-compromissos-futuros-e-monitoramento\">Compromissos futuros e monitoramento<\/h4>\n\n\n\n<p>Enquanto aguarda as delibera\u00e7\u00f5es da entidade m\u00e1xima do futebol europeu, o PSG mant\u00e9m seu foco em compromissos futuros. A equipe francesa ainda tem participa\u00e7\u00e3o confirmada no Super Mundial de Clubes, que ser\u00e1 disputado entre junho e julho. <\/p>\n\n\n\n<p>O clube integra o Grupo B, juntamente com Botafogo, Atl\u00e9tico de Madrid e Seattle Sounders. J\u00e1 a Internazionale, vice-campe\u00e3 da Champions League na edi\u00e7\u00e3o anterior, est\u00e1 no Grupo E ao lado de Monterrey, River Plate e Urawa Reds.<\/p>\n","protected":false},"excerpt":{"rendered":"<p>A UEFA confirmou que abrir\u00e1 um processo disciplinar em decorr\u00eancia da invas\u00e3o de campo protagonizada por cerca de 100 torcedores do Paris Saint-Germain, no s\u00e1bado (31 de maio), logo ap\u00f3s a conquista in\u00e9dita da Liga dos Campe\u00f5es. O incidente ocorreu em Munique, na Allianz Arena, palco da goleada por 5 a 0 aplicada sobre o [&hellip;]<\/p>\n","protected":false},"author":30,"featured_media":120235,"comment_status":"open","ping_status":"closed","sticky":false,"template":"","format":"standard","meta":{"footnotes":""},"categories":[78,102],"tags":[],"class_list":["post-268732","post","type-post","status-publish","format-standard","has-post-thumbnail","hentry","category-futebol-internacional","category-psg"],"yoast_head":"<!-- This site is optimized with the Yoast SEO Premium plugin v24.2 (Yoast SEO v26.9) - https:\/\/yoast.com\/product\/yoast-seo-premium-wordpress\/ -->\n<title>PSG pode ser prejudicado pela UEFA ap\u00f3s t\u00edtulo da Champions League<\/title>\n<meta name=\"robots\" content=\"index, follow, max-snippet:-1, max-image-preview:large, max-video-preview:-1\" \/>\n<link rel=\"canonical\" href=\"https:\/\/www.gaveanews.com\/index.php\/2025\/06\/01\/psg-pode-ser-prejudicado-pela-uefa-apos-titulo-da-champions-league\/\" \/>\n<meta property=\"og:locale\" content=\"pt_BR\" \/>\n<meta property=\"og:type\" content=\"article\" \/>\n<meta property=\"og:title\" content=\"PSG pode ser prejudicado pela UEFA ap\u00f3s t\u00edtulo da Champions League\" \/>\n<meta property=\"og:description\" content=\"A UEFA confirmou que abrir\u00e1 um processo disciplinar em decorr\u00eancia da invas\u00e3o de campo protagonizada por cerca de 100 torcedores do Paris Saint-Germain, no s\u00e1bado (31 de maio), logo ap\u00f3s a conquista in\u00e9dita da Liga dos Campe\u00f5es. O incidente ocorreu em Munique, na Allianz Arena, palco da goleada por 5 a 0 aplicada sobre o [&hellip;]\" \/>\n<meta property=\"og:url\" content=\"https:\/\/www.gaveanews.com\/index.php\/2025\/06\/01\/psg-pode-ser-prejudicado-pela-uefa-apos-titulo-da-champions-league\/\" \/>\n<meta property=\"og:site_name\" content=\"G\u00e1vea News\" \/>\n<meta property=\"article:publisher\" content=\"https:\/\/facebook.com\/gaveaNews\/\" \/>\n<meta property=\"article:published_time\" content=\"2025-06-01T20:45:00+00:00\" \/>\n<meta property=\"og:image\" content=\"https:\/\/www.gaveanews.com\/wp-content\/uploads\/Escudo-PSG-1200.webp\" \/>\n\t<meta property=\"og:image:width\" content=\"1200\" \/>\n\t<meta property=\"og:image:height\" content=\"628\" \/>\n\t<meta property=\"og:image:type\" content=\"image\/jpeg\" \/>\n<meta name=\"author\" content=\"Ana Teixeira\" \/>\n<meta name=\"twitter:card\" content=\"summary_large_image\" \/>\n<meta name=\"twitter:label1\" content=\"Escrito por\" \/>\n\t<meta name=\"twitter:data1\" content=\"Ana Teixeira\" \/>\n\t<meta name=\"twitter:label2\" content=\"Est. tempo de leitura\" \/>\n\t<meta name=\"twitter:data2\" content=\"3 minutos\" \/>\n<script type=\"application\/ld+json\" class=\"yoast-schema-graph\">{\"@context\":\"https:\/\/schema.org\",\"@graph\":[{\"@type\":\"NewsArticle\",\"@id\":\"https:\/\/www.gaveanews.com\/index.php\/2025\/06\/01\/psg-pode-ser-prejudicado-pela-uefa-apos-titulo-da-champions-league\/#article\",\"isPartOf\":{\"@id\":\"https:\/\/www.gaveanews.com\/index.php\/2025\/06\/01\/psg-pode-ser-prejudicado-pela-uefa-apos-titulo-da-champions-league\/\"},\"author\":{\"name\":\"Ana Teixeira\",\"@id\":\"https:\/\/www.gaveanews.com\/#\/schema\/person\/3b19f7288b0ce20372991275e4f2e6c2\"},\"headline\":\"PSG pode ser prejudicado pela UEFA ap\u00f3s t\u00edtulo da Champions League\",\"datePublished\":\"2025-06-01T20:45:00+00:00\",\"mainEntityOfPage\":{\"@id\":\"https:\/\/www.gaveanews.com\/index.php\/2025\/06\/01\/psg-pode-ser-prejudicado-pela-uefa-apos-titulo-da-champions-league\/\"},\"wordCount\":476,\"commentCount\":0,\"image\":{\"@id\":\"https:\/\/www.gaveanews.com\/index.php\/2025\/06\/01\/psg-pode-ser-prejudicado-pela-uefa-apos-titulo-da-champions-league\/#primaryimage\"},\"thumbnailUrl\":\"https:\/\/www.gaveanews.com\/wp-content\/uploads\/Escudo-PSG-1200.webp\",\"articleSection\":[\"Futebol Internacional\",\"PSG\"],\"inLanguage\":\"pt-BR\",\"potentialAction\":[{\"@type\":\"CommentAction\",\"name\":\"Comment\",\"target\":[\"https:\/\/www.gaveanews.com\/index.php\/2025\/06\/01\/psg-pode-ser-prejudicado-pela-uefa-apos-titulo-da-champions-league\/#respond\"]}],\"copyrightYear\":\"2025\",\"copyrightHolder\":{\"@id\":\"https:\/\/www.gaveanews.com\/#organization\"}},{\"@type\":\"WebPage\",\"@id\":\"https:\/\/www.gaveanews.com\/index.php\/2025\/06\/01\/psg-pode-ser-prejudicado-pela-uefa-apos-titulo-da-champions-league\/\",\"url\":\"https:\/\/www.gaveanews.com\/index.php\/2025\/06\/01\/psg-pode-ser-prejudicado-pela-uefa-apos-titulo-da-champions-league\/\",\"name\":\"PSG pode ser prejudicado pela UEFA ap\u00f3s t\u00edtulo da Champions League\",\"isPartOf\":{\"@id\":\"https:\/\/www.gaveanews.com\/#website\"},\"primaryImageOfPage\":{\"@id\":\"https:\/\/www.gaveanews.com\/index.php\/2025\/06\/01\/psg-pode-ser-prejudicado-pela-uefa-apos-titulo-da-champions-league\/#primaryimage\"},\"image\":{\"@id\":\"https:\/\/www.gaveanews.com\/index.php\/2025\/06\/01\/psg-pode-ser-prejudicado-pela-uefa-apos-titulo-da-champions-league\/#primaryimage\"},\"thumbnailUrl\":\"https:\/\/www.gaveanews.com\/wp-content\/uploads\/Escudo-PSG-1200.webp\",\"datePublished\":\"2025-06-01T20:45:00+00:00\",\"author\":{\"@id\":\"https:\/\/www.gaveanews.com\/#\/schema\/person\/3b19f7288b0ce20372991275e4f2e6c2\"},\"breadcrumb\":{\"@id\":\"https:\/\/www.gaveanews.com\/index.php\/2025\/06\/01\/psg-pode-ser-prejudicado-pela-uefa-apos-titulo-da-champions-league\/#breadcrumb\"},\"inLanguage\":\"pt-BR\",\"potentialAction\":[{\"@type\":\"ReadAction\",\"target\":[\"https:\/\/www.gaveanews.com\/index.php\/2025\/06\/01\/psg-pode-ser-prejudicado-pela-uefa-apos-titulo-da-champions-league\/\"]}]},{\"@type\":\"ImageObject\",\"inLanguage\":\"pt-BR\",\"@id\":\"https:\/\/www.gaveanews.com\/index.php\/2025\/06\/01\/psg-pode-ser-prejudicado-pela-uefa-apos-titulo-da-champions-league\/#primaryimage\",\"url\":\"https:\/\/www.gaveanews.com\/wp-content\/uploads\/Escudo-PSG-1200.webp\",\"contentUrl\":\"https:\/\/www.gaveanews.com\/wp-content\/uploads\/Escudo-PSG-1200.webp\",\"width\":1200,\"height\":628,\"caption\":\"Escudo do PSG (Foto: Reprodu\u00e7\u00e3o)\"},{\"@type\":\"BreadcrumbList\",\"@id\":\"https:\/\/www.gaveanews.com\/index.php\/2025\/06\/01\/psg-pode-ser-prejudicado-pela-uefa-apos-titulo-da-champions-league\/#breadcrumb\",\"itemListElement\":[{\"@type\":\"ListItem\",\"position\":1,\"name\":\"Home\",\"item\":\"https:\/\/www.gaveanews.com\/\"},{\"@type\":\"ListItem\",\"position\":2,\"name\":\"PSG pode ser prejudicado pela UEFA ap\u00f3s t\u00edtulo da Champions League\"}]},{\"@type\":\"WebSite\",\"@id\":\"https:\/\/www.gaveanews.com\/#website\",\"url\":\"https:\/\/www.gaveanews.com\/\",\"name\":\"G\u00e1vea News\",\"description\":\"Veja todas as not\u00edcias sobre o Flamengo: Contrata\u00e7\u00f5es, categorias de base, resultados das partidas, tabela de classifica\u00e7\u00e3o, pr\u00f3ximos jogos!\",\"potentialAction\":[{\"@type\":\"SearchAction\",\"target\":{\"@type\":\"EntryPoint\",\"urlTemplate\":\"https:\/\/www.gaveanews.com\/?s={search_term_string}\"},\"query-input\":{\"@type\":\"PropertyValueSpecification\",\"valueRequired\":true,\"valueName\":\"search_term_string\"}}],\"inLanguage\":\"pt-BR\"},{\"@type\":\"Person\",\"@id\":\"https:\/\/www.gaveanews.com\/#\/schema\/person\/3b19f7288b0ce20372991275e4f2e6c2\",\"name\":\"Ana Teixeira\",\"image\":{\"@type\":\"ImageObject\",\"inLanguage\":\"pt-BR\",\"@id\":\"https:\/\/www.gaveanews.com\/#\/schema\/person\/image\/\",\"url\":\"https:\/\/secure.gravatar.com\/avatar\/0a73f5a5258f3fed37fc2fa641892f3f7a4748456d4d4792f9bc550e6c19e06c?s=96&d=mm&r=g\",\"contentUrl\":\"https:\/\/secure.gravatar.com\/avatar\/0a73f5a5258f3fed37fc2fa641892f3f7a4748456d4d4792f9bc550e6c19e06c?s=96&d=mm&r=g\",\"caption\":\"Ana Teixeira\"}}]}<\/script>\n<!-- \/ Yoast SEO Premium plugin. -->","yoast_head_json":{"title":"PSG pode ser prejudicado pela UEFA ap\u00f3s t\u00edtulo da Champions League","robots":{"index":"index","follow":"follow","max-snippet":"max-snippet:-1","max-image-preview":"max-image-preview:large","max-video-preview":"max-video-preview:-1"},"canonical":"https:\/\/www.gaveanews.com\/index.php\/2025\/06\/01\/psg-pode-ser-prejudicado-pela-uefa-apos-titulo-da-champions-league\/","og_locale":"pt_BR","og_type":"article","og_title":"PSG pode ser prejudicado pela UEFA ap\u00f3s t\u00edtulo da Champions League","og_description":"A UEFA confirmou que abrir\u00e1 um processo disciplinar em decorr\u00eancia da invas\u00e3o de campo protagonizada por cerca de 100 torcedores do Paris Saint-Germain, no s\u00e1bado (31 de maio), logo ap\u00f3s a conquista in\u00e9dita da Liga dos Campe\u00f5es. O incidente ocorreu em Munique, na Allianz Arena, palco da goleada por 5 a 0 aplicada sobre o [&hellip;]","og_url":"https:\/\/www.gaveanews.com\/index.php\/2025\/06\/01\/psg-pode-ser-prejudicado-pela-uefa-apos-titulo-da-champions-league\/","og_site_name":"G\u00e1vea News","article_publisher":"https:\/\/facebook.com\/gaveaNews\/","article_published_time":"2025-06-01T20:45:00+00:00","og_image":[{"width":1200,"height":628,"url":"https:\/\/www.gaveanews.com\/wp-content\/uploads\/Escudo-PSG-1200.webp","type":"image\/jpeg"}],"author":"Ana Teixeira","twitter_card":"summary_large_image","twitter_misc":{"Escrito por":"Ana Teixeira","Est. tempo de leitura":"3 minutos"},"schema":{"@context":"https:\/\/schema.org","@graph":[{"@type":"NewsArticle","@id":"https:\/\/www.gaveanews.com\/index.php\/2025\/06\/01\/psg-pode-ser-prejudicado-pela-uefa-apos-titulo-da-champions-league\/#article","isPartOf":{"@id":"https:\/\/www.gaveanews.com\/index.php\/2025\/06\/01\/psg-pode-ser-prejudicado-pela-uefa-apos-titulo-da-champions-league\/"},"author":{"name":"Ana Teixeira","@id":"https:\/\/www.gaveanews.com\/#\/schema\/person\/3b19f7288b0ce20372991275e4f2e6c2"},"headline":"PSG pode ser prejudicado pela UEFA ap\u00f3s t\u00edtulo da Champions League","datePublished":"2025-06-01T20:45:00+00:00","mainEntityOfPage":{"@id":"https:\/\/www.gaveanews.com\/index.php\/2025\/06\/01\/psg-pode-ser-prejudicado-pela-uefa-apos-titulo-da-champions-league\/"},"wordCount":476,"commentCount":0,"image":{"@id":"https:\/\/www.gaveanews.com\/index.php\/2025\/06\/01\/psg-pode-ser-prejudicado-pela-uefa-apos-titulo-da-champions-league\/#primaryimage"},"thumbnailUrl":"https:\/\/www.gaveanews.com\/wp-content\/uploads\/Escudo-PSG-1200.webp","articleSection":["Futebol Internacional","PSG"],"inLanguage":"pt-BR","potentialAction":[{"@type":"CommentAction","name":"Comment","target":["https:\/\/www.gaveanews.com\/index.php\/2025\/06\/01\/psg-pode-ser-prejudicado-pela-uefa-apos-titulo-da-champions-league\/#respond"]}],"copyrightYear":"2025","copyrightHolder":{"@id":"https:\/\/www.gaveanews.com\/#organization"}},{"@type":"WebPage","@id":"https:\/\/www.gaveanews.com\/index.php\/2025\/06\/01\/psg-pode-ser-prejudicado-pela-uefa-apos-titulo-da-champions-league\/","url":"https:\/\/www.gaveanews.com\/index.php\/2025\/06\/01\/psg-pode-ser-prejudicado-pela-uefa-apos-titulo-da-champions-league\/","name":"PSG pode ser prejudicado pela UEFA ap\u00f3s t\u00edtulo da Champions League","isPartOf":{"@id":"https:\/\/www.gaveanews.com\/#website"},"primaryImageOfPage":{"@id":"https:\/\/www.gaveanews.com\/index.php\/2025\/06\/01\/psg-pode-ser-prejudicado-pela-uefa-apos-titulo-da-champions-league\/#primaryimage"},"image":{"@id":"https:\/\/www.gaveanews.com\/index.php\/2025\/06\/01\/psg-pode-ser-prejudicado-pela-uefa-apos-titulo-da-champions-league\/#primaryimage"},"thumbnailUrl":"https:\/\/www.gaveanews.com\/wp-content\/uploads\/Escudo-PSG-1200.webp","datePublished":"2025-06-01T20:45:00+00:00","author":{"@id":"https:\/\/www.gaveanews.com\/#\/schema\/person\/3b19f7288b0ce20372991275e4f2e6c2"},"breadcrumb":{"@id":"https:\/\/www.gaveanews.com\/index.php\/2025\/06\/01\/psg-pode-ser-prejudicado-pela-uefa-apos-titulo-da-champions-league\/#breadcrumb"},"inLanguage":"pt-BR","potentialAction":[{"@type":"ReadAction","target":["https:\/\/www.gaveanews.com\/index.php\/2025\/06\/01\/psg-pode-ser-prejudicado-pela-uefa-apos-titulo-da-champions-league\/"]}]},{"@type":"ImageObject","inLanguage":"pt-BR","@id":"https:\/\/www.gaveanews.com\/index.php\/2025\/06\/01\/psg-pode-ser-prejudicado-pela-uefa-apos-titulo-da-champions-league\/#primaryimage","url":"https:\/\/www.gaveanews.com\/wp-content\/uploads\/Escudo-PSG-1200.webp","contentUrl":"https:\/\/www.gaveanews.com\/wp-content\/uploads\/Escudo-PSG-1200.webp","width":1200,"height":628,"caption":"Escudo do PSG (Foto: Reprodu\u00e7\u00e3o)"},{"@type":"BreadcrumbList","@id":"https:\/\/www.gaveanews.com\/index.php\/2025\/06\/01\/psg-pode-ser-prejudicado-pela-uefa-apos-titulo-da-champions-league\/#breadcrumb","itemListElement":[{"@type":"ListItem","position":1,"name":"Home","item":"https:\/\/www.gaveanews.com\/"},{"@type":"ListItem","position":2,"name":"PSG pode ser prejudicado pela UEFA ap\u00f3s t\u00edtulo da Champions League"}]},{"@type":"WebSite","@id":"https:\/\/www.gaveanews.com\/#website","url":"https:\/\/www.gaveanews.com\/","name":"G\u00e1vea News","description":"Veja todas as not\u00edcias sobre o Flamengo: Contrata\u00e7\u00f5es, categorias de base, resultados das partidas, tabela de classifica\u00e7\u00e3o, pr\u00f3ximos jogos!","potentialAction":[{"@type":"SearchAction","target":{"@type":"EntryPoint","urlTemplate":"https:\/\/www.gaveanews.com\/?s={search_term_string}"},"query-input":{"@type":"PropertyValueSpecification","valueRequired":true,"valueName":"search_term_string"}}],"inLanguage":"pt-BR"},{"@type":"Person","@id":"https:\/\/www.gaveanews.com\/#\/schema\/person\/3b19f7288b0ce20372991275e4f2e6c2","name":"Ana Teixeira","image":{"@type":"ImageObject","inLanguage":"pt-BR","@id":"https:\/\/www.gaveanews.com\/#\/schema\/person\/image\/","url":"https:\/\/secure.gravatar.com\/avatar\/0a73f5a5258f3fed37fc2fa641892f3f7a4748456d4d4792f9bc550e6c19e06c?s=96&d=mm&r=g","contentUrl":"https:\/\/secure.gravatar.com\/avatar\/0a73f5a5258f3fed37fc2fa641892f3f7a4748456d4d4792f9bc550e6c19e06c?s=96&d=mm&r=g","caption":"Ana Teixeira"}}]}},"_links":{"self":[{"href":"https:\/\/www.gaveanews.com\/index.php\/wp-json\/wp\/v2\/posts\/268732","targetHints":{"allow":["GET"]}}],"collection":[{"href":"https:\/\/www.gaveanews.com\/index.php\/wp-json\/wp\/v2\/posts"}],"about":[{"href":"https:\/\/www.gaveanews.com\/index.php\/wp-json\/wp\/v2\/types\/post"}],"author":[{"embeddable":true,"href":"https:\/\/www.gaveanews.com\/index.php\/wp-json\/wp\/v2\/users\/30"}],"replies":[{"embeddable":true,"href":"https:\/\/www.gaveanews.com\/index.php\/wp-json\/wp\/v2\/comments?post=268732"}],"version-history":[{"count":1,"href":"https:\/\/www.gaveanews.com\/index.php\/wp-json\/wp\/v2\/posts\/268732\/revisions"}],"predecessor-version":[{"id":268734,"href":"https:\/\/www.gaveanews.com\/index.php\/wp-json\/wp\/v2\/posts\/268732\/revisions\/268734"}],"wp:featuredmedia":[{"embeddable":true,"href":"https:\/\/www.gaveanews.com\/index.php\/wp-json\/wp\/v2\/media\/120235"}],"wp:attachment":[{"href":"https:\/\/www.gaveanews.com\/index.php\/wp-json\/wp\/v2\/media?parent=268732"}],"wp:term":[{"taxonomy":"category","embeddable":true,"href":"https:\/\/www.gaveanews.com\/index.php\/wp-json\/wp\/v2\/categories?post=268732"},{"taxonomy":"post_tag","embeddable":true,"href":"https:\/\/www.gaveanews.com\/index.php\/wp-json\/wp\/v2\/tags?post=268732"}],"curies":[{"name":"wp","href":"https:\/\/api.w.org\/{rel}","templated":true}]}}