{"id":268835,"date":"2025-06-02T13:05:00","date_gmt":"2025-06-02T16:05:00","guid":{"rendered":"https:\/\/www.gaveanews.com\/?p=268835"},"modified":"2025-06-02T12:16:33","modified_gmt":"2025-06-02T15:16:33","slug":"flamengo-disputa-contratacao-de-meio-campista-com-o-botafogo","status":"publish","type":"post","link":"https:\/\/www.gaveanews.com\/index.php\/2025\/06\/02\/flamengo-disputa-contratacao-de-meio-campista-com-o-botafogo\/","title":{"rendered":"Flamengo disputa contrata\u00e7\u00e3o de meio-campista com o Botafogo"},"content":{"rendered":"\n<p>O Flamengo segue atento ao mercado da bola e decidiu entrar forte na disputa por um jovem talento sul-americano. A equipe rubro-negra est\u00e1 de olho em \u00c1lvaro Montoro, meio-campista de apenas 18 anos que atua pelo V\u00e9lez Sarsfield, da Argentina. A janela extra de transfer\u00eancias, aberta no \u00faltimo domingo (01) por conta do Mundial de Clubes, movimentou os bastidores do futebol, e o Flamengo quer aproveitar a oportunidade.<\/p>\n\n\n\n<p>O interesse pelo jogador \u00e9 real, mas o clube ter\u00e1 concorr\u00eancia pesada. Isso porque o Botafogo avan\u00e7ou nas negocia\u00e7\u00f5es com o V\u00e9lez e j\u00e1 apresentou uma proposta de 9 milh\u00f5es de d\u00f3lares (R$ 51 milh\u00f5es), segundo o jornalista Ven\u00ea Casagrande. Portanto, o Flamengo precisar\u00e1 agir r\u00e1pido se quiser vencer a disputa.<\/p>\n\n\n\n<h2 class=\"wp-block-heading\" id=\"h-negociacao-cautelosa-e-visao-de-longo-prazo\">Negocia\u00e7\u00e3o cautelosa e vis\u00e3o de longo prazo<\/h2>\n\n\n\n<p>Jos\u00e9 Boto, diretor de futebol do Flamengo, j\u00e1 entrou em contato com o presidente do V\u00e9lez, Fabi\u00e1n Berlanga, para iniciar as conversas. Cabe ressaltar, no entanto, que o Rubro-Negro enxerga Montoro como um investimento a m\u00e9dio prazo. Sendo assim, a diretoria n\u00e3o pretende entrar em leil\u00e3o ou fazer loucuras financeiras nesta janela.<\/p>\n\n\n\n<p>Al\u00e9m disso, o foco principal do clube neste momento est\u00e1 na contrata\u00e7\u00e3o de atletas mais experientes para a disputa do Mundial. Por isso, Montoro pode n\u00e3o ser uma prioridade imediata, mas segue no radar rubro-negro como uma pe\u00e7a estrat\u00e9gica para o futuro.<\/p>\n\n\n\n<h2 class=\"wp-block-heading\" id=\"h-a-versatilidade-de-montoro\">A versatilidade de Montoro<\/h2>\n\n\n\n<p>\u00c1lvaro Montoro \u00e9 uma das grandes apostas do futebol argentino. Com passagens pelas categorias de base do V\u00e9lez, o jovem j\u00e1 soma 19 jogos como profissional em 2024, com tr\u00eas gols e uma assist\u00eancia. Desse jeito, seu desempenho chamou a aten\u00e7\u00e3o de clubes brasileiros.<\/p>\n\n\n\n<p>Vale destacar que o jogador pode atuar tanto como meia armador quanto pelas pontas. Segundo o site Transfermarkt, Montoro \u00e9 avaliado em 1,5 milh\u00e3o de euros (cerca de R$ 9,8 milh\u00f5es), mas o alto potencial explica o valor elevado da negocia\u00e7\u00e3o. Isso porque, em casos de promessas, os clubes costumam exigir cifras mais robustas.<\/p>\n\n\n\n<h2 class=\"wp-block-heading\" id=\"h-jorginho-ja-tem-acerto-encaminhado-com-o-mengao\">Jorginho j\u00e1 tem acerto encaminhado com o Meng\u00e3o<\/h2>\n\n\n\n<p>Com isso, enquanto negocia com Montoro, o Flamengo j\u00e1 tem uma contrata\u00e7\u00e3o bem encaminhada. Trata-se de Jorginho, volante que deve assinar contrato de tr\u00eas anos com o clube. A chegada do jogador ao Rio de Janeiro est\u00e1 prevista para os pr\u00f3ximos dias, refor\u00e7ando o elenco para o Mundial.<\/p>\n\n\n\n<p>Dessa maneira, o Flamengo demonstra planejamento e ambi\u00e7\u00e3o tanto para o presente quanto para o futuro. Por que n\u00e3o acreditar em mais um acerto certeiro da diretoria?<\/p>\n","protected":false},"excerpt":{"rendered":"<p>O Flamengo segue atento ao mercado da bola e decidiu entrar forte na disputa por um jovem talento sul-americano. A equipe rubro-negra est\u00e1 de olho em \u00c1lvaro Montoro, meio-campista de apenas 18 anos que atua pelo V\u00e9lez Sarsfield, da Argentina. A janela extra de transfer\u00eancias, aberta no \u00faltimo domingo (01) por conta do Mundial de [&hellip;]<\/p>\n","protected":false},"author":24,"featured_media":124518,"comment_status":"open","ping_status":"closed","sticky":false,"template":"","format":"standard","meta":{"footnotes":""},"categories":[1],"tags":[],"class_list":["post-268835","post","type-post","status-publish","format-standard","has-post-thumbnail","hentry","category-flamengo"],"yoast_head":"<!-- This site is optimized with the Yoast SEO Premium plugin v24.2 (Yoast SEO v26.9) - https:\/\/yoast.com\/product\/yoast-seo-premium-wordpress\/ -->\n<title>Flamengo disputa contrata\u00e7\u00e3o de meio-campista com o Botafogo<\/title>\n<meta name=\"robots\" content=\"index, follow, max-snippet:-1, max-image-preview:large, max-video-preview:-1\" \/>\n<link rel=\"canonical\" href=\"https:\/\/www.gaveanews.com\/index.php\/2025\/06\/02\/flamengo-disputa-contratacao-de-meio-campista-com-o-botafogo\/\" \/>\n<meta property=\"og:locale\" content=\"pt_BR\" \/>\n<meta property=\"og:type\" content=\"article\" \/>\n<meta property=\"og:title\" content=\"Flamengo disputa contrata\u00e7\u00e3o de meio-campista com o Botafogo\" \/>\n<meta property=\"og:description\" content=\"O Flamengo segue atento ao mercado da bola e decidiu entrar forte na disputa por um jovem talento sul-americano. A equipe rubro-negra est\u00e1 de olho em \u00c1lvaro Montoro, meio-campista de apenas 18 anos que atua pelo V\u00e9lez Sarsfield, da Argentina. A janela extra de transfer\u00eancias, aberta no \u00faltimo domingo (01) por conta do Mundial de [&hellip;]\" \/>\n<meta property=\"og:url\" content=\"https:\/\/www.gaveanews.com\/index.php\/2025\/06\/02\/flamengo-disputa-contratacao-de-meio-campista-com-o-botafogo\/\" \/>\n<meta property=\"og:site_name\" content=\"G\u00e1vea News\" \/>\n<meta property=\"article:publisher\" content=\"https:\/\/facebook.com\/gaveaNews\/\" \/>\n<meta property=\"article:published_time\" content=\"2025-06-02T16:05:00+00:00\" \/>\n<meta property=\"og:image\" content=\"https:\/\/www.gaveanews.com\/wp-content\/uploads\/Centro-de-Treinamento-Ninho-do-Urubu.webp\" \/>\n\t<meta property=\"og:image:width\" content=\"1200\" \/>\n\t<meta property=\"og:image:height\" content=\"799\" \/>\n\t<meta property=\"og:image:type\" content=\"image\/jpeg\" \/>\n<meta name=\"author\" content=\"Leandro Cardoso\" \/>\n<meta name=\"twitter:card\" content=\"summary_large_image\" \/>\n<meta name=\"twitter:label1\" content=\"Escrito por\" \/>\n\t<meta name=\"twitter:data1\" content=\"Leandro Cardoso\" \/>\n\t<meta name=\"twitter:label2\" content=\"Est. tempo de leitura\" \/>\n\t<meta name=\"twitter:data2\" content=\"3 minutos\" \/>\n<script type=\"application\/ld+json\" class=\"yoast-schema-graph\">{\"@context\":\"https:\/\/schema.org\",\"@graph\":[{\"@type\":\"NewsArticle\",\"@id\":\"https:\/\/www.gaveanews.com\/index.php\/2025\/06\/02\/flamengo-disputa-contratacao-de-meio-campista-com-o-botafogo\/#article\",\"isPartOf\":{\"@id\":\"https:\/\/www.gaveanews.com\/index.php\/2025\/06\/02\/flamengo-disputa-contratacao-de-meio-campista-com-o-botafogo\/\"},\"author\":{\"name\":\"Leandro Cardoso\",\"@id\":\"https:\/\/www.gaveanews.com\/#\/schema\/person\/2424ec6409bc3f068411fc5e4e9b6168\"},\"headline\":\"Flamengo disputa contrata\u00e7\u00e3o de meio-campista com o Botafogo\",\"datePublished\":\"2025-06-02T16:05:00+00:00\",\"mainEntityOfPage\":{\"@id\":\"https:\/\/www.gaveanews.com\/index.php\/2025\/06\/02\/flamengo-disputa-contratacao-de-meio-campista-com-o-botafogo\/\"},\"wordCount\":439,\"commentCount\":0,\"image\":{\"@id\":\"https:\/\/www.gaveanews.com\/index.php\/2025\/06\/02\/flamengo-disputa-contratacao-de-meio-campista-com-o-botafogo\/#primaryimage\"},\"thumbnailUrl\":\"https:\/\/www.gaveanews.com\/wp-content\/uploads\/Centro-de-Treinamento-Ninho-do-Urubu.webp\",\"articleSection\":[\"Flamengo\"],\"inLanguage\":\"pt-BR\",\"potentialAction\":[{\"@type\":\"CommentAction\",\"name\":\"Comment\",\"target\":[\"https:\/\/www.gaveanews.com\/index.php\/2025\/06\/02\/flamengo-disputa-contratacao-de-meio-campista-com-o-botafogo\/#respond\"]}],\"copyrightYear\":\"2025\",\"copyrightHolder\":{\"@id\":\"https:\/\/www.gaveanews.com\/#organization\"}},{\"@type\":\"WebPage\",\"@id\":\"https:\/\/www.gaveanews.com\/index.php\/2025\/06\/02\/flamengo-disputa-contratacao-de-meio-campista-com-o-botafogo\/\",\"url\":\"https:\/\/www.gaveanews.com\/index.php\/2025\/06\/02\/flamengo-disputa-contratacao-de-meio-campista-com-o-botafogo\/\",\"name\":\"Flamengo disputa contrata\u00e7\u00e3o de meio-campista com o Botafogo\",\"isPartOf\":{\"@id\":\"https:\/\/www.gaveanews.com\/#website\"},\"primaryImageOfPage\":{\"@id\":\"https:\/\/www.gaveanews.com\/index.php\/2025\/06\/02\/flamengo-disputa-contratacao-de-meio-campista-com-o-botafogo\/#primaryimage\"},\"image\":{\"@id\":\"https:\/\/www.gaveanews.com\/index.php\/2025\/06\/02\/flamengo-disputa-contratacao-de-meio-campista-com-o-botafogo\/#primaryimage\"},\"thumbnailUrl\":\"https:\/\/www.gaveanews.com\/wp-content\/uploads\/Centro-de-Treinamento-Ninho-do-Urubu.webp\",\"datePublished\":\"2025-06-02T16:05:00+00:00\",\"author\":{\"@id\":\"https:\/\/www.gaveanews.com\/#\/schema\/person\/2424ec6409bc3f068411fc5e4e9b6168\"},\"breadcrumb\":{\"@id\":\"https:\/\/www.gaveanews.com\/index.php\/2025\/06\/02\/flamengo-disputa-contratacao-de-meio-campista-com-o-botafogo\/#breadcrumb\"},\"inLanguage\":\"pt-BR\",\"potentialAction\":[{\"@type\":\"ReadAction\",\"target\":[\"https:\/\/www.gaveanews.com\/index.php\/2025\/06\/02\/flamengo-disputa-contratacao-de-meio-campista-com-o-botafogo\/\"]}]},{\"@type\":\"ImageObject\",\"inLanguage\":\"pt-BR\",\"@id\":\"https:\/\/www.gaveanews.com\/index.php\/2025\/06\/02\/flamengo-disputa-contratacao-de-meio-campista-com-o-botafogo\/#primaryimage\",\"url\":\"https:\/\/www.gaveanews.com\/wp-content\/uploads\/Centro-de-Treinamento-Ninho-do-Urubu.webp\",\"contentUrl\":\"https:\/\/www.gaveanews.com\/wp-content\/uploads\/Centro-de-Treinamento-Ninho-do-Urubu.webp\",\"width\":1200,\"height\":799,\"caption\":\"Centro de Treinamento Ninho do Urubu - Foto: divulga\u00e7\u00e3o\"},{\"@type\":\"BreadcrumbList\",\"@id\":\"https:\/\/www.gaveanews.com\/index.php\/2025\/06\/02\/flamengo-disputa-contratacao-de-meio-campista-com-o-botafogo\/#breadcrumb\",\"itemListElement\":[{\"@type\":\"ListItem\",\"position\":1,\"name\":\"Home\",\"item\":\"https:\/\/www.gaveanews.com\/\"},{\"@type\":\"ListItem\",\"position\":2,\"name\":\"Flamengo disputa contrata\u00e7\u00e3o de meio-campista com o Botafogo\"}]},{\"@type\":\"WebSite\",\"@id\":\"https:\/\/www.gaveanews.com\/#website\",\"url\":\"https:\/\/www.gaveanews.com\/\",\"name\":\"G\u00e1vea News\",\"description\":\"Veja todas as not\u00edcias sobre o Flamengo: Contrata\u00e7\u00f5es, categorias de base, resultados das partidas, tabela de classifica\u00e7\u00e3o, pr\u00f3ximos jogos!\",\"potentialAction\":[{\"@type\":\"SearchAction\",\"target\":{\"@type\":\"EntryPoint\",\"urlTemplate\":\"https:\/\/www.gaveanews.com\/?s={search_term_string}\"},\"query-input\":{\"@type\":\"PropertyValueSpecification\",\"valueRequired\":true,\"valueName\":\"search_term_string\"}}],\"inLanguage\":\"pt-BR\"},{\"@type\":\"Person\",\"@id\":\"https:\/\/www.gaveanews.com\/#\/schema\/person\/2424ec6409bc3f068411fc5e4e9b6168\",\"name\":\"Leandro Cardoso\",\"image\":{\"@type\":\"ImageObject\",\"inLanguage\":\"pt-BR\",\"@id\":\"https:\/\/www.gaveanews.com\/#\/schema\/person\/image\/\",\"url\":\"https:\/\/secure.gravatar.com\/avatar\/8ca179f9b55eefe9f376f5493ef25475bfa59fbc28ce937f6076ce20e523098f?s=96&d=mm&r=g\",\"contentUrl\":\"https:\/\/secure.gravatar.com\/avatar\/8ca179f9b55eefe9f376f5493ef25475bfa59fbc28ce937f6076ce20e523098f?s=96&d=mm&r=g\",\"caption\":\"Leandro Cardoso\"}}]}<\/script>\n<!-- \/ Yoast SEO Premium plugin. -->","yoast_head_json":{"title":"Flamengo disputa contrata\u00e7\u00e3o de meio-campista com o Botafogo","robots":{"index":"index","follow":"follow","max-snippet":"max-snippet:-1","max-image-preview":"max-image-preview:large","max-video-preview":"max-video-preview:-1"},"canonical":"https:\/\/www.gaveanews.com\/index.php\/2025\/06\/02\/flamengo-disputa-contratacao-de-meio-campista-com-o-botafogo\/","og_locale":"pt_BR","og_type":"article","og_title":"Flamengo disputa contrata\u00e7\u00e3o de meio-campista com o Botafogo","og_description":"O Flamengo segue atento ao mercado da bola e decidiu entrar forte na disputa por um jovem talento sul-americano. A equipe rubro-negra est\u00e1 de olho em \u00c1lvaro Montoro, meio-campista de apenas 18 anos que atua pelo V\u00e9lez Sarsfield, da Argentina. A janela extra de transfer\u00eancias, aberta no \u00faltimo domingo (01) por conta do Mundial de [&hellip;]","og_url":"https:\/\/www.gaveanews.com\/index.php\/2025\/06\/02\/flamengo-disputa-contratacao-de-meio-campista-com-o-botafogo\/","og_site_name":"G\u00e1vea News","article_publisher":"https:\/\/facebook.com\/gaveaNews\/","article_published_time":"2025-06-02T16:05:00+00:00","og_image":[{"width":1200,"height":799,"url":"https:\/\/www.gaveanews.com\/wp-content\/uploads\/Centro-de-Treinamento-Ninho-do-Urubu.webp","type":"image\/jpeg"}],"author":"Leandro Cardoso","twitter_card":"summary_large_image","twitter_misc":{"Escrito por":"Leandro Cardoso","Est. tempo de leitura":"3 minutos"},"schema":{"@context":"https:\/\/schema.org","@graph":[{"@type":"NewsArticle","@id":"https:\/\/www.gaveanews.com\/index.php\/2025\/06\/02\/flamengo-disputa-contratacao-de-meio-campista-com-o-botafogo\/#article","isPartOf":{"@id":"https:\/\/www.gaveanews.com\/index.php\/2025\/06\/02\/flamengo-disputa-contratacao-de-meio-campista-com-o-botafogo\/"},"author":{"name":"Leandro Cardoso","@id":"https:\/\/www.gaveanews.com\/#\/schema\/person\/2424ec6409bc3f068411fc5e4e9b6168"},"headline":"Flamengo disputa contrata\u00e7\u00e3o de meio-campista com o Botafogo","datePublished":"2025-06-02T16:05:00+00:00","mainEntityOfPage":{"@id":"https:\/\/www.gaveanews.com\/index.php\/2025\/06\/02\/flamengo-disputa-contratacao-de-meio-campista-com-o-botafogo\/"},"wordCount":439,"commentCount":0,"image":{"@id":"https:\/\/www.gaveanews.com\/index.php\/2025\/06\/02\/flamengo-disputa-contratacao-de-meio-campista-com-o-botafogo\/#primaryimage"},"thumbnailUrl":"https:\/\/www.gaveanews.com\/wp-content\/uploads\/Centro-de-Treinamento-Ninho-do-Urubu.webp","articleSection":["Flamengo"],"inLanguage":"pt-BR","potentialAction":[{"@type":"CommentAction","name":"Comment","target":["https:\/\/www.gaveanews.com\/index.php\/2025\/06\/02\/flamengo-disputa-contratacao-de-meio-campista-com-o-botafogo\/#respond"]}],"copyrightYear":"2025","copyrightHolder":{"@id":"https:\/\/www.gaveanews.com\/#organization"}},{"@type":"WebPage","@id":"https:\/\/www.gaveanews.com\/index.php\/2025\/06\/02\/flamengo-disputa-contratacao-de-meio-campista-com-o-botafogo\/","url":"https:\/\/www.gaveanews.com\/index.php\/2025\/06\/02\/flamengo-disputa-contratacao-de-meio-campista-com-o-botafogo\/","name":"Flamengo disputa contrata\u00e7\u00e3o de meio-campista com o Botafogo","isPartOf":{"@id":"https:\/\/www.gaveanews.com\/#website"},"primaryImageOfPage":{"@id":"https:\/\/www.gaveanews.com\/index.php\/2025\/06\/02\/flamengo-disputa-contratacao-de-meio-campista-com-o-botafogo\/#primaryimage"},"image":{"@id":"https:\/\/www.gaveanews.com\/index.php\/2025\/06\/02\/flamengo-disputa-contratacao-de-meio-campista-com-o-botafogo\/#primaryimage"},"thumbnailUrl":"https:\/\/www.gaveanews.com\/wp-content\/uploads\/Centro-de-Treinamento-Ninho-do-Urubu.webp","datePublished":"2025-06-02T16:05:00+00:00","author":{"@id":"https:\/\/www.gaveanews.com\/#\/schema\/person\/2424ec6409bc3f068411fc5e4e9b6168"},"breadcrumb":{"@id":"https:\/\/www.gaveanews.com\/index.php\/2025\/06\/02\/flamengo-disputa-contratacao-de-meio-campista-com-o-botafogo\/#breadcrumb"},"inLanguage":"pt-BR","potentialAction":[{"@type":"ReadAction","target":["https:\/\/www.gaveanews.com\/index.php\/2025\/06\/02\/flamengo-disputa-contratacao-de-meio-campista-com-o-botafogo\/"]}]},{"@type":"ImageObject","inLanguage":"pt-BR","@id":"https:\/\/www.gaveanews.com\/index.php\/2025\/06\/02\/flamengo-disputa-contratacao-de-meio-campista-com-o-botafogo\/#primaryimage","url":"https:\/\/www.gaveanews.com\/wp-content\/uploads\/Centro-de-Treinamento-Ninho-do-Urubu.webp","contentUrl":"https:\/\/www.gaveanews.com\/wp-content\/uploads\/Centro-de-Treinamento-Ninho-do-Urubu.webp","width":1200,"height":799,"caption":"Centro de Treinamento Ninho do Urubu - Foto: divulga\u00e7\u00e3o"},{"@type":"BreadcrumbList","@id":"https:\/\/www.gaveanews.com\/index.php\/2025\/06\/02\/flamengo-disputa-contratacao-de-meio-campista-com-o-botafogo\/#breadcrumb","itemListElement":[{"@type":"ListItem","position":1,"name":"Home","item":"https:\/\/www.gaveanews.com\/"},{"@type":"ListItem","position":2,"name":"Flamengo disputa contrata\u00e7\u00e3o de meio-campista com o Botafogo"}]},{"@type":"WebSite","@id":"https:\/\/www.gaveanews.com\/#website","url":"https:\/\/www.gaveanews.com\/","name":"G\u00e1vea News","description":"Veja todas as not\u00edcias sobre o Flamengo: Contrata\u00e7\u00f5es, categorias de base, resultados das partidas, tabela de classifica\u00e7\u00e3o, pr\u00f3ximos jogos!","potentialAction":[{"@type":"SearchAction","target":{"@type":"EntryPoint","urlTemplate":"https:\/\/www.gaveanews.com\/?s={search_term_string}"},"query-input":{"@type":"PropertyValueSpecification","valueRequired":true,"valueName":"search_term_string"}}],"inLanguage":"pt-BR"},{"@type":"Person","@id":"https:\/\/www.gaveanews.com\/#\/schema\/person\/2424ec6409bc3f068411fc5e4e9b6168","name":"Leandro Cardoso","image":{"@type":"ImageObject","inLanguage":"pt-BR","@id":"https:\/\/www.gaveanews.com\/#\/schema\/person\/image\/","url":"https:\/\/secure.gravatar.com\/avatar\/8ca179f9b55eefe9f376f5493ef25475bfa59fbc28ce937f6076ce20e523098f?s=96&d=mm&r=g","contentUrl":"https:\/\/secure.gravatar.com\/avatar\/8ca179f9b55eefe9f376f5493ef25475bfa59fbc28ce937f6076ce20e523098f?s=96&d=mm&r=g","caption":"Leandro Cardoso"}}]}},"_links":{"self":[{"href":"https:\/\/www.gaveanews.com\/index.php\/wp-json\/wp\/v2\/posts\/268835","targetHints":{"allow":["GET"]}}],"collection":[{"href":"https:\/\/www.gaveanews.com\/index.php\/wp-json\/wp\/v2\/posts"}],"about":[{"href":"https:\/\/www.gaveanews.com\/index.php\/wp-json\/wp\/v2\/types\/post"}],"author":[{"embeddable":true,"href":"https:\/\/www.gaveanews.com\/index.php\/wp-json\/wp\/v2\/users\/24"}],"replies":[{"embeddable":true,"href":"https:\/\/www.gaveanews.com\/index.php\/wp-json\/wp\/v2\/comments?post=268835"}],"version-history":[{"count":1,"href":"https:\/\/www.gaveanews.com\/index.php\/wp-json\/wp\/v2\/posts\/268835\/revisions"}],"predecessor-version":[{"id":268836,"href":"https:\/\/www.gaveanews.com\/index.php\/wp-json\/wp\/v2\/posts\/268835\/revisions\/268836"}],"wp:featuredmedia":[{"embeddable":true,"href":"https:\/\/www.gaveanews.com\/index.php\/wp-json\/wp\/v2\/media\/124518"}],"wp:attachment":[{"href":"https:\/\/www.gaveanews.com\/index.php\/wp-json\/wp\/v2\/media?parent=268835"}],"wp:term":[{"taxonomy":"category","embeddable":true,"href":"https:\/\/www.gaveanews.com\/index.php\/wp-json\/wp\/v2\/categories?post=268835"},{"taxonomy":"post_tag","embeddable":true,"href":"https:\/\/www.gaveanews.com\/index.php\/wp-json\/wp\/v2\/tags?post=268835"}],"curies":[{"name":"wp","href":"https:\/\/api.w.org\/{rel}","templated":true}]}}