{"id":268839,"date":"2025-06-02T12:50:00","date_gmt":"2025-06-02T15:50:00","guid":{"rendered":"https:\/\/www.gaveanews.com\/?p=268839"},"modified":"2025-06-02T12:25:49","modified_gmt":"2025-06-02T15:25:49","slug":"real-madrid-pode-perder-jogador-para-arabia-saudita","status":"publish","type":"post","link":"https:\/\/www.gaveanews.com\/index.php\/2025\/06\/02\/real-madrid-pode-perder-jogador-para-arabia-saudita\/","title":{"rendered":"Real Madrid pode perder jogador para Ar\u00e1bia Saudita"},"content":{"rendered":"\n<p>O futuro de Antonio R\u00fcdiger, zagueiro do Real Madrid, voltou ao centro das aten\u00e7\u00f5es ap\u00f3s a circula\u00e7\u00e3o de uma imagem que o mostra em um jantar com Fernando Hierro, atual diretor esportivo do Al Nassr, e o intermedi\u00e1rio Fran Porras. A imagem, registrada em ambiente informal e publicada por Khaled Falajmi, intensificou os rumores de uma poss\u00edvel transfer\u00eancia do defensor alem\u00e3o para o futebol da Ar\u00e1bia Saudita.<\/p>\n\n\n\n<p>Hierro, que j\u00e1 atuou como dirigente na sele\u00e7\u00e3o espanhola, vem desempenhando papel ativo nos bastidores do mercado saudita. Porras, por sua vez, embora menos conhecido, possui v\u00ednculos no futebol espanhol e acompanha Hierro em algumas negocia\u00e7\u00f5es. <\/p>\n\n\n\n<p>Assim sendo, o jantar foi interpretado por muitos como mais que uma simples reuni\u00e3o social, ainda mais considerando o contexto de movimenta\u00e7\u00f5es iminentes na janela de transfer\u00eancias do meio do ano, que ser\u00e1 oficialmente aberta em 10 de junho e se encerrar\u00e1 em 3 de julho.<\/p>\n\n\n\n<h3 class=\"wp-block-heading\" id=\"h-clube-deixa-decisao-nas-maos-do-jogador\">Clube deixa decis\u00e3o nas m\u00e3os do jogador<\/h3>\n\n\n\n<p>Atualmente, R\u00fcdiger possui contrato com o Real Madrid at\u00e9 30 de junho de 2026. O clube merengue, contudo, adota uma postura permissiva quanto \u00e0 possibilidade de sa\u00edda. <\/p>\n\n\n\n<p>Conforme apurado, caso o atleta manifeste desejo de se transferir para o futebol \u00e1rabe, n\u00e3o haver\u00e1 resist\u00eancia por parte da diretoria \u2014 desde que a proposta recebida esteja em um patamar considerado justo pelo clube. Afinal, uma eventual sa\u00edda demandaria a busca por um substituto \u00e0 altura.<\/p>\n\n\n\n<p>A trajet\u00f3ria de R\u00fcdiger no Real Madrid ainda \u00e9 considerada s\u00f3lida. Ele chegou a ser cogitado pelo Al-Ittihad durante a \u00faltima janela de transfer\u00eancias, mas optou por permanecer na capital espanhola. Agora, com a retomada dos interesses sauditas e sua imagem novamente ligada a representantes da liga, a possibilidade de negocia\u00e7\u00e3o ganha for\u00e7a.<\/p>\n\n\n\n<h3 class=\"wp-block-heading\" id=\"h-recuperacao-fisica-e-a-prioridade-no-momento\">Recupera\u00e7\u00e3o f\u00edsica \u00e9 a prioridade no momento<\/h3>\n\n\n\n<p>Apesar dos rumores, a quest\u00e3o contratual n\u00e3o \u00e9 o foco principal de R\u00fcdiger no momento. Recentemente submetido a uma cirurgia no joelho, o defensor concentra-se em recuperar sua forma f\u00edsica para estar apto a disputar o Mundial de Clubes nos Estados Unidos, competi\u00e7\u00e3o que ocorrer\u00e1 antes de qualquer decis\u00e3o definitiva sobre seu futuro profissional. <\/p>\n\n\n\n<p>&#8220;O objetivo \u00e9 claro: estar pronto para o Mundial de Clubes&#8221;, informou fonte pr\u00f3xima ao jogador.<\/p>\n\n\n\n<p>Portanto, embora a Ar\u00e1bia Saudita continue sendo uma alternativa sedutora, especialmente para jogadores em fases avan\u00e7adas da carreira, o planejamento imediato do alem\u00e3o est\u00e1 atrelado ao retorno aos gramados em plenas condi\u00e7\u00f5es f\u00edsicas. <\/p>\n\n\n\n<p><\/p>\n","protected":false},"excerpt":{"rendered":"<p>O futuro de Antonio R\u00fcdiger, zagueiro do Real Madrid, voltou ao centro das aten\u00e7\u00f5es ap\u00f3s a circula\u00e7\u00e3o de uma imagem que o mostra em um jantar com Fernando Hierro, atual diretor esportivo do Al Nassr, e o intermedi\u00e1rio Fran Porras. A imagem, registrada em ambiente informal e publicada por Khaled Falajmi, intensificou os rumores de [&hellip;]<\/p>\n","protected":false},"author":30,"featured_media":120916,"comment_status":"open","ping_status":"closed","sticky":false,"template":"","format":"standard","meta":{"footnotes":""},"categories":[246,78,88,245],"tags":[],"class_list":["post-268839","post","type-post","status-publish","format-standard","has-post-thumbnail","hentry","category-al-nassr","category-futebol-internacional","category-real-madrid","category-saudi-pro-league"],"yoast_head":"<!-- This site is optimized with the Yoast SEO Premium plugin v24.2 (Yoast SEO v26.9) - https:\/\/yoast.com\/product\/yoast-seo-premium-wordpress\/ -->\n<title>Real Madrid pode perder jogador para Ar\u00e1bia Saudita<\/title>\n<meta name=\"robots\" content=\"index, follow, max-snippet:-1, max-image-preview:large, max-video-preview:-1\" \/>\n<link rel=\"canonical\" href=\"https:\/\/www.gaveanews.com\/index.php\/2025\/06\/02\/real-madrid-pode-perder-jogador-para-arabia-saudita\/\" \/>\n<meta property=\"og:locale\" content=\"pt_BR\" \/>\n<meta property=\"og:type\" content=\"article\" \/>\n<meta property=\"og:title\" content=\"Real Madrid pode perder jogador para Ar\u00e1bia Saudita\" \/>\n<meta property=\"og:description\" content=\"O futuro de Antonio R\u00fcdiger, zagueiro do Real Madrid, voltou ao centro das aten\u00e7\u00f5es ap\u00f3s a circula\u00e7\u00e3o de uma imagem que o mostra em um jantar com Fernando Hierro, atual diretor esportivo do Al Nassr, e o intermedi\u00e1rio Fran Porras. A imagem, registrada em ambiente informal e publicada por Khaled Falajmi, intensificou os rumores de [&hellip;]\" \/>\n<meta property=\"og:url\" content=\"https:\/\/www.gaveanews.com\/index.php\/2025\/06\/02\/real-madrid-pode-perder-jogador-para-arabia-saudita\/\" \/>\n<meta property=\"og:site_name\" content=\"G\u00e1vea News\" \/>\n<meta property=\"article:publisher\" content=\"https:\/\/facebook.com\/gaveaNews\/\" \/>\n<meta property=\"article:published_time\" content=\"2025-06-02T15:50:00+00:00\" \/>\n<meta property=\"og:image\" content=\"https:\/\/www.gaveanews.com\/wp-content\/uploads\/real-madrid.webp\" \/>\n\t<meta property=\"og:image:width\" content=\"906\" \/>\n\t<meta property=\"og:image:height\" content=\"509\" \/>\n\t<meta property=\"og:image:type\" content=\"image\/jpeg\" \/>\n<meta name=\"author\" content=\"Ana Teixeira\" \/>\n<meta name=\"twitter:card\" content=\"summary_large_image\" \/>\n<meta name=\"twitter:label1\" content=\"Escrito por\" \/>\n\t<meta name=\"twitter:data1\" content=\"Ana Teixeira\" \/>\n\t<meta name=\"twitter:label2\" content=\"Est. tempo de leitura\" \/>\n\t<meta name=\"twitter:data2\" content=\"3 minutos\" \/>\n<script type=\"application\/ld+json\" class=\"yoast-schema-graph\">{\"@context\":\"https:\/\/schema.org\",\"@graph\":[{\"@type\":\"NewsArticle\",\"@id\":\"https:\/\/www.gaveanews.com\/index.php\/2025\/06\/02\/real-madrid-pode-perder-jogador-para-arabia-saudita\/#article\",\"isPartOf\":{\"@id\":\"https:\/\/www.gaveanews.com\/index.php\/2025\/06\/02\/real-madrid-pode-perder-jogador-para-arabia-saudita\/\"},\"author\":{\"name\":\"Ana Teixeira\",\"@id\":\"https:\/\/www.gaveanews.com\/#\/schema\/person\/3b19f7288b0ce20372991275e4f2e6c2\"},\"headline\":\"Real Madrid pode perder jogador para Ar\u00e1bia Saudita\",\"datePublished\":\"2025-06-02T15:50:00+00:00\",\"mainEntityOfPage\":{\"@id\":\"https:\/\/www.gaveanews.com\/index.php\/2025\/06\/02\/real-madrid-pode-perder-jogador-para-arabia-saudita\/\"},\"wordCount\":433,\"commentCount\":0,\"image\":{\"@id\":\"https:\/\/www.gaveanews.com\/index.php\/2025\/06\/02\/real-madrid-pode-perder-jogador-para-arabia-saudita\/#primaryimage\"},\"thumbnailUrl\":\"https:\/\/www.gaveanews.com\/wp-content\/uploads\/real-madrid.webp\",\"articleSection\":[\"Al-Nassr\",\"Futebol Internacional\",\"Real Madrid\",\"Saudi Pro League\"],\"inLanguage\":\"pt-BR\",\"potentialAction\":[{\"@type\":\"CommentAction\",\"name\":\"Comment\",\"target\":[\"https:\/\/www.gaveanews.com\/index.php\/2025\/06\/02\/real-madrid-pode-perder-jogador-para-arabia-saudita\/#respond\"]}],\"copyrightYear\":\"2025\",\"copyrightHolder\":{\"@id\":\"https:\/\/www.gaveanews.com\/#organization\"}},{\"@type\":\"WebPage\",\"@id\":\"https:\/\/www.gaveanews.com\/index.php\/2025\/06\/02\/real-madrid-pode-perder-jogador-para-arabia-saudita\/\",\"url\":\"https:\/\/www.gaveanews.com\/index.php\/2025\/06\/02\/real-madrid-pode-perder-jogador-para-arabia-saudita\/\",\"name\":\"Real Madrid pode perder jogador para Ar\u00e1bia Saudita\",\"isPartOf\":{\"@id\":\"https:\/\/www.gaveanews.com\/#website\"},\"primaryImageOfPage\":{\"@id\":\"https:\/\/www.gaveanews.com\/index.php\/2025\/06\/02\/real-madrid-pode-perder-jogador-para-arabia-saudita\/#primaryimage\"},\"image\":{\"@id\":\"https:\/\/www.gaveanews.com\/index.php\/2025\/06\/02\/real-madrid-pode-perder-jogador-para-arabia-saudita\/#primaryimage\"},\"thumbnailUrl\":\"https:\/\/www.gaveanews.com\/wp-content\/uploads\/real-madrid.webp\",\"datePublished\":\"2025-06-02T15:50:00+00:00\",\"author\":{\"@id\":\"https:\/\/www.gaveanews.com\/#\/schema\/person\/3b19f7288b0ce20372991275e4f2e6c2\"},\"breadcrumb\":{\"@id\":\"https:\/\/www.gaveanews.com\/index.php\/2025\/06\/02\/real-madrid-pode-perder-jogador-para-arabia-saudita\/#breadcrumb\"},\"inLanguage\":\"pt-BR\",\"potentialAction\":[{\"@type\":\"ReadAction\",\"target\":[\"https:\/\/www.gaveanews.com\/index.php\/2025\/06\/02\/real-madrid-pode-perder-jogador-para-arabia-saudita\/\"]}]},{\"@type\":\"ImageObject\",\"inLanguage\":\"pt-BR\",\"@id\":\"https:\/\/www.gaveanews.com\/index.php\/2025\/06\/02\/real-madrid-pode-perder-jogador-para-arabia-saudita\/#primaryimage\",\"url\":\"https:\/\/www.gaveanews.com\/wp-content\/uploads\/real-madrid.webp\",\"contentUrl\":\"https:\/\/www.gaveanews.com\/wp-content\/uploads\/real-madrid.webp\",\"width\":906,\"height\":509,\"caption\":\"Escudo do Real Madrid (Foto: Reprodu\u00e7\u00e3o)\"},{\"@type\":\"BreadcrumbList\",\"@id\":\"https:\/\/www.gaveanews.com\/index.php\/2025\/06\/02\/real-madrid-pode-perder-jogador-para-arabia-saudita\/#breadcrumb\",\"itemListElement\":[{\"@type\":\"ListItem\",\"position\":1,\"name\":\"Home\",\"item\":\"https:\/\/www.gaveanews.com\/\"},{\"@type\":\"ListItem\",\"position\":2,\"name\":\"Real Madrid pode perder jogador para Ar\u00e1bia Saudita\"}]},{\"@type\":\"WebSite\",\"@id\":\"https:\/\/www.gaveanews.com\/#website\",\"url\":\"https:\/\/www.gaveanews.com\/\",\"name\":\"G\u00e1vea News\",\"description\":\"Veja todas as not\u00edcias sobre o Flamengo: Contrata\u00e7\u00f5es, categorias de base, resultados das partidas, tabela de classifica\u00e7\u00e3o, pr\u00f3ximos jogos!\",\"potentialAction\":[{\"@type\":\"SearchAction\",\"target\":{\"@type\":\"EntryPoint\",\"urlTemplate\":\"https:\/\/www.gaveanews.com\/?s={search_term_string}\"},\"query-input\":{\"@type\":\"PropertyValueSpecification\",\"valueRequired\":true,\"valueName\":\"search_term_string\"}}],\"inLanguage\":\"pt-BR\"},{\"@type\":\"Person\",\"@id\":\"https:\/\/www.gaveanews.com\/#\/schema\/person\/3b19f7288b0ce20372991275e4f2e6c2\",\"name\":\"Ana Teixeira\",\"image\":{\"@type\":\"ImageObject\",\"inLanguage\":\"pt-BR\",\"@id\":\"https:\/\/www.gaveanews.com\/#\/schema\/person\/image\/\",\"url\":\"https:\/\/secure.gravatar.com\/avatar\/0a73f5a5258f3fed37fc2fa641892f3f7a4748456d4d4792f9bc550e6c19e06c?s=96&d=mm&r=g\",\"contentUrl\":\"https:\/\/secure.gravatar.com\/avatar\/0a73f5a5258f3fed37fc2fa641892f3f7a4748456d4d4792f9bc550e6c19e06c?s=96&d=mm&r=g\",\"caption\":\"Ana Teixeira\"}}]}<\/script>\n<!-- \/ Yoast SEO Premium plugin. -->","yoast_head_json":{"title":"Real Madrid pode perder jogador para Ar\u00e1bia Saudita","robots":{"index":"index","follow":"follow","max-snippet":"max-snippet:-1","max-image-preview":"max-image-preview:large","max-video-preview":"max-video-preview:-1"},"canonical":"https:\/\/www.gaveanews.com\/index.php\/2025\/06\/02\/real-madrid-pode-perder-jogador-para-arabia-saudita\/","og_locale":"pt_BR","og_type":"article","og_title":"Real Madrid pode perder jogador para Ar\u00e1bia Saudita","og_description":"O futuro de Antonio R\u00fcdiger, zagueiro do Real Madrid, voltou ao centro das aten\u00e7\u00f5es ap\u00f3s a circula\u00e7\u00e3o de uma imagem que o mostra em um jantar com Fernando Hierro, atual diretor esportivo do Al Nassr, e o intermedi\u00e1rio Fran Porras. A imagem, registrada em ambiente informal e publicada por Khaled Falajmi, intensificou os rumores de [&hellip;]","og_url":"https:\/\/www.gaveanews.com\/index.php\/2025\/06\/02\/real-madrid-pode-perder-jogador-para-arabia-saudita\/","og_site_name":"G\u00e1vea News","article_publisher":"https:\/\/facebook.com\/gaveaNews\/","article_published_time":"2025-06-02T15:50:00+00:00","og_image":[{"width":906,"height":509,"url":"https:\/\/www.gaveanews.com\/wp-content\/uploads\/real-madrid.webp","type":"image\/jpeg"}],"author":"Ana Teixeira","twitter_card":"summary_large_image","twitter_misc":{"Escrito por":"Ana Teixeira","Est. tempo de leitura":"3 minutos"},"schema":{"@context":"https:\/\/schema.org","@graph":[{"@type":"NewsArticle","@id":"https:\/\/www.gaveanews.com\/index.php\/2025\/06\/02\/real-madrid-pode-perder-jogador-para-arabia-saudita\/#article","isPartOf":{"@id":"https:\/\/www.gaveanews.com\/index.php\/2025\/06\/02\/real-madrid-pode-perder-jogador-para-arabia-saudita\/"},"author":{"name":"Ana Teixeira","@id":"https:\/\/www.gaveanews.com\/#\/schema\/person\/3b19f7288b0ce20372991275e4f2e6c2"},"headline":"Real Madrid pode perder jogador para Ar\u00e1bia Saudita","datePublished":"2025-06-02T15:50:00+00:00","mainEntityOfPage":{"@id":"https:\/\/www.gaveanews.com\/index.php\/2025\/06\/02\/real-madrid-pode-perder-jogador-para-arabia-saudita\/"},"wordCount":433,"commentCount":0,"image":{"@id":"https:\/\/www.gaveanews.com\/index.php\/2025\/06\/02\/real-madrid-pode-perder-jogador-para-arabia-saudita\/#primaryimage"},"thumbnailUrl":"https:\/\/www.gaveanews.com\/wp-content\/uploads\/real-madrid.webp","articleSection":["Al-Nassr","Futebol Internacional","Real Madrid","Saudi Pro League"],"inLanguage":"pt-BR","potentialAction":[{"@type":"CommentAction","name":"Comment","target":["https:\/\/www.gaveanews.com\/index.php\/2025\/06\/02\/real-madrid-pode-perder-jogador-para-arabia-saudita\/#respond"]}],"copyrightYear":"2025","copyrightHolder":{"@id":"https:\/\/www.gaveanews.com\/#organization"}},{"@type":"WebPage","@id":"https:\/\/www.gaveanews.com\/index.php\/2025\/06\/02\/real-madrid-pode-perder-jogador-para-arabia-saudita\/","url":"https:\/\/www.gaveanews.com\/index.php\/2025\/06\/02\/real-madrid-pode-perder-jogador-para-arabia-saudita\/","name":"Real Madrid pode perder jogador para Ar\u00e1bia Saudita","isPartOf":{"@id":"https:\/\/www.gaveanews.com\/#website"},"primaryImageOfPage":{"@id":"https:\/\/www.gaveanews.com\/index.php\/2025\/06\/02\/real-madrid-pode-perder-jogador-para-arabia-saudita\/#primaryimage"},"image":{"@id":"https:\/\/www.gaveanews.com\/index.php\/2025\/06\/02\/real-madrid-pode-perder-jogador-para-arabia-saudita\/#primaryimage"},"thumbnailUrl":"https:\/\/www.gaveanews.com\/wp-content\/uploads\/real-madrid.webp","datePublished":"2025-06-02T15:50:00+00:00","author":{"@id":"https:\/\/www.gaveanews.com\/#\/schema\/person\/3b19f7288b0ce20372991275e4f2e6c2"},"breadcrumb":{"@id":"https:\/\/www.gaveanews.com\/index.php\/2025\/06\/02\/real-madrid-pode-perder-jogador-para-arabia-saudita\/#breadcrumb"},"inLanguage":"pt-BR","potentialAction":[{"@type":"ReadAction","target":["https:\/\/www.gaveanews.com\/index.php\/2025\/06\/02\/real-madrid-pode-perder-jogador-para-arabia-saudita\/"]}]},{"@type":"ImageObject","inLanguage":"pt-BR","@id":"https:\/\/www.gaveanews.com\/index.php\/2025\/06\/02\/real-madrid-pode-perder-jogador-para-arabia-saudita\/#primaryimage","url":"https:\/\/www.gaveanews.com\/wp-content\/uploads\/real-madrid.webp","contentUrl":"https:\/\/www.gaveanews.com\/wp-content\/uploads\/real-madrid.webp","width":906,"height":509,"caption":"Escudo do Real Madrid (Foto: Reprodu\u00e7\u00e3o)"},{"@type":"BreadcrumbList","@id":"https:\/\/www.gaveanews.com\/index.php\/2025\/06\/02\/real-madrid-pode-perder-jogador-para-arabia-saudita\/#breadcrumb","itemListElement":[{"@type":"ListItem","position":1,"name":"Home","item":"https:\/\/www.gaveanews.com\/"},{"@type":"ListItem","position":2,"name":"Real Madrid pode perder jogador para Ar\u00e1bia Saudita"}]},{"@type":"WebSite","@id":"https:\/\/www.gaveanews.com\/#website","url":"https:\/\/www.gaveanews.com\/","name":"G\u00e1vea News","description":"Veja todas as not\u00edcias sobre o Flamengo: Contrata\u00e7\u00f5es, categorias de base, resultados das partidas, tabela de classifica\u00e7\u00e3o, pr\u00f3ximos jogos!","potentialAction":[{"@type":"SearchAction","target":{"@type":"EntryPoint","urlTemplate":"https:\/\/www.gaveanews.com\/?s={search_term_string}"},"query-input":{"@type":"PropertyValueSpecification","valueRequired":true,"valueName":"search_term_string"}}],"inLanguage":"pt-BR"},{"@type":"Person","@id":"https:\/\/www.gaveanews.com\/#\/schema\/person\/3b19f7288b0ce20372991275e4f2e6c2","name":"Ana Teixeira","image":{"@type":"ImageObject","inLanguage":"pt-BR","@id":"https:\/\/www.gaveanews.com\/#\/schema\/person\/image\/","url":"https:\/\/secure.gravatar.com\/avatar\/0a73f5a5258f3fed37fc2fa641892f3f7a4748456d4d4792f9bc550e6c19e06c?s=96&d=mm&r=g","contentUrl":"https:\/\/secure.gravatar.com\/avatar\/0a73f5a5258f3fed37fc2fa641892f3f7a4748456d4d4792f9bc550e6c19e06c?s=96&d=mm&r=g","caption":"Ana Teixeira"}}]}},"_links":{"self":[{"href":"https:\/\/www.gaveanews.com\/index.php\/wp-json\/wp\/v2\/posts\/268839","targetHints":{"allow":["GET"]}}],"collection":[{"href":"https:\/\/www.gaveanews.com\/index.php\/wp-json\/wp\/v2\/posts"}],"about":[{"href":"https:\/\/www.gaveanews.com\/index.php\/wp-json\/wp\/v2\/types\/post"}],"author":[{"embeddable":true,"href":"https:\/\/www.gaveanews.com\/index.php\/wp-json\/wp\/v2\/users\/30"}],"replies":[{"embeddable":true,"href":"https:\/\/www.gaveanews.com\/index.php\/wp-json\/wp\/v2\/comments?post=268839"}],"version-history":[{"count":1,"href":"https:\/\/www.gaveanews.com\/index.php\/wp-json\/wp\/v2\/posts\/268839\/revisions"}],"predecessor-version":[{"id":268853,"href":"https:\/\/www.gaveanews.com\/index.php\/wp-json\/wp\/v2\/posts\/268839\/revisions\/268853"}],"wp:featuredmedia":[{"embeddable":true,"href":"https:\/\/www.gaveanews.com\/index.php\/wp-json\/wp\/v2\/media\/120916"}],"wp:attachment":[{"href":"https:\/\/www.gaveanews.com\/index.php\/wp-json\/wp\/v2\/media?parent=268839"}],"wp:term":[{"taxonomy":"category","embeddable":true,"href":"https:\/\/www.gaveanews.com\/index.php\/wp-json\/wp\/v2\/categories?post=268839"},{"taxonomy":"post_tag","embeddable":true,"href":"https:\/\/www.gaveanews.com\/index.php\/wp-json\/wp\/v2\/tags?post=268839"}],"curies":[{"name":"wp","href":"https:\/\/api.w.org\/{rel}","templated":true}]}}