{"id":268840,"date":"2025-06-02T12:55:00","date_gmt":"2025-06-02T15:55:00","guid":{"rendered":"https:\/\/www.gaveanews.com\/?p=268840"},"modified":"2025-06-02T12:27:17","modified_gmt":"2025-06-02T15:27:17","slug":"expulsao-de-neymar-santos-x-botafogo-repercute-no-exterior","status":"publish","type":"post","link":"https:\/\/www.gaveanews.com\/index.php\/2025\/06\/02\/expulsao-de-neymar-santos-x-botafogo-repercute-no-exterior\/","title":{"rendered":"Expuls\u00e3o de Neymar Santos x Botafogo repercute no exterior"},"content":{"rendered":"\n<p>A derrota do Santos para o Botafogo por 1 a 0, no domingo (1\u00ba), em plena Vila Belmiro, ganhou destaque na imprensa internacional, sobretudo no jornal <em>AS<\/em>, da Espanha. A repercuss\u00e3o ultrapassou as fronteiras nacionais principalmente por causa da expuls\u00e3o de Neymar, que pode ter feito sua \u00faltima partida pelo clube onde foi revelado. <\/p>\n\n\n\n<p>O peri\u00f3dico espanhol destacou a falta de consist\u00eancia do camisa 10 desde sua volta ao futebol brasileiro, frisando que o jogador de 33 anos tem decepcionado com les\u00f5es, rendimento abaixo do esperado e, agora, um cart\u00e3o vermelho que compromete ainda mais sua imagem.<\/p>\n\n\n\n<p>Conforme an\u00e1lise publicada pelo <em>AS<\/em>, o atacante recebeu dois amarelos \u2014 o primeiro por uma entrada r\u00edspida e o segundo, considerado \u201cabsurdo\u201d pelo ve\u00edculo, por tentar empurrar a bola para o gol com a m\u00e3o. <\/p>\n\n\n\n<p>\u201cNeymar, vermelho e adeus\u201d foi o t\u00edtulo utilizado pelo jornal, que lamentou o encerramento possivelmente antecipado da passagem do jogador nesta nova passagem pelo time da Baixada.<\/p>\n\n\n\n<h3 class=\"wp-block-heading\" id=\"h-criticas-ao-desempenho-e-cenario-complicado-para-o-santos\">Cr\u00edticas ao desempenho e cen\u00e1rio complicado para o Santos<\/h3>\n\n\n\n<p>Ainda segundo o ve\u00edculo espanhol, o Santos vinha melhor na partida at\u00e9 a expuls\u00e3o de seu principal jogador, momento que teria mudado o rumo da disputa. Sem ele em campo, a equipe cedeu o gol da vit\u00f3ria para o Botafogo, marcado por Artur aos 40 minutos do segundo tempo. <\/p>\n\n\n\n<p>A derrota manteve o clube na zona de rebaixamento, com apenas duas vit\u00f3rias em 11 partidas no Campeonato Brasileiro.<\/p>\n\n\n\n<p>A cr\u00f4nica do <em>AS<\/em> ainda sublinhou que, mesmo com movimenta\u00e7\u00f5es mais incisivas durante o jogo, Neymar teve dificuldades em se impor fisicamente e nas disputas individuais. Seu desempenho foi descrito como inst\u00e1vel e ineficiente, ainda que tenha participado de boas jogadas ofensivas. <\/p>\n\n\n\n<h3 class=\"wp-block-heading\" id=\"h-expulsao-abre-espaco-para-presenca-em-evento-pessoal\">Expuls\u00e3o abre espa\u00e7o para presen\u00e7a em evento pessoal<\/h3>\n\n\n\n<p>Enquanto se aproxima o fim do contrato com o Santos, que expira no dia 30 de junho, o jogador n\u00e3o poder\u00e1 atuar diante do Fortaleza, no Castel\u00e3o, no dia 12 \u2014 confronto que, em tese, marcaria sua despedida oficial. A suspens\u00e3o permite que Neymar se ausente da \u00faltima rodada antes da pausa para a Copa do Mundo de Clubes. <\/p>\n\n\n\n<p>Coincidentemente, o Mundial da Kings League, torneio organizado por Gerard Piqu\u00e9 e que contar\u00e1 com a participa\u00e7\u00e3o da equipe F\u00faria, da qual o atacante \u00e9 \u201cpresidente\u201d, acontecer\u00e1 em Paris nos mesmos dias.<\/p>\n\n\n\n<p>A estreia da F\u00faria ocorreu justamente no mesmo final de semana da expuls\u00e3o, com vit\u00f3ria sobre o Kunisports. A competi\u00e7\u00e3o seguir\u00e1 at\u00e9 o dia 14 de junho, com fases eliminat\u00f3rias concentradas na semana seguinte, per\u00edodo no qual Neymar ter\u00e1 \u201cagenda livre\u201d.<\/p>\n\n\n\n<h3 class=\"wp-block-heading\" id=\"h-pronunciamento-do-jogador-e-criticas-a-arbitragem\">Pronunciamento do jogador e cr\u00edticas \u00e0 arbitragem<\/h3>\n\n\n\n<p>Ap\u00f3s o ocorrido, o pr\u00f3prio atleta se manifestou nas redes sociais. \u201cO desespero de fazer o gol \u00e0s vezes nos faz cometer erros&#8230; Quero pedir perd\u00e3o aos meus companheiros e tamb\u00e9m aos torcedores!\u201d, escreveu. <\/p>\n\n\n\n<p>Em seguida, criticou duramente a arbitragem de Davi de Oliveira Lacerda. Embora tenha reconhecido o erro ao usar a m\u00e3o no lance que gerou o segundo cart\u00e3o, ele n\u00e3o concordou com a primeira advert\u00eancia sofrida ainda no primeiro tempo.<\/p>\n\n\n\n<p>Ali\u00e1s, o comportamento do atacante chamou a aten\u00e7\u00e3o por seu tom emocional, refor\u00e7ando a possibilidade de uma despedida n\u00e3o planejada. A frustra\u00e7\u00e3o do atleta tamb\u00e9m foi interpretada por parte da imprensa internacional como um reflexo do momento dif\u00edcil vivido no clube.<\/p>\n\n\n\n<h3 class=\"wp-block-heading\" id=\"h-fim-de-ciclo-a-vista\">Fim de ciclo \u00e0 vista?<\/h3>\n\n\n\n<p>Com o contrato prestes a terminar e sem renova\u00e7\u00e3o oficializada, Neymar pode ter encerrado sua trajet\u00f3ria recente pelo Santos de forma precipitada. A decis\u00e3o sobre seu futuro permanece em aberto. O clube n\u00e3o se manifestou formalmente sobre a continuidade do v\u00ednculo at\u00e9 o momento.<\/p>\n","protected":false},"excerpt":{"rendered":"<p>A derrota do Santos para o Botafogo por 1 a 0, no domingo (1\u00ba), em plena Vila Belmiro, ganhou destaque na imprensa internacional, sobretudo no jornal AS, da Espanha. A repercuss\u00e3o ultrapassou as fronteiras nacionais principalmente por causa da expuls\u00e3o de Neymar, que pode ter feito sua \u00faltima partida pelo clube onde foi revelado. O [&hellip;]<\/p>\n","protected":false},"author":30,"featured_media":268843,"comment_status":"open","ping_status":"closed","sticky":false,"template":"","format":"standard","meta":{"footnotes":""},"categories":[138,133,78,139],"tags":[],"class_list":["post-268840","post","type-post","status-publish","format-standard","has-post-thumbnail","hentry","category-botafogo","category-brasileirao","category-futebol-internacional","category-santos"],"yoast_head":"<!-- This site is optimized with the Yoast SEO Premium plugin v24.2 (Yoast SEO v26.9) - https:\/\/yoast.com\/product\/yoast-seo-premium-wordpress\/ -->\n<title>Expuls\u00e3o de Neymar Santos x Botafogo repercute no exterior<\/title>\n<meta name=\"robots\" content=\"index, follow, max-snippet:-1, max-image-preview:large, max-video-preview:-1\" \/>\n<link rel=\"canonical\" href=\"https:\/\/www.gaveanews.com\/index.php\/2025\/06\/02\/expulsao-de-neymar-santos-x-botafogo-repercute-no-exterior\/\" \/>\n<meta property=\"og:locale\" content=\"pt_BR\" \/>\n<meta property=\"og:type\" content=\"article\" \/>\n<meta property=\"og:title\" content=\"Expuls\u00e3o de Neymar Santos x Botafogo repercute no exterior\" \/>\n<meta property=\"og:description\" content=\"A derrota do Santos para o Botafogo por 1 a 0, no domingo (1\u00ba), em plena Vila Belmiro, ganhou destaque na imprensa internacional, sobretudo no jornal AS, da Espanha. A repercuss\u00e3o ultrapassou as fronteiras nacionais principalmente por causa da expuls\u00e3o de Neymar, que pode ter feito sua \u00faltima partida pelo clube onde foi revelado. O [&hellip;]\" \/>\n<meta property=\"og:url\" content=\"https:\/\/www.gaveanews.com\/index.php\/2025\/06\/02\/expulsao-de-neymar-santos-x-botafogo-repercute-no-exterior\/\" \/>\n<meta property=\"og:site_name\" content=\"G\u00e1vea News\" \/>\n<meta property=\"article:publisher\" content=\"https:\/\/facebook.com\/gaveaNews\/\" \/>\n<meta property=\"article:published_time\" content=\"2025-06-02T15:55:00+00:00\" \/>\n<meta property=\"og:image\" content=\"https:\/\/www.gaveanews.com\/wp-content\/uploads\/Neymar-e-expulso-em-derrota-do-Santos-para-o-Botafogo-pelo-Brasileirao.webp\" \/>\n\t<meta property=\"og:image:width\" content=\"1200\" \/>\n\t<meta property=\"og:image:height\" content=\"900\" \/>\n\t<meta property=\"og:image:type\" content=\"image\/webp\" \/>\n<meta name=\"author\" content=\"Ana Teixeira\" \/>\n<meta name=\"twitter:card\" content=\"summary_large_image\" \/>\n<meta name=\"twitter:label1\" content=\"Escrito por\" \/>\n\t<meta name=\"twitter:data1\" content=\"Ana Teixeira\" \/>\n\t<meta name=\"twitter:label2\" content=\"Est. tempo de leitura\" \/>\n\t<meta name=\"twitter:data2\" content=\"4 minutos\" \/>\n<script type=\"application\/ld+json\" class=\"yoast-schema-graph\">{\"@context\":\"https:\/\/schema.org\",\"@graph\":[{\"@type\":\"NewsArticle\",\"@id\":\"https:\/\/www.gaveanews.com\/index.php\/2025\/06\/02\/expulsao-de-neymar-santos-x-botafogo-repercute-no-exterior\/#article\",\"isPartOf\":{\"@id\":\"https:\/\/www.gaveanews.com\/index.php\/2025\/06\/02\/expulsao-de-neymar-santos-x-botafogo-repercute-no-exterior\/\"},\"author\":{\"name\":\"Ana Teixeira\",\"@id\":\"https:\/\/www.gaveanews.com\/#\/schema\/person\/3b19f7288b0ce20372991275e4f2e6c2\"},\"headline\":\"Expuls\u00e3o de Neymar Santos x Botafogo repercute no exterior\",\"datePublished\":\"2025-06-02T15:55:00+00:00\",\"mainEntityOfPage\":{\"@id\":\"https:\/\/www.gaveanews.com\/index.php\/2025\/06\/02\/expulsao-de-neymar-santos-x-botafogo-repercute-no-exterior\/\"},\"wordCount\":638,\"commentCount\":0,\"image\":{\"@id\":\"https:\/\/www.gaveanews.com\/index.php\/2025\/06\/02\/expulsao-de-neymar-santos-x-botafogo-repercute-no-exterior\/#primaryimage\"},\"thumbnailUrl\":\"https:\/\/www.gaveanews.com\/wp-content\/uploads\/Neymar-e-expulso-em-derrota-do-Santos-para-o-Botafogo-pelo-Brasileirao.webp\",\"articleSection\":[\"Botafogo\",\"Brasileir\u00e3o\",\"Futebol Internacional\",\"Santos\"],\"inLanguage\":\"pt-BR\",\"potentialAction\":[{\"@type\":\"CommentAction\",\"name\":\"Comment\",\"target\":[\"https:\/\/www.gaveanews.com\/index.php\/2025\/06\/02\/expulsao-de-neymar-santos-x-botafogo-repercute-no-exterior\/#respond\"]}],\"copyrightYear\":\"2025\",\"copyrightHolder\":{\"@id\":\"https:\/\/www.gaveanews.com\/#organization\"}},{\"@type\":\"WebPage\",\"@id\":\"https:\/\/www.gaveanews.com\/index.php\/2025\/06\/02\/expulsao-de-neymar-santos-x-botafogo-repercute-no-exterior\/\",\"url\":\"https:\/\/www.gaveanews.com\/index.php\/2025\/06\/02\/expulsao-de-neymar-santos-x-botafogo-repercute-no-exterior\/\",\"name\":\"Expuls\u00e3o de Neymar Santos x Botafogo repercute no exterior\",\"isPartOf\":{\"@id\":\"https:\/\/www.gaveanews.com\/#website\"},\"primaryImageOfPage\":{\"@id\":\"https:\/\/www.gaveanews.com\/index.php\/2025\/06\/02\/expulsao-de-neymar-santos-x-botafogo-repercute-no-exterior\/#primaryimage\"},\"image\":{\"@id\":\"https:\/\/www.gaveanews.com\/index.php\/2025\/06\/02\/expulsao-de-neymar-santos-x-botafogo-repercute-no-exterior\/#primaryimage\"},\"thumbnailUrl\":\"https:\/\/www.gaveanews.com\/wp-content\/uploads\/Neymar-e-expulso-em-derrota-do-Santos-para-o-Botafogo-pelo-Brasileirao.webp\",\"datePublished\":\"2025-06-02T15:55:00+00:00\",\"author\":{\"@id\":\"https:\/\/www.gaveanews.com\/#\/schema\/person\/3b19f7288b0ce20372991275e4f2e6c2\"},\"breadcrumb\":{\"@id\":\"https:\/\/www.gaveanews.com\/index.php\/2025\/06\/02\/expulsao-de-neymar-santos-x-botafogo-repercute-no-exterior\/#breadcrumb\"},\"inLanguage\":\"pt-BR\",\"potentialAction\":[{\"@type\":\"ReadAction\",\"target\":[\"https:\/\/www.gaveanews.com\/index.php\/2025\/06\/02\/expulsao-de-neymar-santos-x-botafogo-repercute-no-exterior\/\"]}]},{\"@type\":\"ImageObject\",\"inLanguage\":\"pt-BR\",\"@id\":\"https:\/\/www.gaveanews.com\/index.php\/2025\/06\/02\/expulsao-de-neymar-santos-x-botafogo-repercute-no-exterior\/#primaryimage\",\"url\":\"https:\/\/www.gaveanews.com\/wp-content\/uploads\/Neymar-e-expulso-em-derrota-do-Santos-para-o-Botafogo-pelo-Brasileirao.webp\",\"contentUrl\":\"https:\/\/www.gaveanews.com\/wp-content\/uploads\/Neymar-e-expulso-em-derrota-do-Santos-para-o-Botafogo-pelo-Brasileirao.webp\",\"width\":1200,\"height\":900},{\"@type\":\"BreadcrumbList\",\"@id\":\"https:\/\/www.gaveanews.com\/index.php\/2025\/06\/02\/expulsao-de-neymar-santos-x-botafogo-repercute-no-exterior\/#breadcrumb\",\"itemListElement\":[{\"@type\":\"ListItem\",\"position\":1,\"name\":\"Home\",\"item\":\"https:\/\/www.gaveanews.com\/\"},{\"@type\":\"ListItem\",\"position\":2,\"name\":\"Expuls\u00e3o de Neymar Santos x Botafogo repercute no exterior\"}]},{\"@type\":\"WebSite\",\"@id\":\"https:\/\/www.gaveanews.com\/#website\",\"url\":\"https:\/\/www.gaveanews.com\/\",\"name\":\"G\u00e1vea News\",\"description\":\"Veja todas as not\u00edcias sobre o Flamengo: Contrata\u00e7\u00f5es, categorias de base, resultados das partidas, tabela de classifica\u00e7\u00e3o, pr\u00f3ximos jogos!\",\"potentialAction\":[{\"@type\":\"SearchAction\",\"target\":{\"@type\":\"EntryPoint\",\"urlTemplate\":\"https:\/\/www.gaveanews.com\/?s={search_term_string}\"},\"query-input\":{\"@type\":\"PropertyValueSpecification\",\"valueRequired\":true,\"valueName\":\"search_term_string\"}}],\"inLanguage\":\"pt-BR\"},{\"@type\":\"Person\",\"@id\":\"https:\/\/www.gaveanews.com\/#\/schema\/person\/3b19f7288b0ce20372991275e4f2e6c2\",\"name\":\"Ana Teixeira\",\"image\":{\"@type\":\"ImageObject\",\"inLanguage\":\"pt-BR\",\"@id\":\"https:\/\/www.gaveanews.com\/#\/schema\/person\/image\/\",\"url\":\"https:\/\/secure.gravatar.com\/avatar\/0a73f5a5258f3fed37fc2fa641892f3f7a4748456d4d4792f9bc550e6c19e06c?s=96&d=mm&r=g\",\"contentUrl\":\"https:\/\/secure.gravatar.com\/avatar\/0a73f5a5258f3fed37fc2fa641892f3f7a4748456d4d4792f9bc550e6c19e06c?s=96&d=mm&r=g\",\"caption\":\"Ana Teixeira\"}}]}<\/script>\n<!-- \/ Yoast SEO Premium plugin. -->","yoast_head_json":{"title":"Expuls\u00e3o de Neymar Santos x Botafogo repercute no exterior","robots":{"index":"index","follow":"follow","max-snippet":"max-snippet:-1","max-image-preview":"max-image-preview:large","max-video-preview":"max-video-preview:-1"},"canonical":"https:\/\/www.gaveanews.com\/index.php\/2025\/06\/02\/expulsao-de-neymar-santos-x-botafogo-repercute-no-exterior\/","og_locale":"pt_BR","og_type":"article","og_title":"Expuls\u00e3o de Neymar Santos x Botafogo repercute no exterior","og_description":"A derrota do Santos para o Botafogo por 1 a 0, no domingo (1\u00ba), em plena Vila Belmiro, ganhou destaque na imprensa internacional, sobretudo no jornal AS, da Espanha. A repercuss\u00e3o ultrapassou as fronteiras nacionais principalmente por causa da expuls\u00e3o de Neymar, que pode ter feito sua \u00faltima partida pelo clube onde foi revelado. O [&hellip;]","og_url":"https:\/\/www.gaveanews.com\/index.php\/2025\/06\/02\/expulsao-de-neymar-santos-x-botafogo-repercute-no-exterior\/","og_site_name":"G\u00e1vea News","article_publisher":"https:\/\/facebook.com\/gaveaNews\/","article_published_time":"2025-06-02T15:55:00+00:00","og_image":[{"width":1200,"height":900,"url":"https:\/\/www.gaveanews.com\/wp-content\/uploads\/Neymar-e-expulso-em-derrota-do-Santos-para-o-Botafogo-pelo-Brasileirao.webp","type":"image\/webp"}],"author":"Ana Teixeira","twitter_card":"summary_large_image","twitter_misc":{"Escrito por":"Ana Teixeira","Est. tempo de leitura":"4 minutos"},"schema":{"@context":"https:\/\/schema.org","@graph":[{"@type":"NewsArticle","@id":"https:\/\/www.gaveanews.com\/index.php\/2025\/06\/02\/expulsao-de-neymar-santos-x-botafogo-repercute-no-exterior\/#article","isPartOf":{"@id":"https:\/\/www.gaveanews.com\/index.php\/2025\/06\/02\/expulsao-de-neymar-santos-x-botafogo-repercute-no-exterior\/"},"author":{"name":"Ana Teixeira","@id":"https:\/\/www.gaveanews.com\/#\/schema\/person\/3b19f7288b0ce20372991275e4f2e6c2"},"headline":"Expuls\u00e3o de Neymar Santos x Botafogo repercute no exterior","datePublished":"2025-06-02T15:55:00+00:00","mainEntityOfPage":{"@id":"https:\/\/www.gaveanews.com\/index.php\/2025\/06\/02\/expulsao-de-neymar-santos-x-botafogo-repercute-no-exterior\/"},"wordCount":638,"commentCount":0,"image":{"@id":"https:\/\/www.gaveanews.com\/index.php\/2025\/06\/02\/expulsao-de-neymar-santos-x-botafogo-repercute-no-exterior\/#primaryimage"},"thumbnailUrl":"https:\/\/www.gaveanews.com\/wp-content\/uploads\/Neymar-e-expulso-em-derrota-do-Santos-para-o-Botafogo-pelo-Brasileirao.webp","articleSection":["Botafogo","Brasileir\u00e3o","Futebol Internacional","Santos"],"inLanguage":"pt-BR","potentialAction":[{"@type":"CommentAction","name":"Comment","target":["https:\/\/www.gaveanews.com\/index.php\/2025\/06\/02\/expulsao-de-neymar-santos-x-botafogo-repercute-no-exterior\/#respond"]}],"copyrightYear":"2025","copyrightHolder":{"@id":"https:\/\/www.gaveanews.com\/#organization"}},{"@type":"WebPage","@id":"https:\/\/www.gaveanews.com\/index.php\/2025\/06\/02\/expulsao-de-neymar-santos-x-botafogo-repercute-no-exterior\/","url":"https:\/\/www.gaveanews.com\/index.php\/2025\/06\/02\/expulsao-de-neymar-santos-x-botafogo-repercute-no-exterior\/","name":"Expuls\u00e3o de Neymar Santos x Botafogo repercute no exterior","isPartOf":{"@id":"https:\/\/www.gaveanews.com\/#website"},"primaryImageOfPage":{"@id":"https:\/\/www.gaveanews.com\/index.php\/2025\/06\/02\/expulsao-de-neymar-santos-x-botafogo-repercute-no-exterior\/#primaryimage"},"image":{"@id":"https:\/\/www.gaveanews.com\/index.php\/2025\/06\/02\/expulsao-de-neymar-santos-x-botafogo-repercute-no-exterior\/#primaryimage"},"thumbnailUrl":"https:\/\/www.gaveanews.com\/wp-content\/uploads\/Neymar-e-expulso-em-derrota-do-Santos-para-o-Botafogo-pelo-Brasileirao.webp","datePublished":"2025-06-02T15:55:00+00:00","author":{"@id":"https:\/\/www.gaveanews.com\/#\/schema\/person\/3b19f7288b0ce20372991275e4f2e6c2"},"breadcrumb":{"@id":"https:\/\/www.gaveanews.com\/index.php\/2025\/06\/02\/expulsao-de-neymar-santos-x-botafogo-repercute-no-exterior\/#breadcrumb"},"inLanguage":"pt-BR","potentialAction":[{"@type":"ReadAction","target":["https:\/\/www.gaveanews.com\/index.php\/2025\/06\/02\/expulsao-de-neymar-santos-x-botafogo-repercute-no-exterior\/"]}]},{"@type":"ImageObject","inLanguage":"pt-BR","@id":"https:\/\/www.gaveanews.com\/index.php\/2025\/06\/02\/expulsao-de-neymar-santos-x-botafogo-repercute-no-exterior\/#primaryimage","url":"https:\/\/www.gaveanews.com\/wp-content\/uploads\/Neymar-e-expulso-em-derrota-do-Santos-para-o-Botafogo-pelo-Brasileirao.webp","contentUrl":"https:\/\/www.gaveanews.com\/wp-content\/uploads\/Neymar-e-expulso-em-derrota-do-Santos-para-o-Botafogo-pelo-Brasileirao.webp","width":1200,"height":900},{"@type":"BreadcrumbList","@id":"https:\/\/www.gaveanews.com\/index.php\/2025\/06\/02\/expulsao-de-neymar-santos-x-botafogo-repercute-no-exterior\/#breadcrumb","itemListElement":[{"@type":"ListItem","position":1,"name":"Home","item":"https:\/\/www.gaveanews.com\/"},{"@type":"ListItem","position":2,"name":"Expuls\u00e3o de Neymar Santos x Botafogo repercute no exterior"}]},{"@type":"WebSite","@id":"https:\/\/www.gaveanews.com\/#website","url":"https:\/\/www.gaveanews.com\/","name":"G\u00e1vea News","description":"Veja todas as not\u00edcias sobre o Flamengo: Contrata\u00e7\u00f5es, categorias de base, resultados das partidas, tabela de classifica\u00e7\u00e3o, pr\u00f3ximos jogos!","potentialAction":[{"@type":"SearchAction","target":{"@type":"EntryPoint","urlTemplate":"https:\/\/www.gaveanews.com\/?s={search_term_string}"},"query-input":{"@type":"PropertyValueSpecification","valueRequired":true,"valueName":"search_term_string"}}],"inLanguage":"pt-BR"},{"@type":"Person","@id":"https:\/\/www.gaveanews.com\/#\/schema\/person\/3b19f7288b0ce20372991275e4f2e6c2","name":"Ana Teixeira","image":{"@type":"ImageObject","inLanguage":"pt-BR","@id":"https:\/\/www.gaveanews.com\/#\/schema\/person\/image\/","url":"https:\/\/secure.gravatar.com\/avatar\/0a73f5a5258f3fed37fc2fa641892f3f7a4748456d4d4792f9bc550e6c19e06c?s=96&d=mm&r=g","contentUrl":"https:\/\/secure.gravatar.com\/avatar\/0a73f5a5258f3fed37fc2fa641892f3f7a4748456d4d4792f9bc550e6c19e06c?s=96&d=mm&r=g","caption":"Ana Teixeira"}}]}},"_links":{"self":[{"href":"https:\/\/www.gaveanews.com\/index.php\/wp-json\/wp\/v2\/posts\/268840","targetHints":{"allow":["GET"]}}],"collection":[{"href":"https:\/\/www.gaveanews.com\/index.php\/wp-json\/wp\/v2\/posts"}],"about":[{"href":"https:\/\/www.gaveanews.com\/index.php\/wp-json\/wp\/v2\/types\/post"}],"author":[{"embeddable":true,"href":"https:\/\/www.gaveanews.com\/index.php\/wp-json\/wp\/v2\/users\/30"}],"replies":[{"embeddable":true,"href":"https:\/\/www.gaveanews.com\/index.php\/wp-json\/wp\/v2\/comments?post=268840"}],"version-history":[{"count":1,"href":"https:\/\/www.gaveanews.com\/index.php\/wp-json\/wp\/v2\/posts\/268840\/revisions"}],"predecessor-version":[{"id":268856,"href":"https:\/\/www.gaveanews.com\/index.php\/wp-json\/wp\/v2\/posts\/268840\/revisions\/268856"}],"wp:featuredmedia":[{"embeddable":true,"href":"https:\/\/www.gaveanews.com\/index.php\/wp-json\/wp\/v2\/media\/268843"}],"wp:attachment":[{"href":"https:\/\/www.gaveanews.com\/index.php\/wp-json\/wp\/v2\/media?parent=268840"}],"wp:term":[{"taxonomy":"category","embeddable":true,"href":"https:\/\/www.gaveanews.com\/index.php\/wp-json\/wp\/v2\/categories?post=268840"},{"taxonomy":"post_tag","embeddable":true,"href":"https:\/\/www.gaveanews.com\/index.php\/wp-json\/wp\/v2\/tags?post=268840"}],"curies":[{"name":"wp","href":"https:\/\/api.w.org\/{rel}","templated":true}]}}