{"id":268842,"date":"2025-06-02T13:10:00","date_gmt":"2025-06-02T16:10:00","guid":{"rendered":"https:\/\/www.gaveanews.com\/?p=268842"},"modified":"2025-06-02T12:24:50","modified_gmt":"2025-06-02T15:24:50","slug":"a-declaracao-de-raul-plasmann-sobre-o-desempenho-do-flamengo-no-mundial","status":"publish","type":"post","link":"https:\/\/www.gaveanews.com\/index.php\/2025\/06\/02\/a-declaracao-de-raul-plasmann-sobre-o-desempenho-do-flamengo-no-mundial\/","title":{"rendered":"A declara\u00e7\u00e3o de Raul Plasmann sobre o desempenho do Flamengo no Mundial"},"content":{"rendered":"\n<p>Em meio a uma emocionante celebra\u00e7\u00e3o da conquista mundial de 1981, promovida pela torcida organizada Urubuzada no Maracan\u00e3, um dos maiores \u00eddolos da hist\u00f3ria do Flamengo voltou aos holofotes. <\/p>\n\n\n\n<p>Raul Plasmann, goleiro campe\u00e3o mundial com o clube, participou do evento e concedeu uma entrevista ao portal <em>Coluna do Fla<\/em>, projetando o desempenho do Rubro-Negro no novo formato do Mundial de Clubes de 2025. Segundo o ex-arqueiro, o torneio atual apresenta caracter\u00edsticas bem diferentes das vers\u00f5es anteriores. <\/p>\n\n\n\n<p>&#8220;Bom, esse Mundial \u00e9 diferente de todos. Teve o meu, o nosso, l\u00e1 em T\u00f3quio, que era decidido em jogo \u00fanico. Tamb\u00e9m joguei um Mundial com partidas de ida e volta. [&#8230;] Esse formato atual segue a f\u00f3rmula do Campeonato Mundial de Sele\u00e7\u00f5es&#8221;, destacou Raul.<\/p>\n\n\n\n<h2 class=\"wp-block-heading\" id=\"h-novo-formato-e-traicoeiro-mas-raul-aposta-na-forca-do-flamengo\">Novo formato \u00e9 trai\u00e7oeiro, mas Raul aposta na for\u00e7a do Flamengo<\/h2>\n\n\n\n<p>O ex-goleiro explicou que o atual modelo, por ser um torneio com v\u00e1rias equipes e fases curtas, pode surpreender at\u00e9 mesmo os favoritos. <\/p>\n\n\n\n<p>\u201cEsse Mundial oferece muitas chances para clubes que n\u00e3o t\u00eam tanta capacidade e, ao mesmo tempo, tira muito de quem tem. N\u00e3o estou dizendo que \u00e9 uma loteria, porque n\u00e3o d\u00e1 para cravar\u201d, afirmou.<\/p>\n\n\n\n<p>Vale destacar que Raul encerrou a declara\u00e7\u00e3o com confian\u00e7a na for\u00e7a do Flamengo: \u201cVou deixar um pouco o cora\u00e7\u00e3o de lado, para ser mais preciso, se o Flamengo for campe\u00e3o mundial, n\u00e3o vai me surpreender\u201d.<\/p>\n\n\n\n<p>Al\u00e9m disso, cabe ressaltar que Raul acompanha o cen\u00e1rio do futebol mundial desde a d\u00e9cada de 60. Por isso, sua vis\u00e3o cr\u00edtica sobre os diferentes formatos refor\u00e7a a complexidade do torneio.<\/p>\n\n\n\n<h2 class=\"wp-block-heading\" id=\"h-a-trajetoria-vitoriosa-de-raul-plasmann\">A trajet\u00f3ria vitoriosa de Raul Plasmann<\/h2>\n\n\n\n<p>Raul Plasmann vestiu a camisa do Flamengo entre 1978 e 1983 e fez hist\u00f3ria. Campe\u00e3o da Libertadores e do Mundial em 1981, tamb\u00e9m conquistou dois Brasileiros (1980 e 1982) e tr\u00eas Cariocas (1978, 1979 e 1981). Sendo assim, \u00e9 reverenciado como um dos maiores da posi\u00e7\u00e3o no clube.<\/p>\n\n\n\n<h2 class=\"wp-block-heading\" id=\"h-flamengo-se-prepara-para-a-estreia-no-mundial\">Flamengo se prepara para a estreia no Mundial<\/h2>\n\n\n\n<p>O Flamengo est\u00e1 no Grupo D do Mundial de Clubes e estreia no dia 16 de junho contra o Esp\u00e9rance de Tunis, \u00e0s 22h (de Bras\u00edlia), no Lincoln Financial Field. Quatro dias depois, enfrenta o Chelsea, e encerra a fase de grupos contra o Los Angeles FC no dia 24.<\/p>\n\n\n\n<p>Com isso, a expectativa \u00e9 alta porque o elenco rubro-negro vem se preparando para enfrentar grandes desafios. Por que n\u00e3o sonhar com mais uma conquista mundial?<\/p>\n","protected":false},"excerpt":{"rendered":"<p>Em meio a uma emocionante celebra\u00e7\u00e3o da conquista mundial de 1981, promovida pela torcida organizada Urubuzada no Maracan\u00e3, um dos maiores \u00eddolos da hist\u00f3ria do Flamengo voltou aos holofotes. Raul Plasmann, goleiro campe\u00e3o mundial com o clube, participou do evento e concedeu uma entrevista ao portal Coluna do Fla, projetando o desempenho do Rubro-Negro no [&hellip;]<\/p>\n","protected":false},"author":24,"featured_media":124684,"comment_status":"open","ping_status":"closed","sticky":false,"template":"","format":"standard","meta":{"footnotes":""},"categories":[1],"tags":[],"class_list":["post-268842","post","type-post","status-publish","format-standard","has-post-thumbnail","hentry","category-flamengo"],"yoast_head":"<!-- This site is optimized with the Yoast SEO Premium plugin v24.2 (Yoast SEO v26.9) - https:\/\/yoast.com\/product\/yoast-seo-premium-wordpress\/ -->\n<title>A declara\u00e7\u00e3o de Raul Plasmann sobre o desempenho do Flamengo no Mundial<\/title>\n<meta name=\"robots\" content=\"index, follow, max-snippet:-1, max-image-preview:large, max-video-preview:-1\" \/>\n<link rel=\"canonical\" href=\"https:\/\/www.gaveanews.com\/index.php\/2025\/06\/02\/a-declaracao-de-raul-plasmann-sobre-o-desempenho-do-flamengo-no-mundial\/\" \/>\n<meta property=\"og:locale\" content=\"pt_BR\" \/>\n<meta property=\"og:type\" content=\"article\" \/>\n<meta property=\"og:title\" content=\"A declara\u00e7\u00e3o de Raul Plasmann sobre o desempenho do Flamengo no Mundial\" \/>\n<meta property=\"og:description\" content=\"Em meio a uma emocionante celebra\u00e7\u00e3o da conquista mundial de 1981, promovida pela torcida organizada Urubuzada no Maracan\u00e3, um dos maiores \u00eddolos da hist\u00f3ria do Flamengo voltou aos holofotes. Raul Plasmann, goleiro campe\u00e3o mundial com o clube, participou do evento e concedeu uma entrevista ao portal Coluna do Fla, projetando o desempenho do Rubro-Negro no [&hellip;]\" \/>\n<meta property=\"og:url\" content=\"https:\/\/www.gaveanews.com\/index.php\/2025\/06\/02\/a-declaracao-de-raul-plasmann-sobre-o-desempenho-do-flamengo-no-mundial\/\" \/>\n<meta property=\"og:site_name\" content=\"G\u00e1vea News\" \/>\n<meta property=\"article:publisher\" content=\"https:\/\/facebook.com\/gaveaNews\/\" \/>\n<meta property=\"article:published_time\" content=\"2025-06-02T16:10:00+00:00\" \/>\n<meta property=\"og:image\" content=\"https:\/\/www.gaveanews.com\/wp-content\/uploads\/escudoDoFlamengo.webp\" \/>\n\t<meta property=\"og:image:width\" content=\"1095\" \/>\n\t<meta property=\"og:image:height\" content=\"730\" \/>\n\t<meta property=\"og:image:type\" content=\"image\/webp\" \/>\n<meta name=\"author\" content=\"Leandro Cardoso\" \/>\n<meta name=\"twitter:card\" content=\"summary_large_image\" \/>\n<meta name=\"twitter:label1\" content=\"Escrito por\" \/>\n\t<meta name=\"twitter:data1\" content=\"Leandro Cardoso\" \/>\n\t<meta name=\"twitter:label2\" content=\"Est. tempo de leitura\" \/>\n\t<meta name=\"twitter:data2\" content=\"3 minutos\" \/>\n<script type=\"application\/ld+json\" class=\"yoast-schema-graph\">{\"@context\":\"https:\/\/schema.org\",\"@graph\":[{\"@type\":\"NewsArticle\",\"@id\":\"https:\/\/www.gaveanews.com\/index.php\/2025\/06\/02\/a-declaracao-de-raul-plasmann-sobre-o-desempenho-do-flamengo-no-mundial\/#article\",\"isPartOf\":{\"@id\":\"https:\/\/www.gaveanews.com\/index.php\/2025\/06\/02\/a-declaracao-de-raul-plasmann-sobre-o-desempenho-do-flamengo-no-mundial\/\"},\"author\":{\"name\":\"Leandro Cardoso\",\"@id\":\"https:\/\/www.gaveanews.com\/#\/schema\/person\/2424ec6409bc3f068411fc5e4e9b6168\"},\"headline\":\"A declara\u00e7\u00e3o de Raul Plasmann sobre o desempenho do Flamengo no Mundial\",\"datePublished\":\"2025-06-02T16:10:00+00:00\",\"mainEntityOfPage\":{\"@id\":\"https:\/\/www.gaveanews.com\/index.php\/2025\/06\/02\/a-declaracao-de-raul-plasmann-sobre-o-desempenho-do-flamengo-no-mundial\/\"},\"wordCount\":424,\"commentCount\":0,\"image\":{\"@id\":\"https:\/\/www.gaveanews.com\/index.php\/2025\/06\/02\/a-declaracao-de-raul-plasmann-sobre-o-desempenho-do-flamengo-no-mundial\/#primaryimage\"},\"thumbnailUrl\":\"https:\/\/www.gaveanews.com\/wp-content\/uploads\/escudoDoFlamengo.webp\",\"articleSection\":[\"Flamengo\"],\"inLanguage\":\"pt-BR\",\"potentialAction\":[{\"@type\":\"CommentAction\",\"name\":\"Comment\",\"target\":[\"https:\/\/www.gaveanews.com\/index.php\/2025\/06\/02\/a-declaracao-de-raul-plasmann-sobre-o-desempenho-do-flamengo-no-mundial\/#respond\"]}],\"copyrightYear\":\"2025\",\"copyrightHolder\":{\"@id\":\"https:\/\/www.gaveanews.com\/#organization\"}},{\"@type\":\"WebPage\",\"@id\":\"https:\/\/www.gaveanews.com\/index.php\/2025\/06\/02\/a-declaracao-de-raul-plasmann-sobre-o-desempenho-do-flamengo-no-mundial\/\",\"url\":\"https:\/\/www.gaveanews.com\/index.php\/2025\/06\/02\/a-declaracao-de-raul-plasmann-sobre-o-desempenho-do-flamengo-no-mundial\/\",\"name\":\"A declara\u00e7\u00e3o de Raul Plasmann sobre o desempenho do Flamengo no Mundial\",\"isPartOf\":{\"@id\":\"https:\/\/www.gaveanews.com\/#website\"},\"primaryImageOfPage\":{\"@id\":\"https:\/\/www.gaveanews.com\/index.php\/2025\/06\/02\/a-declaracao-de-raul-plasmann-sobre-o-desempenho-do-flamengo-no-mundial\/#primaryimage\"},\"image\":{\"@id\":\"https:\/\/www.gaveanews.com\/index.php\/2025\/06\/02\/a-declaracao-de-raul-plasmann-sobre-o-desempenho-do-flamengo-no-mundial\/#primaryimage\"},\"thumbnailUrl\":\"https:\/\/www.gaveanews.com\/wp-content\/uploads\/escudoDoFlamengo.webp\",\"datePublished\":\"2025-06-02T16:10:00+00:00\",\"author\":{\"@id\":\"https:\/\/www.gaveanews.com\/#\/schema\/person\/2424ec6409bc3f068411fc5e4e9b6168\"},\"breadcrumb\":{\"@id\":\"https:\/\/www.gaveanews.com\/index.php\/2025\/06\/02\/a-declaracao-de-raul-plasmann-sobre-o-desempenho-do-flamengo-no-mundial\/#breadcrumb\"},\"inLanguage\":\"pt-BR\",\"potentialAction\":[{\"@type\":\"ReadAction\",\"target\":[\"https:\/\/www.gaveanews.com\/index.php\/2025\/06\/02\/a-declaracao-de-raul-plasmann-sobre-o-desempenho-do-flamengo-no-mundial\/\"]}]},{\"@type\":\"ImageObject\",\"inLanguage\":\"pt-BR\",\"@id\":\"https:\/\/www.gaveanews.com\/index.php\/2025\/06\/02\/a-declaracao-de-raul-plasmann-sobre-o-desempenho-do-flamengo-no-mundial\/#primaryimage\",\"url\":\"https:\/\/www.gaveanews.com\/wp-content\/uploads\/escudoDoFlamengo.webp\",\"contentUrl\":\"https:\/\/www.gaveanews.com\/wp-content\/uploads\/escudoDoFlamengo.webp\",\"width\":1095,\"height\":730,\"caption\":\"Centro de treinamento do Flamengo (Foto: Reprodu\u00e7\u00e3o)\"},{\"@type\":\"BreadcrumbList\",\"@id\":\"https:\/\/www.gaveanews.com\/index.php\/2025\/06\/02\/a-declaracao-de-raul-plasmann-sobre-o-desempenho-do-flamengo-no-mundial\/#breadcrumb\",\"itemListElement\":[{\"@type\":\"ListItem\",\"position\":1,\"name\":\"Home\",\"item\":\"https:\/\/www.gaveanews.com\/\"},{\"@type\":\"ListItem\",\"position\":2,\"name\":\"A declara\u00e7\u00e3o de Raul Plasmann sobre o desempenho do Flamengo no Mundial\"}]},{\"@type\":\"WebSite\",\"@id\":\"https:\/\/www.gaveanews.com\/#website\",\"url\":\"https:\/\/www.gaveanews.com\/\",\"name\":\"G\u00e1vea News\",\"description\":\"Veja todas as not\u00edcias sobre o Flamengo: Contrata\u00e7\u00f5es, categorias de base, resultados das partidas, tabela de classifica\u00e7\u00e3o, pr\u00f3ximos jogos!\",\"potentialAction\":[{\"@type\":\"SearchAction\",\"target\":{\"@type\":\"EntryPoint\",\"urlTemplate\":\"https:\/\/www.gaveanews.com\/?s={search_term_string}\"},\"query-input\":{\"@type\":\"PropertyValueSpecification\",\"valueRequired\":true,\"valueName\":\"search_term_string\"}}],\"inLanguage\":\"pt-BR\"},{\"@type\":\"Person\",\"@id\":\"https:\/\/www.gaveanews.com\/#\/schema\/person\/2424ec6409bc3f068411fc5e4e9b6168\",\"name\":\"Leandro Cardoso\",\"image\":{\"@type\":\"ImageObject\",\"inLanguage\":\"pt-BR\",\"@id\":\"https:\/\/www.gaveanews.com\/#\/schema\/person\/image\/\",\"url\":\"https:\/\/secure.gravatar.com\/avatar\/8ca179f9b55eefe9f376f5493ef25475bfa59fbc28ce937f6076ce20e523098f?s=96&d=mm&r=g\",\"contentUrl\":\"https:\/\/secure.gravatar.com\/avatar\/8ca179f9b55eefe9f376f5493ef25475bfa59fbc28ce937f6076ce20e523098f?s=96&d=mm&r=g\",\"caption\":\"Leandro Cardoso\"}}]}<\/script>\n<!-- \/ Yoast SEO Premium plugin. -->","yoast_head_json":{"title":"A declara\u00e7\u00e3o de Raul Plasmann sobre o desempenho do Flamengo no Mundial","robots":{"index":"index","follow":"follow","max-snippet":"max-snippet:-1","max-image-preview":"max-image-preview:large","max-video-preview":"max-video-preview:-1"},"canonical":"https:\/\/www.gaveanews.com\/index.php\/2025\/06\/02\/a-declaracao-de-raul-plasmann-sobre-o-desempenho-do-flamengo-no-mundial\/","og_locale":"pt_BR","og_type":"article","og_title":"A declara\u00e7\u00e3o de Raul Plasmann sobre o desempenho do Flamengo no Mundial","og_description":"Em meio a uma emocionante celebra\u00e7\u00e3o da conquista mundial de 1981, promovida pela torcida organizada Urubuzada no Maracan\u00e3, um dos maiores \u00eddolos da hist\u00f3ria do Flamengo voltou aos holofotes. Raul Plasmann, goleiro campe\u00e3o mundial com o clube, participou do evento e concedeu uma entrevista ao portal Coluna do Fla, projetando o desempenho do Rubro-Negro no [&hellip;]","og_url":"https:\/\/www.gaveanews.com\/index.php\/2025\/06\/02\/a-declaracao-de-raul-plasmann-sobre-o-desempenho-do-flamengo-no-mundial\/","og_site_name":"G\u00e1vea News","article_publisher":"https:\/\/facebook.com\/gaveaNews\/","article_published_time":"2025-06-02T16:10:00+00:00","og_image":[{"width":1095,"height":730,"url":"https:\/\/www.gaveanews.com\/wp-content\/uploads\/escudoDoFlamengo.webp","type":"image\/webp"}],"author":"Leandro Cardoso","twitter_card":"summary_large_image","twitter_misc":{"Escrito por":"Leandro Cardoso","Est. tempo de leitura":"3 minutos"},"schema":{"@context":"https:\/\/schema.org","@graph":[{"@type":"NewsArticle","@id":"https:\/\/www.gaveanews.com\/index.php\/2025\/06\/02\/a-declaracao-de-raul-plasmann-sobre-o-desempenho-do-flamengo-no-mundial\/#article","isPartOf":{"@id":"https:\/\/www.gaveanews.com\/index.php\/2025\/06\/02\/a-declaracao-de-raul-plasmann-sobre-o-desempenho-do-flamengo-no-mundial\/"},"author":{"name":"Leandro Cardoso","@id":"https:\/\/www.gaveanews.com\/#\/schema\/person\/2424ec6409bc3f068411fc5e4e9b6168"},"headline":"A declara\u00e7\u00e3o de Raul Plasmann sobre o desempenho do Flamengo no Mundial","datePublished":"2025-06-02T16:10:00+00:00","mainEntityOfPage":{"@id":"https:\/\/www.gaveanews.com\/index.php\/2025\/06\/02\/a-declaracao-de-raul-plasmann-sobre-o-desempenho-do-flamengo-no-mundial\/"},"wordCount":424,"commentCount":0,"image":{"@id":"https:\/\/www.gaveanews.com\/index.php\/2025\/06\/02\/a-declaracao-de-raul-plasmann-sobre-o-desempenho-do-flamengo-no-mundial\/#primaryimage"},"thumbnailUrl":"https:\/\/www.gaveanews.com\/wp-content\/uploads\/escudoDoFlamengo.webp","articleSection":["Flamengo"],"inLanguage":"pt-BR","potentialAction":[{"@type":"CommentAction","name":"Comment","target":["https:\/\/www.gaveanews.com\/index.php\/2025\/06\/02\/a-declaracao-de-raul-plasmann-sobre-o-desempenho-do-flamengo-no-mundial\/#respond"]}],"copyrightYear":"2025","copyrightHolder":{"@id":"https:\/\/www.gaveanews.com\/#organization"}},{"@type":"WebPage","@id":"https:\/\/www.gaveanews.com\/index.php\/2025\/06\/02\/a-declaracao-de-raul-plasmann-sobre-o-desempenho-do-flamengo-no-mundial\/","url":"https:\/\/www.gaveanews.com\/index.php\/2025\/06\/02\/a-declaracao-de-raul-plasmann-sobre-o-desempenho-do-flamengo-no-mundial\/","name":"A declara\u00e7\u00e3o de Raul Plasmann sobre o desempenho do Flamengo no Mundial","isPartOf":{"@id":"https:\/\/www.gaveanews.com\/#website"},"primaryImageOfPage":{"@id":"https:\/\/www.gaveanews.com\/index.php\/2025\/06\/02\/a-declaracao-de-raul-plasmann-sobre-o-desempenho-do-flamengo-no-mundial\/#primaryimage"},"image":{"@id":"https:\/\/www.gaveanews.com\/index.php\/2025\/06\/02\/a-declaracao-de-raul-plasmann-sobre-o-desempenho-do-flamengo-no-mundial\/#primaryimage"},"thumbnailUrl":"https:\/\/www.gaveanews.com\/wp-content\/uploads\/escudoDoFlamengo.webp","datePublished":"2025-06-02T16:10:00+00:00","author":{"@id":"https:\/\/www.gaveanews.com\/#\/schema\/person\/2424ec6409bc3f068411fc5e4e9b6168"},"breadcrumb":{"@id":"https:\/\/www.gaveanews.com\/index.php\/2025\/06\/02\/a-declaracao-de-raul-plasmann-sobre-o-desempenho-do-flamengo-no-mundial\/#breadcrumb"},"inLanguage":"pt-BR","potentialAction":[{"@type":"ReadAction","target":["https:\/\/www.gaveanews.com\/index.php\/2025\/06\/02\/a-declaracao-de-raul-plasmann-sobre-o-desempenho-do-flamengo-no-mundial\/"]}]},{"@type":"ImageObject","inLanguage":"pt-BR","@id":"https:\/\/www.gaveanews.com\/index.php\/2025\/06\/02\/a-declaracao-de-raul-plasmann-sobre-o-desempenho-do-flamengo-no-mundial\/#primaryimage","url":"https:\/\/www.gaveanews.com\/wp-content\/uploads\/escudoDoFlamengo.webp","contentUrl":"https:\/\/www.gaveanews.com\/wp-content\/uploads\/escudoDoFlamengo.webp","width":1095,"height":730,"caption":"Centro de treinamento do Flamengo (Foto: Reprodu\u00e7\u00e3o)"},{"@type":"BreadcrumbList","@id":"https:\/\/www.gaveanews.com\/index.php\/2025\/06\/02\/a-declaracao-de-raul-plasmann-sobre-o-desempenho-do-flamengo-no-mundial\/#breadcrumb","itemListElement":[{"@type":"ListItem","position":1,"name":"Home","item":"https:\/\/www.gaveanews.com\/"},{"@type":"ListItem","position":2,"name":"A declara\u00e7\u00e3o de Raul Plasmann sobre o desempenho do Flamengo no Mundial"}]},{"@type":"WebSite","@id":"https:\/\/www.gaveanews.com\/#website","url":"https:\/\/www.gaveanews.com\/","name":"G\u00e1vea News","description":"Veja todas as not\u00edcias sobre o Flamengo: Contrata\u00e7\u00f5es, categorias de base, resultados das partidas, tabela de classifica\u00e7\u00e3o, pr\u00f3ximos jogos!","potentialAction":[{"@type":"SearchAction","target":{"@type":"EntryPoint","urlTemplate":"https:\/\/www.gaveanews.com\/?s={search_term_string}"},"query-input":{"@type":"PropertyValueSpecification","valueRequired":true,"valueName":"search_term_string"}}],"inLanguage":"pt-BR"},{"@type":"Person","@id":"https:\/\/www.gaveanews.com\/#\/schema\/person\/2424ec6409bc3f068411fc5e4e9b6168","name":"Leandro Cardoso","image":{"@type":"ImageObject","inLanguage":"pt-BR","@id":"https:\/\/www.gaveanews.com\/#\/schema\/person\/image\/","url":"https:\/\/secure.gravatar.com\/avatar\/8ca179f9b55eefe9f376f5493ef25475bfa59fbc28ce937f6076ce20e523098f?s=96&d=mm&r=g","contentUrl":"https:\/\/secure.gravatar.com\/avatar\/8ca179f9b55eefe9f376f5493ef25475bfa59fbc28ce937f6076ce20e523098f?s=96&d=mm&r=g","caption":"Leandro Cardoso"}}]}},"_links":{"self":[{"href":"https:\/\/www.gaveanews.com\/index.php\/wp-json\/wp\/v2\/posts\/268842","targetHints":{"allow":["GET"]}}],"collection":[{"href":"https:\/\/www.gaveanews.com\/index.php\/wp-json\/wp\/v2\/posts"}],"about":[{"href":"https:\/\/www.gaveanews.com\/index.php\/wp-json\/wp\/v2\/types\/post"}],"author":[{"embeddable":true,"href":"https:\/\/www.gaveanews.com\/index.php\/wp-json\/wp\/v2\/users\/24"}],"replies":[{"embeddable":true,"href":"https:\/\/www.gaveanews.com\/index.php\/wp-json\/wp\/v2\/comments?post=268842"}],"version-history":[{"count":2,"href":"https:\/\/www.gaveanews.com\/index.php\/wp-json\/wp\/v2\/posts\/268842\/revisions"}],"predecessor-version":[{"id":268848,"href":"https:\/\/www.gaveanews.com\/index.php\/wp-json\/wp\/v2\/posts\/268842\/revisions\/268848"}],"wp:featuredmedia":[{"embeddable":true,"href":"https:\/\/www.gaveanews.com\/index.php\/wp-json\/wp\/v2\/media\/124684"}],"wp:attachment":[{"href":"https:\/\/www.gaveanews.com\/index.php\/wp-json\/wp\/v2\/media?parent=268842"}],"wp:term":[{"taxonomy":"category","embeddable":true,"href":"https:\/\/www.gaveanews.com\/index.php\/wp-json\/wp\/v2\/categories?post=268842"},{"taxonomy":"post_tag","embeddable":true,"href":"https:\/\/www.gaveanews.com\/index.php\/wp-json\/wp\/v2\/tags?post=268842"}],"curies":[{"name":"wp","href":"https:\/\/api.w.org\/{rel}","templated":true}]}}