{"id":268910,"date":"2025-06-02T15:15:00","date_gmt":"2025-06-02T18:15:00","guid":{"rendered":"https:\/\/www.gaveanews.com\/?p=268910"},"modified":"2025-06-02T14:35:10","modified_gmt":"2025-06-02T17:35:10","slug":"santos-negocia-com-ex-jogador-do-flamengo","status":"publish","type":"post","link":"https:\/\/www.gaveanews.com\/index.php\/2025\/06\/02\/santos-negocia-com-ex-jogador-do-flamengo\/","title":{"rendered":"Santos negocia com ex-jogador do Flamengo"},"content":{"rendered":"\n<p>O Santos retomou as conversas para contratar Willian Ar\u00e3o, de 33 anos, volante que est\u00e1 livre no mercado ap\u00f3s encerrar seu v\u00ednculo com o Panathinaikos, da Gr\u00e9cia. A negocia\u00e7\u00e3o, que havia sido iniciada ainda sob o comando do ex-CEO Pedro Martins, ganhou novo impulso com a chegada de Alexandre Mattos, rec\u00e9m-aprovado como chefe do departamento de futebol do clube. <\/p>\n\n\n\n<p>A oficializa\u00e7\u00e3o do dirigente deve ocorrer nos pr\u00f3ximos dias, mas ele j\u00e1 atua nos bastidores para viabilizar a contrata\u00e7\u00e3o.<\/p>\n\n\n\n<p>Conforme apurado, h\u00e1 um acerto financeiro praticamente definido entre as partes. Contudo, o desfecho da transa\u00e7\u00e3o ainda depende da decis\u00e3o da fam\u00edlia do jogador sobre retornar ao Brasil. Ar\u00e3o, que est\u00e1 no futebol europeu desde 2022, quando deixou o Flamengo, v\u00ea com bons olhos o projeto, mas pondera as quest\u00f5es pessoais antes de dar uma resposta final.<\/p>\n\n\n\n<h3 class=\"wp-block-heading\" id=\"h-perfil-versatil-e-respaldo-tecnico\">Perfil vers\u00e1til e respaldo t\u00e9cnico<\/h3>\n\n\n\n<p>A diretoria santista enxerga o volante como pe\u00e7a estrat\u00e9gica na reconstru\u00e7\u00e3o da equipe, que passa por momento delicado na temporada. Cleber Xavier, t\u00e9cnico da equipe, demonstrou entusiasmo com a possibilidade de contar com o experiente atleta: <\/p>\n\n\n\n<p>\u201c\u00c9 um jogador que pode agregar muito pelo perfil t\u00e1tico e lideran\u00e7a\u201d, afirmou. Ar\u00e3o \u00e9 visto como nome ideal para formar uma dupla de meio-campo ao lado de Z\u00e9 Rafael.<\/p>\n\n\n\n<p>Vers\u00e1til, o ex-camisa 5 rubro-negro pode atuar tanto como primeiro quanto como segundo volante e, ocasionalmente, tamb\u00e9m como zagueiro. Na \u00faltima temporada, disputou 39 partidas na Europa \u2014 sendo titular em 33 delas \u2014, sem sofrer les\u00f5es relevantes, o que refor\u00e7ou sua boa avalia\u00e7\u00e3o interna pelos analistas de desempenho do clube paulista.<\/p>\n\n\n\n<h3 class=\"wp-block-heading\" id=\"h-historico-vencedor-e-experiencia-internacional\">Hist\u00f3rico vencedor e experi\u00eancia internacional<\/h3>\n\n\n\n<p>Willian Ar\u00e3o iniciou sua trajet\u00f3ria nas categorias de base do S\u00e3o Paulo, mas foi revelado pelo Corinthians, onde chegou a conquistar a Libertadores. No Brasil, defendeu tamb\u00e9m Portuguesa, Chapecoense, Atl\u00e9tico-GO e teve destaque no Flamengo, onde permaneceu por oito temporadas e venceu m\u00faltiplos t\u00edtulos nacionais e continentais.<\/p>\n\n\n\n<p>Na Europa, acumulou passagens por Fenerbah\u00e7e e Panathinaikos. Por essas equipes, conquistou a Copa da Turquia na temporada 2022\/23 e a Copa da Gr\u00e9cia em 2023\/24, respectivamente. Sua bagagem internacional e rodagem por clubes de grande porte s\u00e3o vistas como ativos importantes para contribuir no atual momento do Santos.<\/p>\n\n\n\n<p>Ali\u00e1s, a dire\u00e7\u00e3o acredita que a experi\u00eancia de Ar\u00e3o pode ter impacto n\u00e3o apenas t\u00e9cnico, mas tamb\u00e9m comportamental dentro do elenco. Afinal, trata-se de um nome respeitado por onde passou, com hist\u00f3rico de lideran\u00e7a em vesti\u00e1rio e boa rela\u00e7\u00e3o com comiss\u00f5es t\u00e9cnicas.<\/p>\n\n\n\n<h3 class=\"wp-block-heading\" id=\"h-expectativa-e-proximos-passos\">Expectativa e pr\u00f3ximos passos<\/h3>\n\n\n\n<p>Embora ainda n\u00e3o haja uma data limite para defini\u00e7\u00e3o, a c\u00fapula santista trabalha para concluir a negocia\u00e7\u00e3o at\u00e9 o fim de junho, quando expira oficialmente o contrato do jogador com o clube grego. Mattos, inclusive, pretende conduzir pessoalmente os contatos finais, a fim de garantir o acerto e minimizar os riscos de concorr\u00eancia de outras equipes.<\/p>\n\n\n\n<p>O Santos adota postura cautelosa, mas otimista. Internamente, a diretoria reconhece que o refor\u00e7o pode representar um ponto de virada em meio \u00e0 fase turbulenta da equipe. Ainda assim, o clube s\u00f3 oficializar\u00e1 o acerto ap\u00f3s todos os aspectos contratuais e pessoais estarem completamente alinhados.<\/p>\n","protected":false},"excerpt":{"rendered":"<p>O Santos retomou as conversas para contratar Willian Ar\u00e3o, de 33 anos, volante que est\u00e1 livre no mercado ap\u00f3s encerrar seu v\u00ednculo com o Panathinaikos, da Gr\u00e9cia. A negocia\u00e7\u00e3o, que havia sido iniciada ainda sob o comando do ex-CEO Pedro Martins, ganhou novo impulso com a chegada de Alexandre Mattos, rec\u00e9m-aprovado como chefe do departamento [&hellip;]<\/p>\n","protected":false},"author":30,"featured_media":152156,"comment_status":"open","ping_status":"closed","sticky":false,"template":"","format":"standard","meta":{"footnotes":""},"categories":[1,139],"tags":[],"class_list":["post-268910","post","type-post","status-publish","format-standard","has-post-thumbnail","hentry","category-flamengo","category-santos"],"yoast_head":"<!-- This site is optimized with the Yoast SEO Premium plugin v24.2 (Yoast SEO v26.9) - https:\/\/yoast.com\/product\/yoast-seo-premium-wordpress\/ -->\n<title>Santos negocia com ex-jogador do Flamengo<\/title>\n<meta name=\"robots\" content=\"index, follow, max-snippet:-1, max-image-preview:large, max-video-preview:-1\" \/>\n<link rel=\"canonical\" href=\"https:\/\/www.gaveanews.com\/index.php\/2025\/06\/02\/santos-negocia-com-ex-jogador-do-flamengo\/\" \/>\n<meta property=\"og:locale\" content=\"pt_BR\" \/>\n<meta property=\"og:type\" content=\"article\" \/>\n<meta property=\"og:title\" content=\"Santos negocia com ex-jogador do Flamengo\" \/>\n<meta property=\"og:description\" content=\"O Santos retomou as conversas para contratar Willian Ar\u00e3o, de 33 anos, volante que est\u00e1 livre no mercado ap\u00f3s encerrar seu v\u00ednculo com o Panathinaikos, da Gr\u00e9cia. A negocia\u00e7\u00e3o, que havia sido iniciada ainda sob o comando do ex-CEO Pedro Martins, ganhou novo impulso com a chegada de Alexandre Mattos, rec\u00e9m-aprovado como chefe do departamento [&hellip;]\" \/>\n<meta property=\"og:url\" content=\"https:\/\/www.gaveanews.com\/index.php\/2025\/06\/02\/santos-negocia-com-ex-jogador-do-flamengo\/\" \/>\n<meta property=\"og:site_name\" content=\"G\u00e1vea News\" \/>\n<meta property=\"article:publisher\" content=\"https:\/\/facebook.com\/gaveaNews\/\" \/>\n<meta property=\"article:published_time\" content=\"2025-06-02T18:15:00+00:00\" \/>\n<meta property=\"og:image\" content=\"https:\/\/www.gaveanews.com\/wp-content\/uploads\/Escudo-do-Santos-1.webp\" \/>\n\t<meta property=\"og:image:width\" content=\"1300\" \/>\n\t<meta property=\"og:image:height\" content=\"1056\" \/>\n\t<meta property=\"og:image:type\" content=\"image\/webp\" \/>\n<meta name=\"author\" content=\"Ana Teixeira\" \/>\n<meta name=\"twitter:card\" content=\"summary_large_image\" \/>\n<meta name=\"twitter:label1\" content=\"Escrito por\" \/>\n\t<meta name=\"twitter:data1\" content=\"Ana Teixeira\" \/>\n\t<meta name=\"twitter:label2\" content=\"Est. tempo de leitura\" \/>\n\t<meta name=\"twitter:data2\" content=\"3 minutos\" \/>\n<script type=\"application\/ld+json\" class=\"yoast-schema-graph\">{\"@context\":\"https:\/\/schema.org\",\"@graph\":[{\"@type\":\"NewsArticle\",\"@id\":\"https:\/\/www.gaveanews.com\/index.php\/2025\/06\/02\/santos-negocia-com-ex-jogador-do-flamengo\/#article\",\"isPartOf\":{\"@id\":\"https:\/\/www.gaveanews.com\/index.php\/2025\/06\/02\/santos-negocia-com-ex-jogador-do-flamengo\/\"},\"author\":{\"name\":\"Ana Teixeira\",\"@id\":\"https:\/\/www.gaveanews.com\/#\/schema\/person\/3b19f7288b0ce20372991275e4f2e6c2\"},\"headline\":\"Santos negocia com ex-jogador do Flamengo\",\"datePublished\":\"2025-06-02T18:15:00+00:00\",\"mainEntityOfPage\":{\"@id\":\"https:\/\/www.gaveanews.com\/index.php\/2025\/06\/02\/santos-negocia-com-ex-jogador-do-flamengo\/\"},\"wordCount\":561,\"commentCount\":0,\"image\":{\"@id\":\"https:\/\/www.gaveanews.com\/index.php\/2025\/06\/02\/santos-negocia-com-ex-jogador-do-flamengo\/#primaryimage\"},\"thumbnailUrl\":\"https:\/\/www.gaveanews.com\/wp-content\/uploads\/Escudo-do-Santos-1.webp\",\"articleSection\":[\"Flamengo\",\"Santos\"],\"inLanguage\":\"pt-BR\",\"potentialAction\":[{\"@type\":\"CommentAction\",\"name\":\"Comment\",\"target\":[\"https:\/\/www.gaveanews.com\/index.php\/2025\/06\/02\/santos-negocia-com-ex-jogador-do-flamengo\/#respond\"]}],\"copyrightYear\":\"2025\",\"copyrightHolder\":{\"@id\":\"https:\/\/www.gaveanews.com\/#organization\"}},{\"@type\":\"WebPage\",\"@id\":\"https:\/\/www.gaveanews.com\/index.php\/2025\/06\/02\/santos-negocia-com-ex-jogador-do-flamengo\/\",\"url\":\"https:\/\/www.gaveanews.com\/index.php\/2025\/06\/02\/santos-negocia-com-ex-jogador-do-flamengo\/\",\"name\":\"Santos negocia com ex-jogador do Flamengo\",\"isPartOf\":{\"@id\":\"https:\/\/www.gaveanews.com\/#website\"},\"primaryImageOfPage\":{\"@id\":\"https:\/\/www.gaveanews.com\/index.php\/2025\/06\/02\/santos-negocia-com-ex-jogador-do-flamengo\/#primaryimage\"},\"image\":{\"@id\":\"https:\/\/www.gaveanews.com\/index.php\/2025\/06\/02\/santos-negocia-com-ex-jogador-do-flamengo\/#primaryimage\"},\"thumbnailUrl\":\"https:\/\/www.gaveanews.com\/wp-content\/uploads\/Escudo-do-Santos-1.webp\",\"datePublished\":\"2025-06-02T18:15:00+00:00\",\"author\":{\"@id\":\"https:\/\/www.gaveanews.com\/#\/schema\/person\/3b19f7288b0ce20372991275e4f2e6c2\"},\"breadcrumb\":{\"@id\":\"https:\/\/www.gaveanews.com\/index.php\/2025\/06\/02\/santos-negocia-com-ex-jogador-do-flamengo\/#breadcrumb\"},\"inLanguage\":\"pt-BR\",\"potentialAction\":[{\"@type\":\"ReadAction\",\"target\":[\"https:\/\/www.gaveanews.com\/index.php\/2025\/06\/02\/santos-negocia-com-ex-jogador-do-flamengo\/\"]}]},{\"@type\":\"ImageObject\",\"inLanguage\":\"pt-BR\",\"@id\":\"https:\/\/www.gaveanews.com\/index.php\/2025\/06\/02\/santos-negocia-com-ex-jogador-do-flamengo\/#primaryimage\",\"url\":\"https:\/\/www.gaveanews.com\/wp-content\/uploads\/Escudo-do-Santos-1.webp\",\"contentUrl\":\"https:\/\/www.gaveanews.com\/wp-content\/uploads\/Escudo-do-Santos-1.webp\",\"width\":1300,\"height\":1056,\"caption\":\"Escudo do Santos (Foto: Reprodu\u00e7\u00e3o\/Instagram)\"},{\"@type\":\"BreadcrumbList\",\"@id\":\"https:\/\/www.gaveanews.com\/index.php\/2025\/06\/02\/santos-negocia-com-ex-jogador-do-flamengo\/#breadcrumb\",\"itemListElement\":[{\"@type\":\"ListItem\",\"position\":1,\"name\":\"Home\",\"item\":\"https:\/\/www.gaveanews.com\/\"},{\"@type\":\"ListItem\",\"position\":2,\"name\":\"Santos negocia com ex-jogador do Flamengo\"}]},{\"@type\":\"WebSite\",\"@id\":\"https:\/\/www.gaveanews.com\/#website\",\"url\":\"https:\/\/www.gaveanews.com\/\",\"name\":\"G\u00e1vea News\",\"description\":\"Veja todas as not\u00edcias sobre o Flamengo: Contrata\u00e7\u00f5es, categorias de base, resultados das partidas, tabela de classifica\u00e7\u00e3o, pr\u00f3ximos jogos!\",\"potentialAction\":[{\"@type\":\"SearchAction\",\"target\":{\"@type\":\"EntryPoint\",\"urlTemplate\":\"https:\/\/www.gaveanews.com\/?s={search_term_string}\"},\"query-input\":{\"@type\":\"PropertyValueSpecification\",\"valueRequired\":true,\"valueName\":\"search_term_string\"}}],\"inLanguage\":\"pt-BR\"},{\"@type\":\"Person\",\"@id\":\"https:\/\/www.gaveanews.com\/#\/schema\/person\/3b19f7288b0ce20372991275e4f2e6c2\",\"name\":\"Ana Teixeira\",\"image\":{\"@type\":\"ImageObject\",\"inLanguage\":\"pt-BR\",\"@id\":\"https:\/\/www.gaveanews.com\/#\/schema\/person\/image\/\",\"url\":\"https:\/\/secure.gravatar.com\/avatar\/0a73f5a5258f3fed37fc2fa641892f3f7a4748456d4d4792f9bc550e6c19e06c?s=96&d=mm&r=g\",\"contentUrl\":\"https:\/\/secure.gravatar.com\/avatar\/0a73f5a5258f3fed37fc2fa641892f3f7a4748456d4d4792f9bc550e6c19e06c?s=96&d=mm&r=g\",\"caption\":\"Ana Teixeira\"}}]}<\/script>\n<!-- \/ Yoast SEO Premium plugin. -->","yoast_head_json":{"title":"Santos negocia com ex-jogador do Flamengo","robots":{"index":"index","follow":"follow","max-snippet":"max-snippet:-1","max-image-preview":"max-image-preview:large","max-video-preview":"max-video-preview:-1"},"canonical":"https:\/\/www.gaveanews.com\/index.php\/2025\/06\/02\/santos-negocia-com-ex-jogador-do-flamengo\/","og_locale":"pt_BR","og_type":"article","og_title":"Santos negocia com ex-jogador do Flamengo","og_description":"O Santos retomou as conversas para contratar Willian Ar\u00e3o, de 33 anos, volante que est\u00e1 livre no mercado ap\u00f3s encerrar seu v\u00ednculo com o Panathinaikos, da Gr\u00e9cia. A negocia\u00e7\u00e3o, que havia sido iniciada ainda sob o comando do ex-CEO Pedro Martins, ganhou novo impulso com a chegada de Alexandre Mattos, rec\u00e9m-aprovado como chefe do departamento [&hellip;]","og_url":"https:\/\/www.gaveanews.com\/index.php\/2025\/06\/02\/santos-negocia-com-ex-jogador-do-flamengo\/","og_site_name":"G\u00e1vea News","article_publisher":"https:\/\/facebook.com\/gaveaNews\/","article_published_time":"2025-06-02T18:15:00+00:00","og_image":[{"width":1300,"height":1056,"url":"https:\/\/www.gaveanews.com\/wp-content\/uploads\/Escudo-do-Santos-1.webp","type":"image\/webp"}],"author":"Ana Teixeira","twitter_card":"summary_large_image","twitter_misc":{"Escrito por":"Ana Teixeira","Est. tempo de leitura":"3 minutos"},"schema":{"@context":"https:\/\/schema.org","@graph":[{"@type":"NewsArticle","@id":"https:\/\/www.gaveanews.com\/index.php\/2025\/06\/02\/santos-negocia-com-ex-jogador-do-flamengo\/#article","isPartOf":{"@id":"https:\/\/www.gaveanews.com\/index.php\/2025\/06\/02\/santos-negocia-com-ex-jogador-do-flamengo\/"},"author":{"name":"Ana Teixeira","@id":"https:\/\/www.gaveanews.com\/#\/schema\/person\/3b19f7288b0ce20372991275e4f2e6c2"},"headline":"Santos negocia com ex-jogador do Flamengo","datePublished":"2025-06-02T18:15:00+00:00","mainEntityOfPage":{"@id":"https:\/\/www.gaveanews.com\/index.php\/2025\/06\/02\/santos-negocia-com-ex-jogador-do-flamengo\/"},"wordCount":561,"commentCount":0,"image":{"@id":"https:\/\/www.gaveanews.com\/index.php\/2025\/06\/02\/santos-negocia-com-ex-jogador-do-flamengo\/#primaryimage"},"thumbnailUrl":"https:\/\/www.gaveanews.com\/wp-content\/uploads\/Escudo-do-Santos-1.webp","articleSection":["Flamengo","Santos"],"inLanguage":"pt-BR","potentialAction":[{"@type":"CommentAction","name":"Comment","target":["https:\/\/www.gaveanews.com\/index.php\/2025\/06\/02\/santos-negocia-com-ex-jogador-do-flamengo\/#respond"]}],"copyrightYear":"2025","copyrightHolder":{"@id":"https:\/\/www.gaveanews.com\/#organization"}},{"@type":"WebPage","@id":"https:\/\/www.gaveanews.com\/index.php\/2025\/06\/02\/santos-negocia-com-ex-jogador-do-flamengo\/","url":"https:\/\/www.gaveanews.com\/index.php\/2025\/06\/02\/santos-negocia-com-ex-jogador-do-flamengo\/","name":"Santos negocia com ex-jogador do Flamengo","isPartOf":{"@id":"https:\/\/www.gaveanews.com\/#website"},"primaryImageOfPage":{"@id":"https:\/\/www.gaveanews.com\/index.php\/2025\/06\/02\/santos-negocia-com-ex-jogador-do-flamengo\/#primaryimage"},"image":{"@id":"https:\/\/www.gaveanews.com\/index.php\/2025\/06\/02\/santos-negocia-com-ex-jogador-do-flamengo\/#primaryimage"},"thumbnailUrl":"https:\/\/www.gaveanews.com\/wp-content\/uploads\/Escudo-do-Santos-1.webp","datePublished":"2025-06-02T18:15:00+00:00","author":{"@id":"https:\/\/www.gaveanews.com\/#\/schema\/person\/3b19f7288b0ce20372991275e4f2e6c2"},"breadcrumb":{"@id":"https:\/\/www.gaveanews.com\/index.php\/2025\/06\/02\/santos-negocia-com-ex-jogador-do-flamengo\/#breadcrumb"},"inLanguage":"pt-BR","potentialAction":[{"@type":"ReadAction","target":["https:\/\/www.gaveanews.com\/index.php\/2025\/06\/02\/santos-negocia-com-ex-jogador-do-flamengo\/"]}]},{"@type":"ImageObject","inLanguage":"pt-BR","@id":"https:\/\/www.gaveanews.com\/index.php\/2025\/06\/02\/santos-negocia-com-ex-jogador-do-flamengo\/#primaryimage","url":"https:\/\/www.gaveanews.com\/wp-content\/uploads\/Escudo-do-Santos-1.webp","contentUrl":"https:\/\/www.gaveanews.com\/wp-content\/uploads\/Escudo-do-Santos-1.webp","width":1300,"height":1056,"caption":"Escudo do Santos (Foto: Reprodu\u00e7\u00e3o\/Instagram)"},{"@type":"BreadcrumbList","@id":"https:\/\/www.gaveanews.com\/index.php\/2025\/06\/02\/santos-negocia-com-ex-jogador-do-flamengo\/#breadcrumb","itemListElement":[{"@type":"ListItem","position":1,"name":"Home","item":"https:\/\/www.gaveanews.com\/"},{"@type":"ListItem","position":2,"name":"Santos negocia com ex-jogador do Flamengo"}]},{"@type":"WebSite","@id":"https:\/\/www.gaveanews.com\/#website","url":"https:\/\/www.gaveanews.com\/","name":"G\u00e1vea News","description":"Veja todas as not\u00edcias sobre o Flamengo: Contrata\u00e7\u00f5es, categorias de base, resultados das partidas, tabela de classifica\u00e7\u00e3o, pr\u00f3ximos jogos!","potentialAction":[{"@type":"SearchAction","target":{"@type":"EntryPoint","urlTemplate":"https:\/\/www.gaveanews.com\/?s={search_term_string}"},"query-input":{"@type":"PropertyValueSpecification","valueRequired":true,"valueName":"search_term_string"}}],"inLanguage":"pt-BR"},{"@type":"Person","@id":"https:\/\/www.gaveanews.com\/#\/schema\/person\/3b19f7288b0ce20372991275e4f2e6c2","name":"Ana Teixeira","image":{"@type":"ImageObject","inLanguage":"pt-BR","@id":"https:\/\/www.gaveanews.com\/#\/schema\/person\/image\/","url":"https:\/\/secure.gravatar.com\/avatar\/0a73f5a5258f3fed37fc2fa641892f3f7a4748456d4d4792f9bc550e6c19e06c?s=96&d=mm&r=g","contentUrl":"https:\/\/secure.gravatar.com\/avatar\/0a73f5a5258f3fed37fc2fa641892f3f7a4748456d4d4792f9bc550e6c19e06c?s=96&d=mm&r=g","caption":"Ana Teixeira"}}]}},"_links":{"self":[{"href":"https:\/\/www.gaveanews.com\/index.php\/wp-json\/wp\/v2\/posts\/268910","targetHints":{"allow":["GET"]}}],"collection":[{"href":"https:\/\/www.gaveanews.com\/index.php\/wp-json\/wp\/v2\/posts"}],"about":[{"href":"https:\/\/www.gaveanews.com\/index.php\/wp-json\/wp\/v2\/types\/post"}],"author":[{"embeddable":true,"href":"https:\/\/www.gaveanews.com\/index.php\/wp-json\/wp\/v2\/users\/30"}],"replies":[{"embeddable":true,"href":"https:\/\/www.gaveanews.com\/index.php\/wp-json\/wp\/v2\/comments?post=268910"}],"version-history":[{"count":1,"href":"https:\/\/www.gaveanews.com\/index.php\/wp-json\/wp\/v2\/posts\/268910\/revisions"}],"predecessor-version":[{"id":268924,"href":"https:\/\/www.gaveanews.com\/index.php\/wp-json\/wp\/v2\/posts\/268910\/revisions\/268924"}],"wp:featuredmedia":[{"embeddable":true,"href":"https:\/\/www.gaveanews.com\/index.php\/wp-json\/wp\/v2\/media\/152156"}],"wp:attachment":[{"href":"https:\/\/www.gaveanews.com\/index.php\/wp-json\/wp\/v2\/media?parent=268910"}],"wp:term":[{"taxonomy":"category","embeddable":true,"href":"https:\/\/www.gaveanews.com\/index.php\/wp-json\/wp\/v2\/categories?post=268910"},{"taxonomy":"post_tag","embeddable":true,"href":"https:\/\/www.gaveanews.com\/index.php\/wp-json\/wp\/v2\/tags?post=268910"}],"curies":[{"name":"wp","href":"https:\/\/api.w.org\/{rel}","templated":true}]}}