{"id":268915,"date":"2025-06-02T15:30:00","date_gmt":"2025-06-02T18:30:00","guid":{"rendered":"https:\/\/www.gaveanews.com\/?p=268915"},"modified":"2025-06-02T14:33:09","modified_gmt":"2025-06-02T17:33:09","slug":"ex-sao-paulo-se-despede-de-clube-na-europa","status":"publish","type":"post","link":"https:\/\/www.gaveanews.com\/index.php\/2025\/06\/02\/ex-sao-paulo-se-despede-de-clube-na-europa\/","title":{"rendered":"Ex-S\u00e3o Paulo se despede de clube na Europa"},"content":{"rendered":"\n<p>Ap\u00f3s o encerramento de sua passagem pelo futebol espanhol, Antony se despediu oficialmente do Real B\u00e9tis. O atacante, revelado pelas categorias de base do S\u00e3o Paulo, utilizou as redes sociais para agradecer ao clube pelo per\u00edodo de empr\u00e9stimo. A sa\u00edda marca o fim de um ciclo breve, mas de destaque, com participa\u00e7\u00f5es importantes em competi\u00e7\u00f5es europeias.<\/p>\n\n\n\n<p>Antony pertence ao Manchester United, com quem tem contrato vigente at\u00e9 2027. No entanto, sua perman\u00eancia no clube ingl\u00eas \u00e9 incerta. A diretoria dos Red Devils j\u00e1 estipulou que s\u00f3 aceitar\u00e1 negociar o atleta por, no m\u00ednimo, 50 milh\u00f5es de euros, valor que representa cerca de R$ 322 milh\u00f5es. O atacante foi contratado em 2022 por um montante ainda mais elevado: 100 milh\u00f5es de euros.<\/p>\n\n\n\n<figure class=\"wp-block-image size-full\"><img loading=\"lazy\" decoding=\"async\" width=\"720\" height=\"480\" src=\"http:\/\/www.gaveanews.com\/wp-content\/uploads\/antony00_1705604728750-edited.webp\" alt=\"\" class=\"wp-image-123196\" srcset=\"https:\/\/www.gaveanews.com\/wp-content\/uploads\/antony00_1705604728750-edited.webp 720w, https:\/\/www.gaveanews.com\/wp-content\/uploads\/antony00_1705604728750-edited-300x200.webp 300w, https:\/\/www.gaveanews.com\/wp-content\/uploads\/antony00_1705604728750-edited-630x420.webp 630w, https:\/\/www.gaveanews.com\/wp-content\/uploads\/antony00_1705604728750-edited-640x427.webp 640w, https:\/\/www.gaveanews.com\/wp-content\/uploads\/antony00_1705604728750-edited-681x454.webp 681w, https:\/\/www.gaveanews.com\/wp-content\/uploads\/antony00_1705604728750-edited-100x67.webp 100w\" sizes=\"auto, (max-width: 720px) 100vw, 720px\" \/><figcaption class=\"wp-element-caption\">Antony pela sele\u00e7\u00e3o Brasileira (Foto: Reprodu\u00e7\u00e3o\/Instagram)<\/figcaption><\/figure>\n\n\n\n<p>O Atl\u00e9tico de Madrid aparece como o principal interessado na contrata\u00e7\u00e3o do brasileiro. O clube espanhol acompanha de perto a situa\u00e7\u00e3o de Antony e, conforme divulgado por ve\u00edculos internacionais, avalia uma investida para contar com o jogador na pr\u00f3xima temporada. Ali\u00e1s, outras grandes equipes europeias tamb\u00e9m monitoram o atleta, como Barcelona, Juventus, Chelsea e Bayer Leverkusen.<\/p>\n\n\n\n<p>Antony vive um bom momento no mercado europeu e, principalmente, no campo. As boas atua\u00e7\u00f5es recentes chamaram a aten\u00e7\u00e3o do novo t\u00e9cnico da Sele\u00e7\u00e3o Brasileira, Carlo Ancelotti, que optou por convoc\u00e1-lo novamente para a equipe. A presen\u00e7a do atacante refor\u00e7a a renova\u00e7\u00e3o promovida pelo treinador italiano no comando da equipe nacional.<\/p>\n\n\n\n<p>A decis\u00e3o sobre o futuro clube de Antony ainda n\u00e3o foi oficializada, mas \u00e9 certo que o jogador permanecer\u00e1 no futebol europeu. A disputa por sua contrata\u00e7\u00e3o promete movimentar os bastidores da pr\u00f3xima janela de transfer\u00eancias do meio do ano. Enquanto isso, o S\u00e3o Paulo observa de longe, j\u00e1 que uma eventual venda poder\u00e1 render valores significativos ao clube formador.<\/p>\n\n\n\n<p>Por fim, a expectativa em torno do futuro de Antony permanece alta. Apesar de j\u00e1 haver uma defini\u00e7\u00e3o sobre o continente em que atuar\u00e1, a confirma\u00e7\u00e3o de seu novo destino ainda \u00e9 aguardada. Certamente, seu desempenho recente e o interesse de grandes clubes o colocam em posi\u00e7\u00e3o de destaque no mercado da bola.<\/p>\n","protected":false},"excerpt":{"rendered":"<p>Ap\u00f3s o encerramento de sua passagem pelo futebol espanhol, Antony se despediu oficialmente do Real B\u00e9tis. O atacante, revelado pelas categorias de base do S\u00e3o Paulo, utilizou as redes sociais para agradecer ao clube pelo per\u00edodo de empr\u00e9stimo. A sa\u00edda marca o fim de um ciclo breve, mas de destaque, com participa\u00e7\u00f5es importantes em competi\u00e7\u00f5es [&hellip;]<\/p>\n","protected":false},"author":33,"featured_media":120199,"comment_status":"open","ping_status":"closed","sticky":false,"template":"","format":"standard","meta":{"footnotes":""},"categories":[482,151],"tags":[],"class_list":["post-268915","post","type-post","status-publish","format-standard","has-post-thumbnail","hentry","category-real-betis","category-sao-paulo"],"yoast_head":"<!-- This site is optimized with the Yoast SEO Premium plugin v24.2 (Yoast SEO v26.9) - https:\/\/yoast.com\/product\/yoast-seo-premium-wordpress\/ -->\n<title>Ex-S\u00e3o Paulo se despede de clube na Europa<\/title>\n<meta name=\"robots\" content=\"index, follow, max-snippet:-1, max-image-preview:large, max-video-preview:-1\" \/>\n<link rel=\"canonical\" href=\"https:\/\/www.gaveanews.com\/index.php\/2025\/06\/02\/ex-sao-paulo-se-despede-de-clube-na-europa\/\" \/>\n<meta property=\"og:locale\" content=\"pt_BR\" \/>\n<meta property=\"og:type\" content=\"article\" \/>\n<meta property=\"og:title\" content=\"Ex-S\u00e3o Paulo se despede de clube na Europa\" \/>\n<meta property=\"og:description\" content=\"Ap\u00f3s o encerramento de sua passagem pelo futebol espanhol, Antony se despediu oficialmente do Real B\u00e9tis. O atacante, revelado pelas categorias de base do S\u00e3o Paulo, utilizou as redes sociais para agradecer ao clube pelo per\u00edodo de empr\u00e9stimo. A sa\u00edda marca o fim de um ciclo breve, mas de destaque, com participa\u00e7\u00f5es importantes em competi\u00e7\u00f5es [&hellip;]\" \/>\n<meta property=\"og:url\" content=\"https:\/\/www.gaveanews.com\/index.php\/2025\/06\/02\/ex-sao-paulo-se-despede-de-clube-na-europa\/\" \/>\n<meta property=\"og:site_name\" content=\"G\u00e1vea News\" \/>\n<meta property=\"article:publisher\" content=\"https:\/\/facebook.com\/gaveaNews\/\" \/>\n<meta property=\"article:published_time\" content=\"2025-06-02T18:30:00+00:00\" \/>\n<meta property=\"og:image\" content=\"https:\/\/www.gaveanews.com\/wp-content\/uploads\/sao-paulo-escudo.webp\" \/>\n\t<meta property=\"og:image:width\" content=\"800\" \/>\n\t<meta property=\"og:image:height\" content=\"533\" \/>\n\t<meta property=\"og:image:type\" content=\"image\/webp\" \/>\n<meta name=\"author\" content=\"Brenda Cezillo\" \/>\n<meta name=\"twitter:card\" content=\"summary_large_image\" \/>\n<meta name=\"twitter:label1\" content=\"Escrito por\" \/>\n\t<meta name=\"twitter:data1\" content=\"Brenda Cezillo\" \/>\n\t<meta name=\"twitter:label2\" content=\"Est. tempo de leitura\" \/>\n\t<meta name=\"twitter:data2\" content=\"3 minutos\" \/>\n<script type=\"application\/ld+json\" class=\"yoast-schema-graph\">{\"@context\":\"https:\/\/schema.org\",\"@graph\":[{\"@type\":\"NewsArticle\",\"@id\":\"https:\/\/www.gaveanews.com\/index.php\/2025\/06\/02\/ex-sao-paulo-se-despede-de-clube-na-europa\/#article\",\"isPartOf\":{\"@id\":\"https:\/\/www.gaveanews.com\/index.php\/2025\/06\/02\/ex-sao-paulo-se-despede-de-clube-na-europa\/\"},\"author\":{\"name\":\"Brenda Cezillo\",\"@id\":\"https:\/\/www.gaveanews.com\/#\/schema\/person\/c79759ca337c40791ae8d08e2923d403\"},\"headline\":\"Ex-S\u00e3o Paulo se despede de clube na Europa\",\"datePublished\":\"2025-06-02T18:30:00+00:00\",\"mainEntityOfPage\":{\"@id\":\"https:\/\/www.gaveanews.com\/index.php\/2025\/06\/02\/ex-sao-paulo-se-despede-de-clube-na-europa\/\"},\"wordCount\":389,\"commentCount\":0,\"image\":{\"@id\":\"https:\/\/www.gaveanews.com\/index.php\/2025\/06\/02\/ex-sao-paulo-se-despede-de-clube-na-europa\/#primaryimage\"},\"thumbnailUrl\":\"https:\/\/www.gaveanews.com\/wp-content\/uploads\/sao-paulo-escudo.webp\",\"articleSection\":[\"Real Betis\",\"S\u00e3o Paulo\"],\"inLanguage\":\"pt-BR\",\"potentialAction\":[{\"@type\":\"CommentAction\",\"name\":\"Comment\",\"target\":[\"https:\/\/www.gaveanews.com\/index.php\/2025\/06\/02\/ex-sao-paulo-se-despede-de-clube-na-europa\/#respond\"]}],\"copyrightYear\":\"2025\",\"copyrightHolder\":{\"@id\":\"https:\/\/www.gaveanews.com\/#organization\"}},{\"@type\":\"WebPage\",\"@id\":\"https:\/\/www.gaveanews.com\/index.php\/2025\/06\/02\/ex-sao-paulo-se-despede-de-clube-na-europa\/\",\"url\":\"https:\/\/www.gaveanews.com\/index.php\/2025\/06\/02\/ex-sao-paulo-se-despede-de-clube-na-europa\/\",\"name\":\"Ex-S\u00e3o Paulo se despede de clube na Europa\",\"isPartOf\":{\"@id\":\"https:\/\/www.gaveanews.com\/#website\"},\"primaryImageOfPage\":{\"@id\":\"https:\/\/www.gaveanews.com\/index.php\/2025\/06\/02\/ex-sao-paulo-se-despede-de-clube-na-europa\/#primaryimage\"},\"image\":{\"@id\":\"https:\/\/www.gaveanews.com\/index.php\/2025\/06\/02\/ex-sao-paulo-se-despede-de-clube-na-europa\/#primaryimage\"},\"thumbnailUrl\":\"https:\/\/www.gaveanews.com\/wp-content\/uploads\/sao-paulo-escudo.webp\",\"datePublished\":\"2025-06-02T18:30:00+00:00\",\"author\":{\"@id\":\"https:\/\/www.gaveanews.com\/#\/schema\/person\/c79759ca337c40791ae8d08e2923d403\"},\"breadcrumb\":{\"@id\":\"https:\/\/www.gaveanews.com\/index.php\/2025\/06\/02\/ex-sao-paulo-se-despede-de-clube-na-europa\/#breadcrumb\"},\"inLanguage\":\"pt-BR\",\"potentialAction\":[{\"@type\":\"ReadAction\",\"target\":[\"https:\/\/www.gaveanews.com\/index.php\/2025\/06\/02\/ex-sao-paulo-se-despede-de-clube-na-europa\/\"]}]},{\"@type\":\"ImageObject\",\"inLanguage\":\"pt-BR\",\"@id\":\"https:\/\/www.gaveanews.com\/index.php\/2025\/06\/02\/ex-sao-paulo-se-despede-de-clube-na-europa\/#primaryimage\",\"url\":\"https:\/\/www.gaveanews.com\/wp-content\/uploads\/sao-paulo-escudo.webp\",\"contentUrl\":\"https:\/\/www.gaveanews.com\/wp-content\/uploads\/sao-paulo-escudo.webp\",\"width\":800,\"height\":533,\"caption\":\"Escudo do S\u00e3o Paulo (Foto: Reprodu\u00e7\u00e3o)\"},{\"@type\":\"BreadcrumbList\",\"@id\":\"https:\/\/www.gaveanews.com\/index.php\/2025\/06\/02\/ex-sao-paulo-se-despede-de-clube-na-europa\/#breadcrumb\",\"itemListElement\":[{\"@type\":\"ListItem\",\"position\":1,\"name\":\"Home\",\"item\":\"https:\/\/www.gaveanews.com\/\"},{\"@type\":\"ListItem\",\"position\":2,\"name\":\"Ex-S\u00e3o Paulo se despede de clube na Europa\"}]},{\"@type\":\"WebSite\",\"@id\":\"https:\/\/www.gaveanews.com\/#website\",\"url\":\"https:\/\/www.gaveanews.com\/\",\"name\":\"G\u00e1vea News\",\"description\":\"Veja todas as not\u00edcias sobre o Flamengo: Contrata\u00e7\u00f5es, categorias de base, resultados das partidas, tabela de classifica\u00e7\u00e3o, pr\u00f3ximos jogos!\",\"potentialAction\":[{\"@type\":\"SearchAction\",\"target\":{\"@type\":\"EntryPoint\",\"urlTemplate\":\"https:\/\/www.gaveanews.com\/?s={search_term_string}\"},\"query-input\":{\"@type\":\"PropertyValueSpecification\",\"valueRequired\":true,\"valueName\":\"search_term_string\"}}],\"inLanguage\":\"pt-BR\"},{\"@type\":\"Person\",\"@id\":\"https:\/\/www.gaveanews.com\/#\/schema\/person\/c79759ca337c40791ae8d08e2923d403\",\"name\":\"Brenda Cezillo\",\"image\":{\"@type\":\"ImageObject\",\"inLanguage\":\"pt-BR\",\"@id\":\"https:\/\/www.gaveanews.com\/#\/schema\/person\/image\/\",\"url\":\"https:\/\/secure.gravatar.com\/avatar\/1738d75cee7317f9c29ae61dd67620c5883d80a92e42a6fff88ae5d527af217a?s=96&d=mm&r=g\",\"contentUrl\":\"https:\/\/secure.gravatar.com\/avatar\/1738d75cee7317f9c29ae61dd67620c5883d80a92e42a6fff88ae5d527af217a?s=96&d=mm&r=g\",\"caption\":\"Brenda Cezillo\"}}]}<\/script>\n<!-- \/ Yoast SEO Premium plugin. -->","yoast_head_json":{"title":"Ex-S\u00e3o Paulo se despede de clube na Europa","robots":{"index":"index","follow":"follow","max-snippet":"max-snippet:-1","max-image-preview":"max-image-preview:large","max-video-preview":"max-video-preview:-1"},"canonical":"https:\/\/www.gaveanews.com\/index.php\/2025\/06\/02\/ex-sao-paulo-se-despede-de-clube-na-europa\/","og_locale":"pt_BR","og_type":"article","og_title":"Ex-S\u00e3o Paulo se despede de clube na Europa","og_description":"Ap\u00f3s o encerramento de sua passagem pelo futebol espanhol, Antony se despediu oficialmente do Real B\u00e9tis. O atacante, revelado pelas categorias de base do S\u00e3o Paulo, utilizou as redes sociais para agradecer ao clube pelo per\u00edodo de empr\u00e9stimo. A sa\u00edda marca o fim de um ciclo breve, mas de destaque, com participa\u00e7\u00f5es importantes em competi\u00e7\u00f5es [&hellip;]","og_url":"https:\/\/www.gaveanews.com\/index.php\/2025\/06\/02\/ex-sao-paulo-se-despede-de-clube-na-europa\/","og_site_name":"G\u00e1vea News","article_publisher":"https:\/\/facebook.com\/gaveaNews\/","article_published_time":"2025-06-02T18:30:00+00:00","og_image":[{"width":800,"height":533,"url":"https:\/\/www.gaveanews.com\/wp-content\/uploads\/sao-paulo-escudo.webp","type":"image\/webp"}],"author":"Brenda Cezillo","twitter_card":"summary_large_image","twitter_misc":{"Escrito por":"Brenda Cezillo","Est. tempo de leitura":"3 minutos"},"schema":{"@context":"https:\/\/schema.org","@graph":[{"@type":"NewsArticle","@id":"https:\/\/www.gaveanews.com\/index.php\/2025\/06\/02\/ex-sao-paulo-se-despede-de-clube-na-europa\/#article","isPartOf":{"@id":"https:\/\/www.gaveanews.com\/index.php\/2025\/06\/02\/ex-sao-paulo-se-despede-de-clube-na-europa\/"},"author":{"name":"Brenda Cezillo","@id":"https:\/\/www.gaveanews.com\/#\/schema\/person\/c79759ca337c40791ae8d08e2923d403"},"headline":"Ex-S\u00e3o Paulo se despede de clube na Europa","datePublished":"2025-06-02T18:30:00+00:00","mainEntityOfPage":{"@id":"https:\/\/www.gaveanews.com\/index.php\/2025\/06\/02\/ex-sao-paulo-se-despede-de-clube-na-europa\/"},"wordCount":389,"commentCount":0,"image":{"@id":"https:\/\/www.gaveanews.com\/index.php\/2025\/06\/02\/ex-sao-paulo-se-despede-de-clube-na-europa\/#primaryimage"},"thumbnailUrl":"https:\/\/www.gaveanews.com\/wp-content\/uploads\/sao-paulo-escudo.webp","articleSection":["Real Betis","S\u00e3o Paulo"],"inLanguage":"pt-BR","potentialAction":[{"@type":"CommentAction","name":"Comment","target":["https:\/\/www.gaveanews.com\/index.php\/2025\/06\/02\/ex-sao-paulo-se-despede-de-clube-na-europa\/#respond"]}],"copyrightYear":"2025","copyrightHolder":{"@id":"https:\/\/www.gaveanews.com\/#organization"}},{"@type":"WebPage","@id":"https:\/\/www.gaveanews.com\/index.php\/2025\/06\/02\/ex-sao-paulo-se-despede-de-clube-na-europa\/","url":"https:\/\/www.gaveanews.com\/index.php\/2025\/06\/02\/ex-sao-paulo-se-despede-de-clube-na-europa\/","name":"Ex-S\u00e3o Paulo se despede de clube na Europa","isPartOf":{"@id":"https:\/\/www.gaveanews.com\/#website"},"primaryImageOfPage":{"@id":"https:\/\/www.gaveanews.com\/index.php\/2025\/06\/02\/ex-sao-paulo-se-despede-de-clube-na-europa\/#primaryimage"},"image":{"@id":"https:\/\/www.gaveanews.com\/index.php\/2025\/06\/02\/ex-sao-paulo-se-despede-de-clube-na-europa\/#primaryimage"},"thumbnailUrl":"https:\/\/www.gaveanews.com\/wp-content\/uploads\/sao-paulo-escudo.webp","datePublished":"2025-06-02T18:30:00+00:00","author":{"@id":"https:\/\/www.gaveanews.com\/#\/schema\/person\/c79759ca337c40791ae8d08e2923d403"},"breadcrumb":{"@id":"https:\/\/www.gaveanews.com\/index.php\/2025\/06\/02\/ex-sao-paulo-se-despede-de-clube-na-europa\/#breadcrumb"},"inLanguage":"pt-BR","potentialAction":[{"@type":"ReadAction","target":["https:\/\/www.gaveanews.com\/index.php\/2025\/06\/02\/ex-sao-paulo-se-despede-de-clube-na-europa\/"]}]},{"@type":"ImageObject","inLanguage":"pt-BR","@id":"https:\/\/www.gaveanews.com\/index.php\/2025\/06\/02\/ex-sao-paulo-se-despede-de-clube-na-europa\/#primaryimage","url":"https:\/\/www.gaveanews.com\/wp-content\/uploads\/sao-paulo-escudo.webp","contentUrl":"https:\/\/www.gaveanews.com\/wp-content\/uploads\/sao-paulo-escudo.webp","width":800,"height":533,"caption":"Escudo do S\u00e3o Paulo (Foto: Reprodu\u00e7\u00e3o)"},{"@type":"BreadcrumbList","@id":"https:\/\/www.gaveanews.com\/index.php\/2025\/06\/02\/ex-sao-paulo-se-despede-de-clube-na-europa\/#breadcrumb","itemListElement":[{"@type":"ListItem","position":1,"name":"Home","item":"https:\/\/www.gaveanews.com\/"},{"@type":"ListItem","position":2,"name":"Ex-S\u00e3o Paulo se despede de clube na Europa"}]},{"@type":"WebSite","@id":"https:\/\/www.gaveanews.com\/#website","url":"https:\/\/www.gaveanews.com\/","name":"G\u00e1vea News","description":"Veja todas as not\u00edcias sobre o Flamengo: Contrata\u00e7\u00f5es, categorias de base, resultados das partidas, tabela de classifica\u00e7\u00e3o, pr\u00f3ximos jogos!","potentialAction":[{"@type":"SearchAction","target":{"@type":"EntryPoint","urlTemplate":"https:\/\/www.gaveanews.com\/?s={search_term_string}"},"query-input":{"@type":"PropertyValueSpecification","valueRequired":true,"valueName":"search_term_string"}}],"inLanguage":"pt-BR"},{"@type":"Person","@id":"https:\/\/www.gaveanews.com\/#\/schema\/person\/c79759ca337c40791ae8d08e2923d403","name":"Brenda Cezillo","image":{"@type":"ImageObject","inLanguage":"pt-BR","@id":"https:\/\/www.gaveanews.com\/#\/schema\/person\/image\/","url":"https:\/\/secure.gravatar.com\/avatar\/1738d75cee7317f9c29ae61dd67620c5883d80a92e42a6fff88ae5d527af217a?s=96&d=mm&r=g","contentUrl":"https:\/\/secure.gravatar.com\/avatar\/1738d75cee7317f9c29ae61dd67620c5883d80a92e42a6fff88ae5d527af217a?s=96&d=mm&r=g","caption":"Brenda Cezillo"}}]}},"_links":{"self":[{"href":"https:\/\/www.gaveanews.com\/index.php\/wp-json\/wp\/v2\/posts\/268915","targetHints":{"allow":["GET"]}}],"collection":[{"href":"https:\/\/www.gaveanews.com\/index.php\/wp-json\/wp\/v2\/posts"}],"about":[{"href":"https:\/\/www.gaveanews.com\/index.php\/wp-json\/wp\/v2\/types\/post"}],"author":[{"embeddable":true,"href":"https:\/\/www.gaveanews.com\/index.php\/wp-json\/wp\/v2\/users\/33"}],"replies":[{"embeddable":true,"href":"https:\/\/www.gaveanews.com\/index.php\/wp-json\/wp\/v2\/comments?post=268915"}],"version-history":[{"count":1,"href":"https:\/\/www.gaveanews.com\/index.php\/wp-json\/wp\/v2\/posts\/268915\/revisions"}],"predecessor-version":[{"id":268918,"href":"https:\/\/www.gaveanews.com\/index.php\/wp-json\/wp\/v2\/posts\/268915\/revisions\/268918"}],"wp:featuredmedia":[{"embeddable":true,"href":"https:\/\/www.gaveanews.com\/index.php\/wp-json\/wp\/v2\/media\/120199"}],"wp:attachment":[{"href":"https:\/\/www.gaveanews.com\/index.php\/wp-json\/wp\/v2\/media?parent=268915"}],"wp:term":[{"taxonomy":"category","embeddable":true,"href":"https:\/\/www.gaveanews.com\/index.php\/wp-json\/wp\/v2\/categories?post=268915"},{"taxonomy":"post_tag","embeddable":true,"href":"https:\/\/www.gaveanews.com\/index.php\/wp-json\/wp\/v2\/tags?post=268915"}],"curies":[{"name":"wp","href":"https:\/\/api.w.org\/{rel}","templated":true}]}}