{"id":268949,"date":"2025-06-02T15:25:00","date_gmt":"2025-06-02T18:25:00","guid":{"rendered":"https:\/\/www.gaveanews.com\/?p=268949"},"modified":"2025-06-02T15:24:33","modified_gmt":"2025-06-02T18:24:33","slug":"flamengo-emite-nota-oficial-sobre-novas-contratacoes","status":"publish","type":"post","link":"https:\/\/www.gaveanews.com\/index.php\/2025\/06\/02\/flamengo-emite-nota-oficial-sobre-novas-contratacoes\/","title":{"rendered":"Flamengo emite nota oficial sobre novas contrata\u00e7\u00f5es"},"content":{"rendered":"\n<p>Em meio ao crescimento dos rumores sobre poss\u00edveis refor\u00e7os, o Flamengo decidiu se pronunciar oficialmente. Nesta segunda-feira (2), o clube emitiu uma nota oficial esclarecendo a situa\u00e7\u00e3o sobre o mercado de transfer\u00eancias. O comunicado surge logo ap\u00f3s a repercuss\u00e3o do suposto interesse em \u00c1lvaro Montoro, jovem meio-campista do V\u00e9lez Sarsfield.<\/p>\n\n\n\n<p>\u201cO Clube de Regatas do Flamengo alerta que seu nome tem sido frequentemente vinculado a especula\u00e7\u00f5es de mercado sem qualquer fundamento. O clube reitera que possui alvos definidos e negocia\u00e7\u00f5es em andamento, conduzidas com responsabilidade e discri\u00e7\u00e3o. N\u00e3o haver\u00e1 desvios em rela\u00e7\u00e3o ao planejamento estabelecido\u201d, diz a nota.<\/p>\n\n\n\n<blockquote class=\"twitter-tweet\"><p lang=\"pt\" dir=\"ltr\">Nota oficial do Flamengo:<br><br>\u201cO Clube de Regatas do Flamengo alerta que seu nome tem sido frequentemente vinculado a especula\u00e7\u00f5es de mercado sem qualquer fundamento. O clube reitera que possui alvos definidos e negocia\u00e7\u00f5es em andamento, conduzidas com responsabilidade e discri\u00e7\u00e3o.\u2026 <a href=\"https:\/\/t.co\/q8hkz8fJg4\">pic.twitter.com\/q8hkz8fJg4<\/a><\/p>&mdash; Planeta do Futebol \ud83c\udf0e (@futebol_info) <a href=\"https:\/\/twitter.com\/futebol_info\/status\/1929579958914932862?ref_src=twsrc%5Etfw\">June 2, 2025<\/a><\/blockquote> <script async src=\"https:\/\/platform.twitter.com\/widgets.js\" charset=\"utf-8\"><\/script>\n\n\n\n<p>Vale destacar que, embora n\u00e3o negue diretamente a negocia\u00e7\u00e3o por Montoro, o texto foi divulgado poucas horas ap\u00f3s rumores de que o clube teria dado um &#8220;chap\u00e9u&#8221; no Botafogo, que tamb\u00e9m est\u00e1 de olho no jogador. Sendo assim, a nota soa como uma resposta \u00e0 especula\u00e7\u00e3o.<\/p>\n\n\n\n<h2 class=\"wp-block-heading\" id=\"h-planejamento-mantido-e-reforcos-estrategicos\">Planejamento mantido e refor\u00e7os estrat\u00e9gicos<\/h2>\n\n\n\n<p>Cabe ressaltar que o tom do comunicado refor\u00e7a a fala recente de Jos\u00e9 Boto, diretor t\u00e9cnico rubro-negro. Segundo ele, o Flamengo j\u00e1 trabalha com alvos definidos e negocia\u00e7\u00f5es avan\u00e7adas. Um desses refor\u00e7os \u00e9 Jorginho, do Arsenal, que abriu m\u00e3o de cerca de R$ 6 milh\u00f5es para defender o clube a partir do Mundial de Clubes.<\/p>\n\n\n\n<p>Al\u00e9m disso, o clube busca um meia-atacante com caracter\u00edsticas parecidas com as de Arrascaeta e tamb\u00e9m estuda op\u00e7\u00f5es para os lados do campo. Isso porque, com a poss\u00edvel sa\u00edda de Wesley para o futebol europeu, a contrata\u00e7\u00e3o de um novo lateral-direito tamb\u00e9m \u00e9 considerada.<\/p>\n\n\n\n<h2 class=\"wp-block-heading\" id=\"h-expectativa-por-uma-janela-movimentada\">Expectativa por uma janela movimentada<\/h2>\n\n\n\n<p>Por isso, a diretoria trabalha com cautela, evitando vazamentos e conduzindo negocia\u00e7\u00f5es longe dos holofotes. Com isso, o Flamengo espera manter o planejamento e fortalecer o elenco de forma pontual.<\/p>\n\n\n\n<p>Filipe Lu\u00eds, membro da comiss\u00e3o t\u00e9cnica, j\u00e1 havia adiantado que as pr\u00f3ximas janelas seriam marcadas por chegadas e sa\u00eddas. Desse jeito, o clube mant\u00e9m sua linha de trabalho, priorizando estrat\u00e9gia e responsabilidade no mercado. Dessa maneira, o torcedor pode esperar novidades, mas sem ilus\u00f5es alimentadas por boatos.<\/p>\n","protected":false},"excerpt":{"rendered":"<p>Em meio ao crescimento dos rumores sobre poss\u00edveis refor\u00e7os, o Flamengo decidiu se pronunciar oficialmente. Nesta segunda-feira (2), o clube emitiu uma nota oficial esclarecendo a situa\u00e7\u00e3o sobre o mercado de transfer\u00eancias. O comunicado surge logo ap\u00f3s a repercuss\u00e3o do suposto interesse em \u00c1lvaro Montoro, jovem meio-campista do V\u00e9lez Sarsfield. \u201cO Clube de Regatas do [&hellip;]<\/p>\n","protected":false},"author":24,"featured_media":124518,"comment_status":"open","ping_status":"closed","sticky":false,"template":"","format":"standard","meta":{"footnotes":""},"categories":[1],"tags":[],"class_list":["post-268949","post","type-post","status-publish","format-standard","has-post-thumbnail","hentry","category-flamengo"],"yoast_head":"<!-- This site is optimized with the Yoast SEO Premium plugin v24.2 (Yoast SEO v26.9) - https:\/\/yoast.com\/product\/yoast-seo-premium-wordpress\/ -->\n<title>Flamengo emite nota oficial sobre novas contrata\u00e7\u00f5es<\/title>\n<meta name=\"robots\" content=\"index, follow, max-snippet:-1, max-image-preview:large, max-video-preview:-1\" \/>\n<link rel=\"canonical\" href=\"https:\/\/www.gaveanews.com\/index.php\/2025\/06\/02\/flamengo-emite-nota-oficial-sobre-novas-contratacoes\/\" \/>\n<meta property=\"og:locale\" content=\"pt_BR\" \/>\n<meta property=\"og:type\" content=\"article\" \/>\n<meta property=\"og:title\" content=\"Flamengo emite nota oficial sobre novas contrata\u00e7\u00f5es\" \/>\n<meta property=\"og:description\" content=\"Em meio ao crescimento dos rumores sobre poss\u00edveis refor\u00e7os, o Flamengo decidiu se pronunciar oficialmente. Nesta segunda-feira (2), o clube emitiu uma nota oficial esclarecendo a situa\u00e7\u00e3o sobre o mercado de transfer\u00eancias. O comunicado surge logo ap\u00f3s a repercuss\u00e3o do suposto interesse em \u00c1lvaro Montoro, jovem meio-campista do V\u00e9lez Sarsfield. \u201cO Clube de Regatas do [&hellip;]\" \/>\n<meta property=\"og:url\" content=\"https:\/\/www.gaveanews.com\/index.php\/2025\/06\/02\/flamengo-emite-nota-oficial-sobre-novas-contratacoes\/\" \/>\n<meta property=\"og:site_name\" content=\"G\u00e1vea News\" \/>\n<meta property=\"article:publisher\" content=\"https:\/\/facebook.com\/gaveaNews\/\" \/>\n<meta property=\"article:published_time\" content=\"2025-06-02T18:25:00+00:00\" \/>\n<meta property=\"og:image\" content=\"http:\/\/www.gaveanews.com\/wp-content\/uploads\/Centro-de-Treinamento-Ninho-do-Urubu.webp\" \/>\n\t<meta property=\"og:image:width\" content=\"1200\" \/>\n\t<meta property=\"og:image:height\" content=\"799\" \/>\n\t<meta property=\"og:image:type\" content=\"image\/jpeg\" \/>\n<meta name=\"author\" content=\"Leandro Cardoso\" \/>\n<meta name=\"twitter:card\" content=\"summary_large_image\" \/>\n<meta name=\"twitter:label1\" content=\"Escrito por\" \/>\n\t<meta name=\"twitter:data1\" content=\"Leandro Cardoso\" \/>\n\t<meta name=\"twitter:label2\" content=\"Est. tempo de leitura\" \/>\n\t<meta name=\"twitter:data2\" content=\"3 minutos\" \/>\n<script type=\"application\/ld+json\" class=\"yoast-schema-graph\">{\"@context\":\"https:\/\/schema.org\",\"@graph\":[{\"@type\":\"NewsArticle\",\"@id\":\"https:\/\/www.gaveanews.com\/index.php\/2025\/06\/02\/flamengo-emite-nota-oficial-sobre-novas-contratacoes\/#article\",\"isPartOf\":{\"@id\":\"https:\/\/www.gaveanews.com\/index.php\/2025\/06\/02\/flamengo-emite-nota-oficial-sobre-novas-contratacoes\/\"},\"author\":{\"name\":\"Leandro Cardoso\",\"@id\":\"https:\/\/www.gaveanews.com\/#\/schema\/person\/2424ec6409bc3f068411fc5e4e9b6168\"},\"headline\":\"Flamengo emite nota oficial sobre novas contrata\u00e7\u00f5es\",\"datePublished\":\"2025-06-02T18:25:00+00:00\",\"mainEntityOfPage\":{\"@id\":\"https:\/\/www.gaveanews.com\/index.php\/2025\/06\/02\/flamengo-emite-nota-oficial-sobre-novas-contratacoes\/\"},\"wordCount\":434,\"commentCount\":0,\"image\":{\"@id\":\"https:\/\/www.gaveanews.com\/index.php\/2025\/06\/02\/flamengo-emite-nota-oficial-sobre-novas-contratacoes\/#primaryimage\"},\"thumbnailUrl\":\"https:\/\/www.gaveanews.com\/wp-content\/uploads\/Centro-de-Treinamento-Ninho-do-Urubu.webp\",\"articleSection\":[\"Flamengo\"],\"inLanguage\":\"pt-BR\",\"potentialAction\":[{\"@type\":\"CommentAction\",\"name\":\"Comment\",\"target\":[\"https:\/\/www.gaveanews.com\/index.php\/2025\/06\/02\/flamengo-emite-nota-oficial-sobre-novas-contratacoes\/#respond\"]}],\"copyrightYear\":\"2025\",\"copyrightHolder\":{\"@id\":\"https:\/\/www.gaveanews.com\/#organization\"}},{\"@type\":\"WebPage\",\"@id\":\"https:\/\/www.gaveanews.com\/index.php\/2025\/06\/02\/flamengo-emite-nota-oficial-sobre-novas-contratacoes\/\",\"url\":\"https:\/\/www.gaveanews.com\/index.php\/2025\/06\/02\/flamengo-emite-nota-oficial-sobre-novas-contratacoes\/\",\"name\":\"Flamengo emite nota oficial sobre novas contrata\u00e7\u00f5es\",\"isPartOf\":{\"@id\":\"https:\/\/www.gaveanews.com\/#website\"},\"primaryImageOfPage\":{\"@id\":\"https:\/\/www.gaveanews.com\/index.php\/2025\/06\/02\/flamengo-emite-nota-oficial-sobre-novas-contratacoes\/#primaryimage\"},\"image\":{\"@id\":\"https:\/\/www.gaveanews.com\/index.php\/2025\/06\/02\/flamengo-emite-nota-oficial-sobre-novas-contratacoes\/#primaryimage\"},\"thumbnailUrl\":\"https:\/\/www.gaveanews.com\/wp-content\/uploads\/Centro-de-Treinamento-Ninho-do-Urubu.webp\",\"datePublished\":\"2025-06-02T18:25:00+00:00\",\"author\":{\"@id\":\"https:\/\/www.gaveanews.com\/#\/schema\/person\/2424ec6409bc3f068411fc5e4e9b6168\"},\"breadcrumb\":{\"@id\":\"https:\/\/www.gaveanews.com\/index.php\/2025\/06\/02\/flamengo-emite-nota-oficial-sobre-novas-contratacoes\/#breadcrumb\"},\"inLanguage\":\"pt-BR\",\"potentialAction\":[{\"@type\":\"ReadAction\",\"target\":[\"https:\/\/www.gaveanews.com\/index.php\/2025\/06\/02\/flamengo-emite-nota-oficial-sobre-novas-contratacoes\/\"]}]},{\"@type\":\"ImageObject\",\"inLanguage\":\"pt-BR\",\"@id\":\"https:\/\/www.gaveanews.com\/index.php\/2025\/06\/02\/flamengo-emite-nota-oficial-sobre-novas-contratacoes\/#primaryimage\",\"url\":\"https:\/\/www.gaveanews.com\/wp-content\/uploads\/Centro-de-Treinamento-Ninho-do-Urubu.webp\",\"contentUrl\":\"https:\/\/www.gaveanews.com\/wp-content\/uploads\/Centro-de-Treinamento-Ninho-do-Urubu.webp\",\"width\":1200,\"height\":799,\"caption\":\"Centro de Treinamento Ninho do Urubu - Foto: divulga\u00e7\u00e3o\"},{\"@type\":\"BreadcrumbList\",\"@id\":\"https:\/\/www.gaveanews.com\/index.php\/2025\/06\/02\/flamengo-emite-nota-oficial-sobre-novas-contratacoes\/#breadcrumb\",\"itemListElement\":[{\"@type\":\"ListItem\",\"position\":1,\"name\":\"Home\",\"item\":\"https:\/\/www.gaveanews.com\/\"},{\"@type\":\"ListItem\",\"position\":2,\"name\":\"Flamengo emite nota oficial sobre novas contrata\u00e7\u00f5es\"}]},{\"@type\":\"WebSite\",\"@id\":\"https:\/\/www.gaveanews.com\/#website\",\"url\":\"https:\/\/www.gaveanews.com\/\",\"name\":\"G\u00e1vea News\",\"description\":\"Veja todas as not\u00edcias sobre o Flamengo: Contrata\u00e7\u00f5es, categorias de base, resultados das partidas, tabela de classifica\u00e7\u00e3o, pr\u00f3ximos jogos!\",\"potentialAction\":[{\"@type\":\"SearchAction\",\"target\":{\"@type\":\"EntryPoint\",\"urlTemplate\":\"https:\/\/www.gaveanews.com\/?s={search_term_string}\"},\"query-input\":{\"@type\":\"PropertyValueSpecification\",\"valueRequired\":true,\"valueName\":\"search_term_string\"}}],\"inLanguage\":\"pt-BR\"},{\"@type\":\"Person\",\"@id\":\"https:\/\/www.gaveanews.com\/#\/schema\/person\/2424ec6409bc3f068411fc5e4e9b6168\",\"name\":\"Leandro Cardoso\",\"image\":{\"@type\":\"ImageObject\",\"inLanguage\":\"pt-BR\",\"@id\":\"https:\/\/www.gaveanews.com\/#\/schema\/person\/image\/\",\"url\":\"https:\/\/secure.gravatar.com\/avatar\/8ca179f9b55eefe9f376f5493ef25475bfa59fbc28ce937f6076ce20e523098f?s=96&d=mm&r=g\",\"contentUrl\":\"https:\/\/secure.gravatar.com\/avatar\/8ca179f9b55eefe9f376f5493ef25475bfa59fbc28ce937f6076ce20e523098f?s=96&d=mm&r=g\",\"caption\":\"Leandro Cardoso\"}}]}<\/script>\n<!-- \/ Yoast SEO Premium plugin. -->","yoast_head_json":{"title":"Flamengo emite nota oficial sobre novas contrata\u00e7\u00f5es","robots":{"index":"index","follow":"follow","max-snippet":"max-snippet:-1","max-image-preview":"max-image-preview:large","max-video-preview":"max-video-preview:-1"},"canonical":"https:\/\/www.gaveanews.com\/index.php\/2025\/06\/02\/flamengo-emite-nota-oficial-sobre-novas-contratacoes\/","og_locale":"pt_BR","og_type":"article","og_title":"Flamengo emite nota oficial sobre novas contrata\u00e7\u00f5es","og_description":"Em meio ao crescimento dos rumores sobre poss\u00edveis refor\u00e7os, o Flamengo decidiu se pronunciar oficialmente. Nesta segunda-feira (2), o clube emitiu uma nota oficial esclarecendo a situa\u00e7\u00e3o sobre o mercado de transfer\u00eancias. O comunicado surge logo ap\u00f3s a repercuss\u00e3o do suposto interesse em \u00c1lvaro Montoro, jovem meio-campista do V\u00e9lez Sarsfield. \u201cO Clube de Regatas do [&hellip;]","og_url":"https:\/\/www.gaveanews.com\/index.php\/2025\/06\/02\/flamengo-emite-nota-oficial-sobre-novas-contratacoes\/","og_site_name":"G\u00e1vea News","article_publisher":"https:\/\/facebook.com\/gaveaNews\/","article_published_time":"2025-06-02T18:25:00+00:00","og_image":[{"width":1200,"height":799,"url":"http:\/\/www.gaveanews.com\/wp-content\/uploads\/Centro-de-Treinamento-Ninho-do-Urubu.webp","type":"image\/jpeg"}],"author":"Leandro Cardoso","twitter_card":"summary_large_image","twitter_misc":{"Escrito por":"Leandro Cardoso","Est. tempo de leitura":"3 minutos"},"schema":{"@context":"https:\/\/schema.org","@graph":[{"@type":"NewsArticle","@id":"https:\/\/www.gaveanews.com\/index.php\/2025\/06\/02\/flamengo-emite-nota-oficial-sobre-novas-contratacoes\/#article","isPartOf":{"@id":"https:\/\/www.gaveanews.com\/index.php\/2025\/06\/02\/flamengo-emite-nota-oficial-sobre-novas-contratacoes\/"},"author":{"name":"Leandro Cardoso","@id":"https:\/\/www.gaveanews.com\/#\/schema\/person\/2424ec6409bc3f068411fc5e4e9b6168"},"headline":"Flamengo emite nota oficial sobre novas contrata\u00e7\u00f5es","datePublished":"2025-06-02T18:25:00+00:00","mainEntityOfPage":{"@id":"https:\/\/www.gaveanews.com\/index.php\/2025\/06\/02\/flamengo-emite-nota-oficial-sobre-novas-contratacoes\/"},"wordCount":434,"commentCount":0,"image":{"@id":"https:\/\/www.gaveanews.com\/index.php\/2025\/06\/02\/flamengo-emite-nota-oficial-sobre-novas-contratacoes\/#primaryimage"},"thumbnailUrl":"https:\/\/www.gaveanews.com\/wp-content\/uploads\/Centro-de-Treinamento-Ninho-do-Urubu.webp","articleSection":["Flamengo"],"inLanguage":"pt-BR","potentialAction":[{"@type":"CommentAction","name":"Comment","target":["https:\/\/www.gaveanews.com\/index.php\/2025\/06\/02\/flamengo-emite-nota-oficial-sobre-novas-contratacoes\/#respond"]}],"copyrightYear":"2025","copyrightHolder":{"@id":"https:\/\/www.gaveanews.com\/#organization"}},{"@type":"WebPage","@id":"https:\/\/www.gaveanews.com\/index.php\/2025\/06\/02\/flamengo-emite-nota-oficial-sobre-novas-contratacoes\/","url":"https:\/\/www.gaveanews.com\/index.php\/2025\/06\/02\/flamengo-emite-nota-oficial-sobre-novas-contratacoes\/","name":"Flamengo emite nota oficial sobre novas contrata\u00e7\u00f5es","isPartOf":{"@id":"https:\/\/www.gaveanews.com\/#website"},"primaryImageOfPage":{"@id":"https:\/\/www.gaveanews.com\/index.php\/2025\/06\/02\/flamengo-emite-nota-oficial-sobre-novas-contratacoes\/#primaryimage"},"image":{"@id":"https:\/\/www.gaveanews.com\/index.php\/2025\/06\/02\/flamengo-emite-nota-oficial-sobre-novas-contratacoes\/#primaryimage"},"thumbnailUrl":"https:\/\/www.gaveanews.com\/wp-content\/uploads\/Centro-de-Treinamento-Ninho-do-Urubu.webp","datePublished":"2025-06-02T18:25:00+00:00","author":{"@id":"https:\/\/www.gaveanews.com\/#\/schema\/person\/2424ec6409bc3f068411fc5e4e9b6168"},"breadcrumb":{"@id":"https:\/\/www.gaveanews.com\/index.php\/2025\/06\/02\/flamengo-emite-nota-oficial-sobre-novas-contratacoes\/#breadcrumb"},"inLanguage":"pt-BR","potentialAction":[{"@type":"ReadAction","target":["https:\/\/www.gaveanews.com\/index.php\/2025\/06\/02\/flamengo-emite-nota-oficial-sobre-novas-contratacoes\/"]}]},{"@type":"ImageObject","inLanguage":"pt-BR","@id":"https:\/\/www.gaveanews.com\/index.php\/2025\/06\/02\/flamengo-emite-nota-oficial-sobre-novas-contratacoes\/#primaryimage","url":"https:\/\/www.gaveanews.com\/wp-content\/uploads\/Centro-de-Treinamento-Ninho-do-Urubu.webp","contentUrl":"https:\/\/www.gaveanews.com\/wp-content\/uploads\/Centro-de-Treinamento-Ninho-do-Urubu.webp","width":1200,"height":799,"caption":"Centro de Treinamento Ninho do Urubu - Foto: divulga\u00e7\u00e3o"},{"@type":"BreadcrumbList","@id":"https:\/\/www.gaveanews.com\/index.php\/2025\/06\/02\/flamengo-emite-nota-oficial-sobre-novas-contratacoes\/#breadcrumb","itemListElement":[{"@type":"ListItem","position":1,"name":"Home","item":"https:\/\/www.gaveanews.com\/"},{"@type":"ListItem","position":2,"name":"Flamengo emite nota oficial sobre novas contrata\u00e7\u00f5es"}]},{"@type":"WebSite","@id":"https:\/\/www.gaveanews.com\/#website","url":"https:\/\/www.gaveanews.com\/","name":"G\u00e1vea News","description":"Veja todas as not\u00edcias sobre o Flamengo: Contrata\u00e7\u00f5es, categorias de base, resultados das partidas, tabela de classifica\u00e7\u00e3o, pr\u00f3ximos jogos!","potentialAction":[{"@type":"SearchAction","target":{"@type":"EntryPoint","urlTemplate":"https:\/\/www.gaveanews.com\/?s={search_term_string}"},"query-input":{"@type":"PropertyValueSpecification","valueRequired":true,"valueName":"search_term_string"}}],"inLanguage":"pt-BR"},{"@type":"Person","@id":"https:\/\/www.gaveanews.com\/#\/schema\/person\/2424ec6409bc3f068411fc5e4e9b6168","name":"Leandro Cardoso","image":{"@type":"ImageObject","inLanguage":"pt-BR","@id":"https:\/\/www.gaveanews.com\/#\/schema\/person\/image\/","url":"https:\/\/secure.gravatar.com\/avatar\/8ca179f9b55eefe9f376f5493ef25475bfa59fbc28ce937f6076ce20e523098f?s=96&d=mm&r=g","contentUrl":"https:\/\/secure.gravatar.com\/avatar\/8ca179f9b55eefe9f376f5493ef25475bfa59fbc28ce937f6076ce20e523098f?s=96&d=mm&r=g","caption":"Leandro Cardoso"}}]}},"_links":{"self":[{"href":"https:\/\/www.gaveanews.com\/index.php\/wp-json\/wp\/v2\/posts\/268949","targetHints":{"allow":["GET"]}}],"collection":[{"href":"https:\/\/www.gaveanews.com\/index.php\/wp-json\/wp\/v2\/posts"}],"about":[{"href":"https:\/\/www.gaveanews.com\/index.php\/wp-json\/wp\/v2\/types\/post"}],"author":[{"embeddable":true,"href":"https:\/\/www.gaveanews.com\/index.php\/wp-json\/wp\/v2\/users\/24"}],"replies":[{"embeddable":true,"href":"https:\/\/www.gaveanews.com\/index.php\/wp-json\/wp\/v2\/comments?post=268949"}],"version-history":[{"count":1,"href":"https:\/\/www.gaveanews.com\/index.php\/wp-json\/wp\/v2\/posts\/268949\/revisions"}],"predecessor-version":[{"id":268950,"href":"https:\/\/www.gaveanews.com\/index.php\/wp-json\/wp\/v2\/posts\/268949\/revisions\/268950"}],"wp:featuredmedia":[{"embeddable":true,"href":"https:\/\/www.gaveanews.com\/index.php\/wp-json\/wp\/v2\/media\/124518"}],"wp:attachment":[{"href":"https:\/\/www.gaveanews.com\/index.php\/wp-json\/wp\/v2\/media?parent=268949"}],"wp:term":[{"taxonomy":"category","embeddable":true,"href":"https:\/\/www.gaveanews.com\/index.php\/wp-json\/wp\/v2\/categories?post=268949"},{"taxonomy":"post_tag","embeddable":true,"href":"https:\/\/www.gaveanews.com\/index.php\/wp-json\/wp\/v2\/tags?post=268949"}],"curies":[{"name":"wp","href":"https:\/\/api.w.org\/{rel}","templated":true}]}}