{"id":269161,"date":"2025-06-03T07:35:00","date_gmt":"2025-06-03T10:35:00","guid":{"rendered":"https:\/\/www.gaveanews.com\/?p=269161"},"modified":"2025-06-03T06:49:50","modified_gmt":"2025-06-03T09:49:50","slug":"yamal-se-pronuncia-sobre-possivel-ida-ao-real-madrid","status":"publish","type":"post","link":"https:\/\/www.gaveanews.com\/index.php\/2025\/06\/03\/yamal-se-pronuncia-sobre-possivel-ida-ao-real-madrid\/","title":{"rendered":"Yamal se pronuncia sobre poss\u00edvel ida ao Real Madrid"},"content":{"rendered":"\n<p>Com o jogo contra a Fran\u00e7a se aproximando pela Nations League, Lamine Yamal, destaque da sele\u00e7\u00e3o espanhola, voltou a ser tema central nas discuss\u00f5es esportivas. A partida, que acontece na pr\u00f3xima quinta-feira (5), dever\u00e1 ter papel importante na corrida pela Bola de Ouro, j\u00e1 que colocar\u00e1 frente a frente dois dos principais candidatos ao pr\u00eamio: o pr\u00f3prio Yamal e Demb\u00e9l\u00e9.<\/p>\n\n\n\n<p>Ainda assim, o jovem atacante do Barcelona afirmou que conquistar a Bola de Ouro n\u00e3o \u00e9 uma meta priorit\u00e1ria. Durante entrevista ao programa \u201cEl Partidazo de Cope\u201d, ele destacou que seu foco est\u00e1 em aproveitar os jogos e atuar bem. \u201cEu n\u00e3o penso em ganhar a Bola de Ouro. Penso em me divertir, jogar bem e, se tiver que acontecer, vai acontecer\u201d, declarou.<\/p>\n\n\n\n<figure class=\"wp-block-image size-large\"><img loading=\"lazy\" decoding=\"async\" width=\"822\" height=\"1024\" src=\"http:\/\/www.gaveanews.com\/wp-content\/uploads\/Lamine-Yamal-com-a-camisa-do-Barcelona-diante-da-Napoli-822x1024.webp\" alt=\"\" class=\"wp-image-153555\" srcset=\"https:\/\/www.gaveanews.com\/wp-content\/uploads\/Lamine-Yamal-com-a-camisa-do-Barcelona-diante-da-Napoli-822x1024.webp 822w, https:\/\/www.gaveanews.com\/wp-content\/uploads\/Lamine-Yamal-com-a-camisa-do-Barcelona-diante-da-Napoli-241x300.webp 241w, https:\/\/www.gaveanews.com\/wp-content\/uploads\/Lamine-Yamal-com-a-camisa-do-Barcelona-diante-da-Napoli-768x957.webp 768w, https:\/\/www.gaveanews.com\/wp-content\/uploads\/Lamine-Yamal-com-a-camisa-do-Barcelona-diante-da-Napoli-337x420.webp 337w, https:\/\/www.gaveanews.com\/wp-content\/uploads\/Lamine-Yamal-com-a-camisa-do-Barcelona-diante-da-Napoli-674x840.webp 674w, https:\/\/www.gaveanews.com\/wp-content\/uploads\/Lamine-Yamal-com-a-camisa-do-Barcelona-diante-da-Napoli-640x798.webp 640w, https:\/\/www.gaveanews.com\/wp-content\/uploads\/Lamine-Yamal-com-a-camisa-do-Barcelona-diante-da-Napoli-681x849.webp 681w, https:\/\/www.gaveanews.com\/wp-content\/uploads\/Lamine-Yamal-com-a-camisa-do-Barcelona-diante-da-Napoli-100x125.webp 100w, https:\/\/www.gaveanews.com\/wp-content\/uploads\/Lamine-Yamal-com-a-camisa-do-Barcelona-diante-da-Napoli.webp 1080w\" sizes=\"auto, (max-width: 822px) 100vw, 822px\" \/><figcaption class=\"wp-element-caption\">Lamine Yamal com a camisa do Barcelona diante da Napoli (Foto: Reprodu\u00e7\u00e3o\/Instagram)<\/figcaption><\/figure>\n\n\n\n<p>Apesar de ser um dos nomes mais cotados na disputa, Yamal evitou apontar um favorito. Segundo ele, j\u00e1 tem uma opini\u00e3o formada sobre quem merece a premia\u00e7\u00e3o neste ano, mas decidiu n\u00e3o revelar. \u201cA Bola de Ouro deveria ser concedida ao melhor jogador do ano. Mas as pessoas querem que quem vencer na quinta-feira entre Espanha e Fran\u00e7a ganhe a Bola de Ouro. Eu j\u00e1 tenho uma opini\u00e3o sobre quem deveria ser, mas n\u00e3o vou dizer quem \u00e9. Guardo para mim\u201d, comentou.<\/p>\n\n\n\n<p>Ali\u00e1s, o jogador aproveitou o espa\u00e7o para reafirmar sua liga\u00e7\u00e3o com o Barcelona. Quando perguntado sobre uma poss\u00edvel transfer\u00eancia para o Real Madrid no futuro, Yamal foi direto e categ\u00f3rico: \u201cN\u00e3o. \u00c9 imposs\u00edvel\u201d, sentenciou, sem deixar margem para d\u00favidas sobre sua posi\u00e7\u00e3o.<\/p>\n\n\n\n<p>Ao comentar sobre a mentalidade do clube catal\u00e3o, o atacante defendeu que \u00e9 necess\u00e1rio uma mudan\u00e7a de postura, tanto internamente quanto entre os torcedores. Conforme explicou, a forma como os resultados s\u00e3o encarados difere bastante da maneira como o Real Madrid lida com situa\u00e7\u00f5es semelhantes. \u201cEstamos melhorando, mas temos que acreditar que somos os melhores. Quando o Real Madrid perdeu para o Arsenal, as pessoas acharam que poderiam se recuperar. E quando empatamos com a Inter, as pessoas ficaram em d\u00favida. \u00c9 isso que precisa mudar\u201d, avaliou.<\/p>\n\n\n\n<p>Atualmente, Yamal \u00e9 visto como uma das principais promessas do futebol europeu. Aos 17 anos, o jogador revelou pelas categorias de base do Barcelona encerrou a temporada 2024\/25 em alta, assumindo papel de protagonismo no clube. A expectativa para o confronto com a Fran\u00e7a \u00e9 grande, pois al\u00e9m do t\u00edtulo da Nations League, estar\u00e1 em jogo uma poss\u00edvel vantagem na disputa pelo pr\u00eamio mais prestigiado do futebol individual.<\/p>\n","protected":false},"excerpt":{"rendered":"<p>Com o jogo contra a Fran\u00e7a se aproximando pela Nations League, Lamine Yamal, destaque da sele\u00e7\u00e3o espanhola, voltou a ser tema central nas discuss\u00f5es esportivas. A partida, que acontece na pr\u00f3xima quinta-feira (5), dever\u00e1 ter papel importante na corrida pela Bola de Ouro, j\u00e1 que colocar\u00e1 frente a frente dois dos principais candidatos ao pr\u00eamio: [&hellip;]<\/p>\n","protected":false},"author":33,"featured_media":267500,"comment_status":"open","ping_status":"closed","sticky":false,"template":"","format":"standard","meta":{"footnotes":""},"categories":[88],"tags":[],"class_list":["post-269161","post","type-post","status-publish","format-standard","has-post-thumbnail","hentry","category-real-madrid"],"yoast_head":"<!-- This site is optimized with the Yoast SEO Premium plugin v24.2 (Yoast SEO v26.9) - https:\/\/yoast.com\/product\/yoast-seo-premium-wordpress\/ -->\n<title>Yamal se pronuncia sobre poss\u00edvel ida ao Real Madrid<\/title>\n<meta name=\"robots\" content=\"index, follow, max-snippet:-1, max-image-preview:large, max-video-preview:-1\" \/>\n<link rel=\"canonical\" href=\"https:\/\/www.gaveanews.com\/index.php\/2025\/06\/03\/yamal-se-pronuncia-sobre-possivel-ida-ao-real-madrid\/\" \/>\n<meta property=\"og:locale\" content=\"pt_BR\" \/>\n<meta property=\"og:type\" content=\"article\" \/>\n<meta property=\"og:title\" content=\"Yamal se pronuncia sobre poss\u00edvel ida ao Real Madrid\" \/>\n<meta property=\"og:description\" content=\"Com o jogo contra a Fran\u00e7a se aproximando pela Nations League, Lamine Yamal, destaque da sele\u00e7\u00e3o espanhola, voltou a ser tema central nas discuss\u00f5es esportivas. A partida, que acontece na pr\u00f3xima quinta-feira (5), dever\u00e1 ter papel importante na corrida pela Bola de Ouro, j\u00e1 que colocar\u00e1 frente a frente dois dos principais candidatos ao pr\u00eamio: [&hellip;]\" \/>\n<meta property=\"og:url\" content=\"https:\/\/www.gaveanews.com\/index.php\/2025\/06\/03\/yamal-se-pronuncia-sobre-possivel-ida-ao-real-madrid\/\" \/>\n<meta property=\"og:site_name\" content=\"G\u00e1vea News\" \/>\n<meta property=\"article:publisher\" content=\"https:\/\/facebook.com\/gaveaNews\/\" \/>\n<meta property=\"article:published_time\" content=\"2025-06-03T10:35:00+00:00\" \/>\n<meta property=\"og:image\" content=\"https:\/\/www.gaveanews.com\/wp-content\/uploads\/Lamine-Yamal-pelo-Barcelona.webp\" \/>\n\t<meta property=\"og:image:width\" content=\"1200\" \/>\n\t<meta property=\"og:image:height\" content=\"900\" \/>\n\t<meta property=\"og:image:type\" content=\"image\/webp\" \/>\n<meta name=\"author\" content=\"Brenda Cezillo\" \/>\n<meta name=\"twitter:card\" content=\"summary_large_image\" \/>\n<meta name=\"twitter:label1\" content=\"Escrito por\" \/>\n\t<meta name=\"twitter:data1\" content=\"Brenda Cezillo\" \/>\n\t<meta name=\"twitter:label2\" content=\"Est. tempo de leitura\" \/>\n\t<meta name=\"twitter:data2\" content=\"3 minutos\" \/>\n<script type=\"application\/ld+json\" class=\"yoast-schema-graph\">{\"@context\":\"https:\/\/schema.org\",\"@graph\":[{\"@type\":\"NewsArticle\",\"@id\":\"https:\/\/www.gaveanews.com\/index.php\/2025\/06\/03\/yamal-se-pronuncia-sobre-possivel-ida-ao-real-madrid\/#article\",\"isPartOf\":{\"@id\":\"https:\/\/www.gaveanews.com\/index.php\/2025\/06\/03\/yamal-se-pronuncia-sobre-possivel-ida-ao-real-madrid\/\"},\"author\":{\"name\":\"Brenda Cezillo\",\"@id\":\"https:\/\/www.gaveanews.com\/#\/schema\/person\/c79759ca337c40791ae8d08e2923d403\"},\"headline\":\"Yamal se pronuncia sobre poss\u00edvel ida ao Real Madrid\",\"datePublished\":\"2025-06-03T10:35:00+00:00\",\"mainEntityOfPage\":{\"@id\":\"https:\/\/www.gaveanews.com\/index.php\/2025\/06\/03\/yamal-se-pronuncia-sobre-possivel-ida-ao-real-madrid\/\"},\"wordCount\":453,\"commentCount\":0,\"image\":{\"@id\":\"https:\/\/www.gaveanews.com\/index.php\/2025\/06\/03\/yamal-se-pronuncia-sobre-possivel-ida-ao-real-madrid\/#primaryimage\"},\"thumbnailUrl\":\"https:\/\/www.gaveanews.com\/wp-content\/uploads\/Lamine-Yamal-pelo-Barcelona.webp\",\"articleSection\":[\"Real Madrid\"],\"inLanguage\":\"pt-BR\",\"potentialAction\":[{\"@type\":\"CommentAction\",\"name\":\"Comment\",\"target\":[\"https:\/\/www.gaveanews.com\/index.php\/2025\/06\/03\/yamal-se-pronuncia-sobre-possivel-ida-ao-real-madrid\/#respond\"]}],\"copyrightYear\":\"2025\",\"copyrightHolder\":{\"@id\":\"https:\/\/www.gaveanews.com\/#organization\"}},{\"@type\":\"WebPage\",\"@id\":\"https:\/\/www.gaveanews.com\/index.php\/2025\/06\/03\/yamal-se-pronuncia-sobre-possivel-ida-ao-real-madrid\/\",\"url\":\"https:\/\/www.gaveanews.com\/index.php\/2025\/06\/03\/yamal-se-pronuncia-sobre-possivel-ida-ao-real-madrid\/\",\"name\":\"Yamal se pronuncia sobre poss\u00edvel ida ao Real Madrid\",\"isPartOf\":{\"@id\":\"https:\/\/www.gaveanews.com\/#website\"},\"primaryImageOfPage\":{\"@id\":\"https:\/\/www.gaveanews.com\/index.php\/2025\/06\/03\/yamal-se-pronuncia-sobre-possivel-ida-ao-real-madrid\/#primaryimage\"},\"image\":{\"@id\":\"https:\/\/www.gaveanews.com\/index.php\/2025\/06\/03\/yamal-se-pronuncia-sobre-possivel-ida-ao-real-madrid\/#primaryimage\"},\"thumbnailUrl\":\"https:\/\/www.gaveanews.com\/wp-content\/uploads\/Lamine-Yamal-pelo-Barcelona.webp\",\"datePublished\":\"2025-06-03T10:35:00+00:00\",\"author\":{\"@id\":\"https:\/\/www.gaveanews.com\/#\/schema\/person\/c79759ca337c40791ae8d08e2923d403\"},\"breadcrumb\":{\"@id\":\"https:\/\/www.gaveanews.com\/index.php\/2025\/06\/03\/yamal-se-pronuncia-sobre-possivel-ida-ao-real-madrid\/#breadcrumb\"},\"inLanguage\":\"pt-BR\",\"potentialAction\":[{\"@type\":\"ReadAction\",\"target\":[\"https:\/\/www.gaveanews.com\/index.php\/2025\/06\/03\/yamal-se-pronuncia-sobre-possivel-ida-ao-real-madrid\/\"]}]},{\"@type\":\"ImageObject\",\"inLanguage\":\"pt-BR\",\"@id\":\"https:\/\/www.gaveanews.com\/index.php\/2025\/06\/03\/yamal-se-pronuncia-sobre-possivel-ida-ao-real-madrid\/#primaryimage\",\"url\":\"https:\/\/www.gaveanews.com\/wp-content\/uploads\/Lamine-Yamal-pelo-Barcelona.webp\",\"contentUrl\":\"https:\/\/www.gaveanews.com\/wp-content\/uploads\/Lamine-Yamal-pelo-Barcelona.webp\",\"width\":1200,\"height\":900,\"caption\":\"Lamine Yamal pelo Barcelona (Foto: Reprodu\u00e7\u00e3o\/Barcelona)\"},{\"@type\":\"BreadcrumbList\",\"@id\":\"https:\/\/www.gaveanews.com\/index.php\/2025\/06\/03\/yamal-se-pronuncia-sobre-possivel-ida-ao-real-madrid\/#breadcrumb\",\"itemListElement\":[{\"@type\":\"ListItem\",\"position\":1,\"name\":\"Home\",\"item\":\"https:\/\/www.gaveanews.com\/\"},{\"@type\":\"ListItem\",\"position\":2,\"name\":\"Yamal se pronuncia sobre poss\u00edvel ida ao Real Madrid\"}]},{\"@type\":\"WebSite\",\"@id\":\"https:\/\/www.gaveanews.com\/#website\",\"url\":\"https:\/\/www.gaveanews.com\/\",\"name\":\"G\u00e1vea News\",\"description\":\"Veja todas as not\u00edcias sobre o Flamengo: Contrata\u00e7\u00f5es, categorias de base, resultados das partidas, tabela de classifica\u00e7\u00e3o, pr\u00f3ximos jogos!\",\"potentialAction\":[{\"@type\":\"SearchAction\",\"target\":{\"@type\":\"EntryPoint\",\"urlTemplate\":\"https:\/\/www.gaveanews.com\/?s={search_term_string}\"},\"query-input\":{\"@type\":\"PropertyValueSpecification\",\"valueRequired\":true,\"valueName\":\"search_term_string\"}}],\"inLanguage\":\"pt-BR\"},{\"@type\":\"Person\",\"@id\":\"https:\/\/www.gaveanews.com\/#\/schema\/person\/c79759ca337c40791ae8d08e2923d403\",\"name\":\"Brenda Cezillo\",\"image\":{\"@type\":\"ImageObject\",\"inLanguage\":\"pt-BR\",\"@id\":\"https:\/\/www.gaveanews.com\/#\/schema\/person\/image\/\",\"url\":\"https:\/\/secure.gravatar.com\/avatar\/1738d75cee7317f9c29ae61dd67620c5883d80a92e42a6fff88ae5d527af217a?s=96&d=mm&r=g\",\"contentUrl\":\"https:\/\/secure.gravatar.com\/avatar\/1738d75cee7317f9c29ae61dd67620c5883d80a92e42a6fff88ae5d527af217a?s=96&d=mm&r=g\",\"caption\":\"Brenda Cezillo\"}}]}<\/script>\n<!-- \/ Yoast SEO Premium plugin. -->","yoast_head_json":{"title":"Yamal se pronuncia sobre poss\u00edvel ida ao Real Madrid","robots":{"index":"index","follow":"follow","max-snippet":"max-snippet:-1","max-image-preview":"max-image-preview:large","max-video-preview":"max-video-preview:-1"},"canonical":"https:\/\/www.gaveanews.com\/index.php\/2025\/06\/03\/yamal-se-pronuncia-sobre-possivel-ida-ao-real-madrid\/","og_locale":"pt_BR","og_type":"article","og_title":"Yamal se pronuncia sobre poss\u00edvel ida ao Real Madrid","og_description":"Com o jogo contra a Fran\u00e7a se aproximando pela Nations League, Lamine Yamal, destaque da sele\u00e7\u00e3o espanhola, voltou a ser tema central nas discuss\u00f5es esportivas. A partida, que acontece na pr\u00f3xima quinta-feira (5), dever\u00e1 ter papel importante na corrida pela Bola de Ouro, j\u00e1 que colocar\u00e1 frente a frente dois dos principais candidatos ao pr\u00eamio: [&hellip;]","og_url":"https:\/\/www.gaveanews.com\/index.php\/2025\/06\/03\/yamal-se-pronuncia-sobre-possivel-ida-ao-real-madrid\/","og_site_name":"G\u00e1vea News","article_publisher":"https:\/\/facebook.com\/gaveaNews\/","article_published_time":"2025-06-03T10:35:00+00:00","og_image":[{"width":1200,"height":900,"url":"https:\/\/www.gaveanews.com\/wp-content\/uploads\/Lamine-Yamal-pelo-Barcelona.webp","type":"image\/webp"}],"author":"Brenda Cezillo","twitter_card":"summary_large_image","twitter_misc":{"Escrito por":"Brenda Cezillo","Est. tempo de leitura":"3 minutos"},"schema":{"@context":"https:\/\/schema.org","@graph":[{"@type":"NewsArticle","@id":"https:\/\/www.gaveanews.com\/index.php\/2025\/06\/03\/yamal-se-pronuncia-sobre-possivel-ida-ao-real-madrid\/#article","isPartOf":{"@id":"https:\/\/www.gaveanews.com\/index.php\/2025\/06\/03\/yamal-se-pronuncia-sobre-possivel-ida-ao-real-madrid\/"},"author":{"name":"Brenda Cezillo","@id":"https:\/\/www.gaveanews.com\/#\/schema\/person\/c79759ca337c40791ae8d08e2923d403"},"headline":"Yamal se pronuncia sobre poss\u00edvel ida ao Real Madrid","datePublished":"2025-06-03T10:35:00+00:00","mainEntityOfPage":{"@id":"https:\/\/www.gaveanews.com\/index.php\/2025\/06\/03\/yamal-se-pronuncia-sobre-possivel-ida-ao-real-madrid\/"},"wordCount":453,"commentCount":0,"image":{"@id":"https:\/\/www.gaveanews.com\/index.php\/2025\/06\/03\/yamal-se-pronuncia-sobre-possivel-ida-ao-real-madrid\/#primaryimage"},"thumbnailUrl":"https:\/\/www.gaveanews.com\/wp-content\/uploads\/Lamine-Yamal-pelo-Barcelona.webp","articleSection":["Real Madrid"],"inLanguage":"pt-BR","potentialAction":[{"@type":"CommentAction","name":"Comment","target":["https:\/\/www.gaveanews.com\/index.php\/2025\/06\/03\/yamal-se-pronuncia-sobre-possivel-ida-ao-real-madrid\/#respond"]}],"copyrightYear":"2025","copyrightHolder":{"@id":"https:\/\/www.gaveanews.com\/#organization"}},{"@type":"WebPage","@id":"https:\/\/www.gaveanews.com\/index.php\/2025\/06\/03\/yamal-se-pronuncia-sobre-possivel-ida-ao-real-madrid\/","url":"https:\/\/www.gaveanews.com\/index.php\/2025\/06\/03\/yamal-se-pronuncia-sobre-possivel-ida-ao-real-madrid\/","name":"Yamal se pronuncia sobre poss\u00edvel ida ao Real Madrid","isPartOf":{"@id":"https:\/\/www.gaveanews.com\/#website"},"primaryImageOfPage":{"@id":"https:\/\/www.gaveanews.com\/index.php\/2025\/06\/03\/yamal-se-pronuncia-sobre-possivel-ida-ao-real-madrid\/#primaryimage"},"image":{"@id":"https:\/\/www.gaveanews.com\/index.php\/2025\/06\/03\/yamal-se-pronuncia-sobre-possivel-ida-ao-real-madrid\/#primaryimage"},"thumbnailUrl":"https:\/\/www.gaveanews.com\/wp-content\/uploads\/Lamine-Yamal-pelo-Barcelona.webp","datePublished":"2025-06-03T10:35:00+00:00","author":{"@id":"https:\/\/www.gaveanews.com\/#\/schema\/person\/c79759ca337c40791ae8d08e2923d403"},"breadcrumb":{"@id":"https:\/\/www.gaveanews.com\/index.php\/2025\/06\/03\/yamal-se-pronuncia-sobre-possivel-ida-ao-real-madrid\/#breadcrumb"},"inLanguage":"pt-BR","potentialAction":[{"@type":"ReadAction","target":["https:\/\/www.gaveanews.com\/index.php\/2025\/06\/03\/yamal-se-pronuncia-sobre-possivel-ida-ao-real-madrid\/"]}]},{"@type":"ImageObject","inLanguage":"pt-BR","@id":"https:\/\/www.gaveanews.com\/index.php\/2025\/06\/03\/yamal-se-pronuncia-sobre-possivel-ida-ao-real-madrid\/#primaryimage","url":"https:\/\/www.gaveanews.com\/wp-content\/uploads\/Lamine-Yamal-pelo-Barcelona.webp","contentUrl":"https:\/\/www.gaveanews.com\/wp-content\/uploads\/Lamine-Yamal-pelo-Barcelona.webp","width":1200,"height":900,"caption":"Lamine Yamal pelo Barcelona (Foto: Reprodu\u00e7\u00e3o\/Barcelona)"},{"@type":"BreadcrumbList","@id":"https:\/\/www.gaveanews.com\/index.php\/2025\/06\/03\/yamal-se-pronuncia-sobre-possivel-ida-ao-real-madrid\/#breadcrumb","itemListElement":[{"@type":"ListItem","position":1,"name":"Home","item":"https:\/\/www.gaveanews.com\/"},{"@type":"ListItem","position":2,"name":"Yamal se pronuncia sobre poss\u00edvel ida ao Real Madrid"}]},{"@type":"WebSite","@id":"https:\/\/www.gaveanews.com\/#website","url":"https:\/\/www.gaveanews.com\/","name":"G\u00e1vea News","description":"Veja todas as not\u00edcias sobre o Flamengo: Contrata\u00e7\u00f5es, categorias de base, resultados das partidas, tabela de classifica\u00e7\u00e3o, pr\u00f3ximos jogos!","potentialAction":[{"@type":"SearchAction","target":{"@type":"EntryPoint","urlTemplate":"https:\/\/www.gaveanews.com\/?s={search_term_string}"},"query-input":{"@type":"PropertyValueSpecification","valueRequired":true,"valueName":"search_term_string"}}],"inLanguage":"pt-BR"},{"@type":"Person","@id":"https:\/\/www.gaveanews.com\/#\/schema\/person\/c79759ca337c40791ae8d08e2923d403","name":"Brenda Cezillo","image":{"@type":"ImageObject","inLanguage":"pt-BR","@id":"https:\/\/www.gaveanews.com\/#\/schema\/person\/image\/","url":"https:\/\/secure.gravatar.com\/avatar\/1738d75cee7317f9c29ae61dd67620c5883d80a92e42a6fff88ae5d527af217a?s=96&d=mm&r=g","contentUrl":"https:\/\/secure.gravatar.com\/avatar\/1738d75cee7317f9c29ae61dd67620c5883d80a92e42a6fff88ae5d527af217a?s=96&d=mm&r=g","caption":"Brenda Cezillo"}}]}},"_links":{"self":[{"href":"https:\/\/www.gaveanews.com\/index.php\/wp-json\/wp\/v2\/posts\/269161","targetHints":{"allow":["GET"]}}],"collection":[{"href":"https:\/\/www.gaveanews.com\/index.php\/wp-json\/wp\/v2\/posts"}],"about":[{"href":"https:\/\/www.gaveanews.com\/index.php\/wp-json\/wp\/v2\/types\/post"}],"author":[{"embeddable":true,"href":"https:\/\/www.gaveanews.com\/index.php\/wp-json\/wp\/v2\/users\/33"}],"replies":[{"embeddable":true,"href":"https:\/\/www.gaveanews.com\/index.php\/wp-json\/wp\/v2\/comments?post=269161"}],"version-history":[{"count":1,"href":"https:\/\/www.gaveanews.com\/index.php\/wp-json\/wp\/v2\/posts\/269161\/revisions"}],"predecessor-version":[{"id":269163,"href":"https:\/\/www.gaveanews.com\/index.php\/wp-json\/wp\/v2\/posts\/269161\/revisions\/269163"}],"wp:featuredmedia":[{"embeddable":true,"href":"https:\/\/www.gaveanews.com\/index.php\/wp-json\/wp\/v2\/media\/267500"}],"wp:attachment":[{"href":"https:\/\/www.gaveanews.com\/index.php\/wp-json\/wp\/v2\/media?parent=269161"}],"wp:term":[{"taxonomy":"category","embeddable":true,"href":"https:\/\/www.gaveanews.com\/index.php\/wp-json\/wp\/v2\/categories?post=269161"},{"taxonomy":"post_tag","embeddable":true,"href":"https:\/\/www.gaveanews.com\/index.php\/wp-json\/wp\/v2\/tags?post=269161"}],"curies":[{"name":"wp","href":"https:\/\/api.w.org\/{rel}","templated":true}]}}