{"id":269192,"date":"2025-06-03T11:45:00","date_gmt":"2025-06-03T14:45:00","guid":{"rendered":"https:\/\/www.gaveanews.com\/?p=269192"},"modified":"2025-06-03T11:26:30","modified_gmt":"2025-06-03T14:26:30","slug":"modric-idolo-do-real-madrid-entra-na-mira-de-clube-da-italia","status":"publish","type":"post","link":"https:\/\/www.gaveanews.com\/index.php\/2025\/06\/03\/modric-idolo-do-real-madrid-entra-na-mira-de-clube-da-italia\/","title":{"rendered":"Modric, \u00eddolo do Real Madrid, entra na mira de clube da It\u00e1lia"},"content":{"rendered":"\n<p>Luka Modri\u0107 desfruta dos \u00faltimos momentos com a camisa do Real Madrid enquanto busca seu pr\u00f3ximo destino. O meio-campista croata de 39 anos confirmou sua despedida do clube espanhol, com os \u00faltimos compromissos sendo v\u00e1lidos pela Copa do Mundo de Clubes, que ser\u00e1 disputada nos Estados Unidos. <\/p>\n\n\n\n<p>Ap\u00f3s 13 temporadas, 590 partidas, 43 gols, 90 assist\u00eancias e 28 t\u00edtulos conquistados, incluindo seis Ligas dos Campe\u00f5es, o veterano se despedir\u00e1 em definitivo dos merengues.<\/p>\n\n\n\n<p>Durante esse longo per\u00edodo em Madri, Modri\u0107 n\u00e3o apenas se consolidou como \u00eddolo e capit\u00e3o da equipe, mas tamb\u00e9m participou ativamente das campanhas mais vitoriosas da hist\u00f3ria recente do clube. <\/p>\n\n\n\n<p>\u201cQuero agradecer sinceramente ao clube, especialmente ao presidente Florentino P\u00e9rez, meus companheiros de equipe, treinadores e todos que me ajudaram durante todo esse tempo. Ganhamos tudo e fiquei muito feliz. Muito, muito feliz\u201d, declarou o jogador, visivelmente emocionado.<\/p>\n\n\n\n<h3 class=\"wp-block-heading\" id=\"h-milan-entra-no-radar-com-apoio-de-allegri\">Milan entra no radar com apoio de Allegri<\/h3>\n\n\n\n<p>Conforme divulgado pelo jornal italiano <em>La Gazzetta dello Sport<\/em>, o Milan surge como principal interessado em contar com o futebol do croata na pr\u00f3xima temporada. A diretoria rossonera avalia que o perfil experiente e t\u00e9cnico do meia pode ser \u00fatil no processo de reformula\u00e7\u00e3o do elenco, sobretudo ap\u00f3s o retorno de Massimiliano Allegri ao comando t\u00e9cnico da equipe.<\/p>\n\n\n\n<p>Ali\u00e1s, a poss\u00edvel chegada de Modri\u0107 teve aprova\u00e7\u00e3o n\u00e3o s\u00f3 do treinador como tamb\u00e9m do diretor esportivo Igli Tare. O Milan, que ficou fora das competi\u00e7\u00f5es europeias, busca refor\u00e7ar o grupo com nomes de impacto, mas financeiramente acess\u00edveis, e v\u00ea no croata uma oportunidade estrat\u00e9gica. <\/p>\n\n\n\n<p>Por mais que a idade seja um fator de pondera\u00e7\u00e3o \u2014 j\u00e1 que ele completar\u00e1 40 anos em setembro \u2014, o clube acredita que o jogador ainda tem condi\u00e7\u00f5es de entregar alto rendimento t\u00e9cnico.<\/p>\n\n\n\n<h3 class=\"wp-block-heading\" id=\"h-vinculo-afetivo-com-o-clube-italiano\">V\u00ednculo afetivo com o clube italiano<\/h3>\n\n\n\n<p>Desde a inf\u00e2ncia, Modri\u0107 nutre simpatia pelo Milan, alimentada principalmente por sua admira\u00e7\u00e3o por Zvonimir Boban, ex-meio-campista croata que brilhou com a camisa rossonera na d\u00e9cada de 1990. <\/p>\n\n\n\n<p>Inclusive, uma imagem do craque vestindo um casaco do Milan quando crian\u00e7a circulou na imprensa italiana como s\u00edmbolo dessa conex\u00e3o afetiva. Similarmente, o interesse atual do clube pode ser fortalecido por esse fator emocional.<\/p>\n\n\n\n<p>Embora tenha sido cogitado anteriormente pela rival Inter de Mil\u00e3o, em 2008, Modri\u0107 nunca escondeu a prefer\u00eancia pelo Milan. Por isso, a identifica\u00e7\u00e3o pessoal e o planejamento do clube podem pesar a favor de um poss\u00edvel acordo, ainda que n\u00e3o exista uma confirma\u00e7\u00e3o oficial por parte dos envolvidos.<\/p>\n\n\n\n<h3 class=\"wp-block-heading\" id=\"h-busca-por-longevidade-na-selecao\">Busca por longevidade na sele\u00e7\u00e3o<\/h3>\n\n\n\n<p>Modri\u0107 almeja estender sua trajet\u00f3ria na sele\u00e7\u00e3o croata at\u00e9 a Copa do Mundo de 2026, marcada para Estados Unidos, Canad\u00e1 e M\u00e9xico. Para isso, o jogador considera essencial manter-se ativo em alto n\u00edvel no futebol europeu. Na temporada 2024\/25, mesmo com menos minutos como titular, acumulou 57 partidas, quatro gols e nove assist\u00eancias.<\/p>\n\n\n\n<p>Atualmente, seu foco segue nos treinos finais com o Real Madrid para o Mundial de Clubes, competi\u00e7\u00e3o na qual o time espanhol enfrentar\u00e1 Al-Hilal, Pachuca e RB Salzburg. Posteriormente, a defini\u00e7\u00e3o sobre seu pr\u00f3ximo destino dever\u00e1 ocorrer, possivelmente durante a janela de transfer\u00eancias do meio do ano.<\/p>\n","protected":false},"excerpt":{"rendered":"<p>Luka Modri\u0107 desfruta dos \u00faltimos momentos com a camisa do Real Madrid enquanto busca seu pr\u00f3ximo destino. O meio-campista croata de 39 anos confirmou sua despedida do clube espanhol, com os \u00faltimos compromissos sendo v\u00e1lidos pela Copa do Mundo de Clubes, que ser\u00e1 disputada nos Estados Unidos. Ap\u00f3s 13 temporadas, 590 partidas, 43 gols, 90 [&hellip;]<\/p>\n","protected":false},"author":30,"featured_media":125223,"comment_status":"open","ping_status":"closed","sticky":false,"template":"","format":"standard","meta":{"footnotes":""},"categories":[78,109,88,105],"tags":[],"class_list":["post-269192","post","type-post","status-publish","format-standard","has-post-thumbnail","hentry","category-futebol-internacional","category-milan","category-real-madrid","category-serie-a"],"yoast_head":"<!-- This site is optimized with the Yoast SEO Premium plugin v24.2 (Yoast SEO v26.9) - https:\/\/yoast.com\/product\/yoast-seo-premium-wordpress\/ -->\n<title>Modric, \u00eddolo do Real Madrid, entra na mira de clube da It\u00e1lia<\/title>\n<meta name=\"robots\" content=\"index, follow, max-snippet:-1, max-image-preview:large, max-video-preview:-1\" \/>\n<link rel=\"canonical\" href=\"https:\/\/www.gaveanews.com\/index.php\/2025\/06\/03\/modric-idolo-do-real-madrid-entra-na-mira-de-clube-da-italia\/\" \/>\n<meta property=\"og:locale\" content=\"pt_BR\" \/>\n<meta property=\"og:type\" content=\"article\" \/>\n<meta property=\"og:title\" content=\"Modric, \u00eddolo do Real Madrid, entra na mira de clube da It\u00e1lia\" \/>\n<meta property=\"og:description\" content=\"Luka Modri\u0107 desfruta dos \u00faltimos momentos com a camisa do Real Madrid enquanto busca seu pr\u00f3ximo destino. O meio-campista croata de 39 anos confirmou sua despedida do clube espanhol, com os \u00faltimos compromissos sendo v\u00e1lidos pela Copa do Mundo de Clubes, que ser\u00e1 disputada nos Estados Unidos. Ap\u00f3s 13 temporadas, 590 partidas, 43 gols, 90 [&hellip;]\" \/>\n<meta property=\"og:url\" content=\"https:\/\/www.gaveanews.com\/index.php\/2025\/06\/03\/modric-idolo-do-real-madrid-entra-na-mira-de-clube-da-italia\/\" \/>\n<meta property=\"og:site_name\" content=\"G\u00e1vea News\" \/>\n<meta property=\"article:publisher\" content=\"https:\/\/facebook.com\/gaveaNews\/\" \/>\n<meta property=\"article:published_time\" content=\"2025-06-03T14:45:00+00:00\" \/>\n<meta property=\"og:image\" content=\"https:\/\/www.gaveanews.com\/wp-content\/uploads\/luka-modric-real-madrid.webp\" \/>\n\t<meta property=\"og:image:width\" content=\"984\" \/>\n\t<meta property=\"og:image:height\" content=\"656\" \/>\n\t<meta property=\"og:image:type\" content=\"image\/webp\" \/>\n<meta name=\"author\" content=\"Ana Teixeira\" \/>\n<meta name=\"twitter:card\" content=\"summary_large_image\" \/>\n<meta name=\"twitter:label1\" content=\"Escrito por\" \/>\n\t<meta name=\"twitter:data1\" content=\"Ana Teixeira\" \/>\n\t<meta name=\"twitter:label2\" content=\"Est. tempo de leitura\" \/>\n\t<meta name=\"twitter:data2\" content=\"3 minutos\" \/>\n<script type=\"application\/ld+json\" class=\"yoast-schema-graph\">{\"@context\":\"https:\/\/schema.org\",\"@graph\":[{\"@type\":\"NewsArticle\",\"@id\":\"https:\/\/www.gaveanews.com\/index.php\/2025\/06\/03\/modric-idolo-do-real-madrid-entra-na-mira-de-clube-da-italia\/#article\",\"isPartOf\":{\"@id\":\"https:\/\/www.gaveanews.com\/index.php\/2025\/06\/03\/modric-idolo-do-real-madrid-entra-na-mira-de-clube-da-italia\/\"},\"author\":{\"name\":\"Ana Teixeira\",\"@id\":\"https:\/\/www.gaveanews.com\/#\/schema\/person\/3b19f7288b0ce20372991275e4f2e6c2\"},\"headline\":\"Modric, \u00eddolo do Real Madrid, entra na mira de clube da It\u00e1lia\",\"datePublished\":\"2025-06-03T14:45:00+00:00\",\"mainEntityOfPage\":{\"@id\":\"https:\/\/www.gaveanews.com\/index.php\/2025\/06\/03\/modric-idolo-do-real-madrid-entra-na-mira-de-clube-da-italia\/\"},\"wordCount\":558,\"commentCount\":0,\"image\":{\"@id\":\"https:\/\/www.gaveanews.com\/index.php\/2025\/06\/03\/modric-idolo-do-real-madrid-entra-na-mira-de-clube-da-italia\/#primaryimage\"},\"thumbnailUrl\":\"https:\/\/www.gaveanews.com\/wp-content\/uploads\/luka-modric-real-madrid.webp\",\"articleSection\":[\"Futebol Internacional\",\"Milan\",\"Real Madrid\",\"S\u00e9rie A\"],\"inLanguage\":\"pt-BR\",\"potentialAction\":[{\"@type\":\"CommentAction\",\"name\":\"Comment\",\"target\":[\"https:\/\/www.gaveanews.com\/index.php\/2025\/06\/03\/modric-idolo-do-real-madrid-entra-na-mira-de-clube-da-italia\/#respond\"]}],\"copyrightYear\":\"2025\",\"copyrightHolder\":{\"@id\":\"https:\/\/www.gaveanews.com\/#organization\"}},{\"@type\":\"WebPage\",\"@id\":\"https:\/\/www.gaveanews.com\/index.php\/2025\/06\/03\/modric-idolo-do-real-madrid-entra-na-mira-de-clube-da-italia\/\",\"url\":\"https:\/\/www.gaveanews.com\/index.php\/2025\/06\/03\/modric-idolo-do-real-madrid-entra-na-mira-de-clube-da-italia\/\",\"name\":\"Modric, \u00eddolo do Real Madrid, entra na mira de clube da It\u00e1lia\",\"isPartOf\":{\"@id\":\"https:\/\/www.gaveanews.com\/#website\"},\"primaryImageOfPage\":{\"@id\":\"https:\/\/www.gaveanews.com\/index.php\/2025\/06\/03\/modric-idolo-do-real-madrid-entra-na-mira-de-clube-da-italia\/#primaryimage\"},\"image\":{\"@id\":\"https:\/\/www.gaveanews.com\/index.php\/2025\/06\/03\/modric-idolo-do-real-madrid-entra-na-mira-de-clube-da-italia\/#primaryimage\"},\"thumbnailUrl\":\"https:\/\/www.gaveanews.com\/wp-content\/uploads\/luka-modric-real-madrid.webp\",\"datePublished\":\"2025-06-03T14:45:00+00:00\",\"author\":{\"@id\":\"https:\/\/www.gaveanews.com\/#\/schema\/person\/3b19f7288b0ce20372991275e4f2e6c2\"},\"breadcrumb\":{\"@id\":\"https:\/\/www.gaveanews.com\/index.php\/2025\/06\/03\/modric-idolo-do-real-madrid-entra-na-mira-de-clube-da-italia\/#breadcrumb\"},\"inLanguage\":\"pt-BR\",\"potentialAction\":[{\"@type\":\"ReadAction\",\"target\":[\"https:\/\/www.gaveanews.com\/index.php\/2025\/06\/03\/modric-idolo-do-real-madrid-entra-na-mira-de-clube-da-italia\/\"]}]},{\"@type\":\"ImageObject\",\"inLanguage\":\"pt-BR\",\"@id\":\"https:\/\/www.gaveanews.com\/index.php\/2025\/06\/03\/modric-idolo-do-real-madrid-entra-na-mira-de-clube-da-italia\/#primaryimage\",\"url\":\"https:\/\/www.gaveanews.com\/wp-content\/uploads\/luka-modric-real-madrid.webp\",\"contentUrl\":\"https:\/\/www.gaveanews.com\/wp-content\/uploads\/luka-modric-real-madrid.webp\",\"width\":984,\"height\":656,\"caption\":\"Luka Modric, meia do Real Madrid (Foto: Gonzalo Arroyo Moreno\/Getty Images)\"},{\"@type\":\"BreadcrumbList\",\"@id\":\"https:\/\/www.gaveanews.com\/index.php\/2025\/06\/03\/modric-idolo-do-real-madrid-entra-na-mira-de-clube-da-italia\/#breadcrumb\",\"itemListElement\":[{\"@type\":\"ListItem\",\"position\":1,\"name\":\"Home\",\"item\":\"https:\/\/www.gaveanews.com\/\"},{\"@type\":\"ListItem\",\"position\":2,\"name\":\"Modric, \u00eddolo do Real Madrid, entra na mira de clube da It\u00e1lia\"}]},{\"@type\":\"WebSite\",\"@id\":\"https:\/\/www.gaveanews.com\/#website\",\"url\":\"https:\/\/www.gaveanews.com\/\",\"name\":\"G\u00e1vea News\",\"description\":\"Veja todas as not\u00edcias sobre o Flamengo: Contrata\u00e7\u00f5es, categorias de base, resultados das partidas, tabela de classifica\u00e7\u00e3o, pr\u00f3ximos jogos!\",\"potentialAction\":[{\"@type\":\"SearchAction\",\"target\":{\"@type\":\"EntryPoint\",\"urlTemplate\":\"https:\/\/www.gaveanews.com\/?s={search_term_string}\"},\"query-input\":{\"@type\":\"PropertyValueSpecification\",\"valueRequired\":true,\"valueName\":\"search_term_string\"}}],\"inLanguage\":\"pt-BR\"},{\"@type\":\"Person\",\"@id\":\"https:\/\/www.gaveanews.com\/#\/schema\/person\/3b19f7288b0ce20372991275e4f2e6c2\",\"name\":\"Ana Teixeira\",\"image\":{\"@type\":\"ImageObject\",\"inLanguage\":\"pt-BR\",\"@id\":\"https:\/\/www.gaveanews.com\/#\/schema\/person\/image\/\",\"url\":\"https:\/\/secure.gravatar.com\/avatar\/0a73f5a5258f3fed37fc2fa641892f3f7a4748456d4d4792f9bc550e6c19e06c?s=96&d=mm&r=g\",\"contentUrl\":\"https:\/\/secure.gravatar.com\/avatar\/0a73f5a5258f3fed37fc2fa641892f3f7a4748456d4d4792f9bc550e6c19e06c?s=96&d=mm&r=g\",\"caption\":\"Ana Teixeira\"}}]}<\/script>\n<!-- \/ Yoast SEO Premium plugin. -->","yoast_head_json":{"title":"Modric, \u00eddolo do Real Madrid, entra na mira de clube da It\u00e1lia","robots":{"index":"index","follow":"follow","max-snippet":"max-snippet:-1","max-image-preview":"max-image-preview:large","max-video-preview":"max-video-preview:-1"},"canonical":"https:\/\/www.gaveanews.com\/index.php\/2025\/06\/03\/modric-idolo-do-real-madrid-entra-na-mira-de-clube-da-italia\/","og_locale":"pt_BR","og_type":"article","og_title":"Modric, \u00eddolo do Real Madrid, entra na mira de clube da It\u00e1lia","og_description":"Luka Modri\u0107 desfruta dos \u00faltimos momentos com a camisa do Real Madrid enquanto busca seu pr\u00f3ximo destino. O meio-campista croata de 39 anos confirmou sua despedida do clube espanhol, com os \u00faltimos compromissos sendo v\u00e1lidos pela Copa do Mundo de Clubes, que ser\u00e1 disputada nos Estados Unidos. Ap\u00f3s 13 temporadas, 590 partidas, 43 gols, 90 [&hellip;]","og_url":"https:\/\/www.gaveanews.com\/index.php\/2025\/06\/03\/modric-idolo-do-real-madrid-entra-na-mira-de-clube-da-italia\/","og_site_name":"G\u00e1vea News","article_publisher":"https:\/\/facebook.com\/gaveaNews\/","article_published_time":"2025-06-03T14:45:00+00:00","og_image":[{"width":984,"height":656,"url":"https:\/\/www.gaveanews.com\/wp-content\/uploads\/luka-modric-real-madrid.webp","type":"image\/webp"}],"author":"Ana Teixeira","twitter_card":"summary_large_image","twitter_misc":{"Escrito por":"Ana Teixeira","Est. tempo de leitura":"3 minutos"},"schema":{"@context":"https:\/\/schema.org","@graph":[{"@type":"NewsArticle","@id":"https:\/\/www.gaveanews.com\/index.php\/2025\/06\/03\/modric-idolo-do-real-madrid-entra-na-mira-de-clube-da-italia\/#article","isPartOf":{"@id":"https:\/\/www.gaveanews.com\/index.php\/2025\/06\/03\/modric-idolo-do-real-madrid-entra-na-mira-de-clube-da-italia\/"},"author":{"name":"Ana Teixeira","@id":"https:\/\/www.gaveanews.com\/#\/schema\/person\/3b19f7288b0ce20372991275e4f2e6c2"},"headline":"Modric, \u00eddolo do Real Madrid, entra na mira de clube da It\u00e1lia","datePublished":"2025-06-03T14:45:00+00:00","mainEntityOfPage":{"@id":"https:\/\/www.gaveanews.com\/index.php\/2025\/06\/03\/modric-idolo-do-real-madrid-entra-na-mira-de-clube-da-italia\/"},"wordCount":558,"commentCount":0,"image":{"@id":"https:\/\/www.gaveanews.com\/index.php\/2025\/06\/03\/modric-idolo-do-real-madrid-entra-na-mira-de-clube-da-italia\/#primaryimage"},"thumbnailUrl":"https:\/\/www.gaveanews.com\/wp-content\/uploads\/luka-modric-real-madrid.webp","articleSection":["Futebol Internacional","Milan","Real Madrid","S\u00e9rie A"],"inLanguage":"pt-BR","potentialAction":[{"@type":"CommentAction","name":"Comment","target":["https:\/\/www.gaveanews.com\/index.php\/2025\/06\/03\/modric-idolo-do-real-madrid-entra-na-mira-de-clube-da-italia\/#respond"]}],"copyrightYear":"2025","copyrightHolder":{"@id":"https:\/\/www.gaveanews.com\/#organization"}},{"@type":"WebPage","@id":"https:\/\/www.gaveanews.com\/index.php\/2025\/06\/03\/modric-idolo-do-real-madrid-entra-na-mira-de-clube-da-italia\/","url":"https:\/\/www.gaveanews.com\/index.php\/2025\/06\/03\/modric-idolo-do-real-madrid-entra-na-mira-de-clube-da-italia\/","name":"Modric, \u00eddolo do Real Madrid, entra na mira de clube da It\u00e1lia","isPartOf":{"@id":"https:\/\/www.gaveanews.com\/#website"},"primaryImageOfPage":{"@id":"https:\/\/www.gaveanews.com\/index.php\/2025\/06\/03\/modric-idolo-do-real-madrid-entra-na-mira-de-clube-da-italia\/#primaryimage"},"image":{"@id":"https:\/\/www.gaveanews.com\/index.php\/2025\/06\/03\/modric-idolo-do-real-madrid-entra-na-mira-de-clube-da-italia\/#primaryimage"},"thumbnailUrl":"https:\/\/www.gaveanews.com\/wp-content\/uploads\/luka-modric-real-madrid.webp","datePublished":"2025-06-03T14:45:00+00:00","author":{"@id":"https:\/\/www.gaveanews.com\/#\/schema\/person\/3b19f7288b0ce20372991275e4f2e6c2"},"breadcrumb":{"@id":"https:\/\/www.gaveanews.com\/index.php\/2025\/06\/03\/modric-idolo-do-real-madrid-entra-na-mira-de-clube-da-italia\/#breadcrumb"},"inLanguage":"pt-BR","potentialAction":[{"@type":"ReadAction","target":["https:\/\/www.gaveanews.com\/index.php\/2025\/06\/03\/modric-idolo-do-real-madrid-entra-na-mira-de-clube-da-italia\/"]}]},{"@type":"ImageObject","inLanguage":"pt-BR","@id":"https:\/\/www.gaveanews.com\/index.php\/2025\/06\/03\/modric-idolo-do-real-madrid-entra-na-mira-de-clube-da-italia\/#primaryimage","url":"https:\/\/www.gaveanews.com\/wp-content\/uploads\/luka-modric-real-madrid.webp","contentUrl":"https:\/\/www.gaveanews.com\/wp-content\/uploads\/luka-modric-real-madrid.webp","width":984,"height":656,"caption":"Luka Modric, meia do Real Madrid (Foto: Gonzalo Arroyo Moreno\/Getty Images)"},{"@type":"BreadcrumbList","@id":"https:\/\/www.gaveanews.com\/index.php\/2025\/06\/03\/modric-idolo-do-real-madrid-entra-na-mira-de-clube-da-italia\/#breadcrumb","itemListElement":[{"@type":"ListItem","position":1,"name":"Home","item":"https:\/\/www.gaveanews.com\/"},{"@type":"ListItem","position":2,"name":"Modric, \u00eddolo do Real Madrid, entra na mira de clube da It\u00e1lia"}]},{"@type":"WebSite","@id":"https:\/\/www.gaveanews.com\/#website","url":"https:\/\/www.gaveanews.com\/","name":"G\u00e1vea News","description":"Veja todas as not\u00edcias sobre o Flamengo: Contrata\u00e7\u00f5es, categorias de base, resultados das partidas, tabela de classifica\u00e7\u00e3o, pr\u00f3ximos jogos!","potentialAction":[{"@type":"SearchAction","target":{"@type":"EntryPoint","urlTemplate":"https:\/\/www.gaveanews.com\/?s={search_term_string}"},"query-input":{"@type":"PropertyValueSpecification","valueRequired":true,"valueName":"search_term_string"}}],"inLanguage":"pt-BR"},{"@type":"Person","@id":"https:\/\/www.gaveanews.com\/#\/schema\/person\/3b19f7288b0ce20372991275e4f2e6c2","name":"Ana Teixeira","image":{"@type":"ImageObject","inLanguage":"pt-BR","@id":"https:\/\/www.gaveanews.com\/#\/schema\/person\/image\/","url":"https:\/\/secure.gravatar.com\/avatar\/0a73f5a5258f3fed37fc2fa641892f3f7a4748456d4d4792f9bc550e6c19e06c?s=96&d=mm&r=g","contentUrl":"https:\/\/secure.gravatar.com\/avatar\/0a73f5a5258f3fed37fc2fa641892f3f7a4748456d4d4792f9bc550e6c19e06c?s=96&d=mm&r=g","caption":"Ana Teixeira"}}]}},"_links":{"self":[{"href":"https:\/\/www.gaveanews.com\/index.php\/wp-json\/wp\/v2\/posts\/269192","targetHints":{"allow":["GET"]}}],"collection":[{"href":"https:\/\/www.gaveanews.com\/index.php\/wp-json\/wp\/v2\/posts"}],"about":[{"href":"https:\/\/www.gaveanews.com\/index.php\/wp-json\/wp\/v2\/types\/post"}],"author":[{"embeddable":true,"href":"https:\/\/www.gaveanews.com\/index.php\/wp-json\/wp\/v2\/users\/30"}],"replies":[{"embeddable":true,"href":"https:\/\/www.gaveanews.com\/index.php\/wp-json\/wp\/v2\/comments?post=269192"}],"version-history":[{"count":1,"href":"https:\/\/www.gaveanews.com\/index.php\/wp-json\/wp\/v2\/posts\/269192\/revisions"}],"predecessor-version":[{"id":269194,"href":"https:\/\/www.gaveanews.com\/index.php\/wp-json\/wp\/v2\/posts\/269192\/revisions\/269194"}],"wp:featuredmedia":[{"embeddable":true,"href":"https:\/\/www.gaveanews.com\/index.php\/wp-json\/wp\/v2\/media\/125223"}],"wp:attachment":[{"href":"https:\/\/www.gaveanews.com\/index.php\/wp-json\/wp\/v2\/media?parent=269192"}],"wp:term":[{"taxonomy":"category","embeddable":true,"href":"https:\/\/www.gaveanews.com\/index.php\/wp-json\/wp\/v2\/categories?post=269192"},{"taxonomy":"post_tag","embeddable":true,"href":"https:\/\/www.gaveanews.com\/index.php\/wp-json\/wp\/v2\/tags?post=269192"}],"curies":[{"name":"wp","href":"https:\/\/api.w.org\/{rel}","templated":true}]}}