{"id":26938,"date":"2019-09-06T20:31:07","date_gmt":"2019-09-06T23:31:07","guid":{"rendered":"http:\/\/www.gaveanews.com\/?p=26938"},"modified":"2019-09-06T20:31:07","modified_gmt":"2019-09-06T23:31:07","slug":"flamengo-recebe-primeira-parcela-da-venda-do-volante-colombiano-gustavo-cuellar-para-o-time-do-al-hilal","status":"publish","type":"post","link":"https:\/\/www.gaveanews.com\/index.php\/2019\/09\/06\/flamengo-recebe-primeira-parcela-da-venda-do-volante-colombiano-gustavo-cuellar-para-o-time-do-al-hilal\/","title":{"rendered":"Flamengo recebe primeira parcela da venda do volante colombiano Gustavo Cu\u00e9llar para o time do Al Hilal"},"content":{"rendered":"\n<p>O Flamengo acertou a venda do colombiano Gustavo Cu\u00e9llar ao Al Hilal, da Ar\u00e1bia Saudita, no \u00faltimo dia 30 de agosto, dois dias ap\u00f3s o jogador entrar em campo contra o Internacional, pelo jogo de volta das quartas de final da Copa Conmebol Libertadores. A primeira parcela da transfer\u00eancia, inclusive, j\u00e1 foi depositada pelos \u00e1rabes.<\/p>\n\n\n\n<p>A informa\u00e7\u00e3o foi divulgada primeiramente pelo jornalista Diogo Dantas, do jornal O Globo. A venda foi fechada por 7,5 milh\u00f5es de euros, com o Rubro-Negro ficando com 80% do valor. Os outros 20% pertencem ao Deportivo Cali, da Col\u00f4mbia, que aceitou ceder parte de sua antiga porcentagem para concluir a negocia\u00e7\u00e3o.<\/p>\n\n\n\n<p>\u201cO Flamengo j\u00e1 recebeu a primeira parcela da venda ao Al-Hilal, de 5 milh\u00f5es de euros (R$ 22,5 mi). Clube fica com 80% (cerca de R$ 18 milh\u00f5es) e o Cali com 20%. O restante \u2013 2,5 de euros \u2013 ser\u00e1 pago no come\u00e7o de 2020\u201c, escreveu o jornalista Diogo Dantas.<\/p>\n\n\n\n<p>Cu\u00e9llar esteve em campo 32 vezes nesta temporada com a camisa do Flamengo e n\u00e3o marcou gols. Com a sa\u00edda do colombiano, o t\u00e9cnico Jorge Jesus preferiu utilizar Willian Ar\u00e3o na posi\u00e7\u00e3o, tendo Gerson mais recuado, atuando como um segundo volante. Al\u00e9m disso, Vin\u00edcius Souza, de apenas 20 anos, foi integrado aos profissionais para ser mais uma op\u00e7\u00e3o no time.<\/p>\n\n\n\n<p>Retirado de: Coluna do Fla<\/p>\n\n\n","protected":false},"excerpt":{"rendered":"<p>O Flamengo acertou a venda do colombiano Gustavo Cu\u00e9llar ao Al Hilal, da Ar\u00e1bia Saudita, no \u00faltimo dia 30 de agosto, dois dias ap\u00f3s o jogador entrar em campo contra o Internacional, pelo jogo de volta das quartas de final da Copa Conmebol Libertadores. A primeira parcela da transfer\u00eancia, inclusive, j\u00e1 foi depositada pelos \u00e1rabes. [&hellip;]<\/p>\n","protected":false},"author":1,"featured_media":15387,"comment_status":"open","ping_status":"open","sticky":false,"template":"","format":"standard","meta":{"footnotes":""},"categories":[1],"tags":[],"class_list":["post-26938","post","type-post","status-publish","format-standard","has-post-thumbnail","hentry","category-flamengo"],"yoast_head":"<!-- This site is optimized with the Yoast SEO Premium plugin v24.2 (Yoast SEO v26.9) - https:\/\/yoast.com\/product\/yoast-seo-premium-wordpress\/ -->\n<title>Flamengo recebe primeira parcela da venda do volante colombiano Gustavo Cu\u00e9llar para o time do Al Hilal<\/title>\n<meta name=\"robots\" content=\"index, follow, max-snippet:-1, max-image-preview:large, max-video-preview:-1\" \/>\n<link rel=\"canonical\" href=\"https:\/\/www.gaveanews.com\/index.php\/2019\/09\/06\/flamengo-recebe-primeira-parcela-da-venda-do-volante-colombiano-gustavo-cuellar-para-o-time-do-al-hilal\/\" \/>\n<meta property=\"og:locale\" content=\"pt_BR\" \/>\n<meta property=\"og:type\" content=\"article\" \/>\n<meta property=\"og:title\" content=\"Flamengo recebe primeira parcela da venda do volante colombiano Gustavo Cu\u00e9llar para o time do Al Hilal\" \/>\n<meta property=\"og:description\" content=\"O Flamengo acertou a venda do colombiano Gustavo Cu\u00e9llar ao Al Hilal, da Ar\u00e1bia Saudita, no \u00faltimo dia 30 de agosto, dois dias ap\u00f3s o jogador entrar em campo contra o Internacional, pelo jogo de volta das quartas de final da Copa Conmebol Libertadores. A primeira parcela da transfer\u00eancia, inclusive, j\u00e1 foi depositada pelos \u00e1rabes. [&hellip;]\" \/>\n<meta property=\"og:url\" content=\"https:\/\/www.gaveanews.com\/index.php\/2019\/09\/06\/flamengo-recebe-primeira-parcela-da-venda-do-volante-colombiano-gustavo-cuellar-para-o-time-do-al-hilal\/\" \/>\n<meta property=\"og:site_name\" content=\"G\u00e1vea News\" \/>\n<meta property=\"article:publisher\" content=\"https:\/\/facebook.com\/gaveaNews\/\" \/>\n<meta property=\"article:published_time\" content=\"2019-09-06T23:31:07+00:00\" \/>\n<meta property=\"og:image\" content=\"https:\/\/www.gaveanews.com\/wp-content\/uploads\/2019\/03\/Cuellar-em-acao-pelo-Flamengo.webp\" \/>\n\t<meta property=\"og:image:width\" content=\"1\" \/>\n\t<meta property=\"og:image:height\" content=\"1\" \/>\n\t<meta property=\"og:image:type\" content=\"image\/jpeg\" \/>\n<meta name=\"author\" content=\"Equipe G\u00e1vea News\" \/>\n<meta name=\"twitter:card\" content=\"summary_large_image\" \/>\n<meta name=\"twitter:label1\" content=\"Escrito por\" \/>\n\t<meta name=\"twitter:data1\" content=\"Equipe G\u00e1vea News\" \/>\n\t<meta name=\"twitter:label2\" content=\"Est. tempo de leitura\" \/>\n\t<meta name=\"twitter:data2\" content=\"1 minuto\" \/>\n<script type=\"application\/ld+json\" class=\"yoast-schema-graph\">{\"@context\":\"https:\/\/schema.org\",\"@graph\":[{\"@type\":\"NewsArticle\",\"@id\":\"https:\/\/www.gaveanews.com\/index.php\/2019\/09\/06\/flamengo-recebe-primeira-parcela-da-venda-do-volante-colombiano-gustavo-cuellar-para-o-time-do-al-hilal\/#article\",\"isPartOf\":{\"@id\":\"https:\/\/www.gaveanews.com\/index.php\/2019\/09\/06\/flamengo-recebe-primeira-parcela-da-venda-do-volante-colombiano-gustavo-cuellar-para-o-time-do-al-hilal\/\"},\"author\":{\"name\":\"Equipe G\u00e1vea News\",\"@id\":\"https:\/\/www.gaveanews.com\/#\/schema\/person\/2ec14f73fb96be2caf28f91afb14749d\"},\"headline\":\"Flamengo recebe primeira parcela da venda do volante colombiano Gustavo Cu\u00e9llar para o time do Al Hilal\",\"datePublished\":\"2019-09-06T23:31:07+00:00\",\"mainEntityOfPage\":{\"@id\":\"https:\/\/www.gaveanews.com\/index.php\/2019\/09\/06\/flamengo-recebe-primeira-parcela-da-venda-do-volante-colombiano-gustavo-cuellar-para-o-time-do-al-hilal\/\"},\"wordCount\":245,\"commentCount\":0,\"image\":{\"@id\":\"https:\/\/www.gaveanews.com\/index.php\/2019\/09\/06\/flamengo-recebe-primeira-parcela-da-venda-do-volante-colombiano-gustavo-cuellar-para-o-time-do-al-hilal\/#primaryimage\"},\"thumbnailUrl\":\"https:\/\/www.gaveanews.com\/wp-content\/uploads\/2019\/03\/Cuellar-em-acao-pelo-Flamengo.webp\",\"articleSection\":[\"Flamengo\"],\"inLanguage\":\"pt-BR\",\"potentialAction\":[{\"@type\":\"CommentAction\",\"name\":\"Comment\",\"target\":[\"https:\/\/www.gaveanews.com\/index.php\/2019\/09\/06\/flamengo-recebe-primeira-parcela-da-venda-do-volante-colombiano-gustavo-cuellar-para-o-time-do-al-hilal\/#respond\"]}],\"copyrightYear\":\"2019\",\"copyrightHolder\":{\"@id\":\"https:\/\/www.gaveanews.com\/#organization\"}},{\"@type\":\"WebPage\",\"@id\":\"https:\/\/www.gaveanews.com\/index.php\/2019\/09\/06\/flamengo-recebe-primeira-parcela-da-venda-do-volante-colombiano-gustavo-cuellar-para-o-time-do-al-hilal\/\",\"url\":\"https:\/\/www.gaveanews.com\/index.php\/2019\/09\/06\/flamengo-recebe-primeira-parcela-da-venda-do-volante-colombiano-gustavo-cuellar-para-o-time-do-al-hilal\/\",\"name\":\"Flamengo recebe primeira parcela da venda do volante colombiano Gustavo Cu\u00e9llar para o time do Al Hilal\",\"isPartOf\":{\"@id\":\"https:\/\/www.gaveanews.com\/#website\"},\"primaryImageOfPage\":{\"@id\":\"https:\/\/www.gaveanews.com\/index.php\/2019\/09\/06\/flamengo-recebe-primeira-parcela-da-venda-do-volante-colombiano-gustavo-cuellar-para-o-time-do-al-hilal\/#primaryimage\"},\"image\":{\"@id\":\"https:\/\/www.gaveanews.com\/index.php\/2019\/09\/06\/flamengo-recebe-primeira-parcela-da-venda-do-volante-colombiano-gustavo-cuellar-para-o-time-do-al-hilal\/#primaryimage\"},\"thumbnailUrl\":\"https:\/\/www.gaveanews.com\/wp-content\/uploads\/2019\/03\/Cuellar-em-acao-pelo-Flamengo.webp\",\"datePublished\":\"2019-09-06T23:31:07+00:00\",\"author\":{\"@id\":\"https:\/\/www.gaveanews.com\/#\/schema\/person\/2ec14f73fb96be2caf28f91afb14749d\"},\"breadcrumb\":{\"@id\":\"https:\/\/www.gaveanews.com\/index.php\/2019\/09\/06\/flamengo-recebe-primeira-parcela-da-venda-do-volante-colombiano-gustavo-cuellar-para-o-time-do-al-hilal\/#breadcrumb\"},\"inLanguage\":\"pt-BR\",\"potentialAction\":[{\"@type\":\"ReadAction\",\"target\":[\"https:\/\/www.gaveanews.com\/index.php\/2019\/09\/06\/flamengo-recebe-primeira-parcela-da-venda-do-volante-colombiano-gustavo-cuellar-para-o-time-do-al-hilal\/\"]}]},{\"@type\":\"ImageObject\",\"inLanguage\":\"pt-BR\",\"@id\":\"https:\/\/www.gaveanews.com\/index.php\/2019\/09\/06\/flamengo-recebe-primeira-parcela-da-venda-do-volante-colombiano-gustavo-cuellar-para-o-time-do-al-hilal\/#primaryimage\",\"url\":\"https:\/\/www.gaveanews.com\/wp-content\/uploads\/2019\/03\/Cuellar-em-acao-pelo-Flamengo.webp\",\"contentUrl\":\"https:\/\/www.gaveanews.com\/wp-content\/uploads\/2019\/03\/Cuellar-em-acao-pelo-Flamengo.webp\",\"caption\":\"Cuellar em a\u00e7\u00e3o pelo Flamengo (Foto: Alexandre Vidal\/Flamengo)\"},{\"@type\":\"BreadcrumbList\",\"@id\":\"https:\/\/www.gaveanews.com\/index.php\/2019\/09\/06\/flamengo-recebe-primeira-parcela-da-venda-do-volante-colombiano-gustavo-cuellar-para-o-time-do-al-hilal\/#breadcrumb\",\"itemListElement\":[{\"@type\":\"ListItem\",\"position\":1,\"name\":\"Home\",\"item\":\"https:\/\/www.gaveanews.com\/\"},{\"@type\":\"ListItem\",\"position\":2,\"name\":\"Flamengo recebe primeira parcela da venda do volante colombiano Gustavo Cu\u00e9llar para o time do Al Hilal\"}]},{\"@type\":\"WebSite\",\"@id\":\"https:\/\/www.gaveanews.com\/#website\",\"url\":\"https:\/\/www.gaveanews.com\/\",\"name\":\"G\u00e1vea News\",\"description\":\"Veja todas as not\u00edcias sobre o Flamengo: Contrata\u00e7\u00f5es, categorias de base, resultados das partidas, tabela de classifica\u00e7\u00e3o, pr\u00f3ximos jogos!\",\"potentialAction\":[{\"@type\":\"SearchAction\",\"target\":{\"@type\":\"EntryPoint\",\"urlTemplate\":\"https:\/\/www.gaveanews.com\/?s={search_term_string}\"},\"query-input\":{\"@type\":\"PropertyValueSpecification\",\"valueRequired\":true,\"valueName\":\"search_term_string\"}}],\"inLanguage\":\"pt-BR\"},{\"@type\":\"Person\",\"@id\":\"https:\/\/www.gaveanews.com\/#\/schema\/person\/2ec14f73fb96be2caf28f91afb14749d\",\"name\":\"Equipe G\u00e1vea News\",\"image\":{\"@type\":\"ImageObject\",\"inLanguage\":\"pt-BR\",\"@id\":\"https:\/\/www.gaveanews.com\/#\/schema\/person\/image\/\",\"url\":\"https:\/\/secure.gravatar.com\/avatar\/1e1956f1facbffd3f8fa53a326721950116b3b9dc9bd44939c01180fd4a745a9?s=96&d=mm&r=g\",\"contentUrl\":\"https:\/\/secure.gravatar.com\/avatar\/1e1956f1facbffd3f8fa53a326721950116b3b9dc9bd44939c01180fd4a745a9?s=96&d=mm&r=g\",\"caption\":\"Equipe G\u00e1vea News\"}}]}<\/script>\n<!-- \/ Yoast SEO Premium plugin. -->","yoast_head_json":{"title":"Flamengo recebe primeira parcela da venda do volante colombiano Gustavo Cu\u00e9llar para o time do Al Hilal","robots":{"index":"index","follow":"follow","max-snippet":"max-snippet:-1","max-image-preview":"max-image-preview:large","max-video-preview":"max-video-preview:-1"},"canonical":"https:\/\/www.gaveanews.com\/index.php\/2019\/09\/06\/flamengo-recebe-primeira-parcela-da-venda-do-volante-colombiano-gustavo-cuellar-para-o-time-do-al-hilal\/","og_locale":"pt_BR","og_type":"article","og_title":"Flamengo recebe primeira parcela da venda do volante colombiano Gustavo Cu\u00e9llar para o time do Al Hilal","og_description":"O Flamengo acertou a venda do colombiano Gustavo Cu\u00e9llar ao Al Hilal, da Ar\u00e1bia Saudita, no \u00faltimo dia 30 de agosto, dois dias ap\u00f3s o jogador entrar em campo contra o Internacional, pelo jogo de volta das quartas de final da Copa Conmebol Libertadores. A primeira parcela da transfer\u00eancia, inclusive, j\u00e1 foi depositada pelos \u00e1rabes. [&hellip;]","og_url":"https:\/\/www.gaveanews.com\/index.php\/2019\/09\/06\/flamengo-recebe-primeira-parcela-da-venda-do-volante-colombiano-gustavo-cuellar-para-o-time-do-al-hilal\/","og_site_name":"G\u00e1vea News","article_publisher":"https:\/\/facebook.com\/gaveaNews\/","article_published_time":"2019-09-06T23:31:07+00:00","og_image":[{"url":"https:\/\/www.gaveanews.com\/wp-content\/uploads\/2019\/03\/Cuellar-em-acao-pelo-Flamengo.webp","width":1,"height":1,"type":"image\/jpeg"}],"author":"Equipe G\u00e1vea News","twitter_card":"summary_large_image","twitter_misc":{"Escrito por":"Equipe G\u00e1vea News","Est. tempo de leitura":"1 minuto"},"schema":{"@context":"https:\/\/schema.org","@graph":[{"@type":"NewsArticle","@id":"https:\/\/www.gaveanews.com\/index.php\/2019\/09\/06\/flamengo-recebe-primeira-parcela-da-venda-do-volante-colombiano-gustavo-cuellar-para-o-time-do-al-hilal\/#article","isPartOf":{"@id":"https:\/\/www.gaveanews.com\/index.php\/2019\/09\/06\/flamengo-recebe-primeira-parcela-da-venda-do-volante-colombiano-gustavo-cuellar-para-o-time-do-al-hilal\/"},"author":{"name":"Equipe G\u00e1vea News","@id":"https:\/\/www.gaveanews.com\/#\/schema\/person\/2ec14f73fb96be2caf28f91afb14749d"},"headline":"Flamengo recebe primeira parcela da venda do volante colombiano Gustavo Cu\u00e9llar para o time do Al Hilal","datePublished":"2019-09-06T23:31:07+00:00","mainEntityOfPage":{"@id":"https:\/\/www.gaveanews.com\/index.php\/2019\/09\/06\/flamengo-recebe-primeira-parcela-da-venda-do-volante-colombiano-gustavo-cuellar-para-o-time-do-al-hilal\/"},"wordCount":245,"commentCount":0,"image":{"@id":"https:\/\/www.gaveanews.com\/index.php\/2019\/09\/06\/flamengo-recebe-primeira-parcela-da-venda-do-volante-colombiano-gustavo-cuellar-para-o-time-do-al-hilal\/#primaryimage"},"thumbnailUrl":"https:\/\/www.gaveanews.com\/wp-content\/uploads\/2019\/03\/Cuellar-em-acao-pelo-Flamengo.webp","articleSection":["Flamengo"],"inLanguage":"pt-BR","potentialAction":[{"@type":"CommentAction","name":"Comment","target":["https:\/\/www.gaveanews.com\/index.php\/2019\/09\/06\/flamengo-recebe-primeira-parcela-da-venda-do-volante-colombiano-gustavo-cuellar-para-o-time-do-al-hilal\/#respond"]}],"copyrightYear":"2019","copyrightHolder":{"@id":"https:\/\/www.gaveanews.com\/#organization"}},{"@type":"WebPage","@id":"https:\/\/www.gaveanews.com\/index.php\/2019\/09\/06\/flamengo-recebe-primeira-parcela-da-venda-do-volante-colombiano-gustavo-cuellar-para-o-time-do-al-hilal\/","url":"https:\/\/www.gaveanews.com\/index.php\/2019\/09\/06\/flamengo-recebe-primeira-parcela-da-venda-do-volante-colombiano-gustavo-cuellar-para-o-time-do-al-hilal\/","name":"Flamengo recebe primeira parcela da venda do volante colombiano Gustavo Cu\u00e9llar para o time do Al Hilal","isPartOf":{"@id":"https:\/\/www.gaveanews.com\/#website"},"primaryImageOfPage":{"@id":"https:\/\/www.gaveanews.com\/index.php\/2019\/09\/06\/flamengo-recebe-primeira-parcela-da-venda-do-volante-colombiano-gustavo-cuellar-para-o-time-do-al-hilal\/#primaryimage"},"image":{"@id":"https:\/\/www.gaveanews.com\/index.php\/2019\/09\/06\/flamengo-recebe-primeira-parcela-da-venda-do-volante-colombiano-gustavo-cuellar-para-o-time-do-al-hilal\/#primaryimage"},"thumbnailUrl":"https:\/\/www.gaveanews.com\/wp-content\/uploads\/2019\/03\/Cuellar-em-acao-pelo-Flamengo.webp","datePublished":"2019-09-06T23:31:07+00:00","author":{"@id":"https:\/\/www.gaveanews.com\/#\/schema\/person\/2ec14f73fb96be2caf28f91afb14749d"},"breadcrumb":{"@id":"https:\/\/www.gaveanews.com\/index.php\/2019\/09\/06\/flamengo-recebe-primeira-parcela-da-venda-do-volante-colombiano-gustavo-cuellar-para-o-time-do-al-hilal\/#breadcrumb"},"inLanguage":"pt-BR","potentialAction":[{"@type":"ReadAction","target":["https:\/\/www.gaveanews.com\/index.php\/2019\/09\/06\/flamengo-recebe-primeira-parcela-da-venda-do-volante-colombiano-gustavo-cuellar-para-o-time-do-al-hilal\/"]}]},{"@type":"ImageObject","inLanguage":"pt-BR","@id":"https:\/\/www.gaveanews.com\/index.php\/2019\/09\/06\/flamengo-recebe-primeira-parcela-da-venda-do-volante-colombiano-gustavo-cuellar-para-o-time-do-al-hilal\/#primaryimage","url":"https:\/\/www.gaveanews.com\/wp-content\/uploads\/2019\/03\/Cuellar-em-acao-pelo-Flamengo.webp","contentUrl":"https:\/\/www.gaveanews.com\/wp-content\/uploads\/2019\/03\/Cuellar-em-acao-pelo-Flamengo.webp","caption":"Cuellar em a\u00e7\u00e3o pelo Flamengo (Foto: Alexandre Vidal\/Flamengo)"},{"@type":"BreadcrumbList","@id":"https:\/\/www.gaveanews.com\/index.php\/2019\/09\/06\/flamengo-recebe-primeira-parcela-da-venda-do-volante-colombiano-gustavo-cuellar-para-o-time-do-al-hilal\/#breadcrumb","itemListElement":[{"@type":"ListItem","position":1,"name":"Home","item":"https:\/\/www.gaveanews.com\/"},{"@type":"ListItem","position":2,"name":"Flamengo recebe primeira parcela da venda do volante colombiano Gustavo Cu\u00e9llar para o time do Al Hilal"}]},{"@type":"WebSite","@id":"https:\/\/www.gaveanews.com\/#website","url":"https:\/\/www.gaveanews.com\/","name":"G\u00e1vea News","description":"Veja todas as not\u00edcias sobre o Flamengo: Contrata\u00e7\u00f5es, categorias de base, resultados das partidas, tabela de classifica\u00e7\u00e3o, pr\u00f3ximos jogos!","potentialAction":[{"@type":"SearchAction","target":{"@type":"EntryPoint","urlTemplate":"https:\/\/www.gaveanews.com\/?s={search_term_string}"},"query-input":{"@type":"PropertyValueSpecification","valueRequired":true,"valueName":"search_term_string"}}],"inLanguage":"pt-BR"},{"@type":"Person","@id":"https:\/\/www.gaveanews.com\/#\/schema\/person\/2ec14f73fb96be2caf28f91afb14749d","name":"Equipe G\u00e1vea News","image":{"@type":"ImageObject","inLanguage":"pt-BR","@id":"https:\/\/www.gaveanews.com\/#\/schema\/person\/image\/","url":"https:\/\/secure.gravatar.com\/avatar\/1e1956f1facbffd3f8fa53a326721950116b3b9dc9bd44939c01180fd4a745a9?s=96&d=mm&r=g","contentUrl":"https:\/\/secure.gravatar.com\/avatar\/1e1956f1facbffd3f8fa53a326721950116b3b9dc9bd44939c01180fd4a745a9?s=96&d=mm&r=g","caption":"Equipe G\u00e1vea News"}}]}},"_links":{"self":[{"href":"https:\/\/www.gaveanews.com\/index.php\/wp-json\/wp\/v2\/posts\/26938","targetHints":{"allow":["GET"]}}],"collection":[{"href":"https:\/\/www.gaveanews.com\/index.php\/wp-json\/wp\/v2\/posts"}],"about":[{"href":"https:\/\/www.gaveanews.com\/index.php\/wp-json\/wp\/v2\/types\/post"}],"author":[{"embeddable":true,"href":"https:\/\/www.gaveanews.com\/index.php\/wp-json\/wp\/v2\/users\/1"}],"replies":[{"embeddable":true,"href":"https:\/\/www.gaveanews.com\/index.php\/wp-json\/wp\/v2\/comments?post=26938"}],"version-history":[{"count":0,"href":"https:\/\/www.gaveanews.com\/index.php\/wp-json\/wp\/v2\/posts\/26938\/revisions"}],"wp:featuredmedia":[{"embeddable":true,"href":"https:\/\/www.gaveanews.com\/index.php\/wp-json\/wp\/v2\/media\/15387"}],"wp:attachment":[{"href":"https:\/\/www.gaveanews.com\/index.php\/wp-json\/wp\/v2\/media?parent=26938"}],"wp:term":[{"taxonomy":"category","embeddable":true,"href":"https:\/\/www.gaveanews.com\/index.php\/wp-json\/wp\/v2\/categories?post=26938"},{"taxonomy":"post_tag","embeddable":true,"href":"https:\/\/www.gaveanews.com\/index.php\/wp-json\/wp\/v2\/tags?post=26938"}],"curies":[{"name":"wp","href":"https:\/\/api.w.org\/{rel}","templated":true}]}}