{"id":269389,"date":"2025-06-03T20:20:00","date_gmt":"2025-06-03T23:20:00","guid":{"rendered":"https:\/\/www.gaveanews.com\/?p=269389"},"modified":"2025-06-03T16:59:57","modified_gmt":"2025-06-03T19:59:57","slug":"a-declaracao-de-luis-fabiano-direcionada-a-neymar-do-santos-esta-sobrecarregado","status":"publish","type":"post","link":"https:\/\/www.gaveanews.com\/index.php\/2025\/06\/03\/a-declaracao-de-luis-fabiano-direcionada-a-neymar-do-santos-esta-sobrecarregado\/","title":{"rendered":"A declara\u00e7\u00e3o de Lu\u00eds Fabiano direcionada a Neymar, do Santos: &#8220;est\u00e1 sobrecarregado\u2026&#8221;"},"content":{"rendered":"\n<p>Neymar retornou ao Santos em fevereiro, com um v\u00ednculo de cinco meses, visando readquirir ritmo de jogo para estar em condi\u00e7\u00f5es de disputar a pr\u00f3xima Copa do Mundo. Contudo, seu desempenho ficou aqu\u00e9m das expectativas. Foram apenas 12 partidas, totalizando cerca de 700 minutos em campo, com tr\u00eas gols e tr\u00eas assist\u00eancias. <\/p>\n\n\n\n<p>As les\u00f5es, que o acompanham h\u00e1 anos, mais uma vez interferiram na sequ\u00eancia desejada. Paralelamente, o clube n\u00e3o apresentou boa performance coletiva: caiu na semifinal do Paulist\u00e3o diante do Corinthians, foi eliminado na terceira fase da Copa do Brasil para o CRB, e encontra-se na zona de rebaixamento do Campeonato Brasileiro com apenas oito pontos.<\/p>\n\n\n\n<p>Ali\u00e1s, al\u00e9m do rendimento modesto, Neymar enfrentou cr\u00edticas por seu comportamento fora das quatro linhas, sendo inclusive expulso na recente derrota para o Botafogo, o que pode ter marcado sua \u00faltima atua\u00e7\u00e3o pelo clube no atual contrato.<\/p>\n\n\n\n<h3 class=\"wp-block-heading\" id=\"h-luis-fabiano-e-vanderlei-luxemburgo-em-lados-opostos\">Luis Fabiano e Vanderlei Luxemburgo em lados opostos<\/h3>\n\n\n\n<p>O epis\u00f3dio da expuls\u00e3o reacendeu o debate sobre a forma como o jogador \u00e9 tratado. Durante o programa &#8220;Resenha da Rodada&#8221;, exibido pela ESPN, o ex-atacante da Sele\u00e7\u00e3o Brasileira, Lu\u00eds Fabiano, saiu em defesa do camisa 10. <\/p>\n\n\n\n<p>\u201cO Neymar est\u00e1 sobrecarregado, \u00e9 muita coisa em cima do cara. N\u00e3o h\u00e1 ser humano que aguente toda essa press\u00e3o, toda essa expectativa que foi gerada na volta dele\u201d, argumentou. O ex-jogador destacou ainda que o atacante retornou lesionado, com necessidade de mostrar resultado rapidamente e sob um contrato prestes a se encerrar.<\/p>\n\n\n\n<p>Enquanto isso, Vanderlei Luxemburgo, em participa\u00e7\u00e3o no \u201cGalv\u00e3o e Amigos\u201d, da Band, fez cr\u00edticas ao comportamento do jogador em campo. Segundo o t\u00e9cnico, Neymar foi expulso por se descontrolar ap\u00f3s o primeiro cart\u00e3o amarelo, atitude que precisa ser corrigida caso ele deseje retornar \u00e0 Sele\u00e7\u00e3o Brasileira.<\/p>\n\n\n\n<p>Luxemburgo tamb\u00e9m comparou o temperamento do jogador ao de Vin\u00edcius J\u00fanior, que, em sua vis\u00e3o, \u201cn\u00e3o aceita sofrer falta\u201d e frequentemente reage \u00e0s jogadas com reclama\u00e7\u00f5es ou revide.<\/p>\n\n\n\n<h3 class=\"wp-block-heading\" id=\"h-convocacao-e-futuro-incerto\">Convoca\u00e7\u00e3o e futuro incerto<\/h3>\n\n\n\n<p>O t\u00e9cnico Carlo Ancelotti n\u00e3o incluiu Neymar na convoca\u00e7\u00e3o mais recente da Sele\u00e7\u00e3o Brasileira. De acordo com o treinador, o atacante precisa estar plenamente recuperado fisicamente para voltar a ser considerado. A aus\u00eancia, contudo, refor\u00e7a a incerteza sobre os pr\u00f3ximos passos do atleta no cen\u00e1rio internacional.<\/p>\n\n\n\n<p>Por outro lado, uma poss\u00edvel transfer\u00eancia para o futebol mexicano surgiu como alternativa. O Pachuca, que disputar\u00e1 o Mundial de Clubes da FIFA em 2025, estuda a contrata\u00e7\u00e3o do jogador como refor\u00e7o tempor\u00e1rio. <\/p>\n\n\n\n<p>Embora n\u00e3o exista uma negocia\u00e7\u00e3o oficial em curso, o interesse \u00e9 real, segundo informa\u00e7\u00f5es do jornal &#8220;Marca&#8221;, do M\u00e9xico. A eventual ida para o torneio seria permitida pelo regulamento, que autoriza inscri\u00e7\u00f5es pontuais para a competi\u00e7\u00e3o.<\/p>\n\n\n\n<h3 class=\"wp-block-heading\" id=\"h-reacao-da-torcida-e-efeito-comercial\">Rea\u00e7\u00e3o da torcida e efeito comercial<\/h3>\n\n\n\n<p>Apesar do cen\u00e1rio esportivo inst\u00e1vel, a presen\u00e7a de Neymar gerou efeito positivo no entorno do clube. A volta do \u00eddolo movimentou os torcedores, elevou a venda de camisas e atraiu patroc\u00ednios, elementos que, embora n\u00e3o se reflitam diretamente em campo, tiveram impacto comercial significativo. <\/p>\n\n\n\n<p>Entretanto, conforme apontado por analistas, os resultados coletivos e individuais distantes do ideal diminuem o entusiasmo inicial com o retorno do atacante ao futebol nacional.<\/p>\n","protected":false},"excerpt":{"rendered":"<p>Neymar retornou ao Santos em fevereiro, com um v\u00ednculo de cinco meses, visando readquirir ritmo de jogo para estar em condi\u00e7\u00f5es de disputar a pr\u00f3xima Copa do Mundo. Contudo, seu desempenho ficou aqu\u00e9m das expectativas. Foram apenas 12 partidas, totalizando cerca de 700 minutos em campo, com tr\u00eas gols e tr\u00eas assist\u00eancias. As les\u00f5es, que [&hellip;]<\/p>\n","protected":false},"author":30,"featured_media":158487,"comment_status":"open","ping_status":"closed","sticky":false,"template":"","format":"standard","meta":{"footnotes":""},"categories":[139],"tags":[],"class_list":["post-269389","post","type-post","status-publish","format-standard","has-post-thumbnail","hentry","category-santos"],"yoast_head":"<!-- This site is optimized with the Yoast SEO Premium plugin v24.2 (Yoast SEO v26.9) - https:\/\/yoast.com\/product\/yoast-seo-premium-wordpress\/ -->\n<title>A declara\u00e7\u00e3o de Lu\u00eds Fabiano direcionada a Neymar, do Santos: &quot;est\u00e1 sobrecarregado\u2026&quot;<\/title>\n<meta name=\"robots\" content=\"index, follow, max-snippet:-1, max-image-preview:large, max-video-preview:-1\" \/>\n<link rel=\"canonical\" href=\"https:\/\/www.gaveanews.com\/index.php\/2025\/06\/03\/a-declaracao-de-luis-fabiano-direcionada-a-neymar-do-santos-esta-sobrecarregado\/\" \/>\n<meta property=\"og:locale\" content=\"pt_BR\" \/>\n<meta property=\"og:type\" content=\"article\" \/>\n<meta property=\"og:title\" content=\"A declara\u00e7\u00e3o de Lu\u00eds Fabiano direcionada a Neymar, do Santos: &quot;est\u00e1 sobrecarregado\u2026&quot;\" \/>\n<meta property=\"og:description\" content=\"Neymar retornou ao Santos em fevereiro, com um v\u00ednculo de cinco meses, visando readquirir ritmo de jogo para estar em condi\u00e7\u00f5es de disputar a pr\u00f3xima Copa do Mundo. Contudo, seu desempenho ficou aqu\u00e9m das expectativas. Foram apenas 12 partidas, totalizando cerca de 700 minutos em campo, com tr\u00eas gols e tr\u00eas assist\u00eancias. As les\u00f5es, que [&hellip;]\" \/>\n<meta property=\"og:url\" content=\"https:\/\/www.gaveanews.com\/index.php\/2025\/06\/03\/a-declaracao-de-luis-fabiano-direcionada-a-neymar-do-santos-esta-sobrecarregado\/\" \/>\n<meta property=\"og:site_name\" content=\"G\u00e1vea News\" \/>\n<meta property=\"article:publisher\" content=\"https:\/\/facebook.com\/gaveaNews\/\" \/>\n<meta property=\"article:published_time\" content=\"2025-06-03T23:20:00+00:00\" \/>\n<meta property=\"og:image\" content=\"https:\/\/www.gaveanews.com\/wp-content\/uploads\/luis-fabiano-2-729x400-1.webp\" \/>\n\t<meta property=\"og:image:width\" content=\"729\" \/>\n\t<meta property=\"og:image:height\" content=\"400\" \/>\n\t<meta property=\"og:image:type\" content=\"image\/jpeg\" \/>\n<meta name=\"author\" content=\"Ana Teixeira\" \/>\n<meta name=\"twitter:card\" content=\"summary_large_image\" \/>\n<meta name=\"twitter:label1\" content=\"Escrito por\" \/>\n\t<meta name=\"twitter:data1\" content=\"Ana Teixeira\" \/>\n\t<meta name=\"twitter:label2\" content=\"Est. tempo de leitura\" \/>\n\t<meta name=\"twitter:data2\" content=\"4 minutos\" \/>\n<script type=\"application\/ld+json\" class=\"yoast-schema-graph\">{\"@context\":\"https:\/\/schema.org\",\"@graph\":[{\"@type\":\"NewsArticle\",\"@id\":\"https:\/\/www.gaveanews.com\/index.php\/2025\/06\/03\/a-declaracao-de-luis-fabiano-direcionada-a-neymar-do-santos-esta-sobrecarregado\/#article\",\"isPartOf\":{\"@id\":\"https:\/\/www.gaveanews.com\/index.php\/2025\/06\/03\/a-declaracao-de-luis-fabiano-direcionada-a-neymar-do-santos-esta-sobrecarregado\/\"},\"author\":{\"name\":\"Ana Teixeira\",\"@id\":\"https:\/\/www.gaveanews.com\/#\/schema\/person\/3b19f7288b0ce20372991275e4f2e6c2\"},\"headline\":\"A declara\u00e7\u00e3o de Lu\u00eds Fabiano direcionada a Neymar, do Santos: &#8220;est\u00e1 sobrecarregado\u2026&#8221;\",\"datePublished\":\"2025-06-03T23:20:00+00:00\",\"mainEntityOfPage\":{\"@id\":\"https:\/\/www.gaveanews.com\/index.php\/2025\/06\/03\/a-declaracao-de-luis-fabiano-direcionada-a-neymar-do-santos-esta-sobrecarregado\/\"},\"wordCount\":576,\"commentCount\":0,\"image\":{\"@id\":\"https:\/\/www.gaveanews.com\/index.php\/2025\/06\/03\/a-declaracao-de-luis-fabiano-direcionada-a-neymar-do-santos-esta-sobrecarregado\/#primaryimage\"},\"thumbnailUrl\":\"https:\/\/www.gaveanews.com\/wp-content\/uploads\/luis-fabiano-2-729x400-1.webp\",\"articleSection\":[\"Santos\"],\"inLanguage\":\"pt-BR\",\"potentialAction\":[{\"@type\":\"CommentAction\",\"name\":\"Comment\",\"target\":[\"https:\/\/www.gaveanews.com\/index.php\/2025\/06\/03\/a-declaracao-de-luis-fabiano-direcionada-a-neymar-do-santos-esta-sobrecarregado\/#respond\"]}],\"copyrightYear\":\"2025\",\"copyrightHolder\":{\"@id\":\"https:\/\/www.gaveanews.com\/#organization\"}},{\"@type\":\"WebPage\",\"@id\":\"https:\/\/www.gaveanews.com\/index.php\/2025\/06\/03\/a-declaracao-de-luis-fabiano-direcionada-a-neymar-do-santos-esta-sobrecarregado\/\",\"url\":\"https:\/\/www.gaveanews.com\/index.php\/2025\/06\/03\/a-declaracao-de-luis-fabiano-direcionada-a-neymar-do-santos-esta-sobrecarregado\/\",\"name\":\"A declara\u00e7\u00e3o de Lu\u00eds Fabiano direcionada a Neymar, do Santos: \\\"est\u00e1 sobrecarregado\u2026\\\"\",\"isPartOf\":{\"@id\":\"https:\/\/www.gaveanews.com\/#website\"},\"primaryImageOfPage\":{\"@id\":\"https:\/\/www.gaveanews.com\/index.php\/2025\/06\/03\/a-declaracao-de-luis-fabiano-direcionada-a-neymar-do-santos-esta-sobrecarregado\/#primaryimage\"},\"image\":{\"@id\":\"https:\/\/www.gaveanews.com\/index.php\/2025\/06\/03\/a-declaracao-de-luis-fabiano-direcionada-a-neymar-do-santos-esta-sobrecarregado\/#primaryimage\"},\"thumbnailUrl\":\"https:\/\/www.gaveanews.com\/wp-content\/uploads\/luis-fabiano-2-729x400-1.webp\",\"datePublished\":\"2025-06-03T23:20:00+00:00\",\"author\":{\"@id\":\"https:\/\/www.gaveanews.com\/#\/schema\/person\/3b19f7288b0ce20372991275e4f2e6c2\"},\"breadcrumb\":{\"@id\":\"https:\/\/www.gaveanews.com\/index.php\/2025\/06\/03\/a-declaracao-de-luis-fabiano-direcionada-a-neymar-do-santos-esta-sobrecarregado\/#breadcrumb\"},\"inLanguage\":\"pt-BR\",\"potentialAction\":[{\"@type\":\"ReadAction\",\"target\":[\"https:\/\/www.gaveanews.com\/index.php\/2025\/06\/03\/a-declaracao-de-luis-fabiano-direcionada-a-neymar-do-santos-esta-sobrecarregado\/\"]}]},{\"@type\":\"ImageObject\",\"inLanguage\":\"pt-BR\",\"@id\":\"https:\/\/www.gaveanews.com\/index.php\/2025\/06\/03\/a-declaracao-de-luis-fabiano-direcionada-a-neymar-do-santos-esta-sobrecarregado\/#primaryimage\",\"url\":\"https:\/\/www.gaveanews.com\/wp-content\/uploads\/luis-fabiano-2-729x400-1.webp\",\"contentUrl\":\"https:\/\/www.gaveanews.com\/wp-content\/uploads\/luis-fabiano-2-729x400-1.webp\",\"width\":729,\"height\":400,\"caption\":\"Comentarista discursa durante ESPN FC - Reprodu\u00e7\u00e3o\/YouTube\"},{\"@type\":\"BreadcrumbList\",\"@id\":\"https:\/\/www.gaveanews.com\/index.php\/2025\/06\/03\/a-declaracao-de-luis-fabiano-direcionada-a-neymar-do-santos-esta-sobrecarregado\/#breadcrumb\",\"itemListElement\":[{\"@type\":\"ListItem\",\"position\":1,\"name\":\"Home\",\"item\":\"https:\/\/www.gaveanews.com\/\"},{\"@type\":\"ListItem\",\"position\":2,\"name\":\"A declara\u00e7\u00e3o de Lu\u00eds Fabiano direcionada a Neymar, do Santos: &#8220;est\u00e1 sobrecarregado\u2026&#8221;\"}]},{\"@type\":\"WebSite\",\"@id\":\"https:\/\/www.gaveanews.com\/#website\",\"url\":\"https:\/\/www.gaveanews.com\/\",\"name\":\"G\u00e1vea News\",\"description\":\"Veja todas as not\u00edcias sobre o Flamengo: Contrata\u00e7\u00f5es, categorias de base, resultados das partidas, tabela de classifica\u00e7\u00e3o, pr\u00f3ximos jogos!\",\"potentialAction\":[{\"@type\":\"SearchAction\",\"target\":{\"@type\":\"EntryPoint\",\"urlTemplate\":\"https:\/\/www.gaveanews.com\/?s={search_term_string}\"},\"query-input\":{\"@type\":\"PropertyValueSpecification\",\"valueRequired\":true,\"valueName\":\"search_term_string\"}}],\"inLanguage\":\"pt-BR\"},{\"@type\":\"Person\",\"@id\":\"https:\/\/www.gaveanews.com\/#\/schema\/person\/3b19f7288b0ce20372991275e4f2e6c2\",\"name\":\"Ana Teixeira\",\"image\":{\"@type\":\"ImageObject\",\"inLanguage\":\"pt-BR\",\"@id\":\"https:\/\/www.gaveanews.com\/#\/schema\/person\/image\/\",\"url\":\"https:\/\/secure.gravatar.com\/avatar\/0a73f5a5258f3fed37fc2fa641892f3f7a4748456d4d4792f9bc550e6c19e06c?s=96&d=mm&r=g\",\"contentUrl\":\"https:\/\/secure.gravatar.com\/avatar\/0a73f5a5258f3fed37fc2fa641892f3f7a4748456d4d4792f9bc550e6c19e06c?s=96&d=mm&r=g\",\"caption\":\"Ana Teixeira\"}}]}<\/script>\n<!-- \/ Yoast SEO Premium plugin. -->","yoast_head_json":{"title":"A declara\u00e7\u00e3o de Lu\u00eds Fabiano direcionada a Neymar, do Santos: \"est\u00e1 sobrecarregado\u2026\"","robots":{"index":"index","follow":"follow","max-snippet":"max-snippet:-1","max-image-preview":"max-image-preview:large","max-video-preview":"max-video-preview:-1"},"canonical":"https:\/\/www.gaveanews.com\/index.php\/2025\/06\/03\/a-declaracao-de-luis-fabiano-direcionada-a-neymar-do-santos-esta-sobrecarregado\/","og_locale":"pt_BR","og_type":"article","og_title":"A declara\u00e7\u00e3o de Lu\u00eds Fabiano direcionada a Neymar, do Santos: \"est\u00e1 sobrecarregado\u2026\"","og_description":"Neymar retornou ao Santos em fevereiro, com um v\u00ednculo de cinco meses, visando readquirir ritmo de jogo para estar em condi\u00e7\u00f5es de disputar a pr\u00f3xima Copa do Mundo. Contudo, seu desempenho ficou aqu\u00e9m das expectativas. Foram apenas 12 partidas, totalizando cerca de 700 minutos em campo, com tr\u00eas gols e tr\u00eas assist\u00eancias. As les\u00f5es, que [&hellip;]","og_url":"https:\/\/www.gaveanews.com\/index.php\/2025\/06\/03\/a-declaracao-de-luis-fabiano-direcionada-a-neymar-do-santos-esta-sobrecarregado\/","og_site_name":"G\u00e1vea News","article_publisher":"https:\/\/facebook.com\/gaveaNews\/","article_published_time":"2025-06-03T23:20:00+00:00","og_image":[{"width":729,"height":400,"url":"https:\/\/www.gaveanews.com\/wp-content\/uploads\/luis-fabiano-2-729x400-1.webp","type":"image\/jpeg"}],"author":"Ana Teixeira","twitter_card":"summary_large_image","twitter_misc":{"Escrito por":"Ana Teixeira","Est. tempo de leitura":"4 minutos"},"schema":{"@context":"https:\/\/schema.org","@graph":[{"@type":"NewsArticle","@id":"https:\/\/www.gaveanews.com\/index.php\/2025\/06\/03\/a-declaracao-de-luis-fabiano-direcionada-a-neymar-do-santos-esta-sobrecarregado\/#article","isPartOf":{"@id":"https:\/\/www.gaveanews.com\/index.php\/2025\/06\/03\/a-declaracao-de-luis-fabiano-direcionada-a-neymar-do-santos-esta-sobrecarregado\/"},"author":{"name":"Ana Teixeira","@id":"https:\/\/www.gaveanews.com\/#\/schema\/person\/3b19f7288b0ce20372991275e4f2e6c2"},"headline":"A declara\u00e7\u00e3o de Lu\u00eds Fabiano direcionada a Neymar, do Santos: &#8220;est\u00e1 sobrecarregado\u2026&#8221;","datePublished":"2025-06-03T23:20:00+00:00","mainEntityOfPage":{"@id":"https:\/\/www.gaveanews.com\/index.php\/2025\/06\/03\/a-declaracao-de-luis-fabiano-direcionada-a-neymar-do-santos-esta-sobrecarregado\/"},"wordCount":576,"commentCount":0,"image":{"@id":"https:\/\/www.gaveanews.com\/index.php\/2025\/06\/03\/a-declaracao-de-luis-fabiano-direcionada-a-neymar-do-santos-esta-sobrecarregado\/#primaryimage"},"thumbnailUrl":"https:\/\/www.gaveanews.com\/wp-content\/uploads\/luis-fabiano-2-729x400-1.webp","articleSection":["Santos"],"inLanguage":"pt-BR","potentialAction":[{"@type":"CommentAction","name":"Comment","target":["https:\/\/www.gaveanews.com\/index.php\/2025\/06\/03\/a-declaracao-de-luis-fabiano-direcionada-a-neymar-do-santos-esta-sobrecarregado\/#respond"]}],"copyrightYear":"2025","copyrightHolder":{"@id":"https:\/\/www.gaveanews.com\/#organization"}},{"@type":"WebPage","@id":"https:\/\/www.gaveanews.com\/index.php\/2025\/06\/03\/a-declaracao-de-luis-fabiano-direcionada-a-neymar-do-santos-esta-sobrecarregado\/","url":"https:\/\/www.gaveanews.com\/index.php\/2025\/06\/03\/a-declaracao-de-luis-fabiano-direcionada-a-neymar-do-santos-esta-sobrecarregado\/","name":"A declara\u00e7\u00e3o de Lu\u00eds Fabiano direcionada a Neymar, do Santos: \"est\u00e1 sobrecarregado\u2026\"","isPartOf":{"@id":"https:\/\/www.gaveanews.com\/#website"},"primaryImageOfPage":{"@id":"https:\/\/www.gaveanews.com\/index.php\/2025\/06\/03\/a-declaracao-de-luis-fabiano-direcionada-a-neymar-do-santos-esta-sobrecarregado\/#primaryimage"},"image":{"@id":"https:\/\/www.gaveanews.com\/index.php\/2025\/06\/03\/a-declaracao-de-luis-fabiano-direcionada-a-neymar-do-santos-esta-sobrecarregado\/#primaryimage"},"thumbnailUrl":"https:\/\/www.gaveanews.com\/wp-content\/uploads\/luis-fabiano-2-729x400-1.webp","datePublished":"2025-06-03T23:20:00+00:00","author":{"@id":"https:\/\/www.gaveanews.com\/#\/schema\/person\/3b19f7288b0ce20372991275e4f2e6c2"},"breadcrumb":{"@id":"https:\/\/www.gaveanews.com\/index.php\/2025\/06\/03\/a-declaracao-de-luis-fabiano-direcionada-a-neymar-do-santos-esta-sobrecarregado\/#breadcrumb"},"inLanguage":"pt-BR","potentialAction":[{"@type":"ReadAction","target":["https:\/\/www.gaveanews.com\/index.php\/2025\/06\/03\/a-declaracao-de-luis-fabiano-direcionada-a-neymar-do-santos-esta-sobrecarregado\/"]}]},{"@type":"ImageObject","inLanguage":"pt-BR","@id":"https:\/\/www.gaveanews.com\/index.php\/2025\/06\/03\/a-declaracao-de-luis-fabiano-direcionada-a-neymar-do-santos-esta-sobrecarregado\/#primaryimage","url":"https:\/\/www.gaveanews.com\/wp-content\/uploads\/luis-fabiano-2-729x400-1.webp","contentUrl":"https:\/\/www.gaveanews.com\/wp-content\/uploads\/luis-fabiano-2-729x400-1.webp","width":729,"height":400,"caption":"Comentarista discursa durante ESPN FC - Reprodu\u00e7\u00e3o\/YouTube"},{"@type":"BreadcrumbList","@id":"https:\/\/www.gaveanews.com\/index.php\/2025\/06\/03\/a-declaracao-de-luis-fabiano-direcionada-a-neymar-do-santos-esta-sobrecarregado\/#breadcrumb","itemListElement":[{"@type":"ListItem","position":1,"name":"Home","item":"https:\/\/www.gaveanews.com\/"},{"@type":"ListItem","position":2,"name":"A declara\u00e7\u00e3o de Lu\u00eds Fabiano direcionada a Neymar, do Santos: &#8220;est\u00e1 sobrecarregado\u2026&#8221;"}]},{"@type":"WebSite","@id":"https:\/\/www.gaveanews.com\/#website","url":"https:\/\/www.gaveanews.com\/","name":"G\u00e1vea News","description":"Veja todas as not\u00edcias sobre o Flamengo: Contrata\u00e7\u00f5es, categorias de base, resultados das partidas, tabela de classifica\u00e7\u00e3o, pr\u00f3ximos jogos!","potentialAction":[{"@type":"SearchAction","target":{"@type":"EntryPoint","urlTemplate":"https:\/\/www.gaveanews.com\/?s={search_term_string}"},"query-input":{"@type":"PropertyValueSpecification","valueRequired":true,"valueName":"search_term_string"}}],"inLanguage":"pt-BR"},{"@type":"Person","@id":"https:\/\/www.gaveanews.com\/#\/schema\/person\/3b19f7288b0ce20372991275e4f2e6c2","name":"Ana Teixeira","image":{"@type":"ImageObject","inLanguage":"pt-BR","@id":"https:\/\/www.gaveanews.com\/#\/schema\/person\/image\/","url":"https:\/\/secure.gravatar.com\/avatar\/0a73f5a5258f3fed37fc2fa641892f3f7a4748456d4d4792f9bc550e6c19e06c?s=96&d=mm&r=g","contentUrl":"https:\/\/secure.gravatar.com\/avatar\/0a73f5a5258f3fed37fc2fa641892f3f7a4748456d4d4792f9bc550e6c19e06c?s=96&d=mm&r=g","caption":"Ana Teixeira"}}]}},"_links":{"self":[{"href":"https:\/\/www.gaveanews.com\/index.php\/wp-json\/wp\/v2\/posts\/269389","targetHints":{"allow":["GET"]}}],"collection":[{"href":"https:\/\/www.gaveanews.com\/index.php\/wp-json\/wp\/v2\/posts"}],"about":[{"href":"https:\/\/www.gaveanews.com\/index.php\/wp-json\/wp\/v2\/types\/post"}],"author":[{"embeddable":true,"href":"https:\/\/www.gaveanews.com\/index.php\/wp-json\/wp\/v2\/users\/30"}],"replies":[{"embeddable":true,"href":"https:\/\/www.gaveanews.com\/index.php\/wp-json\/wp\/v2\/comments?post=269389"}],"version-history":[{"count":1,"href":"https:\/\/www.gaveanews.com\/index.php\/wp-json\/wp\/v2\/posts\/269389\/revisions"}],"predecessor-version":[{"id":269402,"href":"https:\/\/www.gaveanews.com\/index.php\/wp-json\/wp\/v2\/posts\/269389\/revisions\/269402"}],"wp:featuredmedia":[{"embeddable":true,"href":"https:\/\/www.gaveanews.com\/index.php\/wp-json\/wp\/v2\/media\/158487"}],"wp:attachment":[{"href":"https:\/\/www.gaveanews.com\/index.php\/wp-json\/wp\/v2\/media?parent=269389"}],"wp:term":[{"taxonomy":"category","embeddable":true,"href":"https:\/\/www.gaveanews.com\/index.php\/wp-json\/wp\/v2\/categories?post=269389"},{"taxonomy":"post_tag","embeddable":true,"href":"https:\/\/www.gaveanews.com\/index.php\/wp-json\/wp\/v2\/tags?post=269389"}],"curies":[{"name":"wp","href":"https:\/\/api.w.org\/{rel}","templated":true}]}}