{"id":269393,"date":"2025-06-03T20:35:00","date_gmt":"2025-06-03T23:35:00","guid":{"rendered":"https:\/\/www.gaveanews.com\/?p=269393"},"modified":"2025-06-03T17:00:24","modified_gmt":"2025-06-03T20:00:24","slug":"primeiro-treino-de-ancelotti-pela-selecao-brasileira-repercute-no-exterior","status":"publish","type":"post","link":"https:\/\/www.gaveanews.com\/index.php\/2025\/06\/03\/primeiro-treino-de-ancelotti-pela-selecao-brasileira-repercute-no-exterior\/","title":{"rendered":"Primeiro treino de Ancelotti pela Sele\u00e7\u00e3o Brasileira repercute no exterior"},"content":{"rendered":"\n<p>A estreia de Carlo Ancelotti \u00e0 frente da Sele\u00e7\u00e3o Brasileira come\u00e7ou de forma inusitada. O t\u00e9cnico italiano demonstrou surpresa ao ser informado de que os 15 minutos iniciais do treino realizado na segunda-feira (2) seriam abertos aos jornalistas. Conforme a pr\u00e1tica habitual no futebol europeu, onde o acesso da imprensa \u00e0s atividades t\u00e1ticas costuma ser mais restrito, o treinador n\u00e3o esperava tal exposi\u00e7\u00e3o. <\/p>\n\n\n\n<p>\u201cEle ficou em choque\u201d, relatou uma fonte da CBF, embora tenha autorizado a entrada dos rep\u00f3rteres, que acompanharam o trabalho no CT Joaquim Grava, zona leste da capital paulista.<\/p>\n\n\n\n<p>Assim que o primeiro atleta entrou em campo, a equipe de comunica\u00e7\u00e3o da Confedera\u00e7\u00e3o Brasileira de Futebol passou a cronometrar o tempo com exatid\u00e3o. Ali\u00e1s, pouco mais de 100 profissionais de imprensa presenciaram a movimenta\u00e7\u00e3o, entre os mais de 600 credenciados para os compromissos da Sele\u00e7\u00e3o nas Eliminat\u00f3rias.<\/p>\n\n\n\n<h3 class=\"wp-block-heading\" id=\"h-atividades-e-ausencias\">Atividades e aus\u00eancias<\/h3>\n\n\n\n<p>Durante a atividade inicial, Ancelotti permaneceu observando os jogadores, caminhando entre os espa\u00e7os e se aproximando das placas de publicidade, onde conversou com Rodrigo Caetano, diretor executivo da CBF. O comandante n\u00e3o interferiu diretamente nas a\u00e7\u00f5es com bola, limitando-se a acompanhar o aquecimento do grupo.<\/p>\n\n\n\n<p>Cinco atletas que atuaram no dia anterior pelo Campeonato Brasileiro \u2013 L\u00e9o Ortiz, Danilo, Alex Sandro, Gerson e Est\u00eav\u00e3o \u2013 realizaram atividades regenerativas na parte interna do centro de treinamento. J\u00e1 Marquinhos, Beraldo e Carlos Augusto, que chegaram ap\u00f3s disputarem a final da Liga dos Campe\u00f5es, s\u00e3o aguardados para o treino desta ter\u00e7a-feira (3), o \u00faltimo antes da viagem ao Equador.<\/p>\n\n\n\n<p>Surpreendentemente, cinco jovens do elenco sub-20 do Corinthians foram incorporados pontualmente \u00e0 movimenta\u00e7\u00e3o: Denner, Gustavo, Dieguinho, Bahia e Gama. A presen\u00e7a deles no campo contribuiu para a forma\u00e7\u00e3o de grupos completos nas atividades t\u00e9cnicas, diante das aus\u00eancias pontuais do elenco principal.<\/p>\n\n\n\n<h3 class=\"wp-block-heading\" id=\"h-proximos-compromissos-da-selecao\">Pr\u00f3ximos compromissos da Sele\u00e7\u00e3o<\/h3>\n\n\n\n<p>A prepara\u00e7\u00e3o da equipe visa os dois pr\u00f3ximos confrontos das Eliminat\u00f3rias Sul-Americanas para a Copa do Mundo. O primeiro ser\u00e1 contra o Equador, fora de casa, nesta quinta-feira (5), \u00e0s 20h (de Bras\u00edlia). Depois, na ter\u00e7a-feira (10), a Sele\u00e7\u00e3o volta a atuar em territ\u00f3rio nacional, enfrentando o Paraguai na Neo Qu\u00edmica Arena, \u00e0s 21h45.<\/p>\n\n\n\n<p>Por fim, a expectativa em torno do trabalho de Ancelotti permanece elevada, principalmente pelo ineditismo da experi\u00eancia na Sele\u00e7\u00e3o e o desafio de adaptar-se a uma rotina diferente daquela vivenciada no futebol europeu. <\/p>\n","protected":false},"excerpt":{"rendered":"<p>A estreia de Carlo Ancelotti \u00e0 frente da Sele\u00e7\u00e3o Brasileira come\u00e7ou de forma inusitada. O t\u00e9cnico italiano demonstrou surpresa ao ser informado de que os 15 minutos iniciais do treino realizado na segunda-feira (2) seriam abertos aos jornalistas. Conforme a pr\u00e1tica habitual no futebol europeu, onde o acesso da imprensa \u00e0s atividades t\u00e1ticas costuma ser [&hellip;]<\/p>\n","protected":false},"author":30,"featured_media":269399,"comment_status":"open","ping_status":"closed","sticky":false,"template":"","format":"standard","meta":{"footnotes":""},"categories":[478,477],"tags":[],"class_list":["post-269393","post","type-post","status-publish","format-standard","has-post-thumbnail","hentry","category-brasil","category-selecoes"],"yoast_head":"<!-- This site is optimized with the Yoast SEO Premium plugin v24.2 (Yoast SEO v26.9) - https:\/\/yoast.com\/product\/yoast-seo-premium-wordpress\/ -->\n<title>Primeiro treino de Ancelotti pela Sele\u00e7\u00e3o Brasileira repercute no exterior<\/title>\n<meta name=\"robots\" content=\"index, follow, max-snippet:-1, max-image-preview:large, max-video-preview:-1\" \/>\n<link rel=\"canonical\" href=\"https:\/\/www.gaveanews.com\/index.php\/2025\/06\/03\/primeiro-treino-de-ancelotti-pela-selecao-brasileira-repercute-no-exterior\/\" \/>\n<meta property=\"og:locale\" content=\"pt_BR\" \/>\n<meta property=\"og:type\" content=\"article\" \/>\n<meta property=\"og:title\" content=\"Primeiro treino de Ancelotti pela Sele\u00e7\u00e3o Brasileira repercute no exterior\" \/>\n<meta property=\"og:description\" content=\"A estreia de Carlo Ancelotti \u00e0 frente da Sele\u00e7\u00e3o Brasileira come\u00e7ou de forma inusitada. O t\u00e9cnico italiano demonstrou surpresa ao ser informado de que os 15 minutos iniciais do treino realizado na segunda-feira (2) seriam abertos aos jornalistas. Conforme a pr\u00e1tica habitual no futebol europeu, onde o acesso da imprensa \u00e0s atividades t\u00e1ticas costuma ser [&hellip;]\" \/>\n<meta property=\"og:url\" content=\"https:\/\/www.gaveanews.com\/index.php\/2025\/06\/03\/primeiro-treino-de-ancelotti-pela-selecao-brasileira-repercute-no-exterior\/\" \/>\n<meta property=\"og:site_name\" content=\"G\u00e1vea News\" \/>\n<meta property=\"article:publisher\" content=\"https:\/\/facebook.com\/gaveaNews\/\" \/>\n<meta property=\"article:published_time\" content=\"2025-06-03T23:35:00+00:00\" \/>\n<meta property=\"og:image\" content=\"https:\/\/www.gaveanews.com\/wp-content\/uploads\/Primeiro-treino-de-Carlo-Ancelotti-a-frente-da-Selecao-Brasileira.-O-registro-e-de-Rafael-Ribeiro-fotografo-da-CBF.-2.webp\" \/>\n\t<meta property=\"og:image:width\" content=\"1200\" \/>\n\t<meta property=\"og:image:height\" content=\"900\" \/>\n\t<meta property=\"og:image:type\" content=\"image\/webp\" \/>\n<meta name=\"author\" content=\"Ana Teixeira\" \/>\n<meta name=\"twitter:card\" content=\"summary_large_image\" \/>\n<meta name=\"twitter:label1\" content=\"Escrito por\" \/>\n\t<meta name=\"twitter:data1\" content=\"Ana Teixeira\" \/>\n\t<meta name=\"twitter:label2\" content=\"Est. tempo de leitura\" \/>\n\t<meta name=\"twitter:data2\" content=\"3 minutos\" \/>\n<script type=\"application\/ld+json\" class=\"yoast-schema-graph\">{\"@context\":\"https:\/\/schema.org\",\"@graph\":[{\"@type\":\"NewsArticle\",\"@id\":\"https:\/\/www.gaveanews.com\/index.php\/2025\/06\/03\/primeiro-treino-de-ancelotti-pela-selecao-brasileira-repercute-no-exterior\/#article\",\"isPartOf\":{\"@id\":\"https:\/\/www.gaveanews.com\/index.php\/2025\/06\/03\/primeiro-treino-de-ancelotti-pela-selecao-brasileira-repercute-no-exterior\/\"},\"author\":{\"name\":\"Ana Teixeira\",\"@id\":\"https:\/\/www.gaveanews.com\/#\/schema\/person\/3b19f7288b0ce20372991275e4f2e6c2\"},\"headline\":\"Primeiro treino de Ancelotti pela Sele\u00e7\u00e3o Brasileira repercute no exterior\",\"datePublished\":\"2025-06-03T23:35:00+00:00\",\"mainEntityOfPage\":{\"@id\":\"https:\/\/www.gaveanews.com\/index.php\/2025\/06\/03\/primeiro-treino-de-ancelotti-pela-selecao-brasileira-repercute-no-exterior\/\"},\"wordCount\":424,\"commentCount\":0,\"image\":{\"@id\":\"https:\/\/www.gaveanews.com\/index.php\/2025\/06\/03\/primeiro-treino-de-ancelotti-pela-selecao-brasileira-repercute-no-exterior\/#primaryimage\"},\"thumbnailUrl\":\"https:\/\/www.gaveanews.com\/wp-content\/uploads\/Primeiro-treino-de-Carlo-Ancelotti-a-frente-da-Selecao-Brasileira.-O-registro-e-de-Rafael-Ribeiro-fotografo-da-CBF.-2.webp\",\"articleSection\":[\"Brasil\",\"Sele\u00e7\u00f5es\"],\"inLanguage\":\"pt-BR\",\"potentialAction\":[{\"@type\":\"CommentAction\",\"name\":\"Comment\",\"target\":[\"https:\/\/www.gaveanews.com\/index.php\/2025\/06\/03\/primeiro-treino-de-ancelotti-pela-selecao-brasileira-repercute-no-exterior\/#respond\"]}],\"copyrightYear\":\"2025\",\"copyrightHolder\":{\"@id\":\"https:\/\/www.gaveanews.com\/#organization\"}},{\"@type\":\"WebPage\",\"@id\":\"https:\/\/www.gaveanews.com\/index.php\/2025\/06\/03\/primeiro-treino-de-ancelotti-pela-selecao-brasileira-repercute-no-exterior\/\",\"url\":\"https:\/\/www.gaveanews.com\/index.php\/2025\/06\/03\/primeiro-treino-de-ancelotti-pela-selecao-brasileira-repercute-no-exterior\/\",\"name\":\"Primeiro treino de Ancelotti pela Sele\u00e7\u00e3o Brasileira repercute no exterior\",\"isPartOf\":{\"@id\":\"https:\/\/www.gaveanews.com\/#website\"},\"primaryImageOfPage\":{\"@id\":\"https:\/\/www.gaveanews.com\/index.php\/2025\/06\/03\/primeiro-treino-de-ancelotti-pela-selecao-brasileira-repercute-no-exterior\/#primaryimage\"},\"image\":{\"@id\":\"https:\/\/www.gaveanews.com\/index.php\/2025\/06\/03\/primeiro-treino-de-ancelotti-pela-selecao-brasileira-repercute-no-exterior\/#primaryimage\"},\"thumbnailUrl\":\"https:\/\/www.gaveanews.com\/wp-content\/uploads\/Primeiro-treino-de-Carlo-Ancelotti-a-frente-da-Selecao-Brasileira.-O-registro-e-de-Rafael-Ribeiro-fotografo-da-CBF.-2.webp\",\"datePublished\":\"2025-06-03T23:35:00+00:00\",\"author\":{\"@id\":\"https:\/\/www.gaveanews.com\/#\/schema\/person\/3b19f7288b0ce20372991275e4f2e6c2\"},\"breadcrumb\":{\"@id\":\"https:\/\/www.gaveanews.com\/index.php\/2025\/06\/03\/primeiro-treino-de-ancelotti-pela-selecao-brasileira-repercute-no-exterior\/#breadcrumb\"},\"inLanguage\":\"pt-BR\",\"potentialAction\":[{\"@type\":\"ReadAction\",\"target\":[\"https:\/\/www.gaveanews.com\/index.php\/2025\/06\/03\/primeiro-treino-de-ancelotti-pela-selecao-brasileira-repercute-no-exterior\/\"]}]},{\"@type\":\"ImageObject\",\"inLanguage\":\"pt-BR\",\"@id\":\"https:\/\/www.gaveanews.com\/index.php\/2025\/06\/03\/primeiro-treino-de-ancelotti-pela-selecao-brasileira-repercute-no-exterior\/#primaryimage\",\"url\":\"https:\/\/www.gaveanews.com\/wp-content\/uploads\/Primeiro-treino-de-Carlo-Ancelotti-a-frente-da-Selecao-Brasileira.-O-registro-e-de-Rafael-Ribeiro-fotografo-da-CBF.-2.webp\",\"contentUrl\":\"https:\/\/www.gaveanews.com\/wp-content\/uploads\/Primeiro-treino-de-Carlo-Ancelotti-a-frente-da-Selecao-Brasileira.-O-registro-e-de-Rafael-Ribeiro-fotografo-da-CBF.-2.webp\",\"width\":1200,\"height\":900},{\"@type\":\"BreadcrumbList\",\"@id\":\"https:\/\/www.gaveanews.com\/index.php\/2025\/06\/03\/primeiro-treino-de-ancelotti-pela-selecao-brasileira-repercute-no-exterior\/#breadcrumb\",\"itemListElement\":[{\"@type\":\"ListItem\",\"position\":1,\"name\":\"Home\",\"item\":\"https:\/\/www.gaveanews.com\/\"},{\"@type\":\"ListItem\",\"position\":2,\"name\":\"Primeiro treino de Ancelotti pela Sele\u00e7\u00e3o Brasileira repercute no exterior\"}]},{\"@type\":\"WebSite\",\"@id\":\"https:\/\/www.gaveanews.com\/#website\",\"url\":\"https:\/\/www.gaveanews.com\/\",\"name\":\"G\u00e1vea News\",\"description\":\"Veja todas as not\u00edcias sobre o Flamengo: Contrata\u00e7\u00f5es, categorias de base, resultados das partidas, tabela de classifica\u00e7\u00e3o, pr\u00f3ximos jogos!\",\"potentialAction\":[{\"@type\":\"SearchAction\",\"target\":{\"@type\":\"EntryPoint\",\"urlTemplate\":\"https:\/\/www.gaveanews.com\/?s={search_term_string}\"},\"query-input\":{\"@type\":\"PropertyValueSpecification\",\"valueRequired\":true,\"valueName\":\"search_term_string\"}}],\"inLanguage\":\"pt-BR\"},{\"@type\":\"Person\",\"@id\":\"https:\/\/www.gaveanews.com\/#\/schema\/person\/3b19f7288b0ce20372991275e4f2e6c2\",\"name\":\"Ana Teixeira\",\"image\":{\"@type\":\"ImageObject\",\"inLanguage\":\"pt-BR\",\"@id\":\"https:\/\/www.gaveanews.com\/#\/schema\/person\/image\/\",\"url\":\"https:\/\/secure.gravatar.com\/avatar\/0a73f5a5258f3fed37fc2fa641892f3f7a4748456d4d4792f9bc550e6c19e06c?s=96&d=mm&r=g\",\"contentUrl\":\"https:\/\/secure.gravatar.com\/avatar\/0a73f5a5258f3fed37fc2fa641892f3f7a4748456d4d4792f9bc550e6c19e06c?s=96&d=mm&r=g\",\"caption\":\"Ana Teixeira\"}}]}<\/script>\n<!-- \/ Yoast SEO Premium plugin. -->","yoast_head_json":{"title":"Primeiro treino de Ancelotti pela Sele\u00e7\u00e3o Brasileira repercute no exterior","robots":{"index":"index","follow":"follow","max-snippet":"max-snippet:-1","max-image-preview":"max-image-preview:large","max-video-preview":"max-video-preview:-1"},"canonical":"https:\/\/www.gaveanews.com\/index.php\/2025\/06\/03\/primeiro-treino-de-ancelotti-pela-selecao-brasileira-repercute-no-exterior\/","og_locale":"pt_BR","og_type":"article","og_title":"Primeiro treino de Ancelotti pela Sele\u00e7\u00e3o Brasileira repercute no exterior","og_description":"A estreia de Carlo Ancelotti \u00e0 frente da Sele\u00e7\u00e3o Brasileira come\u00e7ou de forma inusitada. O t\u00e9cnico italiano demonstrou surpresa ao ser informado de que os 15 minutos iniciais do treino realizado na segunda-feira (2) seriam abertos aos jornalistas. Conforme a pr\u00e1tica habitual no futebol europeu, onde o acesso da imprensa \u00e0s atividades t\u00e1ticas costuma ser [&hellip;]","og_url":"https:\/\/www.gaveanews.com\/index.php\/2025\/06\/03\/primeiro-treino-de-ancelotti-pela-selecao-brasileira-repercute-no-exterior\/","og_site_name":"G\u00e1vea News","article_publisher":"https:\/\/facebook.com\/gaveaNews\/","article_published_time":"2025-06-03T23:35:00+00:00","og_image":[{"width":1200,"height":900,"url":"https:\/\/www.gaveanews.com\/wp-content\/uploads\/Primeiro-treino-de-Carlo-Ancelotti-a-frente-da-Selecao-Brasileira.-O-registro-e-de-Rafael-Ribeiro-fotografo-da-CBF.-2.webp","type":"image\/webp"}],"author":"Ana Teixeira","twitter_card":"summary_large_image","twitter_misc":{"Escrito por":"Ana Teixeira","Est. tempo de leitura":"3 minutos"},"schema":{"@context":"https:\/\/schema.org","@graph":[{"@type":"NewsArticle","@id":"https:\/\/www.gaveanews.com\/index.php\/2025\/06\/03\/primeiro-treino-de-ancelotti-pela-selecao-brasileira-repercute-no-exterior\/#article","isPartOf":{"@id":"https:\/\/www.gaveanews.com\/index.php\/2025\/06\/03\/primeiro-treino-de-ancelotti-pela-selecao-brasileira-repercute-no-exterior\/"},"author":{"name":"Ana Teixeira","@id":"https:\/\/www.gaveanews.com\/#\/schema\/person\/3b19f7288b0ce20372991275e4f2e6c2"},"headline":"Primeiro treino de Ancelotti pela Sele\u00e7\u00e3o Brasileira repercute no exterior","datePublished":"2025-06-03T23:35:00+00:00","mainEntityOfPage":{"@id":"https:\/\/www.gaveanews.com\/index.php\/2025\/06\/03\/primeiro-treino-de-ancelotti-pela-selecao-brasileira-repercute-no-exterior\/"},"wordCount":424,"commentCount":0,"image":{"@id":"https:\/\/www.gaveanews.com\/index.php\/2025\/06\/03\/primeiro-treino-de-ancelotti-pela-selecao-brasileira-repercute-no-exterior\/#primaryimage"},"thumbnailUrl":"https:\/\/www.gaveanews.com\/wp-content\/uploads\/Primeiro-treino-de-Carlo-Ancelotti-a-frente-da-Selecao-Brasileira.-O-registro-e-de-Rafael-Ribeiro-fotografo-da-CBF.-2.webp","articleSection":["Brasil","Sele\u00e7\u00f5es"],"inLanguage":"pt-BR","potentialAction":[{"@type":"CommentAction","name":"Comment","target":["https:\/\/www.gaveanews.com\/index.php\/2025\/06\/03\/primeiro-treino-de-ancelotti-pela-selecao-brasileira-repercute-no-exterior\/#respond"]}],"copyrightYear":"2025","copyrightHolder":{"@id":"https:\/\/www.gaveanews.com\/#organization"}},{"@type":"WebPage","@id":"https:\/\/www.gaveanews.com\/index.php\/2025\/06\/03\/primeiro-treino-de-ancelotti-pela-selecao-brasileira-repercute-no-exterior\/","url":"https:\/\/www.gaveanews.com\/index.php\/2025\/06\/03\/primeiro-treino-de-ancelotti-pela-selecao-brasileira-repercute-no-exterior\/","name":"Primeiro treino de Ancelotti pela Sele\u00e7\u00e3o Brasileira repercute no exterior","isPartOf":{"@id":"https:\/\/www.gaveanews.com\/#website"},"primaryImageOfPage":{"@id":"https:\/\/www.gaveanews.com\/index.php\/2025\/06\/03\/primeiro-treino-de-ancelotti-pela-selecao-brasileira-repercute-no-exterior\/#primaryimage"},"image":{"@id":"https:\/\/www.gaveanews.com\/index.php\/2025\/06\/03\/primeiro-treino-de-ancelotti-pela-selecao-brasileira-repercute-no-exterior\/#primaryimage"},"thumbnailUrl":"https:\/\/www.gaveanews.com\/wp-content\/uploads\/Primeiro-treino-de-Carlo-Ancelotti-a-frente-da-Selecao-Brasileira.-O-registro-e-de-Rafael-Ribeiro-fotografo-da-CBF.-2.webp","datePublished":"2025-06-03T23:35:00+00:00","author":{"@id":"https:\/\/www.gaveanews.com\/#\/schema\/person\/3b19f7288b0ce20372991275e4f2e6c2"},"breadcrumb":{"@id":"https:\/\/www.gaveanews.com\/index.php\/2025\/06\/03\/primeiro-treino-de-ancelotti-pela-selecao-brasileira-repercute-no-exterior\/#breadcrumb"},"inLanguage":"pt-BR","potentialAction":[{"@type":"ReadAction","target":["https:\/\/www.gaveanews.com\/index.php\/2025\/06\/03\/primeiro-treino-de-ancelotti-pela-selecao-brasileira-repercute-no-exterior\/"]}]},{"@type":"ImageObject","inLanguage":"pt-BR","@id":"https:\/\/www.gaveanews.com\/index.php\/2025\/06\/03\/primeiro-treino-de-ancelotti-pela-selecao-brasileira-repercute-no-exterior\/#primaryimage","url":"https:\/\/www.gaveanews.com\/wp-content\/uploads\/Primeiro-treino-de-Carlo-Ancelotti-a-frente-da-Selecao-Brasileira.-O-registro-e-de-Rafael-Ribeiro-fotografo-da-CBF.-2.webp","contentUrl":"https:\/\/www.gaveanews.com\/wp-content\/uploads\/Primeiro-treino-de-Carlo-Ancelotti-a-frente-da-Selecao-Brasileira.-O-registro-e-de-Rafael-Ribeiro-fotografo-da-CBF.-2.webp","width":1200,"height":900},{"@type":"BreadcrumbList","@id":"https:\/\/www.gaveanews.com\/index.php\/2025\/06\/03\/primeiro-treino-de-ancelotti-pela-selecao-brasileira-repercute-no-exterior\/#breadcrumb","itemListElement":[{"@type":"ListItem","position":1,"name":"Home","item":"https:\/\/www.gaveanews.com\/"},{"@type":"ListItem","position":2,"name":"Primeiro treino de Ancelotti pela Sele\u00e7\u00e3o Brasileira repercute no exterior"}]},{"@type":"WebSite","@id":"https:\/\/www.gaveanews.com\/#website","url":"https:\/\/www.gaveanews.com\/","name":"G\u00e1vea News","description":"Veja todas as not\u00edcias sobre o Flamengo: Contrata\u00e7\u00f5es, categorias de base, resultados das partidas, tabela de classifica\u00e7\u00e3o, pr\u00f3ximos jogos!","potentialAction":[{"@type":"SearchAction","target":{"@type":"EntryPoint","urlTemplate":"https:\/\/www.gaveanews.com\/?s={search_term_string}"},"query-input":{"@type":"PropertyValueSpecification","valueRequired":true,"valueName":"search_term_string"}}],"inLanguage":"pt-BR"},{"@type":"Person","@id":"https:\/\/www.gaveanews.com\/#\/schema\/person\/3b19f7288b0ce20372991275e4f2e6c2","name":"Ana Teixeira","image":{"@type":"ImageObject","inLanguage":"pt-BR","@id":"https:\/\/www.gaveanews.com\/#\/schema\/person\/image\/","url":"https:\/\/secure.gravatar.com\/avatar\/0a73f5a5258f3fed37fc2fa641892f3f7a4748456d4d4792f9bc550e6c19e06c?s=96&d=mm&r=g","contentUrl":"https:\/\/secure.gravatar.com\/avatar\/0a73f5a5258f3fed37fc2fa641892f3f7a4748456d4d4792f9bc550e6c19e06c?s=96&d=mm&r=g","caption":"Ana Teixeira"}}]}},"_links":{"self":[{"href":"https:\/\/www.gaveanews.com\/index.php\/wp-json\/wp\/v2\/posts\/269393","targetHints":{"allow":["GET"]}}],"collection":[{"href":"https:\/\/www.gaveanews.com\/index.php\/wp-json\/wp\/v2\/posts"}],"about":[{"href":"https:\/\/www.gaveanews.com\/index.php\/wp-json\/wp\/v2\/types\/post"}],"author":[{"embeddable":true,"href":"https:\/\/www.gaveanews.com\/index.php\/wp-json\/wp\/v2\/users\/30"}],"replies":[{"embeddable":true,"href":"https:\/\/www.gaveanews.com\/index.php\/wp-json\/wp\/v2\/comments?post=269393"}],"version-history":[{"count":1,"href":"https:\/\/www.gaveanews.com\/index.php\/wp-json\/wp\/v2\/posts\/269393\/revisions"}],"predecessor-version":[{"id":269405,"href":"https:\/\/www.gaveanews.com\/index.php\/wp-json\/wp\/v2\/posts\/269393\/revisions\/269405"}],"wp:featuredmedia":[{"embeddable":true,"href":"https:\/\/www.gaveanews.com\/index.php\/wp-json\/wp\/v2\/media\/269399"}],"wp:attachment":[{"href":"https:\/\/www.gaveanews.com\/index.php\/wp-json\/wp\/v2\/media?parent=269393"}],"wp:term":[{"taxonomy":"category","embeddable":true,"href":"https:\/\/www.gaveanews.com\/index.php\/wp-json\/wp\/v2\/categories?post=269393"},{"taxonomy":"post_tag","embeddable":true,"href":"https:\/\/www.gaveanews.com\/index.php\/wp-json\/wp\/v2\/tags?post=269393"}],"curies":[{"name":"wp","href":"https:\/\/api.w.org\/{rel}","templated":true}]}}